{"id":754,"date":"2025-09-29T20:35:14","date_gmt":"2025-09-30T00:35:14","guid":{"rendered":"https:\/\/waracomunicaciones.com\/?p=754"},"modified":"2025-09-30T00:47:29","modified_gmt":"2025-09-30T04:47:29","slug":"eduardo-nunez-analiza-el-panorama-politico-rumbo-al-balotaje-presidencial","status":"publish","type":"post","link":"https:\/\/waracomunicaciones.com\/?p=754","title":{"rendered":"Edward N\u00fa\u00f1ez analiza el panorama pol\u00edtico rumbo al balotaje presidencial"},"content":{"rendered":"\n<figure class=\"wp-block-image size-full\"><img loading=\"lazy\" decoding=\"async\" width=\"992\" height=\"557\" src=\"https:\/\/waracomunicaciones.com\/wp-content\/uploads\/2025\/09\/2025081807385090777.webp\" alt=\"\" class=\"wp-image-755\" srcset=\"https:\/\/waracomunicaciones.com\/wp-content\/uploads\/2025\/09\/2025081807385090777.webp 992w, https:\/\/waracomunicaciones.com\/wp-content\/uploads\/2025\/09\/2025081807385090777-300x168.webp 300w, https:\/\/waracomunicaciones.com\/wp-content\/uploads\/2025\/09\/2025081807385090777-768x431.webp 768w\" sizes=\"auto, (max-width: 992px) 100vw, 992px\" \/><figcaption class=\"wp-element-caption\"><em>Rodrigo Paz (i) y Jorge Tuto Quiroga (d). COMPOSICI\u00d3N OPINI\u00d3N<\/em><\/figcaption><\/figure>\n\n\n<p><em><i>Montero, <\/i><\/em>\u00a0\u2013 En una entrevista concedida a Wara Comunicaciones, Edward N\u00fa\u00f1ez, asesor pol\u00edtico y activista social, comparti\u00f3 un extenso an\u00e1lisis sobre el contexto electoral boliviano de cara a la segunda vuelta presidencial.<!--more--> N\u00fa\u00f1ez, quien actualmente colabora en la campa\u00f1a de la alianza Libre en la \u00a0C-57, liderada por Tuto Quiroga y JP Velasco, ofreci\u00f3 una evaluaci\u00f3n detallada de los candidatos, sus estrategias y propuestas.<\/p>\n<p><strong><b>Tres claves para ganar una elecci\u00f3n<\/b><\/strong><\/p>\n<p>Durante la conversaci\u00f3n, se identificaron tres factores fundamentales para lograr la victoria electoral:<\/p>\n<ol>\n<li>Un candidato con perfil atractivo.<\/li>\n<li>Una propuesta program\u00e1tica clara y viable.<\/li>\n<li>Una campa\u00f1a de comunicaci\u00f3n eficaz.<\/li>\n<\/ol>\n<p><strong><b>Candidatos y carisma<\/b><\/strong><\/p>\n<p>Al abordar el primer punto, N\u00fa\u00f1ez sostuvo que Rodrigo Paz y Edman Lara presentan perfiles atractivos en t\u00e9rminos de imagen y conexi\u00f3n emocional con la ciudadan\u00eda. Lara, en particular, ha demostrado un fuerte carisma en eventos masivos, destacando por su estilo directo y populista. No obstante, se\u00f1al\u00f3 que JP Velasco ha mostrado una evoluci\u00f3n importante en la segunda vuelta, conectando mejor con el electorado joven a trav\u00e9s de su mensaje orientado a la tecnolog\u00eda e innovaci\u00f3n.<\/p>\n<p>En cuanto a Tuto Quiroga, N\u00fa\u00f1ez reconoci\u00f3 su perfil t\u00e9cnico y sobrio, aunque con dificultades para conectar emocionalmente con la ciudadan\u00eda. Sin embargo, valor\u00f3 su experiencia y trayectoria, destacando su enfoque program\u00e1tico.<\/p>\n<p><strong><b>Trayectoria y credibilidad<\/b><\/strong><\/p>\n<p>Sobre la coherencia y credibilidad de los candidatos, N\u00fa\u00f1ez indic\u00f3 que tanto Lara como Velasco enfrentan cuestionamientos: el primero por su pasado en la polic\u00eda, y el segundo por v\u00ednculos familiares con el sistema financiero. Tambi\u00e9n mencion\u00f3 que la gesti\u00f3n de Rodrigo Paz como exalcalde ha sido blanco de cr\u00edticas.<\/p>\n<p>En contraste, resalt\u00f3 que Tuto Quiroga ofrece una trayectoria pol\u00edtica conocida, aunque t\u00e9cnica y distante para algunos sectores.<\/p>\n<p><strong><b>Conexi\u00f3n con la ciudadan\u00eda<\/b><\/strong><\/p>\n<p>Respecto a la capacidad de empatizar con la poblaci\u00f3n, N\u00fa\u00f1ez admiti\u00f3 que Lara ha logrado generar una narrativa emocionalmente potente, apelando a la indignaci\u00f3n ciudadana frente a temas como la corrupci\u00f3n. A su vez, reconoci\u00f3 que la campa\u00f1a de Velasco ha ganado fuerza en la segunda vuelta, con actos p\u00fablicos m\u00e1s concurridos y presencia en mercados y zonas urbanas.<\/p>\n<p><strong><b>Propuestas program\u00e1ticas y diferenciaci\u00f3n<\/b><\/strong><\/p>\n<p>En cuanto a los planes de gobierno, N\u00fa\u00f1ez diferenci\u00f3 dos enfoques claros:<\/p>\n<ul>\n<li>La propuesta de Tuto Quiroga y JP Velasco se basa en una econom\u00eda de mercado con incentivos directos a los ciudadanos, como la entrega de acciones por 1.500 d\u00f3lares, y el impulso a zonas francas para industrializar el litio.<\/li>\n<li>La propuesta de Paz-Lara plantea una profundizaci\u00f3n del modelo social con bonos y programas asistenciales.<\/li>\n<\/ul>\n<p>Para N\u00fa\u00f1ez, el enfoque de la Alianza Libre representa una alternativa seria y sostenible frente a la crisis econ\u00f3mica que atraviesa el pa\u00eds, mientras que la oferta de la alianza opositora repite f\u00f3rmulas ya aplicadas durante los a\u00f1os del MAS.<\/p>\n<p><strong><b>Comunicaci\u00f3n, redes y control de crisis<\/b><\/strong><\/p>\n<p>Sobre la campa\u00f1a comunicacional, N\u00fa\u00f1ez reconoci\u00f3 que Lara ha sido exitoso en la primera vuelta gracias a un uso intensivo de redes sociales, especialmente TikTok. Dijo que esta estrategia, aunque costosa, logr\u00f3 viralizar el mensaje populista.<\/p>\n<p>Sin embargo, sostuvo que la campa\u00f1a de Tuto y Velasco ha mejorado significativamente en la segunda vuelta, afinando su mensaje y aumentando su presencia en medios digitales y tradicionales.<\/p>\n<p>Respecto al manejo de crisis, N\u00fa\u00f1ez alert\u00f3 sobre el impacto potencial de los recientes se\u00f1alamientos de racismo contra JP Velasco, calific\u00e1ndolo como un tema delicado que requiere atenci\u00f3n profesional urgente. Advirti\u00f3 que una crisis mal gestionada puede cambiar el rumbo de la elecci\u00f3n.<\/p>\n<p><strong><b>Conclusi\u00f3n<\/b><\/strong><\/p>\n<p>Edward N\u00fa\u00f1ez finaliz\u00f3 la entrevista enfatizando la importancia de un voto consciente y responsable en la segunda vuelta. \u201cLa gente ya se dio cuenta de que err\u00f3 en la primera vuelta. Ahora toca rectificar. No m\u00e1s socialismo en Bolivia\u201d, sentenci\u00f3.<\/p><div style=\"margin-top: 0px; margin-bottom: 0px;\" class=\"sharethis-inline-reaction-buttons\" ><\/div>","protected":false},"excerpt":{"rendered":"<p>Montero, \u00a0\u2013 En una entrevista concedida a Wara Comunicaciones, Edward N\u00fa\u00f1ez, asesor pol\u00edtico y activista social, comparti\u00f3 un extenso an\u00e1lisis sobre el contexto electoral boliviano de cara a la segunda vuelta presidencial.<\/p>\n","protected":false},"author":1,"featured_media":0,"comment_status":"open","ping_status":"open","sticky":false,"template":"","format":"standard","meta":{"footnotes":""},"categories":[47],"tags":[166,193,11,33,153],"class_list":["post-754","post","type-post","status-publish","format-standard","hentry","category-politica-nacional","tag-balotaje","tag-eduardo-nunez","tag-elecciones-nacionales-2025","tag-jorge-tuto-quiroga","tag-rodrigo-paz"],"yoast_head":"<!-- This site is optimized with the Yoast SEO Premium plugin v25.5 (Yoast SEO v27.1.1) - https:\/\/yoast.com\/product\/yoast-seo-premium-wordpress\/ -->\n<title>Edward N\u00fa\u00f1ez analiza el panorama pol\u00edtico rumbo al balotaje presidencial - Wara Comunicaciones<\/title>\n<meta name=\"robots\" content=\"index, follow, max-snippet:-1, max-image-preview:large, max-video-preview:-1\" \/>\n<link rel=\"canonical\" href=\"https:\/\/waracomunicaciones.com\/?p=754\" \/>\n<meta property=\"og:locale\" content=\"es_ES\" \/>\n<meta property=\"og:type\" content=\"article\" \/>\n<meta property=\"og:title\" content=\"Edward N\u00fa\u00f1ez analiza el panorama pol\u00edtico rumbo al balotaje presidencial\" \/>\n<meta property=\"og:description\" content=\"Montero, \u00a0\u2013 En una entrevista concedida a Wara Comunicaciones, Edward N\u00fa\u00f1ez, asesor pol\u00edtico y activista social, comparti\u00f3 un extenso an\u00e1lisis sobre el contexto electoral boliviano de cara a la segunda vuelta presidencial.\" \/>\n<meta property=\"og:url\" content=\"https:\/\/waracomunicaciones.com\/?p=754\" \/>\n<meta property=\"og:site_name\" content=\"Wara Comunicaciones\" \/>\n<meta property=\"article:publisher\" content=\"https:\/\/www.facebook.com\/waracomunicaciones2017\" \/>\n<meta property=\"article:published_time\" content=\"2025-09-30T00:35:14+00:00\" \/>\n<meta property=\"article:modified_time\" content=\"2025-09-30T04:47:29+00:00\" \/>\n<meta property=\"og:image\" content=\"https:\/\/waracomunicaciones.com\/wp-content\/uploads\/2025\/09\/2025081807385090777.webp\" \/>\n<meta name=\"author\" content=\"admin\" \/>\n<meta name=\"twitter:card\" content=\"summary_large_image\" \/>\n<meta name=\"twitter:label1\" content=\"Escrito por\" \/>\n\t<meta name=\"twitter:data1\" content=\"admin\" \/>\n\t<meta name=\"twitter:label2\" content=\"Tiempo de lectura\" \/>\n\t<meta name=\"twitter:data2\" content=\"4 minutos\" \/>\n<script type=\"application\/ld+json\" class=\"yoast-schema-graph\">{\"@context\":\"https:\/\/schema.org\",\"@graph\":[{\"@type\":\"Article\",\"@id\":\"https:\/\/waracomunicaciones.com\/?p=754#article\",\"isPartOf\":{\"@id\":\"https:\/\/waracomunicaciones.com\/?p=754\"},\"author\":{\"name\":\"admin\",\"@id\":\"https:\/\/waracomunicaciones.com\/#\/schema\/person\/e9db934bc91575cc71fe584c5973244a\"},\"headline\":\"Edward N\u00fa\u00f1ez analiza el panorama pol\u00edtico rumbo al balotaje presidencial\",\"datePublished\":\"2025-09-30T00:35:14+00:00\",\"dateModified\":\"2025-09-30T04:47:29+00:00\",\"mainEntityOfPage\":{\"@id\":\"https:\/\/waracomunicaciones.com\/?p=754\"},\"wordCount\":695,\"commentCount\":0,\"publisher\":{\"@id\":\"https:\/\/waracomunicaciones.com\/#organization\"},\"image\":{\"@id\":\"https:\/\/waracomunicaciones.com\/?p=754#primaryimage\"},\"thumbnailUrl\":\"https:\/\/waracomunicaciones.com\/wp-content\/uploads\/2025\/09\/2025081807385090777.webp\",\"keywords\":[\"Balotaje\",\"Eduardo Nu\u00f1ez\",\"Elecciones Nacionales 2025\",\"Jorge Tuto Quiroga\",\"Rodrigo Paz\"],\"articleSection\":[\"Pol\u00edtica\"],\"inLanguage\":\"es\",\"potentialAction\":[{\"@type\":\"CommentAction\",\"name\":\"Comment\",\"target\":[\"https:\/\/waracomunicaciones.com\/?p=754#respond\"]}]},{\"@type\":\"WebPage\",\"@id\":\"https:\/\/waracomunicaciones.com\/?p=754\",\"url\":\"https:\/\/waracomunicaciones.com\/?p=754\",\"name\":\"Edward N\u00fa\u00f1ez analiza el panorama pol\u00edtico rumbo al balotaje presidencial - Wara Comunicaciones\",\"isPartOf\":{\"@id\":\"https:\/\/waracomunicaciones.com\/#website\"},\"primaryImageOfPage\":{\"@id\":\"https:\/\/waracomunicaciones.com\/?p=754#primaryimage\"},\"image\":{\"@id\":\"https:\/\/waracomunicaciones.com\/?p=754#primaryimage\"},\"thumbnailUrl\":\"https:\/\/waracomunicaciones.com\/wp-content\/uploads\/2025\/09\/2025081807385090777.webp\",\"datePublished\":\"2025-09-30T00:35:14+00:00\",\"dateModified\":\"2025-09-30T04:47:29+00:00\",\"breadcrumb\":{\"@id\":\"https:\/\/waracomunicaciones.com\/?p=754#breadcrumb\"},\"inLanguage\":\"es\",\"potentialAction\":[{\"@type\":\"ReadAction\",\"target\":[\"https:\/\/waracomunicaciones.com\/?p=754\"]}]},{\"@type\":\"ImageObject\",\"inLanguage\":\"es\",\"@id\":\"https:\/\/waracomunicaciones.com\/?p=754#primaryimage\",\"url\":\"https:\/\/waracomunicaciones.com\/wp-content\/uploads\/2025\/09\/2025081807385090777.webp\",\"contentUrl\":\"https:\/\/waracomunicaciones.com\/wp-content\/uploads\/2025\/09\/2025081807385090777.webp\",\"width\":992,\"height\":557},{\"@type\":\"BreadcrumbList\",\"@id\":\"https:\/\/waracomunicaciones.com\/?p=754#breadcrumb\",\"itemListElement\":[{\"@type\":\"ListItem\",\"position\":1,\"name\":\"Portada\",\"item\":\"https:\/\/waracomunicaciones.com\/\"},{\"@type\":\"ListItem\",\"position\":2,\"name\":\"Edward N\u00fa\u00f1ez analiza el panorama pol\u00edtico rumbo al balotaje presidencial\"}]},{\"@type\":\"WebSite\",\"@id\":\"https:\/\/waracomunicaciones.com\/#website\",\"url\":\"https:\/\/waracomunicaciones.com\/\",\"name\":\"Wara Comunicaciones\",\"description\":\"\",\"publisher\":{\"@id\":\"https:\/\/waracomunicaciones.com\/#organization\"},\"potentialAction\":[{\"@type\":\"SearchAction\",\"target\":{\"@type\":\"EntryPoint\",\"urlTemplate\":\"https:\/\/waracomunicaciones.com\/?s={search_term_string}\"},\"query-input\":{\"@type\":\"PropertyValueSpecification\",\"valueRequired\":true,\"valueName\":\"search_term_string\"}}],\"inLanguage\":\"es\"},{\"@type\":\"Organization\",\"@id\":\"https:\/\/waracomunicaciones.com\/#organization\",\"name\":\"Wara Comunicaciones\",\"url\":\"https:\/\/waracomunicaciones.com\/\",\"logo\":{\"@type\":\"ImageObject\",\"inLanguage\":\"es\",\"@id\":\"https:\/\/waracomunicaciones.com\/#\/schema\/logo\/image\/\",\"url\":\"https:\/\/waracomunicaciones.com\/wp-content\/uploads\/2025\/07\/logo.png\",\"contentUrl\":\"https:\/\/waracomunicaciones.com\/wp-content\/uploads\/2025\/07\/logo.png\",\"width\":400,\"height\":164,\"caption\":\"Wara Comunicaciones\"},\"image\":{\"@id\":\"https:\/\/waracomunicaciones.com\/#\/schema\/logo\/image\/\"},\"sameAs\":[\"https:\/\/www.facebook.com\/waracomunicaciones2017\"]},{\"@type\":\"Person\",\"@id\":\"https:\/\/waracomunicaciones.com\/#\/schema\/person\/e9db934bc91575cc71fe584c5973244a\",\"name\":\"admin\",\"image\":{\"@type\":\"ImageObject\",\"inLanguage\":\"es\",\"@id\":\"https:\/\/waracomunicaciones.com\/#\/schema\/person\/image\/\",\"url\":\"https:\/\/secure.gravatar.com\/avatar\/bf27e9186df568254093afa216f887fece17605302c6ff12f3980422fffa52e6?s=96&d=mm&r=g\",\"contentUrl\":\"https:\/\/secure.gravatar.com\/avatar\/bf27e9186df568254093afa216f887fece17605302c6ff12f3980422fffa52e6?s=96&d=mm&r=g\",\"caption\":\"admin\"},\"sameAs\":[\"https:\/\/waracomunicaciones.com\/wp\"],\"url\":\"https:\/\/waracomunicaciones.com\/?author=1\"}]}<\/script>\n<!-- \/ Yoast SEO Premium plugin. -->","yoast_head_json":{"title":"Edward N\u00fa\u00f1ez analiza el panorama pol\u00edtico rumbo al balotaje presidencial - Wara Comunicaciones","robots":{"index":"index","follow":"follow","max-snippet":"max-snippet:-1","max-image-preview":"max-image-preview:large","max-video-preview":"max-video-preview:-1"},"canonical":"https:\/\/waracomunicaciones.com\/?p=754","og_locale":"es_ES","og_type":"article","og_title":"Edward N\u00fa\u00f1ez analiza el panorama pol\u00edtico rumbo al balotaje presidencial","og_description":"Montero, \u00a0\u2013 En una entrevista concedida a Wara Comunicaciones, Edward N\u00fa\u00f1ez, asesor pol\u00edtico y activista social, comparti\u00f3 un extenso an\u00e1lisis sobre el contexto electoral boliviano de cara a la segunda vuelta presidencial.","og_url":"https:\/\/waracomunicaciones.com\/?p=754","og_site_name":"Wara Comunicaciones","article_publisher":"https:\/\/www.facebook.com\/waracomunicaciones2017","article_published_time":"2025-09-30T00:35:14+00:00","article_modified_time":"2025-09-30T04:47:29+00:00","og_image":[{"url":"https:\/\/waracomunicaciones.com\/wp-content\/uploads\/2025\/09\/2025081807385090777.webp","type":"","width":"","height":""}],"author":"admin","twitter_card":"summary_large_image","twitter_misc":{"Escrito por":"admin","Tiempo de lectura":"4 minutos"},"schema":{"@context":"https:\/\/schema.org","@graph":[{"@type":"Article","@id":"https:\/\/waracomunicaciones.com\/?p=754#article","isPartOf":{"@id":"https:\/\/waracomunicaciones.com\/?p=754"},"author":{"name":"admin","@id":"https:\/\/waracomunicaciones.com\/#\/schema\/person\/e9db934bc91575cc71fe584c5973244a"},"headline":"Edward N\u00fa\u00f1ez analiza el panorama pol\u00edtico rumbo al balotaje presidencial","datePublished":"2025-09-30T00:35:14+00:00","dateModified":"2025-09-30T04:47:29+00:00","mainEntityOfPage":{"@id":"https:\/\/waracomunicaciones.com\/?p=754"},"wordCount":695,"commentCount":0,"publisher":{"@id":"https:\/\/waracomunicaciones.com\/#organization"},"image":{"@id":"https:\/\/waracomunicaciones.com\/?p=754#primaryimage"},"thumbnailUrl":"https:\/\/waracomunicaciones.com\/wp-content\/uploads\/2025\/09\/2025081807385090777.webp","keywords":["Balotaje","Eduardo Nu\u00f1ez","Elecciones Nacionales 2025","Jorge Tuto Quiroga","Rodrigo Paz"],"articleSection":["Pol\u00edtica"],"inLanguage":"es","potentialAction":[{"@type":"CommentAction","name":"Comment","target":["https:\/\/waracomunicaciones.com\/?p=754#respond"]}]},{"@type":"WebPage","@id":"https:\/\/waracomunicaciones.com\/?p=754","url":"https:\/\/waracomunicaciones.com\/?p=754","name":"Edward N\u00fa\u00f1ez analiza el panorama pol\u00edtico rumbo al balotaje presidencial - Wara Comunicaciones","isPartOf":{"@id":"https:\/\/waracomunicaciones.com\/#website"},"primaryImageOfPage":{"@id":"https:\/\/waracomunicaciones.com\/?p=754#primaryimage"},"image":{"@id":"https:\/\/waracomunicaciones.com\/?p=754#primaryimage"},"thumbnailUrl":"https:\/\/waracomunicaciones.com\/wp-content\/uploads\/2025\/09\/2025081807385090777.webp","datePublished":"2025-09-30T00:35:14+00:00","dateModified":"2025-09-30T04:47:29+00:00","breadcrumb":{"@id":"https:\/\/waracomunicaciones.com\/?p=754#breadcrumb"},"inLanguage":"es","potentialAction":[{"@type":"ReadAction","target":["https:\/\/waracomunicaciones.com\/?p=754"]}]},{"@type":"ImageObject","inLanguage":"es","@id":"https:\/\/waracomunicaciones.com\/?p=754#primaryimage","url":"https:\/\/waracomunicaciones.com\/wp-content\/uploads\/2025\/09\/2025081807385090777.webp","contentUrl":"https:\/\/waracomunicaciones.com\/wp-content\/uploads\/2025\/09\/2025081807385090777.webp","width":992,"height":557},{"@type":"BreadcrumbList","@id":"https:\/\/waracomunicaciones.com\/?p=754#breadcrumb","itemListElement":[{"@type":"ListItem","position":1,"name":"Portada","item":"https:\/\/waracomunicaciones.com\/"},{"@type":"ListItem","position":2,"name":"Edward N\u00fa\u00f1ez analiza el panorama pol\u00edtico rumbo al balotaje presidencial"}]},{"@type":"WebSite","@id":"https:\/\/waracomunicaciones.com\/#website","url":"https:\/\/waracomunicaciones.com\/","name":"Wara Comunicaciones","description":"","publisher":{"@id":"https:\/\/waracomunicaciones.com\/#organization"},"potentialAction":[{"@type":"SearchAction","target":{"@type":"EntryPoint","urlTemplate":"https:\/\/waracomunicaciones.com\/?s={search_term_string}"},"query-input":{"@type":"PropertyValueSpecification","valueRequired":true,"valueName":"search_term_string"}}],"inLanguage":"es"},{"@type":"Organization","@id":"https:\/\/waracomunicaciones.com\/#organization","name":"Wara Comunicaciones","url":"https:\/\/waracomunicaciones.com\/","logo":{"@type":"ImageObject","inLanguage":"es","@id":"https:\/\/waracomunicaciones.com\/#\/schema\/logo\/image\/","url":"https:\/\/waracomunicaciones.com\/wp-content\/uploads\/2025\/07\/logo.png","contentUrl":"https:\/\/waracomunicaciones.com\/wp-content\/uploads\/2025\/07\/logo.png","width":400,"height":164,"caption":"Wara Comunicaciones"},"image":{"@id":"https:\/\/waracomunicaciones.com\/#\/schema\/logo\/image\/"},"sameAs":["https:\/\/www.facebook.com\/waracomunicaciones2017"]},{"@type":"Person","@id":"https:\/\/waracomunicaciones.com\/#\/schema\/person\/e9db934bc91575cc71fe584c5973244a","name":"admin","image":{"@type":"ImageObject","inLanguage":"es","@id":"https:\/\/waracomunicaciones.com\/#\/schema\/person\/image\/","url":"https:\/\/secure.gravatar.com\/avatar\/bf27e9186df568254093afa216f887fece17605302c6ff12f3980422fffa52e6?s=96&d=mm&r=g","contentUrl":"https:\/\/secure.gravatar.com\/avatar\/bf27e9186df568254093afa216f887fece17605302c6ff12f3980422fffa52e6?s=96&d=mm&r=g","caption":"admin"},"sameAs":["https:\/\/waracomunicaciones.com\/wp"],"url":"https:\/\/waracomunicaciones.com\/?author=1"}]}},"_links":{"self":[{"href":"https:\/\/waracomunicaciones.com\/index.php?rest_route=\/wp\/v2\/posts\/754","targetHints":{"allow":["GET"]}}],"collection":[{"href":"https:\/\/waracomunicaciones.com\/index.php?rest_route=\/wp\/v2\/posts"}],"about":[{"href":"https:\/\/waracomunicaciones.com\/index.php?rest_route=\/wp\/v2\/types\/post"}],"author":[{"embeddable":true,"href":"https:\/\/waracomunicaciones.com\/index.php?rest_route=\/wp\/v2\/users\/1"}],"replies":[{"embeddable":true,"href":"https:\/\/waracomunicaciones.com\/index.php?rest_route=%2Fwp%2Fv2%2Fcomments&post=754"}],"version-history":[{"count":2,"href":"https:\/\/waracomunicaciones.com\/index.php?rest_route=\/wp\/v2\/posts\/754\/revisions"}],"predecessor-version":[{"id":765,"href":"https:\/\/waracomunicaciones.com\/index.php?rest_route=\/wp\/v2\/posts\/754\/revisions\/765"}],"wp:attachment":[{"href":"https:\/\/waracomunicaciones.com\/index.php?rest_route=%2Fwp%2Fv2%2Fmedia&parent=754"}],"wp:term":[{"taxonomy":"category","embeddable":true,"href":"https:\/\/waracomunicaciones.com\/index.php?rest_route=%2Fwp%2Fv2%2Fcategories&post=754"},{"taxonomy":"post_tag","embeddable":true,"href":"https:\/\/waracomunicaciones.com\/index.php?rest_route=%2Fwp%2Fv2%2Ftags&post=754"}],"curies":[{"name":"wp","href":"https:\/\/api.w.org\/{rel}","templated":true}]}}