{"id":74,"date":"2025-07-17T12:00:14","date_gmt":"2025-07-17T16:00:14","guid":{"rendered":"https:\/\/waracomunicaciones.com\/wp\/?p=74"},"modified":"2025-07-26T06:54:52","modified_gmt":"2025-07-26T10:54:52","slug":"reportaje-especial-educacion-y-politica-en-bolivia-vision-y-analisis-de-bartolome-puma","status":"publish","type":"post","link":"https:\/\/waracomunicaciones.com\/?p=74","title":{"rendered":"Reportaje especial | Educaci\u00f3n y Pol\u00edtica en Bolivia: Visi\u00f3n y an\u00e1lisis de Bartolom\u00e9 Puma"},"content":{"rendered":"\n<figure class=\"wp-block-image size-full\"><img loading=\"lazy\" decoding=\"async\" width=\"750\" height=\"419\" src=\"https:\/\/waracomunicaciones.com\/wp\/wp-content\/uploads\/2025\/07\/gga.webp\" alt=\"\" class=\"wp-image-75\" srcset=\"https:\/\/waracomunicaciones.com\/wp-content\/uploads\/2025\/07\/gga.webp 750w, https:\/\/waracomunicaciones.com\/wp-content\/uploads\/2025\/07\/gga-300x168.webp 300w\" sizes=\"auto, (max-width: 750px) 100vw, 750px\" \/><\/figure>\n\n\n<p><strong><b>Montero,\u00a0<\/b><\/strong>\u00a0\u2013 En el marco del programa\u00a0<em><i>Agenda Matinal<\/i><\/em>, \u00a0conversamos en exclusiva con el profesor\u00a0<strong><b>Bartolom\u00e9 Puma<\/b><\/strong>, una de las voces m\u00e1s experimentadas del pa\u00eds en materia educativa. <!--more-->Ex viceministro, ex director departamental y municipal de Educaci\u00f3n, Puma hizo un recorrido amplio por la situaci\u00f3n actual del sistema educativo boliviano, sus desaf\u00edos, y analiz\u00f3 las propuestas de los principales candidatos rumbo a las elecciones nacionales de agosto.<\/p>\n<p><strong><b>Panorama Pol\u00edtico: Fragmentaci\u00f3n y ausencia de liderazgo<\/b><\/strong><\/p>\n<p>Al ser consultado sobre el escenario electoral, Puma fue directo: \u201cNo hay un l\u00edder nato, ni de izquierda ni de derecha. Ambos bandos han fallado y han decepcionado a la poblaci\u00f3n. Lo que se viene ser\u00e1 una segunda vuelta casi segura\u201d. Se\u00f1al\u00f3 que la actual fragmentaci\u00f3n del\u00a0<strong><b>Movimiento al Socialismo (MAS-IPSP)<\/b><\/strong>\u00a0y de la oposici\u00f3n dar\u00e1 paso a un periodo de pactos y coaliciones similares a las vividas en los a\u00f1os 80 y 90.<\/p>\n<p>Para Puma, el nuevo gobierno no podr\u00e1 prometer resultados inmediatos. \u201cLos 100 d\u00edas, las 100 horas, eso es mentira. Los conocemos. Participan en elecciones desde los a\u00f1os 80. Son los mismos partidos reciclados\u201d. Sin embargo, llam\u00f3 a observar a las nuevas generaciones de pol\u00edticos: \u201cHay j\u00f3venes que a\u00fan no est\u00e1n maleados, a ellos hay que apoyarlos\u201d.<\/p>\n<p><strong><b>Educaci\u00f3n: Propuestas, ausencias y errores del pasado<\/b><\/strong><\/p>\n<p>La segunda parte del di\u00e1logo gir\u00f3 en torno al eje educativo. Puma lament\u00f3 que los partidos pol\u00edticos, en su mayor\u00eda, hayan mostrado propuestas superficiales o mal enfocadas. \u201cMuchos candidatos ni conocen la Ley Avelino Si\u00f1ani. Hablan de \u2018educaci\u00f3n preescolar\u2019 como si no supieran que ya hay educaci\u00f3n inicial. Otros ni siquiera entienden c\u00f3mo funciona el sistema educativo boliviano\u201d.<\/p>\n<p>Critic\u00f3 duramente la falta de propuestas s\u00f3lidas en el\u00a0<strong><b>Congreso Plurinacional de Educaci\u00f3n 2024<\/b><\/strong>, al que calific\u00f3 como un \u201cfracaso total\u201d, y alert\u00f3 sobre sectores olvidados como la\u00a0<strong><b>educaci\u00f3n especial<\/b><\/strong>, que sigue sin una atenci\u00f3n real en muchos distritos. \u201cTenemos 54 distritos educativos en Santa Cruz y a\u00fan hay personas con discapacidad fuera del sistema\u201d, denunci\u00f3.<\/p>\n<p><strong><b>An\u00e1lisis de propuestas electorales en educaci\u00f3n<\/b><\/strong><\/p>\n<p><strong><b><img decoding=\"async\" src=\"http:\/\/www.waracomunicaciones.com\/images\/NOTICIAS\/nacional\/medina_1.jpg\" alt=\"\" \/><\/b><\/strong><\/p>\n<p><strong><b>Samuel Doria Medina<\/b><\/strong><\/p>\n<p>Puma valor\u00f3 positivamente el enfoque de calidad y la evaluaci\u00f3n con est\u00e1ndares internacionales (PISA), pero fue tajante al decir que Doria Medina \u201cno conoce la educaci\u00f3n boliviana\u201d. En cuanto a sus ideas sobre emprendimiento, record\u00f3 que los bachilleratos t\u00e9cnico-human\u00edsticos (BTH) ya contemplan estas competencias. \u201cFaltan unidades educativas plenas para que el BTH funcione en todo el pa\u00eds\u201d, puntualiz\u00f3.<\/p>\n<p><strong><b><img decoding=\"async\" src=\"http:\/\/www.waracomunicaciones.com\/images\/NOTICIAS\/nacional\/tutoo_1.jpg\" alt=\"\" \/><\/b><\/strong><\/p>\n<p><strong><b>Jorge Tuto Quiroga<\/b><\/strong><\/p>\n<p>Sobre la idea de descentralizar la educaci\u00f3n, Puma fue categ\u00f3rico: \u201cTuto no conoce la realidad del pa\u00eds. Un municipio en Sud L\u00edpez apenas puede pagar sueldos b\u00e1sicos, \u00bfc\u00f3mo va a sostener un sistema educativo completo?\u201d. Tambi\u00e9n critic\u00f3 la falta de coherencia entre las propuestas de Tuto y las declaraciones de su candidato a vicepresidente, quien, seg\u00fan Puma, ni siquiera entiende qu\u00e9 es la inteligencia artificial.<\/p>\n<p><strong><b><img decoding=\"async\" src=\"http:\/\/www.waracomunicaciones.com\/images\/NOTICIAS\/nacional\/androni_15545_1.jpg\" alt=\"\" \/><\/b><\/strong><\/p>\n<p><strong><b>Andr\u00f3nico Rodr\u00edguez<\/b><\/strong><\/p>\n<p>Aunque consider\u00f3 su propuesta \u201cmuy general\u201d, Puma destac\u00f3 algunos puntos como la necesidad de fortalecer la educaci\u00f3n t\u00e9cnica y la integraci\u00f3n de herramientas digitales. Sin embargo, cuestion\u00f3 que no haya propuestas estructurales ni una verdadera revisi\u00f3n curricular. \u201cLa educaci\u00f3n gratuita y universal ya est\u00e1 en la Constituci\u00f3n. Lo que hace falta es contenido, mejorar lo que se ense\u00f1a\u201d, explic\u00f3.<\/p>\n<p><strong><b>Educaci\u00f3n digital e inteligencia artificial: el gran reto del presente<\/b><\/strong><\/p>\n<p>Bartolom\u00e9 Puma resalt\u00f3 que el futuro de la educaci\u00f3n boliviana pasa por la\u00a0<strong><b>inclusi\u00f3n digital<\/b><\/strong>\u00a0y el dominio del\u00a0<strong><b>ingl\u00e9s<\/b><\/strong>\u00a0desde la infancia. \u201cHoy se puede aprender ingl\u00e9s con inteligencia artificial, incluso sin que el maestro lo domine. El maestro debe ser gu\u00eda, no traductor\u201d, dijo.<\/p>\n<p>Record\u00f3 que a\u00f1os atr\u00e1s propusieron introducir el ingl\u00e9s desde educaci\u00f3n inicial mediante audios, pero los sindicatos docentes frenaron el avance. \u201cLas confederaciones deben dejar de centrarse solo en lo econ\u00f3mico y pensar en lo pedag\u00f3gico. Si no se les da autoridad a los maestros, no se puede hablar de educaci\u00f3n en valores\u201d.<\/p>\n<p><strong><b>Valores, \u00e9tica y autoridad del maestro<\/b><\/strong><\/p>\n<p>Otro de los temas clave fue la\u00a0<strong><b>crisis de valores en el sistema educativo<\/b><\/strong>. \u201cHay p\u00e9rdida de respeto, los estudiantes tienen falencias graves en lectura, escritura y l\u00f3gica matem\u00e1tica. Todo esto no es nuevo, viene desde gobiernos como el de Banzer, Goni, Paz Zamora\u201d, record\u00f3.<\/p>\n<p>Puma consider\u00f3 fundamental devolverle autoridad al maestro: \u201cSin autoridad, no hay respeto, sin respeto, no hay aprendizaje. Y sin aprendizaje, no hay ciudadan\u00eda\u201d.<\/p>\n<p><strong><b>Conclusi\u00f3n: el cambio viene desde la base<\/b><\/strong><\/p>\n<p>Para el ex viceministro, no es necesaria una nueva ley educativa, sino una revisi\u00f3n de planes y programas, liderada por un nuevo\u00a0<strong><b>Congreso Plurinacional de Educaci\u00f3n<\/b><\/strong>, esta vez con objetivos claros y t\u00e9cnicos, no pol\u00edticos.<\/p>\n<p>\u201cEl cambio debe venir desde las bases, no desde discursos bonitos en campa\u00f1a. Hay que mejorar los contenidos, invertir m\u00e1s en educaci\u00f3n y salud, y dejar de improvisar\u201d, concluy\u00f3.<\/p>\n<p><strong><b>Bartolom\u00e9 Puma<\/b><\/strong>\u00a0no solo es un experto acad\u00e9mico; es un testigo privilegiado de d\u00e9cadas de pol\u00edticas p\u00fablicas fallidas, de promesas incumplidas, pero tambi\u00e9n de avances que a\u00fan pueden recuperarse. Su voz se alza en medio del ruido electoral como una gu\u00eda para quienes realmente quieran transformar la educaci\u00f3n boliviana.<\/p>\n\n\n<p><\/p>\n<div style=\"margin-top: 0px; margin-bottom: 0px;\" class=\"sharethis-inline-reaction-buttons\" ><\/div>","protected":false},"excerpt":{"rendered":"<p>Montero,\u00a0\u00a0\u2013 En el marco del programa\u00a0Agenda Matinal, \u00a0conversamos en exclusiva con el profesor\u00a0Bartolom\u00e9 Puma, una de las voces m\u00e1s experimentadas del pa\u00eds en materia educativa.<\/p>\n","protected":false},"author":1,"featured_media":75,"comment_status":"open","ping_status":"open","sticky":false,"template":"","format":"standard","meta":{"footnotes":""},"categories":[47],"tags":[22,11],"class_list":["post-74","post","type-post","status-publish","format-standard","has-post-thumbnail","hentry","category-politica-nacional","tag-bartolome-puma","tag-elecciones-nacionales-2025"],"yoast_head":"<!-- This site is optimized with the Yoast SEO Premium plugin v25.5 (Yoast SEO v27.1.1) - https:\/\/yoast.com\/product\/yoast-seo-premium-wordpress\/ -->\n<title>Reportaje especial | Educaci\u00f3n y Pol\u00edtica en Bolivia: Visi\u00f3n y an\u00e1lisis de Bartolom\u00e9 Puma - Wara Comunicaciones<\/title>\n<meta name=\"description\" content=\"Descubre el reportaje exclusivo con Bartolom\u00e9 Puma sobre la situaci\u00f3n educativa de Bolivia y los desaf\u00edos actuales.\" \/>\n<meta name=\"robots\" content=\"index, follow, max-snippet:-1, max-image-preview:large, max-video-preview:-1\" \/>\n<link rel=\"canonical\" href=\"https:\/\/waracomunicaciones.com\/?p=74\" \/>\n<meta property=\"og:locale\" content=\"es_ES\" \/>\n<meta property=\"og:type\" content=\"article\" \/>\n<meta property=\"og:title\" content=\"Reportaje especial | Educaci\u00f3n y Pol\u00edtica en Bolivia: Visi\u00f3n y an\u00e1lisis de Bartolom\u00e9 Puma\" \/>\n<meta property=\"og:description\" content=\"Descubre el reportaje exclusivo con Bartolom\u00e9 Puma sobre la situaci\u00f3n educativa de Bolivia y los desaf\u00edos actuales.\" \/>\n<meta property=\"og:url\" content=\"https:\/\/waracomunicaciones.com\/?p=74\" \/>\n<meta property=\"og:site_name\" content=\"Wara Comunicaciones\" \/>\n<meta property=\"article:publisher\" content=\"https:\/\/www.facebook.com\/waracomunicaciones2017\" \/>\n<meta property=\"article:published_time\" content=\"2025-07-17T16:00:14+00:00\" \/>\n<meta property=\"article:modified_time\" content=\"2025-07-26T10:54:52+00:00\" \/>\n<meta property=\"og:image\" content=\"https:\/\/waracomunicaciones.com\/wp-content\/uploads\/2025\/07\/gga.webp\" \/>\n\t<meta property=\"og:image:width\" content=\"750\" \/>\n\t<meta property=\"og:image:height\" content=\"419\" \/>\n\t<meta property=\"og:image:type\" content=\"image\/webp\" \/>\n<meta name=\"author\" content=\"admin\" \/>\n<meta name=\"twitter:card\" content=\"summary_large_image\" \/>\n<meta name=\"twitter:label1\" content=\"Escrito por\" \/>\n\t<meta name=\"twitter:data1\" content=\"admin\" \/>\n\t<meta name=\"twitter:label2\" content=\"Tiempo de lectura\" \/>\n\t<meta name=\"twitter:data2\" content=\"5 minutos\" \/>\n<script type=\"application\/ld+json\" class=\"yoast-schema-graph\">{\"@context\":\"https:\/\/schema.org\",\"@graph\":[{\"@type\":\"Article\",\"@id\":\"https:\/\/waracomunicaciones.com\/?p=74#article\",\"isPartOf\":{\"@id\":\"https:\/\/waracomunicaciones.com\/?p=74\"},\"author\":{\"name\":\"admin\",\"@id\":\"https:\/\/waracomunicaciones.com\/#\/schema\/person\/e9db934bc91575cc71fe584c5973244a\"},\"headline\":\"Reportaje especial | Educaci\u00f3n y Pol\u00edtica en Bolivia: Visi\u00f3n y an\u00e1lisis de Bartolom\u00e9 Puma\",\"datePublished\":\"2025-07-17T16:00:14+00:00\",\"dateModified\":\"2025-07-26T10:54:52+00:00\",\"mainEntityOfPage\":{\"@id\":\"https:\/\/waracomunicaciones.com\/?p=74\"},\"wordCount\":922,\"commentCount\":0,\"publisher\":{\"@id\":\"https:\/\/waracomunicaciones.com\/#organization\"},\"image\":{\"@id\":\"https:\/\/waracomunicaciones.com\/?p=74#primaryimage\"},\"thumbnailUrl\":\"https:\/\/waracomunicaciones.com\/wp-content\/uploads\/2025\/07\/gga.webp\",\"keywords\":[\"Bartolom\u00e9 Puma\",\"Elecciones Nacionales 2025\"],\"articleSection\":[\"Pol\u00edtica\"],\"inLanguage\":\"es\",\"potentialAction\":[{\"@type\":\"CommentAction\",\"name\":\"Comment\",\"target\":[\"https:\/\/waracomunicaciones.com\/?p=74#respond\"]}]},{\"@type\":\"WebPage\",\"@id\":\"https:\/\/waracomunicaciones.com\/?p=74\",\"url\":\"https:\/\/waracomunicaciones.com\/?p=74\",\"name\":\"Reportaje especial | Educaci\u00f3n y Pol\u00edtica en Bolivia: Visi\u00f3n y an\u00e1lisis de Bartolom\u00e9 Puma - Wara Comunicaciones\",\"isPartOf\":{\"@id\":\"https:\/\/waracomunicaciones.com\/#website\"},\"primaryImageOfPage\":{\"@id\":\"https:\/\/waracomunicaciones.com\/?p=74#primaryimage\"},\"image\":{\"@id\":\"https:\/\/waracomunicaciones.com\/?p=74#primaryimage\"},\"thumbnailUrl\":\"https:\/\/waracomunicaciones.com\/wp-content\/uploads\/2025\/07\/gga.webp\",\"datePublished\":\"2025-07-17T16:00:14+00:00\",\"dateModified\":\"2025-07-26T10:54:52+00:00\",\"description\":\"Descubre el reportaje exclusivo con Bartolom\u00e9 Puma sobre la situaci\u00f3n educativa de Bolivia y los desaf\u00edos actuales.\",\"breadcrumb\":{\"@id\":\"https:\/\/waracomunicaciones.com\/?p=74#breadcrumb\"},\"inLanguage\":\"es\",\"potentialAction\":[{\"@type\":\"ReadAction\",\"target\":[\"https:\/\/waracomunicaciones.com\/?p=74\"]}]},{\"@type\":\"ImageObject\",\"inLanguage\":\"es\",\"@id\":\"https:\/\/waracomunicaciones.com\/?p=74#primaryimage\",\"url\":\"https:\/\/waracomunicaciones.com\/wp-content\/uploads\/2025\/07\/gga.webp\",\"contentUrl\":\"https:\/\/waracomunicaciones.com\/wp-content\/uploads\/2025\/07\/gga.webp\",\"width\":750,\"height\":419},{\"@type\":\"BreadcrumbList\",\"@id\":\"https:\/\/waracomunicaciones.com\/?p=74#breadcrumb\",\"itemListElement\":[{\"@type\":\"ListItem\",\"position\":1,\"name\":\"Portada\",\"item\":\"https:\/\/waracomunicaciones.com\/\"},{\"@type\":\"ListItem\",\"position\":2,\"name\":\"Reportaje especial | Educaci\u00f3n y Pol\u00edtica en Bolivia: Visi\u00f3n y an\u00e1lisis de Bartolom\u00e9 Puma\"}]},{\"@type\":\"WebSite\",\"@id\":\"https:\/\/waracomunicaciones.com\/#website\",\"url\":\"https:\/\/waracomunicaciones.com\/\",\"name\":\"Wara Comunicaciones\",\"description\":\"\",\"publisher\":{\"@id\":\"https:\/\/waracomunicaciones.com\/#organization\"},\"potentialAction\":[{\"@type\":\"SearchAction\",\"target\":{\"@type\":\"EntryPoint\",\"urlTemplate\":\"https:\/\/waracomunicaciones.com\/?s={search_term_string}\"},\"query-input\":{\"@type\":\"PropertyValueSpecification\",\"valueRequired\":true,\"valueName\":\"search_term_string\"}}],\"inLanguage\":\"es\"},{\"@type\":\"Organization\",\"@id\":\"https:\/\/waracomunicaciones.com\/#organization\",\"name\":\"Wara Comunicaciones\",\"url\":\"https:\/\/waracomunicaciones.com\/\",\"logo\":{\"@type\":\"ImageObject\",\"inLanguage\":\"es\",\"@id\":\"https:\/\/waracomunicaciones.com\/#\/schema\/logo\/image\/\",\"url\":\"https:\/\/waracomunicaciones.com\/wp-content\/uploads\/2025\/07\/logo.png\",\"contentUrl\":\"https:\/\/waracomunicaciones.com\/wp-content\/uploads\/2025\/07\/logo.png\",\"width\":400,\"height\":164,\"caption\":\"Wara Comunicaciones\"},\"image\":{\"@id\":\"https:\/\/waracomunicaciones.com\/#\/schema\/logo\/image\/\"},\"sameAs\":[\"https:\/\/www.facebook.com\/waracomunicaciones2017\"]},{\"@type\":\"Person\",\"@id\":\"https:\/\/waracomunicaciones.com\/#\/schema\/person\/e9db934bc91575cc71fe584c5973244a\",\"name\":\"admin\",\"image\":{\"@type\":\"ImageObject\",\"inLanguage\":\"es\",\"@id\":\"https:\/\/waracomunicaciones.com\/#\/schema\/person\/image\/\",\"url\":\"https:\/\/secure.gravatar.com\/avatar\/bf27e9186df568254093afa216f887fece17605302c6ff12f3980422fffa52e6?s=96&d=mm&r=g\",\"contentUrl\":\"https:\/\/secure.gravatar.com\/avatar\/bf27e9186df568254093afa216f887fece17605302c6ff12f3980422fffa52e6?s=96&d=mm&r=g\",\"caption\":\"admin\"},\"sameAs\":[\"https:\/\/waracomunicaciones.com\/wp\"],\"url\":\"https:\/\/waracomunicaciones.com\/?author=1\"}]}<\/script>\n<!-- \/ Yoast SEO Premium plugin. -->","yoast_head_json":{"title":"Reportaje especial | Educaci\u00f3n y Pol\u00edtica en Bolivia: Visi\u00f3n y an\u00e1lisis de Bartolom\u00e9 Puma - Wara Comunicaciones","description":"Descubre el reportaje exclusivo con Bartolom\u00e9 Puma sobre la situaci\u00f3n educativa de Bolivia y los desaf\u00edos actuales.","robots":{"index":"index","follow":"follow","max-snippet":"max-snippet:-1","max-image-preview":"max-image-preview:large","max-video-preview":"max-video-preview:-1"},"canonical":"https:\/\/waracomunicaciones.com\/?p=74","og_locale":"es_ES","og_type":"article","og_title":"Reportaje especial | Educaci\u00f3n y Pol\u00edtica en Bolivia: Visi\u00f3n y an\u00e1lisis de Bartolom\u00e9 Puma","og_description":"Descubre el reportaje exclusivo con Bartolom\u00e9 Puma sobre la situaci\u00f3n educativa de Bolivia y los desaf\u00edos actuales.","og_url":"https:\/\/waracomunicaciones.com\/?p=74","og_site_name":"Wara Comunicaciones","article_publisher":"https:\/\/www.facebook.com\/waracomunicaciones2017","article_published_time":"2025-07-17T16:00:14+00:00","article_modified_time":"2025-07-26T10:54:52+00:00","og_image":[{"width":750,"height":419,"url":"https:\/\/waracomunicaciones.com\/wp-content\/uploads\/2025\/07\/gga.webp","type":"image\/webp"}],"author":"admin","twitter_card":"summary_large_image","twitter_misc":{"Escrito por":"admin","Tiempo de lectura":"5 minutos"},"schema":{"@context":"https:\/\/schema.org","@graph":[{"@type":"Article","@id":"https:\/\/waracomunicaciones.com\/?p=74#article","isPartOf":{"@id":"https:\/\/waracomunicaciones.com\/?p=74"},"author":{"name":"admin","@id":"https:\/\/waracomunicaciones.com\/#\/schema\/person\/e9db934bc91575cc71fe584c5973244a"},"headline":"Reportaje especial | Educaci\u00f3n y Pol\u00edtica en Bolivia: Visi\u00f3n y an\u00e1lisis de Bartolom\u00e9 Puma","datePublished":"2025-07-17T16:00:14+00:00","dateModified":"2025-07-26T10:54:52+00:00","mainEntityOfPage":{"@id":"https:\/\/waracomunicaciones.com\/?p=74"},"wordCount":922,"commentCount":0,"publisher":{"@id":"https:\/\/waracomunicaciones.com\/#organization"},"image":{"@id":"https:\/\/waracomunicaciones.com\/?p=74#primaryimage"},"thumbnailUrl":"https:\/\/waracomunicaciones.com\/wp-content\/uploads\/2025\/07\/gga.webp","keywords":["Bartolom\u00e9 Puma","Elecciones Nacionales 2025"],"articleSection":["Pol\u00edtica"],"inLanguage":"es","potentialAction":[{"@type":"CommentAction","name":"Comment","target":["https:\/\/waracomunicaciones.com\/?p=74#respond"]}]},{"@type":"WebPage","@id":"https:\/\/waracomunicaciones.com\/?p=74","url":"https:\/\/waracomunicaciones.com\/?p=74","name":"Reportaje especial | Educaci\u00f3n y Pol\u00edtica en Bolivia: Visi\u00f3n y an\u00e1lisis de Bartolom\u00e9 Puma - Wara Comunicaciones","isPartOf":{"@id":"https:\/\/waracomunicaciones.com\/#website"},"primaryImageOfPage":{"@id":"https:\/\/waracomunicaciones.com\/?p=74#primaryimage"},"image":{"@id":"https:\/\/waracomunicaciones.com\/?p=74#primaryimage"},"thumbnailUrl":"https:\/\/waracomunicaciones.com\/wp-content\/uploads\/2025\/07\/gga.webp","datePublished":"2025-07-17T16:00:14+00:00","dateModified":"2025-07-26T10:54:52+00:00","description":"Descubre el reportaje exclusivo con Bartolom\u00e9 Puma sobre la situaci\u00f3n educativa de Bolivia y los desaf\u00edos actuales.","breadcrumb":{"@id":"https:\/\/waracomunicaciones.com\/?p=74#breadcrumb"},"inLanguage":"es","potentialAction":[{"@type":"ReadAction","target":["https:\/\/waracomunicaciones.com\/?p=74"]}]},{"@type":"ImageObject","inLanguage":"es","@id":"https:\/\/waracomunicaciones.com\/?p=74#primaryimage","url":"https:\/\/waracomunicaciones.com\/wp-content\/uploads\/2025\/07\/gga.webp","contentUrl":"https:\/\/waracomunicaciones.com\/wp-content\/uploads\/2025\/07\/gga.webp","width":750,"height":419},{"@type":"BreadcrumbList","@id":"https:\/\/waracomunicaciones.com\/?p=74#breadcrumb","itemListElement":[{"@type":"ListItem","position":1,"name":"Portada","item":"https:\/\/waracomunicaciones.com\/"},{"@type":"ListItem","position":2,"name":"Reportaje especial | Educaci\u00f3n y Pol\u00edtica en Bolivia: Visi\u00f3n y an\u00e1lisis de Bartolom\u00e9 Puma"}]},{"@type":"WebSite","@id":"https:\/\/waracomunicaciones.com\/#website","url":"https:\/\/waracomunicaciones.com\/","name":"Wara Comunicaciones","description":"","publisher":{"@id":"https:\/\/waracomunicaciones.com\/#organization"},"potentialAction":[{"@type":"SearchAction","target":{"@type":"EntryPoint","urlTemplate":"https:\/\/waracomunicaciones.com\/?s={search_term_string}"},"query-input":{"@type":"PropertyValueSpecification","valueRequired":true,"valueName":"search_term_string"}}],"inLanguage":"es"},{"@type":"Organization","@id":"https:\/\/waracomunicaciones.com\/#organization","name":"Wara Comunicaciones","url":"https:\/\/waracomunicaciones.com\/","logo":{"@type":"ImageObject","inLanguage":"es","@id":"https:\/\/waracomunicaciones.com\/#\/schema\/logo\/image\/","url":"https:\/\/waracomunicaciones.com\/wp-content\/uploads\/2025\/07\/logo.png","contentUrl":"https:\/\/waracomunicaciones.com\/wp-content\/uploads\/2025\/07\/logo.png","width":400,"height":164,"caption":"Wara Comunicaciones"},"image":{"@id":"https:\/\/waracomunicaciones.com\/#\/schema\/logo\/image\/"},"sameAs":["https:\/\/www.facebook.com\/waracomunicaciones2017"]},{"@type":"Person","@id":"https:\/\/waracomunicaciones.com\/#\/schema\/person\/e9db934bc91575cc71fe584c5973244a","name":"admin","image":{"@type":"ImageObject","inLanguage":"es","@id":"https:\/\/waracomunicaciones.com\/#\/schema\/person\/image\/","url":"https:\/\/secure.gravatar.com\/avatar\/bf27e9186df568254093afa216f887fece17605302c6ff12f3980422fffa52e6?s=96&d=mm&r=g","contentUrl":"https:\/\/secure.gravatar.com\/avatar\/bf27e9186df568254093afa216f887fece17605302c6ff12f3980422fffa52e6?s=96&d=mm&r=g","caption":"admin"},"sameAs":["https:\/\/waracomunicaciones.com\/wp"],"url":"https:\/\/waracomunicaciones.com\/?author=1"}]}},"_links":{"self":[{"href":"https:\/\/waracomunicaciones.com\/index.php?rest_route=\/wp\/v2\/posts\/74","targetHints":{"allow":["GET"]}}],"collection":[{"href":"https:\/\/waracomunicaciones.com\/index.php?rest_route=\/wp\/v2\/posts"}],"about":[{"href":"https:\/\/waracomunicaciones.com\/index.php?rest_route=\/wp\/v2\/types\/post"}],"author":[{"embeddable":true,"href":"https:\/\/waracomunicaciones.com\/index.php?rest_route=\/wp\/v2\/users\/1"}],"replies":[{"embeddable":true,"href":"https:\/\/waracomunicaciones.com\/index.php?rest_route=%2Fwp%2Fv2%2Fcomments&post=74"}],"version-history":[{"count":2,"href":"https:\/\/waracomunicaciones.com\/index.php?rest_route=\/wp\/v2\/posts\/74\/revisions"}],"predecessor-version":[{"id":77,"href":"https:\/\/waracomunicaciones.com\/index.php?rest_route=\/wp\/v2\/posts\/74\/revisions\/77"}],"wp:featuredmedia":[{"embeddable":true,"href":"https:\/\/waracomunicaciones.com\/index.php?rest_route=\/wp\/v2\/media\/75"}],"wp:attachment":[{"href":"https:\/\/waracomunicaciones.com\/index.php?rest_route=%2Fwp%2Fv2%2Fmedia&parent=74"}],"wp:term":[{"taxonomy":"category","embeddable":true,"href":"https:\/\/waracomunicaciones.com\/index.php?rest_route=%2Fwp%2Fv2%2Fcategories&post=74"},{"taxonomy":"post_tag","embeddable":true,"href":"https:\/\/waracomunicaciones.com\/index.php?rest_route=%2Fwp%2Fv2%2Ftags&post=74"}],"curies":[{"name":"wp","href":"https:\/\/api.w.org\/{rel}","templated":true}]}}