{"id":71,"date":"2025-07-17T11:59:16","date_gmt":"2025-07-17T15:59:16","guid":{"rendered":"https:\/\/waracomunicaciones.com\/wp\/?p=71"},"modified":"2025-07-24T02:03:28","modified_gmt":"2025-07-24T06:03:28","slug":"regys-medina-perfila-su-candidatura-a-la-alcaldia-de-montero-mientras-gestionan-obra-clave-para-cerrar-gestion","status":"publish","type":"post","link":"https:\/\/waracomunicaciones.com\/?p=71","title":{"rendered":"Regys Medina perfila su candidatura a la Alcald\u00eda de Montero mientras gestionan obra clave para cerrar gesti\u00f3n"},"content":{"rendered":"\n<figure class=\"wp-block-image size-full\"><img loading=\"lazy\" decoding=\"async\" width=\"750\" height=\"500\" src=\"https:\/\/waracomunicaciones.com\/wp\/wp-content\/uploads\/2025\/07\/regyssddd.webp\" alt=\"\" class=\"wp-image-72\" srcset=\"https:\/\/waracomunicaciones.com\/wp-content\/uploads\/2025\/07\/regyssddd.webp 750w, https:\/\/waracomunicaciones.com\/wp-content\/uploads\/2025\/07\/regyssddd-300x200.webp 300w\" sizes=\"auto, (max-width: 750px) 100vw, 750px\" \/><\/figure>\n\n\n<div class=\"itemIntroText\">\n<p><strong><b>Montero,\u00a0<\/b><\/strong>\u00a0\u2013 A pocos meses de posibles nuevas elecciones subnacionales, ya se empiezan a perfilar nombres clave en la pol\u00edtica local. Orlando \u00abChiqui\u00bb Limpias, asesor principal del Alcalde \u00a0Montero, anticip\u00f3 que Regys Medina se perfila como candidato a la Alcald\u00eda en las pr\u00f3ximas elecciones municipales, previstas para dentro de 4 meses, tras el traspaso de mando presidencial programado para el 8 de noviembre.<\/p>\n<\/div>\n<p><!--more--><\/p>\n<div class=\"itemFullText\">\n<p>\u201cCreemos que en el caso de Montero hay una candidatura casi definida, la de Regys Medina\u201d, afirm\u00f3 Limpias en una entrevista, aunque aclar\u00f3 que la decisi\u00f3n final depende del propio Medina y del contexto pol\u00edtico nacional. \u201cTodo depender\u00e1 de qui\u00e9n sea el presidente. Sin el apoyo del gobierno central, muchos alcaldes no pueden hacer absolutamente nada\u201d, subray\u00f3.<\/p>\n<p>Respecto al cierre de la actual gesti\u00f3n, Limpias adelant\u00f3 que la administraci\u00f3n de Medina se enfocar\u00e1 en una obra de alto impacto para el municipio: la construcci\u00f3n de la primera etapa del anillo vial en la zona este de Montero, desde Surtidor hasta el Mercado Popular. La obra, prioritaria seg\u00fan la demanda ciudadana, ser\u00e1 financiada con recursos propios, debido a que \u2014seg\u00fan denunci\u00f3\u2014 el gobierno central les ha negado cr\u00e9ditos durante tres a\u00f1os por motivos pol\u00edticos.<\/p>\n<p>\u201cLa alcald\u00eda de Montero es sujeta de cr\u00e9dito porque no est\u00e1 endeudada, pero no se nos ha permitido acceder a financiamiento\u201d, explic\u00f3 Limpias.<\/p>\n<p>La construcci\u00f3n del primer anillo pretende marcar el cierre de gesti\u00f3n de Medina y proyectarlo hacia una eventual reelecci\u00f3n, mientras se aguarda la definici\u00f3n del escenario pol\u00edtico nacional tras las elecciones generales.<\/p>\n<\/div><div style=\"margin-top: 0px; margin-bottom: 0px;\" class=\"sharethis-inline-reaction-buttons\" ><\/div>","protected":false},"excerpt":{"rendered":"<p>Montero,\u00a0\u00a0\u2013 A pocos meses de posibles nuevas elecciones subnacionales, ya se empiezan a perfilar nombres clave en la pol\u00edtica local. Orlando \u00abChiqui\u00bb Limpias, asesor principal del Alcalde \u00a0Montero, anticip\u00f3 que Regys Medina se perfila como candidato a la Alcald\u00eda en las pr\u00f3ximas elecciones municipales, previstas para dentro de 4 meses, tras el traspaso de mando [&hellip;]<\/p>\n","protected":false},"author":1,"featured_media":72,"comment_status":"open","ping_status":"open","sticky":false,"template":"","format":"standard","meta":{"footnotes":""},"categories":[5],"tags":[19,8,20],"class_list":["post-71","post","type-post","status-publish","format-standard","has-post-thumbnail","hentry","category-local","tag-montero","tag-politica","tag-regys-medina"],"yoast_head":"<!-- This site is optimized with the Yoast SEO Premium plugin v25.5 (Yoast SEO v27.1.1) - https:\/\/yoast.com\/product\/yoast-seo-premium-wordpress\/ -->\n<title>Regys Medina perfila su candidatura a la Alcald\u00eda de Montero mientras gestionan obra clave para cerrar gesti\u00f3n - Wara Comunicaciones<\/title>\n<meta name=\"robots\" content=\"index, follow, max-snippet:-1, max-image-preview:large, max-video-preview:-1\" \/>\n<link rel=\"canonical\" href=\"https:\/\/waracomunicaciones.com\/?p=71\" \/>\n<meta property=\"og:locale\" content=\"es_ES\" \/>\n<meta property=\"og:type\" content=\"article\" \/>\n<meta property=\"og:title\" content=\"Regys Medina perfila su candidatura a la Alcald\u00eda de Montero mientras gestionan obra clave para cerrar gesti\u00f3n\" \/>\n<meta property=\"og:description\" content=\"Montero,\u00a0\u00a0\u2013 A pocos meses de posibles nuevas elecciones subnacionales, ya se empiezan a perfilar nombres clave en la pol\u00edtica local. Orlando \u00abChiqui\u00bb Limpias, asesor principal del Alcalde \u00a0Montero, anticip\u00f3 que Regys Medina se perfila como candidato a la Alcald\u00eda en las pr\u00f3ximas elecciones municipales, previstas para dentro de 4 meses, tras el traspaso de mando [&hellip;]\" \/>\n<meta property=\"og:url\" content=\"https:\/\/waracomunicaciones.com\/?p=71\" \/>\n<meta property=\"og:site_name\" content=\"Wara Comunicaciones\" \/>\n<meta property=\"article:publisher\" content=\"https:\/\/www.facebook.com\/waracomunicaciones2017\" \/>\n<meta property=\"article:published_time\" content=\"2025-07-17T15:59:16+00:00\" \/>\n<meta property=\"article:modified_time\" content=\"2025-07-24T06:03:28+00:00\" \/>\n<meta property=\"og:image\" content=\"https:\/\/waracomunicaciones.com\/wp-content\/uploads\/2025\/07\/regyssddd.webp\" \/>\n\t<meta property=\"og:image:width\" content=\"750\" \/>\n\t<meta property=\"og:image:height\" content=\"500\" \/>\n\t<meta property=\"og:image:type\" content=\"image\/webp\" \/>\n<meta name=\"author\" content=\"admin\" \/>\n<meta name=\"twitter:card\" content=\"summary_large_image\" \/>\n<meta name=\"twitter:label1\" content=\"Escrito por\" \/>\n\t<meta name=\"twitter:data1\" content=\"admin\" \/>\n\t<meta name=\"twitter:label2\" content=\"Tiempo de lectura\" \/>\n\t<meta name=\"twitter:data2\" content=\"2 minutos\" \/>\n<script type=\"application\/ld+json\" class=\"yoast-schema-graph\">{\"@context\":\"https:\/\/schema.org\",\"@graph\":[{\"@type\":\"Article\",\"@id\":\"https:\/\/waracomunicaciones.com\/?p=71#article\",\"isPartOf\":{\"@id\":\"https:\/\/waracomunicaciones.com\/?p=71\"},\"author\":{\"name\":\"admin\",\"@id\":\"https:\/\/waracomunicaciones.com\/#\/schema\/person\/e9db934bc91575cc71fe584c5973244a\"},\"headline\":\"Regys Medina perfila su candidatura a la Alcald\u00eda de Montero mientras gestionan obra clave para cerrar gesti\u00f3n\",\"datePublished\":\"2025-07-17T15:59:16+00:00\",\"dateModified\":\"2025-07-24T06:03:28+00:00\",\"mainEntityOfPage\":{\"@id\":\"https:\/\/waracomunicaciones.com\/?p=71\"},\"wordCount\":288,\"commentCount\":0,\"publisher\":{\"@id\":\"https:\/\/waracomunicaciones.com\/#organization\"},\"image\":{\"@id\":\"https:\/\/waracomunicaciones.com\/?p=71#primaryimage\"},\"thumbnailUrl\":\"https:\/\/waracomunicaciones.com\/wp-content\/uploads\/2025\/07\/regyssddd.webp\",\"keywords\":[\"Montero\",\"Pol\u00edtica\",\"Regys Medina\"],\"articleSection\":[\"LOCAL\"],\"inLanguage\":\"es\",\"potentialAction\":[{\"@type\":\"CommentAction\",\"name\":\"Comment\",\"target\":[\"https:\/\/waracomunicaciones.com\/?p=71#respond\"]}]},{\"@type\":\"WebPage\",\"@id\":\"https:\/\/waracomunicaciones.com\/?p=71\",\"url\":\"https:\/\/waracomunicaciones.com\/?p=71\",\"name\":\"Regys Medina perfila su candidatura a la Alcald\u00eda de Montero mientras gestionan obra clave para cerrar gesti\u00f3n - Wara Comunicaciones\",\"isPartOf\":{\"@id\":\"https:\/\/waracomunicaciones.com\/#website\"},\"primaryImageOfPage\":{\"@id\":\"https:\/\/waracomunicaciones.com\/?p=71#primaryimage\"},\"image\":{\"@id\":\"https:\/\/waracomunicaciones.com\/?p=71#primaryimage\"},\"thumbnailUrl\":\"https:\/\/waracomunicaciones.com\/wp-content\/uploads\/2025\/07\/regyssddd.webp\",\"datePublished\":\"2025-07-17T15:59:16+00:00\",\"dateModified\":\"2025-07-24T06:03:28+00:00\",\"breadcrumb\":{\"@id\":\"https:\/\/waracomunicaciones.com\/?p=71#breadcrumb\"},\"inLanguage\":\"es\",\"potentialAction\":[{\"@type\":\"ReadAction\",\"target\":[\"https:\/\/waracomunicaciones.com\/?p=71\"]}]},{\"@type\":\"ImageObject\",\"inLanguage\":\"es\",\"@id\":\"https:\/\/waracomunicaciones.com\/?p=71#primaryimage\",\"url\":\"https:\/\/waracomunicaciones.com\/wp-content\/uploads\/2025\/07\/regyssddd.webp\",\"contentUrl\":\"https:\/\/waracomunicaciones.com\/wp-content\/uploads\/2025\/07\/regyssddd.webp\",\"width\":750,\"height\":500},{\"@type\":\"BreadcrumbList\",\"@id\":\"https:\/\/waracomunicaciones.com\/?p=71#breadcrumb\",\"itemListElement\":[{\"@type\":\"ListItem\",\"position\":1,\"name\":\"Portada\",\"item\":\"https:\/\/waracomunicaciones.com\/\"},{\"@type\":\"ListItem\",\"position\":2,\"name\":\"Regys Medina perfila su candidatura a la Alcald\u00eda de Montero mientras gestionan obra clave para cerrar gesti\u00f3n\"}]},{\"@type\":\"WebSite\",\"@id\":\"https:\/\/waracomunicaciones.com\/#website\",\"url\":\"https:\/\/waracomunicaciones.com\/\",\"name\":\"Wara Comunicaciones\",\"description\":\"\",\"publisher\":{\"@id\":\"https:\/\/waracomunicaciones.com\/#organization\"},\"potentialAction\":[{\"@type\":\"SearchAction\",\"target\":{\"@type\":\"EntryPoint\",\"urlTemplate\":\"https:\/\/waracomunicaciones.com\/?s={search_term_string}\"},\"query-input\":{\"@type\":\"PropertyValueSpecification\",\"valueRequired\":true,\"valueName\":\"search_term_string\"}}],\"inLanguage\":\"es\"},{\"@type\":\"Organization\",\"@id\":\"https:\/\/waracomunicaciones.com\/#organization\",\"name\":\"Wara Comunicaciones\",\"url\":\"https:\/\/waracomunicaciones.com\/\",\"logo\":{\"@type\":\"ImageObject\",\"inLanguage\":\"es\",\"@id\":\"https:\/\/waracomunicaciones.com\/#\/schema\/logo\/image\/\",\"url\":\"https:\/\/waracomunicaciones.com\/wp-content\/uploads\/2025\/07\/logo.png\",\"contentUrl\":\"https:\/\/waracomunicaciones.com\/wp-content\/uploads\/2025\/07\/logo.png\",\"width\":400,\"height\":164,\"caption\":\"Wara Comunicaciones\"},\"image\":{\"@id\":\"https:\/\/waracomunicaciones.com\/#\/schema\/logo\/image\/\"},\"sameAs\":[\"https:\/\/www.facebook.com\/waracomunicaciones2017\"]},{\"@type\":\"Person\",\"@id\":\"https:\/\/waracomunicaciones.com\/#\/schema\/person\/e9db934bc91575cc71fe584c5973244a\",\"name\":\"admin\",\"image\":{\"@type\":\"ImageObject\",\"inLanguage\":\"es\",\"@id\":\"https:\/\/waracomunicaciones.com\/#\/schema\/person\/image\/\",\"url\":\"https:\/\/secure.gravatar.com\/avatar\/bf27e9186df568254093afa216f887fece17605302c6ff12f3980422fffa52e6?s=96&d=mm&r=g\",\"contentUrl\":\"https:\/\/secure.gravatar.com\/avatar\/bf27e9186df568254093afa216f887fece17605302c6ff12f3980422fffa52e6?s=96&d=mm&r=g\",\"caption\":\"admin\"},\"sameAs\":[\"https:\/\/waracomunicaciones.com\/wp\"],\"url\":\"https:\/\/waracomunicaciones.com\/?author=1\"}]}<\/script>\n<!-- \/ Yoast SEO Premium plugin. -->","yoast_head_json":{"title":"Regys Medina perfila su candidatura a la Alcald\u00eda de Montero mientras gestionan obra clave para cerrar gesti\u00f3n - Wara Comunicaciones","robots":{"index":"index","follow":"follow","max-snippet":"max-snippet:-1","max-image-preview":"max-image-preview:large","max-video-preview":"max-video-preview:-1"},"canonical":"https:\/\/waracomunicaciones.com\/?p=71","og_locale":"es_ES","og_type":"article","og_title":"Regys Medina perfila su candidatura a la Alcald\u00eda de Montero mientras gestionan obra clave para cerrar gesti\u00f3n","og_description":"Montero,\u00a0\u00a0\u2013 A pocos meses de posibles nuevas elecciones subnacionales, ya se empiezan a perfilar nombres clave en la pol\u00edtica local. Orlando \u00abChiqui\u00bb Limpias, asesor principal del Alcalde \u00a0Montero, anticip\u00f3 que Regys Medina se perfila como candidato a la Alcald\u00eda en las pr\u00f3ximas elecciones municipales, previstas para dentro de 4 meses, tras el traspaso de mando [&hellip;]","og_url":"https:\/\/waracomunicaciones.com\/?p=71","og_site_name":"Wara Comunicaciones","article_publisher":"https:\/\/www.facebook.com\/waracomunicaciones2017","article_published_time":"2025-07-17T15:59:16+00:00","article_modified_time":"2025-07-24T06:03:28+00:00","og_image":[{"width":750,"height":500,"url":"https:\/\/waracomunicaciones.com\/wp-content\/uploads\/2025\/07\/regyssddd.webp","type":"image\/webp"}],"author":"admin","twitter_card":"summary_large_image","twitter_misc":{"Escrito por":"admin","Tiempo de lectura":"2 minutos"},"schema":{"@context":"https:\/\/schema.org","@graph":[{"@type":"Article","@id":"https:\/\/waracomunicaciones.com\/?p=71#article","isPartOf":{"@id":"https:\/\/waracomunicaciones.com\/?p=71"},"author":{"name":"admin","@id":"https:\/\/waracomunicaciones.com\/#\/schema\/person\/e9db934bc91575cc71fe584c5973244a"},"headline":"Regys Medina perfila su candidatura a la Alcald\u00eda de Montero mientras gestionan obra clave para cerrar gesti\u00f3n","datePublished":"2025-07-17T15:59:16+00:00","dateModified":"2025-07-24T06:03:28+00:00","mainEntityOfPage":{"@id":"https:\/\/waracomunicaciones.com\/?p=71"},"wordCount":288,"commentCount":0,"publisher":{"@id":"https:\/\/waracomunicaciones.com\/#organization"},"image":{"@id":"https:\/\/waracomunicaciones.com\/?p=71#primaryimage"},"thumbnailUrl":"https:\/\/waracomunicaciones.com\/wp-content\/uploads\/2025\/07\/regyssddd.webp","keywords":["Montero","Pol\u00edtica","Regys Medina"],"articleSection":["LOCAL"],"inLanguage":"es","potentialAction":[{"@type":"CommentAction","name":"Comment","target":["https:\/\/waracomunicaciones.com\/?p=71#respond"]}]},{"@type":"WebPage","@id":"https:\/\/waracomunicaciones.com\/?p=71","url":"https:\/\/waracomunicaciones.com\/?p=71","name":"Regys Medina perfila su candidatura a la Alcald\u00eda de Montero mientras gestionan obra clave para cerrar gesti\u00f3n - Wara Comunicaciones","isPartOf":{"@id":"https:\/\/waracomunicaciones.com\/#website"},"primaryImageOfPage":{"@id":"https:\/\/waracomunicaciones.com\/?p=71#primaryimage"},"image":{"@id":"https:\/\/waracomunicaciones.com\/?p=71#primaryimage"},"thumbnailUrl":"https:\/\/waracomunicaciones.com\/wp-content\/uploads\/2025\/07\/regyssddd.webp","datePublished":"2025-07-17T15:59:16+00:00","dateModified":"2025-07-24T06:03:28+00:00","breadcrumb":{"@id":"https:\/\/waracomunicaciones.com\/?p=71#breadcrumb"},"inLanguage":"es","potentialAction":[{"@type":"ReadAction","target":["https:\/\/waracomunicaciones.com\/?p=71"]}]},{"@type":"ImageObject","inLanguage":"es","@id":"https:\/\/waracomunicaciones.com\/?p=71#primaryimage","url":"https:\/\/waracomunicaciones.com\/wp-content\/uploads\/2025\/07\/regyssddd.webp","contentUrl":"https:\/\/waracomunicaciones.com\/wp-content\/uploads\/2025\/07\/regyssddd.webp","width":750,"height":500},{"@type":"BreadcrumbList","@id":"https:\/\/waracomunicaciones.com\/?p=71#breadcrumb","itemListElement":[{"@type":"ListItem","position":1,"name":"Portada","item":"https:\/\/waracomunicaciones.com\/"},{"@type":"ListItem","position":2,"name":"Regys Medina perfila su candidatura a la Alcald\u00eda de Montero mientras gestionan obra clave para cerrar gesti\u00f3n"}]},{"@type":"WebSite","@id":"https:\/\/waracomunicaciones.com\/#website","url":"https:\/\/waracomunicaciones.com\/","name":"Wara Comunicaciones","description":"","publisher":{"@id":"https:\/\/waracomunicaciones.com\/#organization"},"potentialAction":[{"@type":"SearchAction","target":{"@type":"EntryPoint","urlTemplate":"https:\/\/waracomunicaciones.com\/?s={search_term_string}"},"query-input":{"@type":"PropertyValueSpecification","valueRequired":true,"valueName":"search_term_string"}}],"inLanguage":"es"},{"@type":"Organization","@id":"https:\/\/waracomunicaciones.com\/#organization","name":"Wara Comunicaciones","url":"https:\/\/waracomunicaciones.com\/","logo":{"@type":"ImageObject","inLanguage":"es","@id":"https:\/\/waracomunicaciones.com\/#\/schema\/logo\/image\/","url":"https:\/\/waracomunicaciones.com\/wp-content\/uploads\/2025\/07\/logo.png","contentUrl":"https:\/\/waracomunicaciones.com\/wp-content\/uploads\/2025\/07\/logo.png","width":400,"height":164,"caption":"Wara Comunicaciones"},"image":{"@id":"https:\/\/waracomunicaciones.com\/#\/schema\/logo\/image\/"},"sameAs":["https:\/\/www.facebook.com\/waracomunicaciones2017"]},{"@type":"Person","@id":"https:\/\/waracomunicaciones.com\/#\/schema\/person\/e9db934bc91575cc71fe584c5973244a","name":"admin","image":{"@type":"ImageObject","inLanguage":"es","@id":"https:\/\/waracomunicaciones.com\/#\/schema\/person\/image\/","url":"https:\/\/secure.gravatar.com\/avatar\/bf27e9186df568254093afa216f887fece17605302c6ff12f3980422fffa52e6?s=96&d=mm&r=g","contentUrl":"https:\/\/secure.gravatar.com\/avatar\/bf27e9186df568254093afa216f887fece17605302c6ff12f3980422fffa52e6?s=96&d=mm&r=g","caption":"admin"},"sameAs":["https:\/\/waracomunicaciones.com\/wp"],"url":"https:\/\/waracomunicaciones.com\/?author=1"}]}},"_links":{"self":[{"href":"https:\/\/waracomunicaciones.com\/index.php?rest_route=\/wp\/v2\/posts\/71","targetHints":{"allow":["GET"]}}],"collection":[{"href":"https:\/\/waracomunicaciones.com\/index.php?rest_route=\/wp\/v2\/posts"}],"about":[{"href":"https:\/\/waracomunicaciones.com\/index.php?rest_route=\/wp\/v2\/types\/post"}],"author":[{"embeddable":true,"href":"https:\/\/waracomunicaciones.com\/index.php?rest_route=\/wp\/v2\/users\/1"}],"replies":[{"embeddable":true,"href":"https:\/\/waracomunicaciones.com\/index.php?rest_route=%2Fwp%2Fv2%2Fcomments&post=71"}],"version-history":[{"count":1,"href":"https:\/\/waracomunicaciones.com\/index.php?rest_route=\/wp\/v2\/posts\/71\/revisions"}],"predecessor-version":[{"id":73,"href":"https:\/\/waracomunicaciones.com\/index.php?rest_route=\/wp\/v2\/posts\/71\/revisions\/73"}],"wp:featuredmedia":[{"embeddable":true,"href":"https:\/\/waracomunicaciones.com\/index.php?rest_route=\/wp\/v2\/media\/72"}],"wp:attachment":[{"href":"https:\/\/waracomunicaciones.com\/index.php?rest_route=%2Fwp%2Fv2%2Fmedia&parent=71"}],"wp:term":[{"taxonomy":"category","embeddable":true,"href":"https:\/\/waracomunicaciones.com\/index.php?rest_route=%2Fwp%2Fv2%2Fcategories&post=71"},{"taxonomy":"post_tag","embeddable":true,"href":"https:\/\/waracomunicaciones.com\/index.php?rest_route=%2Fwp%2Fv2%2Ftags&post=71"}],"curies":[{"name":"wp","href":"https:\/\/api.w.org\/{rel}","templated":true}]}}