{"id":68,"date":"2025-07-16T10:29:32","date_gmt":"2025-07-16T14:29:32","guid":{"rendered":"https:\/\/waracomunicaciones.com\/wp\/?p=68"},"modified":"2025-07-23T10:32:51","modified_gmt":"2025-07-23T14:32:51","slug":"yapacani-plasma-su-historia-en-murales-una-galeria-visual-en-el-ingreso-al-consejo-municipal","status":"publish","type":"post","link":"https:\/\/waracomunicaciones.com\/?p=68","title":{"rendered":"Yapacan\u00ed plasma su historia en murales: una galer\u00eda visual en el ingreso al Consejo Municipal"},"content":{"rendered":"\n<figure class=\"wp-block-image size-full\"><img loading=\"lazy\" decoding=\"async\" width=\"750\" height=\"500\" src=\"https:\/\/waracomunicaciones.com\/wp\/wp-content\/uploads\/2025\/07\/YAPA.webp\" alt=\"\" class=\"wp-image-69\" srcset=\"https:\/\/waracomunicaciones.com\/wp-content\/uploads\/2025\/07\/YAPA.webp 750w, https:\/\/waracomunicaciones.com\/wp-content\/uploads\/2025\/07\/YAPA-300x200.webp 300w\" sizes=\"auto, (max-width: 750px) 100vw, 750px\" \/><figcaption class=\"wp-element-caption\">Foto Facebook<\/figcaption><\/figure>\n\n\n<div class=\"itemIntroText\">\n<p><em><i>Yapacan\u00ed, &#8211;\u00a0<\/i><\/em>Con el objetivo de rescatar y preservar la memoria hist\u00f3rica del municipio, el artista Benjam\u00edn Par\u00ed \u00a0trabaja en la creaci\u00f3n de 16 murales que estar\u00e1n ubicados en el ingreso del Consejo Municipal de Yapacan\u00ed. Estas obras buscan narrar, a trav\u00e9s de im\u00e1genes, la evoluci\u00f3n pol\u00edtica, social y cultural de la regi\u00f3n.<\/p>\n<\/div>\n<p><!--more--><\/p>\n<div class=\"itemFullText\">\n<p>El proyecto, impulsado con el apoyo del Gobierno Municipal y aprobado por el Concejo Municipal, forma parte de una iniciativa para promover el arte local y conectar a las nuevas generaciones con el pasado de su tierra. \u201cEste es un aporte para que la gente conozca la historia del municipio. Muy pocos saben de d\u00f3nde venimos, y con estos murales buscamos generar identidad y memoria\u201d, explic\u00f3 el muralista en entrevista con Wara Comunicaciones, el programa Agenda Matinal.<\/p>\n<p>Cada mural, con dimensiones de 1,10 por 0,90 metros, representa un momento clave en la historia de Yapacan\u00ed. El primer cuadro ilustra el origen del nombre del municipio, inspirado en el ave\u00a0<em><i>Yacam\u00ed<\/i><\/em>\u00a0y su relaci\u00f3n con el r\u00edo Yapacan\u00ed, en una escena que muestra un sereno atardecer sin puentes ni estructuras modernas. El mural n\u00famero diecis\u00e9is, por el contrario, proyecta el futuro del municipio, incluyendo las obras en desarrollo como la nueva alcald\u00eda, la renovaci\u00f3n de la Plaza Primero de Mayo y la modernizaci\u00f3n de la avenida principal.<\/p>\n<p>\u201cEl trabajo ha sido planificado desde principios de a\u00f1o. Se propusieron inicialmente 20 escenas, de las cuales se seleccionaron 16, que fueron aprobadas en sesi\u00f3n de Concejo y validadas por personas conocedoras de la historia local\u201d, detall\u00f3 Benjam\u00edn.<\/p>\n<p>El proyecto contempla tambi\u00e9n la restauraci\u00f3n de dos largas paredes de ladrillo visto, de aproximadamente 30 metros cada una, donde se instalan los murales, adem\u00e1s de iluminaci\u00f3n especial para resaltar cada obra. El presupuesto asignado para la ejecuci\u00f3n fue de 8.000 bolivianos, aunque se estima que el costo total ha sido mayor por las refacciones complementarias.<\/p>\n<p>Este trabajo art\u00edstico recuerda la obra del reconocido muralista nacional Lorgio Vaca, con quien Benjam\u00edn comparte la visi\u00f3n de retratar la historia del pa\u00eds a trav\u00e9s del arte visual. \u201cYo tambi\u00e9n busco dejar un legado que hable de qui\u00e9nes somos, de d\u00f3nde venimos y hacia d\u00f3nde vamos\u201d, dijo el artista.<\/p>\n<p>Los murales se encuentran en su fase final de elaboraci\u00f3n y se prev\u00e9 que est\u00e9n concluidos en el transcurso de esta semana. El ingreso al Consejo Municipal se convertir\u00e1 as\u00ed en un espacio abierto al arte y la historia, disponible para vecinos y visitantes que quieran conocer m\u00e1s sobre la identidad y evoluci\u00f3n de Yapacan\u00ed.<\/p>\n<p>La poblaci\u00f3n de Yapacan\u00ed y la regi\u00f3n del norte integrado podr\u00e1n apreciar este esfuerzo art\u00edstico-cultural que, m\u00e1s all\u00e1 de embellecer un espacio p\u00fablico, se convierte en una herramienta de educaci\u00f3n y conciencia hist\u00f3rica para toda la regi\u00f3n.<\/p>\n<\/div><div style=\"margin-top: 0px; margin-bottom: 0px;\" class=\"sharethis-inline-reaction-buttons\" ><\/div>","protected":false},"excerpt":{"rendered":"<p>Yapacan\u00ed, &#8211;\u00a0Con el objetivo de rescatar y preservar la memoria hist\u00f3rica del municipio, el artista Benjam\u00edn Par\u00ed \u00a0trabaja en la creaci\u00f3n de 16 murales que estar\u00e1n ubicados en el ingreso del Consejo Municipal de Yapacan\u00ed. Estas obras buscan narrar, a trav\u00e9s de im\u00e1genes, la evoluci\u00f3n pol\u00edtica, social y cultural de la regi\u00f3n.<\/p>\n","protected":false},"author":1,"featured_media":0,"comment_status":"open","ping_status":"open","sticky":false,"template":"","format":"standard","meta":{"footnotes":""},"categories":[5],"tags":[18,17,16],"class_list":["post-68","post","type-post","status-publish","format-standard","hentry","category-local","tag-arte","tag-cultura","tag-yapacani"],"yoast_head":"<!-- This site is optimized with the Yoast SEO Premium plugin v25.5 (Yoast SEO v27.1.1) - https:\/\/yoast.com\/product\/yoast-seo-premium-wordpress\/ -->\n<title>Yapacan\u00ed plasma su historia en murales: una galer\u00eda visual en el ingreso al Consejo Municipal - Wara Comunicaciones<\/title>\n<meta name=\"robots\" content=\"index, follow, max-snippet:-1, max-image-preview:large, max-video-preview:-1\" \/>\n<link rel=\"canonical\" href=\"https:\/\/waracomunicaciones.com\/?p=68\" \/>\n<meta property=\"og:locale\" content=\"es_ES\" \/>\n<meta property=\"og:type\" content=\"article\" \/>\n<meta property=\"og:title\" content=\"Yapacan\u00ed plasma su historia en murales: una galer\u00eda visual en el ingreso al Consejo Municipal\" \/>\n<meta property=\"og:description\" content=\"Yapacan\u00ed, &#8211;\u00a0Con el objetivo de rescatar y preservar la memoria hist\u00f3rica del municipio, el artista Benjam\u00edn Par\u00ed \u00a0trabaja en la creaci\u00f3n de 16 murales que estar\u00e1n ubicados en el ingreso del Consejo Municipal de Yapacan\u00ed. Estas obras buscan narrar, a trav\u00e9s de im\u00e1genes, la evoluci\u00f3n pol\u00edtica, social y cultural de la regi\u00f3n.\" \/>\n<meta property=\"og:url\" content=\"https:\/\/waracomunicaciones.com\/?p=68\" \/>\n<meta property=\"og:site_name\" content=\"Wara Comunicaciones\" \/>\n<meta property=\"article:publisher\" content=\"https:\/\/www.facebook.com\/waracomunicaciones2017\" \/>\n<meta property=\"article:published_time\" content=\"2025-07-16T14:29:32+00:00\" \/>\n<meta property=\"article:modified_time\" content=\"2025-07-23T14:32:51+00:00\" \/>\n<meta property=\"og:image\" content=\"https:\/\/waracomunicaciones.com\/wp\/wp-content\/uploads\/2025\/07\/YAPA.webp\" \/>\n<meta name=\"author\" content=\"admin\" \/>\n<meta name=\"twitter:card\" content=\"summary_large_image\" \/>\n<meta name=\"twitter:label1\" content=\"Escrito por\" \/>\n\t<meta name=\"twitter:data1\" content=\"admin\" \/>\n\t<meta name=\"twitter:label2\" content=\"Tiempo de lectura\" \/>\n\t<meta name=\"twitter:data2\" content=\"2 minutos\" \/>\n<script type=\"application\/ld+json\" class=\"yoast-schema-graph\">{\"@context\":\"https:\/\/schema.org\",\"@graph\":[{\"@type\":\"Article\",\"@id\":\"https:\/\/waracomunicaciones.com\/?p=68#article\",\"isPartOf\":{\"@id\":\"https:\/\/waracomunicaciones.com\/?p=68\"},\"author\":{\"name\":\"admin\",\"@id\":\"https:\/\/waracomunicaciones.com\/#\/schema\/person\/e9db934bc91575cc71fe584c5973244a\"},\"headline\":\"Yapacan\u00ed plasma su historia en murales: una galer\u00eda visual en el ingreso al Consejo Municipal\",\"datePublished\":\"2025-07-16T14:29:32+00:00\",\"dateModified\":\"2025-07-23T14:32:51+00:00\",\"mainEntityOfPage\":{\"@id\":\"https:\/\/waracomunicaciones.com\/?p=68\"},\"wordCount\":513,\"commentCount\":0,\"publisher\":{\"@id\":\"https:\/\/waracomunicaciones.com\/#organization\"},\"image\":{\"@id\":\"https:\/\/waracomunicaciones.com\/?p=68#primaryimage\"},\"thumbnailUrl\":\"https:\/\/waracomunicaciones.com\/wp\/wp-content\/uploads\/2025\/07\/YAPA.webp\",\"keywords\":[\"Arte\",\"Cultura\",\"Yapacani\"],\"articleSection\":[\"LOCAL\"],\"inLanguage\":\"es\",\"potentialAction\":[{\"@type\":\"CommentAction\",\"name\":\"Comment\",\"target\":[\"https:\/\/waracomunicaciones.com\/?p=68#respond\"]}]},{\"@type\":\"WebPage\",\"@id\":\"https:\/\/waracomunicaciones.com\/?p=68\",\"url\":\"https:\/\/waracomunicaciones.com\/?p=68\",\"name\":\"Yapacan\u00ed plasma su historia en murales: una galer\u00eda visual en el ingreso al Consejo Municipal - Wara Comunicaciones\",\"isPartOf\":{\"@id\":\"https:\/\/waracomunicaciones.com\/#website\"},\"primaryImageOfPage\":{\"@id\":\"https:\/\/waracomunicaciones.com\/?p=68#primaryimage\"},\"image\":{\"@id\":\"https:\/\/waracomunicaciones.com\/?p=68#primaryimage\"},\"thumbnailUrl\":\"https:\/\/waracomunicaciones.com\/wp\/wp-content\/uploads\/2025\/07\/YAPA.webp\",\"datePublished\":\"2025-07-16T14:29:32+00:00\",\"dateModified\":\"2025-07-23T14:32:51+00:00\",\"breadcrumb\":{\"@id\":\"https:\/\/waracomunicaciones.com\/?p=68#breadcrumb\"},\"inLanguage\":\"es\",\"potentialAction\":[{\"@type\":\"ReadAction\",\"target\":[\"https:\/\/waracomunicaciones.com\/?p=68\"]}]},{\"@type\":\"ImageObject\",\"inLanguage\":\"es\",\"@id\":\"https:\/\/waracomunicaciones.com\/?p=68#primaryimage\",\"url\":\"https:\/\/waracomunicaciones.com\/wp-content\/uploads\/2025\/07\/YAPA.webp\",\"contentUrl\":\"https:\/\/waracomunicaciones.com\/wp-content\/uploads\/2025\/07\/YAPA.webp\",\"width\":750,\"height\":500},{\"@type\":\"BreadcrumbList\",\"@id\":\"https:\/\/waracomunicaciones.com\/?p=68#breadcrumb\",\"itemListElement\":[{\"@type\":\"ListItem\",\"position\":1,\"name\":\"Portada\",\"item\":\"https:\/\/waracomunicaciones.com\/\"},{\"@type\":\"ListItem\",\"position\":2,\"name\":\"Yapacan\u00ed plasma su historia en murales: una galer\u00eda visual en el ingreso al Consejo Municipal\"}]},{\"@type\":\"WebSite\",\"@id\":\"https:\/\/waracomunicaciones.com\/#website\",\"url\":\"https:\/\/waracomunicaciones.com\/\",\"name\":\"Wara Comunicaciones\",\"description\":\"\",\"publisher\":{\"@id\":\"https:\/\/waracomunicaciones.com\/#organization\"},\"potentialAction\":[{\"@type\":\"SearchAction\",\"target\":{\"@type\":\"EntryPoint\",\"urlTemplate\":\"https:\/\/waracomunicaciones.com\/?s={search_term_string}\"},\"query-input\":{\"@type\":\"PropertyValueSpecification\",\"valueRequired\":true,\"valueName\":\"search_term_string\"}}],\"inLanguage\":\"es\"},{\"@type\":\"Organization\",\"@id\":\"https:\/\/waracomunicaciones.com\/#organization\",\"name\":\"Wara Comunicaciones\",\"url\":\"https:\/\/waracomunicaciones.com\/\",\"logo\":{\"@type\":\"ImageObject\",\"inLanguage\":\"es\",\"@id\":\"https:\/\/waracomunicaciones.com\/#\/schema\/logo\/image\/\",\"url\":\"https:\/\/waracomunicaciones.com\/wp-content\/uploads\/2025\/07\/logo.png\",\"contentUrl\":\"https:\/\/waracomunicaciones.com\/wp-content\/uploads\/2025\/07\/logo.png\",\"width\":400,\"height\":164,\"caption\":\"Wara Comunicaciones\"},\"image\":{\"@id\":\"https:\/\/waracomunicaciones.com\/#\/schema\/logo\/image\/\"},\"sameAs\":[\"https:\/\/www.facebook.com\/waracomunicaciones2017\"]},{\"@type\":\"Person\",\"@id\":\"https:\/\/waracomunicaciones.com\/#\/schema\/person\/e9db934bc91575cc71fe584c5973244a\",\"name\":\"admin\",\"image\":{\"@type\":\"ImageObject\",\"inLanguage\":\"es\",\"@id\":\"https:\/\/waracomunicaciones.com\/#\/schema\/person\/image\/\",\"url\":\"https:\/\/secure.gravatar.com\/avatar\/bf27e9186df568254093afa216f887fece17605302c6ff12f3980422fffa52e6?s=96&d=mm&r=g\",\"contentUrl\":\"https:\/\/secure.gravatar.com\/avatar\/bf27e9186df568254093afa216f887fece17605302c6ff12f3980422fffa52e6?s=96&d=mm&r=g\",\"caption\":\"admin\"},\"sameAs\":[\"https:\/\/waracomunicaciones.com\/wp\"],\"url\":\"https:\/\/waracomunicaciones.com\/?author=1\"}]}<\/script>\n<!-- \/ Yoast SEO Premium plugin. -->","yoast_head_json":{"title":"Yapacan\u00ed plasma su historia en murales: una galer\u00eda visual en el ingreso al Consejo Municipal - Wara Comunicaciones","robots":{"index":"index","follow":"follow","max-snippet":"max-snippet:-1","max-image-preview":"max-image-preview:large","max-video-preview":"max-video-preview:-1"},"canonical":"https:\/\/waracomunicaciones.com\/?p=68","og_locale":"es_ES","og_type":"article","og_title":"Yapacan\u00ed plasma su historia en murales: una galer\u00eda visual en el ingreso al Consejo Municipal","og_description":"Yapacan\u00ed, &#8211;\u00a0Con el objetivo de rescatar y preservar la memoria hist\u00f3rica del municipio, el artista Benjam\u00edn Par\u00ed \u00a0trabaja en la creaci\u00f3n de 16 murales que estar\u00e1n ubicados en el ingreso del Consejo Municipal de Yapacan\u00ed. Estas obras buscan narrar, a trav\u00e9s de im\u00e1genes, la evoluci\u00f3n pol\u00edtica, social y cultural de la regi\u00f3n.","og_url":"https:\/\/waracomunicaciones.com\/?p=68","og_site_name":"Wara Comunicaciones","article_publisher":"https:\/\/www.facebook.com\/waracomunicaciones2017","article_published_time":"2025-07-16T14:29:32+00:00","article_modified_time":"2025-07-23T14:32:51+00:00","og_image":[{"url":"https:\/\/waracomunicaciones.com\/wp\/wp-content\/uploads\/2025\/07\/YAPA.webp","type":"","width":"","height":""}],"author":"admin","twitter_card":"summary_large_image","twitter_misc":{"Escrito por":"admin","Tiempo de lectura":"2 minutos"},"schema":{"@context":"https:\/\/schema.org","@graph":[{"@type":"Article","@id":"https:\/\/waracomunicaciones.com\/?p=68#article","isPartOf":{"@id":"https:\/\/waracomunicaciones.com\/?p=68"},"author":{"name":"admin","@id":"https:\/\/waracomunicaciones.com\/#\/schema\/person\/e9db934bc91575cc71fe584c5973244a"},"headline":"Yapacan\u00ed plasma su historia en murales: una galer\u00eda visual en el ingreso al Consejo Municipal","datePublished":"2025-07-16T14:29:32+00:00","dateModified":"2025-07-23T14:32:51+00:00","mainEntityOfPage":{"@id":"https:\/\/waracomunicaciones.com\/?p=68"},"wordCount":513,"commentCount":0,"publisher":{"@id":"https:\/\/waracomunicaciones.com\/#organization"},"image":{"@id":"https:\/\/waracomunicaciones.com\/?p=68#primaryimage"},"thumbnailUrl":"https:\/\/waracomunicaciones.com\/wp\/wp-content\/uploads\/2025\/07\/YAPA.webp","keywords":["Arte","Cultura","Yapacani"],"articleSection":["LOCAL"],"inLanguage":"es","potentialAction":[{"@type":"CommentAction","name":"Comment","target":["https:\/\/waracomunicaciones.com\/?p=68#respond"]}]},{"@type":"WebPage","@id":"https:\/\/waracomunicaciones.com\/?p=68","url":"https:\/\/waracomunicaciones.com\/?p=68","name":"Yapacan\u00ed plasma su historia en murales: una galer\u00eda visual en el ingreso al Consejo Municipal - Wara Comunicaciones","isPartOf":{"@id":"https:\/\/waracomunicaciones.com\/#website"},"primaryImageOfPage":{"@id":"https:\/\/waracomunicaciones.com\/?p=68#primaryimage"},"image":{"@id":"https:\/\/waracomunicaciones.com\/?p=68#primaryimage"},"thumbnailUrl":"https:\/\/waracomunicaciones.com\/wp\/wp-content\/uploads\/2025\/07\/YAPA.webp","datePublished":"2025-07-16T14:29:32+00:00","dateModified":"2025-07-23T14:32:51+00:00","breadcrumb":{"@id":"https:\/\/waracomunicaciones.com\/?p=68#breadcrumb"},"inLanguage":"es","potentialAction":[{"@type":"ReadAction","target":["https:\/\/waracomunicaciones.com\/?p=68"]}]},{"@type":"ImageObject","inLanguage":"es","@id":"https:\/\/waracomunicaciones.com\/?p=68#primaryimage","url":"https:\/\/waracomunicaciones.com\/wp-content\/uploads\/2025\/07\/YAPA.webp","contentUrl":"https:\/\/waracomunicaciones.com\/wp-content\/uploads\/2025\/07\/YAPA.webp","width":750,"height":500},{"@type":"BreadcrumbList","@id":"https:\/\/waracomunicaciones.com\/?p=68#breadcrumb","itemListElement":[{"@type":"ListItem","position":1,"name":"Portada","item":"https:\/\/waracomunicaciones.com\/"},{"@type":"ListItem","position":2,"name":"Yapacan\u00ed plasma su historia en murales: una galer\u00eda visual en el ingreso al Consejo Municipal"}]},{"@type":"WebSite","@id":"https:\/\/waracomunicaciones.com\/#website","url":"https:\/\/waracomunicaciones.com\/","name":"Wara Comunicaciones","description":"","publisher":{"@id":"https:\/\/waracomunicaciones.com\/#organization"},"potentialAction":[{"@type":"SearchAction","target":{"@type":"EntryPoint","urlTemplate":"https:\/\/waracomunicaciones.com\/?s={search_term_string}"},"query-input":{"@type":"PropertyValueSpecification","valueRequired":true,"valueName":"search_term_string"}}],"inLanguage":"es"},{"@type":"Organization","@id":"https:\/\/waracomunicaciones.com\/#organization","name":"Wara Comunicaciones","url":"https:\/\/waracomunicaciones.com\/","logo":{"@type":"ImageObject","inLanguage":"es","@id":"https:\/\/waracomunicaciones.com\/#\/schema\/logo\/image\/","url":"https:\/\/waracomunicaciones.com\/wp-content\/uploads\/2025\/07\/logo.png","contentUrl":"https:\/\/waracomunicaciones.com\/wp-content\/uploads\/2025\/07\/logo.png","width":400,"height":164,"caption":"Wara Comunicaciones"},"image":{"@id":"https:\/\/waracomunicaciones.com\/#\/schema\/logo\/image\/"},"sameAs":["https:\/\/www.facebook.com\/waracomunicaciones2017"]},{"@type":"Person","@id":"https:\/\/waracomunicaciones.com\/#\/schema\/person\/e9db934bc91575cc71fe584c5973244a","name":"admin","image":{"@type":"ImageObject","inLanguage":"es","@id":"https:\/\/waracomunicaciones.com\/#\/schema\/person\/image\/","url":"https:\/\/secure.gravatar.com\/avatar\/bf27e9186df568254093afa216f887fece17605302c6ff12f3980422fffa52e6?s=96&d=mm&r=g","contentUrl":"https:\/\/secure.gravatar.com\/avatar\/bf27e9186df568254093afa216f887fece17605302c6ff12f3980422fffa52e6?s=96&d=mm&r=g","caption":"admin"},"sameAs":["https:\/\/waracomunicaciones.com\/wp"],"url":"https:\/\/waracomunicaciones.com\/?author=1"}]}},"_links":{"self":[{"href":"https:\/\/waracomunicaciones.com\/index.php?rest_route=\/wp\/v2\/posts\/68","targetHints":{"allow":["GET"]}}],"collection":[{"href":"https:\/\/waracomunicaciones.com\/index.php?rest_route=\/wp\/v2\/posts"}],"about":[{"href":"https:\/\/waracomunicaciones.com\/index.php?rest_route=\/wp\/v2\/types\/post"}],"author":[{"embeddable":true,"href":"https:\/\/waracomunicaciones.com\/index.php?rest_route=\/wp\/v2\/users\/1"}],"replies":[{"embeddable":true,"href":"https:\/\/waracomunicaciones.com\/index.php?rest_route=%2Fwp%2Fv2%2Fcomments&post=68"}],"version-history":[{"count":1,"href":"https:\/\/waracomunicaciones.com\/index.php?rest_route=\/wp\/v2\/posts\/68\/revisions"}],"predecessor-version":[{"id":70,"href":"https:\/\/waracomunicaciones.com\/index.php?rest_route=\/wp\/v2\/posts\/68\/revisions\/70"}],"wp:attachment":[{"href":"https:\/\/waracomunicaciones.com\/index.php?rest_route=%2Fwp%2Fv2%2Fmedia&parent=68"}],"wp:term":[{"taxonomy":"category","embeddable":true,"href":"https:\/\/waracomunicaciones.com\/index.php?rest_route=%2Fwp%2Fv2%2Fcategories&post=68"},{"taxonomy":"post_tag","embeddable":true,"href":"https:\/\/waracomunicaciones.com\/index.php?rest_route=%2Fwp%2Fv2%2Ftags&post=68"}],"curies":[{"name":"wp","href":"https:\/\/api.w.org\/{rel}","templated":true}]}}