{"id":65,"date":"2025-07-15T10:26:47","date_gmt":"2025-07-15T14:26:47","guid":{"rendered":"https:\/\/waracomunicaciones.com\/wp\/?p=65"},"modified":"2025-07-26T18:57:58","modified_gmt":"2025-07-26T22:57:58","slug":"gabriela-gutierrez-pide-responsabilidad-y-condena-declaraciones-de-ruth-nina-es-una-falta-gravisima-al-pais","status":"publish","type":"post","link":"https:\/\/waracomunicaciones.com\/?p=65","title":{"rendered":"Gabriela Guti\u00e9rrez pide responsabilidad y condena declaraciones de Ruth Nina: \u201cEs una falta grav\u00edsima al pa\u00eds\u201d"},"content":{"rendered":"\n<figure class=\"wp-block-image size-large\"><img loading=\"lazy\" decoding=\"async\" width=\"1024\" height=\"658\" src=\"https:\/\/waracomunicaciones.com\/wp\/wp-content\/uploads\/2025\/07\/1-Ruth-Nina-lider-de-PAN-BOL-1024x658.webp\" alt=\"\" class=\"wp-image-66\" srcset=\"https:\/\/waracomunicaciones.com\/wp-content\/uploads\/2025\/07\/1-Ruth-Nina-lider-de-PAN-BOL-1024x658.webp 1024w, https:\/\/waracomunicaciones.com\/wp-content\/uploads\/2025\/07\/1-Ruth-Nina-lider-de-PAN-BOL-300x193.webp 300w, https:\/\/waracomunicaciones.com\/wp-content\/uploads\/2025\/07\/1-Ruth-Nina-lider-de-PAN-BOL-768x493.webp 768w, https:\/\/waracomunicaciones.com\/wp-content\/uploads\/2025\/07\/1-Ruth-Nina-lider-de-PAN-BOL.webp 1090w\" sizes=\"auto, (max-width: 1024px) 100vw, 1024px\" \/><\/figure>\n\n\n<div class=\"itemIntroText\">\n<p><em><i>Montero,\u00a0<\/i><\/em>\u2014 En medio de crecientes dudas y tensiones sobre la viabilidad de las elecciones nacionales del pr\u00f3ximo 17 de agosto, la exsubgobernadora de Obispo Santistevan, Gabriela Guti\u00e9rrez, se pronunci\u00f3 de forma contundente respecto a recientes declaraciones pol\u00e9micas y la cr\u00edtica situaci\u00f3n del pa\u00eds.<\/p>\n<\/div>\n<p><!--more--><\/p>\n<div class=\"itemFullText\">\n<p>La dirigente respondi\u00f3 con firmeza a las palabras de Ruth Nina, l\u00edder del grupo Evo Pueblo, quien durante un ampliado en la Localidad de Lauca \u00d1 afirm\u00f3 que el Tribunal Electoral \u201cno va a contar votos, sino muertos\u201d. Estas declaraciones, que \u00a0han sido rectificadas por Nina, han generado repudio en diversos sectores de la sociedad.<\/p>\n<p>\u201cEs lamentable que mujeres estemos recurriendo a ese tipo de actitud informal. Es una falta grav\u00edsima ante todo el pa\u00eds y ante la comuna\u201d, afirm\u00f3 Guti\u00e9rrez. Agreg\u00f3 que Nina deber\u00eda asumir las consecuencias legales de sus declaraciones y exigi\u00f3 que las autoridades judiciales tomen cartas en el asunto. \u201cComo mujer me averg\u00fcenza escuchar esas palabras de otra mujer\u201d, se\u00f1al\u00f3.<\/p>\n<p>En cuanto a las versiones sobre un posible aplazamiento o suspensi\u00f3n de las elecciones debido a la escasez de combustible, Guti\u00e9rrez enfatiz\u00f3 la necesidad de que el proceso democr\u00e1tico siga adelante. \u201cDeben llevarse a cabo las elecciones nacionales. El pa\u00eds necesita una reconducci\u00f3n judicial, econ\u00f3mica, pol\u00edtica y social\u201d, afirm\u00f3.<\/p>\n<p>Las preocupaciones se han intensificado tras recientes declaraciones del ministro de Miner\u00eda, Marcelino Santos, quien admiti\u00f3 p\u00fablicamente que el pa\u00eds est\u00e1 \u201cfregado\u201d por la crisis del combustible. \u201cMediante Dios yo creo que vamos a llegar a las elecciones\u201d, dijo, reconociendo que la provisi\u00f3n de di\u00e9sel no est\u00e1 garantizada debido a la falta de d\u00f3lares y la demora en la aprobaci\u00f3n de cr\u00e9ditos en la Asamblea Legislativa.<\/p>\n<p>Gabriela Guti\u00e9rrez, por su parte, critic\u00f3 la desconexi\u00f3n de las autoridades nacionales con la realidad del pueblo. \u201cLos gobernantes no saben lo que es salir al mercado, hacer fila en los surtidores. No saben lo que est\u00e1n sufriendo los productores\u201d, denunci\u00f3.<\/p>\n<p>Finalmente, hizo un llamado a los candidatos presidenciales y legislativos a pronunciarse y proponer soluciones estructurales ante la crisis. \u201cNecesitamos dirigentes que realmente representen a la gente, no que est\u00e9n atados a discursos vac\u00edos o a intereses partidarios\u201d, concluy\u00f3.<\/p>\n<p>La entrevista cerr\u00f3 con un agradecimiento por parte de Guti\u00e9rrez, quien tambi\u00e9n anticip\u00f3 que en pr\u00f3ximos encuentros abordar\u00e1 la gesti\u00f3n p\u00fablica local y las pr\u00f3ximas elecciones subnacionales previstas para febrero de 2026.<\/p>\n<\/div><div style=\"margin-top: 0px; margin-bottom: 0px;\" class=\"sharethis-inline-reaction-buttons\" ><\/div>","protected":false},"excerpt":{"rendered":"<p>Montero,\u00a0\u2014 En medio de crecientes dudas y tensiones sobre la viabilidad de las elecciones nacionales del pr\u00f3ximo 17 de agosto, la exsubgobernadora de Obispo Santistevan, Gabriela Guti\u00e9rrez, se pronunci\u00f3 de forma contundente respecto a recientes declaraciones pol\u00e9micas y la cr\u00edtica situaci\u00f3n del pa\u00eds.<\/p>\n","protected":false},"author":1,"featured_media":66,"comment_status":"open","ping_status":"open","sticky":false,"template":"","format":"standard","meta":{"footnotes":""},"categories":[5],"tags":[14,9,15,8],"class_list":["post-65","post","type-post","status-publish","format-standard","has-post-thumbnail","hentry","category-local","tag-gabriela-gutierrez","tag-mas","tag-panbol","tag-politica"],"yoast_head":"<!-- This site is optimized with the Yoast SEO Premium plugin v25.5 (Yoast SEO v27.1.1) - https:\/\/yoast.com\/product\/yoast-seo-premium-wordpress\/ -->\n<title>Gabriela Guti\u00e9rrez pide responsabilidad y condena declaraciones de Ruth Nina: \u201cEs una falta grav\u00edsima al pa\u00eds\u201d - Wara Comunicaciones<\/title>\n<meta name=\"description\" content=\"Las declaraciones de Ruth Nina generan un debate sobre responsabilidad en el camino hacia las elecciones del 17 de agosto.\" \/>\n<meta name=\"robots\" content=\"index, follow, max-snippet:-1, max-image-preview:large, max-video-preview:-1\" \/>\n<link rel=\"canonical\" href=\"https:\/\/waracomunicaciones.com\/?p=65\" \/>\n<meta property=\"og:locale\" content=\"es_ES\" \/>\n<meta property=\"og:type\" content=\"article\" \/>\n<meta property=\"og:title\" content=\"Gabriela Guti\u00e9rrez pide responsabilidad y condena declaraciones de Ruth Nina: \u201cEs una falta grav\u00edsima al pa\u00eds\u201d\" \/>\n<meta property=\"og:description\" content=\"Las declaraciones de Ruth Nina generan un debate sobre responsabilidad en el camino hacia las elecciones del 17 de agosto.\" \/>\n<meta property=\"og:url\" content=\"https:\/\/waracomunicaciones.com\/?p=65\" \/>\n<meta property=\"og:site_name\" content=\"Wara Comunicaciones\" \/>\n<meta property=\"article:publisher\" content=\"https:\/\/www.facebook.com\/waracomunicaciones2017\" \/>\n<meta property=\"article:published_time\" content=\"2025-07-15T14:26:47+00:00\" \/>\n<meta property=\"article:modified_time\" content=\"2025-07-26T22:57:58+00:00\" \/>\n<meta property=\"og:image\" content=\"https:\/\/waracomunicaciones.com\/wp-content\/uploads\/2025\/07\/1-Ruth-Nina-lider-de-PAN-BOL.webp\" \/>\n\t<meta property=\"og:image:width\" content=\"1090\" \/>\n\t<meta property=\"og:image:height\" content=\"700\" \/>\n\t<meta property=\"og:image:type\" content=\"image\/webp\" \/>\n<meta name=\"author\" content=\"admin\" \/>\n<meta name=\"twitter:card\" content=\"summary_large_image\" \/>\n<meta name=\"twitter:label1\" content=\"Escrito por\" \/>\n\t<meta name=\"twitter:data1\" content=\"admin\" \/>\n\t<meta name=\"twitter:label2\" content=\"Tiempo de lectura\" \/>\n\t<meta name=\"twitter:data2\" content=\"3 minutos\" \/>\n<script type=\"application\/ld+json\" class=\"yoast-schema-graph\">{\"@context\":\"https:\/\/schema.org\",\"@graph\":[{\"@type\":\"Article\",\"@id\":\"https:\/\/waracomunicaciones.com\/?p=65#article\",\"isPartOf\":{\"@id\":\"https:\/\/waracomunicaciones.com\/?p=65\"},\"author\":{\"name\":\"admin\",\"@id\":\"https:\/\/waracomunicaciones.com\/#\/schema\/person\/e9db934bc91575cc71fe584c5973244a\"},\"headline\":\"Gabriela Guti\u00e9rrez pide responsabilidad y condena declaraciones de Ruth Nina: \u201cEs una falta grav\u00edsima al pa\u00eds\u201d\",\"datePublished\":\"2025-07-15T14:26:47+00:00\",\"dateModified\":\"2025-07-26T22:57:58+00:00\",\"mainEntityOfPage\":{\"@id\":\"https:\/\/waracomunicaciones.com\/?p=65\"},\"wordCount\":439,\"commentCount\":0,\"publisher\":{\"@id\":\"https:\/\/waracomunicaciones.com\/#organization\"},\"image\":{\"@id\":\"https:\/\/waracomunicaciones.com\/?p=65#primaryimage\"},\"thumbnailUrl\":\"https:\/\/waracomunicaciones.com\/wp-content\/uploads\/2025\/07\/1-Ruth-Nina-lider-de-PAN-BOL.webp\",\"keywords\":[\"Gabriela Guti\u00e9rrez\",\"MAS\",\"PANBOL\",\"Pol\u00edtica\"],\"articleSection\":[\"LOCAL\"],\"inLanguage\":\"es\",\"potentialAction\":[{\"@type\":\"CommentAction\",\"name\":\"Comment\",\"target\":[\"https:\/\/waracomunicaciones.com\/?p=65#respond\"]}]},{\"@type\":\"WebPage\",\"@id\":\"https:\/\/waracomunicaciones.com\/?p=65\",\"url\":\"https:\/\/waracomunicaciones.com\/?p=65\",\"name\":\"Gabriela Guti\u00e9rrez pide responsabilidad y condena declaraciones de Ruth Nina: \u201cEs una falta grav\u00edsima al pa\u00eds\u201d - Wara Comunicaciones\",\"isPartOf\":{\"@id\":\"https:\/\/waracomunicaciones.com\/#website\"},\"primaryImageOfPage\":{\"@id\":\"https:\/\/waracomunicaciones.com\/?p=65#primaryimage\"},\"image\":{\"@id\":\"https:\/\/waracomunicaciones.com\/?p=65#primaryimage\"},\"thumbnailUrl\":\"https:\/\/waracomunicaciones.com\/wp-content\/uploads\/2025\/07\/1-Ruth-Nina-lider-de-PAN-BOL.webp\",\"datePublished\":\"2025-07-15T14:26:47+00:00\",\"dateModified\":\"2025-07-26T22:57:58+00:00\",\"description\":\"Las declaraciones de Ruth Nina generan un debate sobre responsabilidad en el camino hacia las elecciones del 17 de agosto.\",\"breadcrumb\":{\"@id\":\"https:\/\/waracomunicaciones.com\/?p=65#breadcrumb\"},\"inLanguage\":\"es\",\"potentialAction\":[{\"@type\":\"ReadAction\",\"target\":[\"https:\/\/waracomunicaciones.com\/?p=65\"]}]},{\"@type\":\"ImageObject\",\"inLanguage\":\"es\",\"@id\":\"https:\/\/waracomunicaciones.com\/?p=65#primaryimage\",\"url\":\"https:\/\/waracomunicaciones.com\/wp-content\/uploads\/2025\/07\/1-Ruth-Nina-lider-de-PAN-BOL.webp\",\"contentUrl\":\"https:\/\/waracomunicaciones.com\/wp-content\/uploads\/2025\/07\/1-Ruth-Nina-lider-de-PAN-BOL.webp\",\"width\":1090,\"height\":700},{\"@type\":\"BreadcrumbList\",\"@id\":\"https:\/\/waracomunicaciones.com\/?p=65#breadcrumb\",\"itemListElement\":[{\"@type\":\"ListItem\",\"position\":1,\"name\":\"Portada\",\"item\":\"https:\/\/waracomunicaciones.com\/\"},{\"@type\":\"ListItem\",\"position\":2,\"name\":\"Gabriela Guti\u00e9rrez pide responsabilidad y condena declaraciones de Ruth Nina: \u201cEs una falta grav\u00edsima al pa\u00eds\u201d\"}]},{\"@type\":\"WebSite\",\"@id\":\"https:\/\/waracomunicaciones.com\/#website\",\"url\":\"https:\/\/waracomunicaciones.com\/\",\"name\":\"Wara Comunicaciones\",\"description\":\"\",\"publisher\":{\"@id\":\"https:\/\/waracomunicaciones.com\/#organization\"},\"potentialAction\":[{\"@type\":\"SearchAction\",\"target\":{\"@type\":\"EntryPoint\",\"urlTemplate\":\"https:\/\/waracomunicaciones.com\/?s={search_term_string}\"},\"query-input\":{\"@type\":\"PropertyValueSpecification\",\"valueRequired\":true,\"valueName\":\"search_term_string\"}}],\"inLanguage\":\"es\"},{\"@type\":\"Organization\",\"@id\":\"https:\/\/waracomunicaciones.com\/#organization\",\"name\":\"Wara Comunicaciones\",\"url\":\"https:\/\/waracomunicaciones.com\/\",\"logo\":{\"@type\":\"ImageObject\",\"inLanguage\":\"es\",\"@id\":\"https:\/\/waracomunicaciones.com\/#\/schema\/logo\/image\/\",\"url\":\"https:\/\/waracomunicaciones.com\/wp-content\/uploads\/2025\/07\/logo.png\",\"contentUrl\":\"https:\/\/waracomunicaciones.com\/wp-content\/uploads\/2025\/07\/logo.png\",\"width\":400,\"height\":164,\"caption\":\"Wara Comunicaciones\"},\"image\":{\"@id\":\"https:\/\/waracomunicaciones.com\/#\/schema\/logo\/image\/\"},\"sameAs\":[\"https:\/\/www.facebook.com\/waracomunicaciones2017\"]},{\"@type\":\"Person\",\"@id\":\"https:\/\/waracomunicaciones.com\/#\/schema\/person\/e9db934bc91575cc71fe584c5973244a\",\"name\":\"admin\",\"image\":{\"@type\":\"ImageObject\",\"inLanguage\":\"es\",\"@id\":\"https:\/\/waracomunicaciones.com\/#\/schema\/person\/image\/\",\"url\":\"https:\/\/secure.gravatar.com\/avatar\/bf27e9186df568254093afa216f887fece17605302c6ff12f3980422fffa52e6?s=96&d=mm&r=g\",\"contentUrl\":\"https:\/\/secure.gravatar.com\/avatar\/bf27e9186df568254093afa216f887fece17605302c6ff12f3980422fffa52e6?s=96&d=mm&r=g\",\"caption\":\"admin\"},\"sameAs\":[\"https:\/\/waracomunicaciones.com\/wp\"],\"url\":\"https:\/\/waracomunicaciones.com\/?author=1\"}]}<\/script>\n<!-- \/ Yoast SEO Premium plugin. -->","yoast_head_json":{"title":"Gabriela Guti\u00e9rrez pide responsabilidad y condena declaraciones de Ruth Nina: \u201cEs una falta grav\u00edsima al pa\u00eds\u201d - Wara Comunicaciones","description":"Las declaraciones de Ruth Nina generan un debate sobre responsabilidad en el camino hacia las elecciones del 17 de agosto.","robots":{"index":"index","follow":"follow","max-snippet":"max-snippet:-1","max-image-preview":"max-image-preview:large","max-video-preview":"max-video-preview:-1"},"canonical":"https:\/\/waracomunicaciones.com\/?p=65","og_locale":"es_ES","og_type":"article","og_title":"Gabriela Guti\u00e9rrez pide responsabilidad y condena declaraciones de Ruth Nina: \u201cEs una falta grav\u00edsima al pa\u00eds\u201d","og_description":"Las declaraciones de Ruth Nina generan un debate sobre responsabilidad en el camino hacia las elecciones del 17 de agosto.","og_url":"https:\/\/waracomunicaciones.com\/?p=65","og_site_name":"Wara Comunicaciones","article_publisher":"https:\/\/www.facebook.com\/waracomunicaciones2017","article_published_time":"2025-07-15T14:26:47+00:00","article_modified_time":"2025-07-26T22:57:58+00:00","og_image":[{"width":1090,"height":700,"url":"https:\/\/waracomunicaciones.com\/wp-content\/uploads\/2025\/07\/1-Ruth-Nina-lider-de-PAN-BOL.webp","type":"image\/webp"}],"author":"admin","twitter_card":"summary_large_image","twitter_misc":{"Escrito por":"admin","Tiempo de lectura":"3 minutos"},"schema":{"@context":"https:\/\/schema.org","@graph":[{"@type":"Article","@id":"https:\/\/waracomunicaciones.com\/?p=65#article","isPartOf":{"@id":"https:\/\/waracomunicaciones.com\/?p=65"},"author":{"name":"admin","@id":"https:\/\/waracomunicaciones.com\/#\/schema\/person\/e9db934bc91575cc71fe584c5973244a"},"headline":"Gabriela Guti\u00e9rrez pide responsabilidad y condena declaraciones de Ruth Nina: \u201cEs una falta grav\u00edsima al pa\u00eds\u201d","datePublished":"2025-07-15T14:26:47+00:00","dateModified":"2025-07-26T22:57:58+00:00","mainEntityOfPage":{"@id":"https:\/\/waracomunicaciones.com\/?p=65"},"wordCount":439,"commentCount":0,"publisher":{"@id":"https:\/\/waracomunicaciones.com\/#organization"},"image":{"@id":"https:\/\/waracomunicaciones.com\/?p=65#primaryimage"},"thumbnailUrl":"https:\/\/waracomunicaciones.com\/wp-content\/uploads\/2025\/07\/1-Ruth-Nina-lider-de-PAN-BOL.webp","keywords":["Gabriela Guti\u00e9rrez","MAS","PANBOL","Pol\u00edtica"],"articleSection":["LOCAL"],"inLanguage":"es","potentialAction":[{"@type":"CommentAction","name":"Comment","target":["https:\/\/waracomunicaciones.com\/?p=65#respond"]}]},{"@type":"WebPage","@id":"https:\/\/waracomunicaciones.com\/?p=65","url":"https:\/\/waracomunicaciones.com\/?p=65","name":"Gabriela Guti\u00e9rrez pide responsabilidad y condena declaraciones de Ruth Nina: \u201cEs una falta grav\u00edsima al pa\u00eds\u201d - Wara Comunicaciones","isPartOf":{"@id":"https:\/\/waracomunicaciones.com\/#website"},"primaryImageOfPage":{"@id":"https:\/\/waracomunicaciones.com\/?p=65#primaryimage"},"image":{"@id":"https:\/\/waracomunicaciones.com\/?p=65#primaryimage"},"thumbnailUrl":"https:\/\/waracomunicaciones.com\/wp-content\/uploads\/2025\/07\/1-Ruth-Nina-lider-de-PAN-BOL.webp","datePublished":"2025-07-15T14:26:47+00:00","dateModified":"2025-07-26T22:57:58+00:00","description":"Las declaraciones de Ruth Nina generan un debate sobre responsabilidad en el camino hacia las elecciones del 17 de agosto.","breadcrumb":{"@id":"https:\/\/waracomunicaciones.com\/?p=65#breadcrumb"},"inLanguage":"es","potentialAction":[{"@type":"ReadAction","target":["https:\/\/waracomunicaciones.com\/?p=65"]}]},{"@type":"ImageObject","inLanguage":"es","@id":"https:\/\/waracomunicaciones.com\/?p=65#primaryimage","url":"https:\/\/waracomunicaciones.com\/wp-content\/uploads\/2025\/07\/1-Ruth-Nina-lider-de-PAN-BOL.webp","contentUrl":"https:\/\/waracomunicaciones.com\/wp-content\/uploads\/2025\/07\/1-Ruth-Nina-lider-de-PAN-BOL.webp","width":1090,"height":700},{"@type":"BreadcrumbList","@id":"https:\/\/waracomunicaciones.com\/?p=65#breadcrumb","itemListElement":[{"@type":"ListItem","position":1,"name":"Portada","item":"https:\/\/waracomunicaciones.com\/"},{"@type":"ListItem","position":2,"name":"Gabriela Guti\u00e9rrez pide responsabilidad y condena declaraciones de Ruth Nina: \u201cEs una falta grav\u00edsima al pa\u00eds\u201d"}]},{"@type":"WebSite","@id":"https:\/\/waracomunicaciones.com\/#website","url":"https:\/\/waracomunicaciones.com\/","name":"Wara Comunicaciones","description":"","publisher":{"@id":"https:\/\/waracomunicaciones.com\/#organization"},"potentialAction":[{"@type":"SearchAction","target":{"@type":"EntryPoint","urlTemplate":"https:\/\/waracomunicaciones.com\/?s={search_term_string}"},"query-input":{"@type":"PropertyValueSpecification","valueRequired":true,"valueName":"search_term_string"}}],"inLanguage":"es"},{"@type":"Organization","@id":"https:\/\/waracomunicaciones.com\/#organization","name":"Wara Comunicaciones","url":"https:\/\/waracomunicaciones.com\/","logo":{"@type":"ImageObject","inLanguage":"es","@id":"https:\/\/waracomunicaciones.com\/#\/schema\/logo\/image\/","url":"https:\/\/waracomunicaciones.com\/wp-content\/uploads\/2025\/07\/logo.png","contentUrl":"https:\/\/waracomunicaciones.com\/wp-content\/uploads\/2025\/07\/logo.png","width":400,"height":164,"caption":"Wara Comunicaciones"},"image":{"@id":"https:\/\/waracomunicaciones.com\/#\/schema\/logo\/image\/"},"sameAs":["https:\/\/www.facebook.com\/waracomunicaciones2017"]},{"@type":"Person","@id":"https:\/\/waracomunicaciones.com\/#\/schema\/person\/e9db934bc91575cc71fe584c5973244a","name":"admin","image":{"@type":"ImageObject","inLanguage":"es","@id":"https:\/\/waracomunicaciones.com\/#\/schema\/person\/image\/","url":"https:\/\/secure.gravatar.com\/avatar\/bf27e9186df568254093afa216f887fece17605302c6ff12f3980422fffa52e6?s=96&d=mm&r=g","contentUrl":"https:\/\/secure.gravatar.com\/avatar\/bf27e9186df568254093afa216f887fece17605302c6ff12f3980422fffa52e6?s=96&d=mm&r=g","caption":"admin"},"sameAs":["https:\/\/waracomunicaciones.com\/wp"],"url":"https:\/\/waracomunicaciones.com\/?author=1"}]}},"_links":{"self":[{"href":"https:\/\/waracomunicaciones.com\/index.php?rest_route=\/wp\/v2\/posts\/65","targetHints":{"allow":["GET"]}}],"collection":[{"href":"https:\/\/waracomunicaciones.com\/index.php?rest_route=\/wp\/v2\/posts"}],"about":[{"href":"https:\/\/waracomunicaciones.com\/index.php?rest_route=\/wp\/v2\/types\/post"}],"author":[{"embeddable":true,"href":"https:\/\/waracomunicaciones.com\/index.php?rest_route=\/wp\/v2\/users\/1"}],"replies":[{"embeddable":true,"href":"https:\/\/waracomunicaciones.com\/index.php?rest_route=%2Fwp%2Fv2%2Fcomments&post=65"}],"version-history":[{"count":1,"href":"https:\/\/waracomunicaciones.com\/index.php?rest_route=\/wp\/v2\/posts\/65\/revisions"}],"predecessor-version":[{"id":67,"href":"https:\/\/waracomunicaciones.com\/index.php?rest_route=\/wp\/v2\/posts\/65\/revisions\/67"}],"wp:featuredmedia":[{"embeddable":true,"href":"https:\/\/waracomunicaciones.com\/index.php?rest_route=\/wp\/v2\/media\/66"}],"wp:attachment":[{"href":"https:\/\/waracomunicaciones.com\/index.php?rest_route=%2Fwp%2Fv2%2Fmedia&parent=65"}],"wp:term":[{"taxonomy":"category","embeddable":true,"href":"https:\/\/waracomunicaciones.com\/index.php?rest_route=%2Fwp%2Fv2%2Fcategories&post=65"},{"taxonomy":"post_tag","embeddable":true,"href":"https:\/\/waracomunicaciones.com\/index.php?rest_route=%2Fwp%2Fv2%2Ftags&post=65"}],"curies":[{"name":"wp","href":"https:\/\/api.w.org\/{rel}","templated":true}]}}