{"id":648,"date":"2025-09-13T14:55:49","date_gmt":"2025-09-13T18:55:49","guid":{"rendered":"https:\/\/waracomunicaciones.com\/?p=648"},"modified":"2025-09-13T14:56:05","modified_gmt":"2025-09-13T18:56:05","slug":"taller-sobre-empoderamiento-comunitario-destaca-necesidad-de-sistema-municipal-para-registrar-casos-de-violencia-de-genero","status":"publish","type":"post","link":"https:\/\/waracomunicaciones.com\/?p=648","title":{"rendered":"\u00abTaller sobre Empoderamiento Comunitario Destaca Necesidad de Sistema Municipal para Registrar Casos de Violencia de G\u00e9nero\u00bb"},"content":{"rendered":"\n<figure class=\"wp-block-image size-full\"><img loading=\"lazy\" decoding=\"async\" width=\"300\" height=\"168\" src=\"https:\/\/waracomunicaciones.com\/wp-content\/uploads\/2025\/09\/ggsg-1.webp\" alt=\"\" class=\"wp-image-649\"\/><\/figure>\n\n\n\n\n<p>Este viernes fue realizado, \u00a0un importante taller sobre el <em><i>empoderamiento comunitario para la prevenci\u00f3n y respuesta ante la violencia basada en g\u00e9nero<\/i><\/em>\u00a0en la Casa Municipal de Cultura<!--more--><\/p>\n<p>La actividad reuni\u00f3 a representantes de diversas instituciones, organizaciones sociales y sectores vecinales,<\/p>\n<p>Durante el encuentro, las y los participantes se dividieron en grupos tem\u00e1ticos. Uno de los puntos m\u00e1s relevantes fue el an\u00e1lisis del manejo estad\u00edstico de los casos de violencia, donde se puso en evidencia la necesidad urgente de contar con un <strong><b>sistema inform\u00e1tico municipal<\/b><\/strong>\u00a0que registre de forma detallada los casos y permita hacer seguimiento efectivo.<\/p>\n<p>La concejal Anabel Siles explic\u00f3 que actualmente, aunque el Gobierno Municipal presenta reportes a la Red de Lucha contra la Violencia \u2014compuesta por la Direcci\u00f3n de G\u00e9nero, la ONG Solidaridad Suiza y otras instituciones\u2014, <strong><b>no existe a\u00fan una plataforma unificada de datos<\/b><\/strong>. Se\u00f1al\u00f3 que este es uno de los desaf\u00edos clave para lo que queda de la actual gesti\u00f3n.<\/p>\n<p>\ud83c\udfa4\u00a0<em><i>\u00abEstamos trabajando para prevenir antes que lamentar\u00bb,<\/i><\/em>\u00a0expres\u00f3 la concejal, destacando adem\u00e1s el trabajo que se realiza en escuelas, organizaciones territoriales de base y distritos, con talleres enfocados en madres de familia, adolescentes y j\u00f3venes.<\/p>\n<p>Tambi\u00e9n inform\u00f3 que recientemente se ha comenzado a implementar un <strong><b>formulario de detecci\u00f3n de signos de violencia<\/b><\/strong>, que ha sido distribuido a centros m\u00e9dicos y centros de rehabilitaci\u00f3n. Esta acci\u00f3n forma parte de una <strong><b>plataforma multiservicio<\/b><\/strong>\u00a0desarrollada junto a Solidaridad Suiza, que busca fortalecer la recolecci\u00f3n de datos y orientar los esfuerzos de prevenci\u00f3n seg\u00fan las necesidades de cada distrito.<\/p>\n<p>Al ser consultada sobre el impacto de estas acciones, la autoridad reconoci\u00f3 que los datos se vienen recopilando por gesti\u00f3n, y aunque no se contaba en el momento con cifras actualizadas, reafirm\u00f3 el compromiso de continuar disminuyendo los casos de violencia mediante el trabajo conjunto con la comunidad.<\/p><div style=\"margin-top: 0px; margin-bottom: 0px;\" class=\"sharethis-inline-reaction-buttons\" ><\/div>","protected":false},"excerpt":{"rendered":"<p>Este viernes fue realizado, \u00a0un importante taller sobre el empoderamiento comunitario para la prevenci\u00f3n y respuesta ante la violencia basada en g\u00e9nero\u00a0en la Casa Municipal de Cultura<\/p>\n","protected":false},"author":1,"featured_media":0,"comment_status":"open","ping_status":"open","sticky":false,"template":"","format":"standard","meta":{"footnotes":""},"categories":[43],"tags":[19],"class_list":["post-648","post","type-post","status-publish","format-standard","hentry","category-seguridad","tag-montero"],"yoast_head":"<!-- This site is optimized with the Yoast SEO Premium plugin v25.5 (Yoast SEO v27.1.1) - https:\/\/yoast.com\/product\/yoast-seo-premium-wordpress\/ -->\n<title>&quot;Taller sobre Empoderamiento Comunitario Destaca Necesidad de Sistema Municipal para Registrar Casos de Violencia de G\u00e9nero&quot; - Wara Comunicaciones<\/title>\n<meta name=\"robots\" content=\"index, follow, max-snippet:-1, max-image-preview:large, max-video-preview:-1\" \/>\n<link rel=\"canonical\" href=\"https:\/\/waracomunicaciones.com\/?p=648\" \/>\n<meta property=\"og:locale\" content=\"es_ES\" \/>\n<meta property=\"og:type\" content=\"article\" \/>\n<meta property=\"og:title\" content=\"&quot;Taller sobre Empoderamiento Comunitario Destaca Necesidad de Sistema Municipal para Registrar Casos de Violencia de G\u00e9nero&quot;\" \/>\n<meta property=\"og:description\" content=\"Este viernes fue realizado, \u00a0un importante taller sobre el empoderamiento comunitario para la prevenci\u00f3n y respuesta ante la violencia basada en g\u00e9nero\u00a0en la Casa Municipal de Cultura\" \/>\n<meta property=\"og:url\" content=\"https:\/\/waracomunicaciones.com\/?p=648\" \/>\n<meta property=\"og:site_name\" content=\"Wara Comunicaciones\" \/>\n<meta property=\"article:publisher\" content=\"https:\/\/www.facebook.com\/waracomunicaciones2017\" \/>\n<meta property=\"article:published_time\" content=\"2025-09-13T18:55:49+00:00\" \/>\n<meta property=\"article:modified_time\" content=\"2025-09-13T18:56:05+00:00\" \/>\n<meta property=\"og:image\" content=\"https:\/\/waracomunicaciones.com\/wp-content\/uploads\/2025\/09\/ggsg-1.webp\" \/>\n<meta name=\"author\" content=\"admin\" \/>\n<meta name=\"twitter:card\" content=\"summary_large_image\" \/>\n<meta name=\"twitter:label1\" content=\"Escrito por\" \/>\n\t<meta name=\"twitter:data1\" content=\"admin\" \/>\n\t<meta name=\"twitter:label2\" content=\"Tiempo de lectura\" \/>\n\t<meta name=\"twitter:data2\" content=\"2 minutos\" \/>\n<script type=\"application\/ld+json\" class=\"yoast-schema-graph\">{\"@context\":\"https:\/\/schema.org\",\"@graph\":[{\"@type\":\"Article\",\"@id\":\"https:\/\/waracomunicaciones.com\/?p=648#article\",\"isPartOf\":{\"@id\":\"https:\/\/waracomunicaciones.com\/?p=648\"},\"author\":{\"name\":\"admin\",\"@id\":\"https:\/\/waracomunicaciones.com\/#\/schema\/person\/e9db934bc91575cc71fe584c5973244a\"},\"headline\":\"\u00abTaller sobre Empoderamiento Comunitario Destaca Necesidad de Sistema Municipal para Registrar Casos de Violencia de G\u00e9nero\u00bb\",\"datePublished\":\"2025-09-13T18:55:49+00:00\",\"dateModified\":\"2025-09-13T18:56:05+00:00\",\"mainEntityOfPage\":{\"@id\":\"https:\/\/waracomunicaciones.com\/?p=648\"},\"wordCount\":340,\"commentCount\":0,\"publisher\":{\"@id\":\"https:\/\/waracomunicaciones.com\/#organization\"},\"image\":{\"@id\":\"https:\/\/waracomunicaciones.com\/?p=648#primaryimage\"},\"thumbnailUrl\":\"https:\/\/waracomunicaciones.com\/wp-content\/uploads\/2025\/09\/ggsg-1.webp\",\"keywords\":[\"Montero\"],\"articleSection\":[\"Seguridad\"],\"inLanguage\":\"es\",\"potentialAction\":[{\"@type\":\"CommentAction\",\"name\":\"Comment\",\"target\":[\"https:\/\/waracomunicaciones.com\/?p=648#respond\"]}]},{\"@type\":\"WebPage\",\"@id\":\"https:\/\/waracomunicaciones.com\/?p=648\",\"url\":\"https:\/\/waracomunicaciones.com\/?p=648\",\"name\":\"\\\"Taller sobre Empoderamiento Comunitario Destaca Necesidad de Sistema Municipal para Registrar Casos de Violencia de G\u00e9nero\\\" - Wara Comunicaciones\",\"isPartOf\":{\"@id\":\"https:\/\/waracomunicaciones.com\/#website\"},\"primaryImageOfPage\":{\"@id\":\"https:\/\/waracomunicaciones.com\/?p=648#primaryimage\"},\"image\":{\"@id\":\"https:\/\/waracomunicaciones.com\/?p=648#primaryimage\"},\"thumbnailUrl\":\"https:\/\/waracomunicaciones.com\/wp-content\/uploads\/2025\/09\/ggsg-1.webp\",\"datePublished\":\"2025-09-13T18:55:49+00:00\",\"dateModified\":\"2025-09-13T18:56:05+00:00\",\"breadcrumb\":{\"@id\":\"https:\/\/waracomunicaciones.com\/?p=648#breadcrumb\"},\"inLanguage\":\"es\",\"potentialAction\":[{\"@type\":\"ReadAction\",\"target\":[\"https:\/\/waracomunicaciones.com\/?p=648\"]}]},{\"@type\":\"ImageObject\",\"inLanguage\":\"es\",\"@id\":\"https:\/\/waracomunicaciones.com\/?p=648#primaryimage\",\"url\":\"https:\/\/waracomunicaciones.com\/wp-content\/uploads\/2025\/09\/ggsg-1.webp\",\"contentUrl\":\"https:\/\/waracomunicaciones.com\/wp-content\/uploads\/2025\/09\/ggsg-1.webp\",\"width\":300,\"height\":168},{\"@type\":\"BreadcrumbList\",\"@id\":\"https:\/\/waracomunicaciones.com\/?p=648#breadcrumb\",\"itemListElement\":[{\"@type\":\"ListItem\",\"position\":1,\"name\":\"Portada\",\"item\":\"https:\/\/waracomunicaciones.com\/\"},{\"@type\":\"ListItem\",\"position\":2,\"name\":\"\u00abTaller sobre Empoderamiento Comunitario Destaca Necesidad de Sistema Municipal para Registrar Casos de Violencia de G\u00e9nero\u00bb\"}]},{\"@type\":\"WebSite\",\"@id\":\"https:\/\/waracomunicaciones.com\/#website\",\"url\":\"https:\/\/waracomunicaciones.com\/\",\"name\":\"Wara Comunicaciones\",\"description\":\"\",\"publisher\":{\"@id\":\"https:\/\/waracomunicaciones.com\/#organization\"},\"potentialAction\":[{\"@type\":\"SearchAction\",\"target\":{\"@type\":\"EntryPoint\",\"urlTemplate\":\"https:\/\/waracomunicaciones.com\/?s={search_term_string}\"},\"query-input\":{\"@type\":\"PropertyValueSpecification\",\"valueRequired\":true,\"valueName\":\"search_term_string\"}}],\"inLanguage\":\"es\"},{\"@type\":\"Organization\",\"@id\":\"https:\/\/waracomunicaciones.com\/#organization\",\"name\":\"Wara Comunicaciones\",\"url\":\"https:\/\/waracomunicaciones.com\/\",\"logo\":{\"@type\":\"ImageObject\",\"inLanguage\":\"es\",\"@id\":\"https:\/\/waracomunicaciones.com\/#\/schema\/logo\/image\/\",\"url\":\"https:\/\/waracomunicaciones.com\/wp-content\/uploads\/2025\/07\/logo.png\",\"contentUrl\":\"https:\/\/waracomunicaciones.com\/wp-content\/uploads\/2025\/07\/logo.png\",\"width\":400,\"height\":164,\"caption\":\"Wara Comunicaciones\"},\"image\":{\"@id\":\"https:\/\/waracomunicaciones.com\/#\/schema\/logo\/image\/\"},\"sameAs\":[\"https:\/\/www.facebook.com\/waracomunicaciones2017\"]},{\"@type\":\"Person\",\"@id\":\"https:\/\/waracomunicaciones.com\/#\/schema\/person\/e9db934bc91575cc71fe584c5973244a\",\"name\":\"admin\",\"image\":{\"@type\":\"ImageObject\",\"inLanguage\":\"es\",\"@id\":\"https:\/\/waracomunicaciones.com\/#\/schema\/person\/image\/\",\"url\":\"https:\/\/secure.gravatar.com\/avatar\/bf27e9186df568254093afa216f887fece17605302c6ff12f3980422fffa52e6?s=96&d=mm&r=g\",\"contentUrl\":\"https:\/\/secure.gravatar.com\/avatar\/bf27e9186df568254093afa216f887fece17605302c6ff12f3980422fffa52e6?s=96&d=mm&r=g\",\"caption\":\"admin\"},\"sameAs\":[\"https:\/\/waracomunicaciones.com\/wp\"],\"url\":\"https:\/\/waracomunicaciones.com\/?author=1\"}]}<\/script>\n<!-- \/ Yoast SEO Premium plugin. -->","yoast_head_json":{"title":"\"Taller sobre Empoderamiento Comunitario Destaca Necesidad de Sistema Municipal para Registrar Casos de Violencia de G\u00e9nero\" - Wara Comunicaciones","robots":{"index":"index","follow":"follow","max-snippet":"max-snippet:-1","max-image-preview":"max-image-preview:large","max-video-preview":"max-video-preview:-1"},"canonical":"https:\/\/waracomunicaciones.com\/?p=648","og_locale":"es_ES","og_type":"article","og_title":"\"Taller sobre Empoderamiento Comunitario Destaca Necesidad de Sistema Municipal para Registrar Casos de Violencia de G\u00e9nero\"","og_description":"Este viernes fue realizado, \u00a0un importante taller sobre el empoderamiento comunitario para la prevenci\u00f3n y respuesta ante la violencia basada en g\u00e9nero\u00a0en la Casa Municipal de Cultura","og_url":"https:\/\/waracomunicaciones.com\/?p=648","og_site_name":"Wara Comunicaciones","article_publisher":"https:\/\/www.facebook.com\/waracomunicaciones2017","article_published_time":"2025-09-13T18:55:49+00:00","article_modified_time":"2025-09-13T18:56:05+00:00","og_image":[{"url":"https:\/\/waracomunicaciones.com\/wp-content\/uploads\/2025\/09\/ggsg-1.webp","type":"","width":"","height":""}],"author":"admin","twitter_card":"summary_large_image","twitter_misc":{"Escrito por":"admin","Tiempo de lectura":"2 minutos"},"schema":{"@context":"https:\/\/schema.org","@graph":[{"@type":"Article","@id":"https:\/\/waracomunicaciones.com\/?p=648#article","isPartOf":{"@id":"https:\/\/waracomunicaciones.com\/?p=648"},"author":{"name":"admin","@id":"https:\/\/waracomunicaciones.com\/#\/schema\/person\/e9db934bc91575cc71fe584c5973244a"},"headline":"\u00abTaller sobre Empoderamiento Comunitario Destaca Necesidad de Sistema Municipal para Registrar Casos de Violencia de G\u00e9nero\u00bb","datePublished":"2025-09-13T18:55:49+00:00","dateModified":"2025-09-13T18:56:05+00:00","mainEntityOfPage":{"@id":"https:\/\/waracomunicaciones.com\/?p=648"},"wordCount":340,"commentCount":0,"publisher":{"@id":"https:\/\/waracomunicaciones.com\/#organization"},"image":{"@id":"https:\/\/waracomunicaciones.com\/?p=648#primaryimage"},"thumbnailUrl":"https:\/\/waracomunicaciones.com\/wp-content\/uploads\/2025\/09\/ggsg-1.webp","keywords":["Montero"],"articleSection":["Seguridad"],"inLanguage":"es","potentialAction":[{"@type":"CommentAction","name":"Comment","target":["https:\/\/waracomunicaciones.com\/?p=648#respond"]}]},{"@type":"WebPage","@id":"https:\/\/waracomunicaciones.com\/?p=648","url":"https:\/\/waracomunicaciones.com\/?p=648","name":"\"Taller sobre Empoderamiento Comunitario Destaca Necesidad de Sistema Municipal para Registrar Casos de Violencia de G\u00e9nero\" - Wara Comunicaciones","isPartOf":{"@id":"https:\/\/waracomunicaciones.com\/#website"},"primaryImageOfPage":{"@id":"https:\/\/waracomunicaciones.com\/?p=648#primaryimage"},"image":{"@id":"https:\/\/waracomunicaciones.com\/?p=648#primaryimage"},"thumbnailUrl":"https:\/\/waracomunicaciones.com\/wp-content\/uploads\/2025\/09\/ggsg-1.webp","datePublished":"2025-09-13T18:55:49+00:00","dateModified":"2025-09-13T18:56:05+00:00","breadcrumb":{"@id":"https:\/\/waracomunicaciones.com\/?p=648#breadcrumb"},"inLanguage":"es","potentialAction":[{"@type":"ReadAction","target":["https:\/\/waracomunicaciones.com\/?p=648"]}]},{"@type":"ImageObject","inLanguage":"es","@id":"https:\/\/waracomunicaciones.com\/?p=648#primaryimage","url":"https:\/\/waracomunicaciones.com\/wp-content\/uploads\/2025\/09\/ggsg-1.webp","contentUrl":"https:\/\/waracomunicaciones.com\/wp-content\/uploads\/2025\/09\/ggsg-1.webp","width":300,"height":168},{"@type":"BreadcrumbList","@id":"https:\/\/waracomunicaciones.com\/?p=648#breadcrumb","itemListElement":[{"@type":"ListItem","position":1,"name":"Portada","item":"https:\/\/waracomunicaciones.com\/"},{"@type":"ListItem","position":2,"name":"\u00abTaller sobre Empoderamiento Comunitario Destaca Necesidad de Sistema Municipal para Registrar Casos de Violencia de G\u00e9nero\u00bb"}]},{"@type":"WebSite","@id":"https:\/\/waracomunicaciones.com\/#website","url":"https:\/\/waracomunicaciones.com\/","name":"Wara Comunicaciones","description":"","publisher":{"@id":"https:\/\/waracomunicaciones.com\/#organization"},"potentialAction":[{"@type":"SearchAction","target":{"@type":"EntryPoint","urlTemplate":"https:\/\/waracomunicaciones.com\/?s={search_term_string}"},"query-input":{"@type":"PropertyValueSpecification","valueRequired":true,"valueName":"search_term_string"}}],"inLanguage":"es"},{"@type":"Organization","@id":"https:\/\/waracomunicaciones.com\/#organization","name":"Wara Comunicaciones","url":"https:\/\/waracomunicaciones.com\/","logo":{"@type":"ImageObject","inLanguage":"es","@id":"https:\/\/waracomunicaciones.com\/#\/schema\/logo\/image\/","url":"https:\/\/waracomunicaciones.com\/wp-content\/uploads\/2025\/07\/logo.png","contentUrl":"https:\/\/waracomunicaciones.com\/wp-content\/uploads\/2025\/07\/logo.png","width":400,"height":164,"caption":"Wara Comunicaciones"},"image":{"@id":"https:\/\/waracomunicaciones.com\/#\/schema\/logo\/image\/"},"sameAs":["https:\/\/www.facebook.com\/waracomunicaciones2017"]},{"@type":"Person","@id":"https:\/\/waracomunicaciones.com\/#\/schema\/person\/e9db934bc91575cc71fe584c5973244a","name":"admin","image":{"@type":"ImageObject","inLanguage":"es","@id":"https:\/\/waracomunicaciones.com\/#\/schema\/person\/image\/","url":"https:\/\/secure.gravatar.com\/avatar\/bf27e9186df568254093afa216f887fece17605302c6ff12f3980422fffa52e6?s=96&d=mm&r=g","contentUrl":"https:\/\/secure.gravatar.com\/avatar\/bf27e9186df568254093afa216f887fece17605302c6ff12f3980422fffa52e6?s=96&d=mm&r=g","caption":"admin"},"sameAs":["https:\/\/waracomunicaciones.com\/wp"],"url":"https:\/\/waracomunicaciones.com\/?author=1"}]}},"_links":{"self":[{"href":"https:\/\/waracomunicaciones.com\/index.php?rest_route=\/wp\/v2\/posts\/648","targetHints":{"allow":["GET"]}}],"collection":[{"href":"https:\/\/waracomunicaciones.com\/index.php?rest_route=\/wp\/v2\/posts"}],"about":[{"href":"https:\/\/waracomunicaciones.com\/index.php?rest_route=\/wp\/v2\/types\/post"}],"author":[{"embeddable":true,"href":"https:\/\/waracomunicaciones.com\/index.php?rest_route=\/wp\/v2\/users\/1"}],"replies":[{"embeddable":true,"href":"https:\/\/waracomunicaciones.com\/index.php?rest_route=%2Fwp%2Fv2%2Fcomments&post=648"}],"version-history":[{"count":1,"href":"https:\/\/waracomunicaciones.com\/index.php?rest_route=\/wp\/v2\/posts\/648\/revisions"}],"predecessor-version":[{"id":650,"href":"https:\/\/waracomunicaciones.com\/index.php?rest_route=\/wp\/v2\/posts\/648\/revisions\/650"}],"wp:attachment":[{"href":"https:\/\/waracomunicaciones.com\/index.php?rest_route=%2Fwp%2Fv2%2Fmedia&parent=648"}],"wp:term":[{"taxonomy":"category","embeddable":true,"href":"https:\/\/waracomunicaciones.com\/index.php?rest_route=%2Fwp%2Fv2%2Fcategories&post=648"},{"taxonomy":"post_tag","embeddable":true,"href":"https:\/\/waracomunicaciones.com\/index.php?rest_route=%2Fwp%2Fv2%2Ftags&post=648"}],"curies":[{"name":"wp","href":"https:\/\/api.w.org\/{rel}","templated":true}]}}