{"id":642,"date":"2025-09-12T09:42:41","date_gmt":"2025-09-12T13:42:41","guid":{"rendered":"https:\/\/waracomunicaciones.com\/?p=642"},"modified":"2025-09-12T09:42:42","modified_gmt":"2025-09-12T13:42:42","slug":"concejal-santiago-valenzuela-cuestiona-baja-ejecucion-presupuestaria-y-falta-de-transparencia-en-la-gestion-municipal-de-montero","status":"publish","type":"post","link":"https:\/\/waracomunicaciones.com\/?p=642","title":{"rendered":"Concejal Santiago Valenzuela cuestiona baja ejecuci\u00f3n presupuestaria y falta de transparencia en la gesti\u00f3n municipal de Montero"},"content":{"rendered":"\n<figure class=\"wp-block-image size-full\"><img loading=\"lazy\" decoding=\"async\" width=\"1000\" height=\"593\" src=\"https:\/\/waracomunicaciones.com\/wp-content\/uploads\/2025\/09\/dnanna-1.webp\" alt=\"\" class=\"wp-image-643\" srcset=\"https:\/\/waracomunicaciones.com\/wp-content\/uploads\/2025\/09\/dnanna-1.webp 1000w, https:\/\/waracomunicaciones.com\/wp-content\/uploads\/2025\/09\/dnanna-1-300x178.webp 300w, https:\/\/waracomunicaciones.com\/wp-content\/uploads\/2025\/09\/dnanna-1-768x455.webp 768w\" sizes=\"auto, (max-width: 1000px) 100vw, 1000px\" \/><figcaption class=\"wp-element-caption\"><em>El Concejal Santiago Valenzuela &#8211; Foto Facebook<\/em><\/figcaption><\/figure>\n\n\n<p><em><i>Montero, <\/i><\/em>\u2014 En la \u00faltima sesi\u00f3n del Concejo Municipal de Montero, llevada a cabo en la jornada de hoy, el concejal Santiago Valenzuela expres\u00f3 su preocupaci\u00f3n por la falta de avances significativos en la ejecuci\u00f3n de obras programadas en el Plan Operativo Anual (POA) 2025, as\u00ed como por la escasa transparencia en el manejo de los recursos p\u00fablicos.<!--more--><\/p>\n<p>La sesi\u00f3n ordinaria del Concejo, que dur\u00f3 aproximadamente 30 minutos, se desarroll\u00f3 con normalidad seg\u00fan el orden del d\u00eda, abordando puntos como control de asistencia, conservaci\u00f3n de actas, lectura de correspondencia, informes de comisi\u00f3n y asuntos barriales. No obstante, Valenzuela lament\u00f3 la ausencia de temas relevantes o urgentes para tratar, se\u00f1alando la inacci\u00f3n como un reflejo del estancamiento institucional.<\/p>\n<p>Durante su intervenci\u00f3n, el concejal cuestion\u00f3 duramente la falta de ejecuci\u00f3n de varias obras inscritas en el POA, mencionando que muchas de ellas solo existen en el papel. \u00abTodo lo que est\u00e1 en el POA, un 60% ejecutar\u00e1n; el 40% ni se ve\u00bb, afirm\u00f3 Valenzuela. Entre las obras que no han sido iniciadas, destac\u00f3 el caso del centro de salud del Distrito 3, que cuenta con un presupuesto asignado de 1.5 millones de bolivianos, pero que, seg\u00fan sus palabras, \u201cni siquiera existe como proyecto\u201d.<\/p>\n<p>Asimismo, se refiri\u00f3 al bajo nivel de ejecuci\u00f3n presupuestaria en infraestructura educativa y sanitaria, as\u00ed como a los constantes reajustes en los precios de materiales de construcci\u00f3n, lo cual estar\u00eda generando la reprogramaci\u00f3n de partidas sin un an\u00e1lisis t\u00e9cnico visible ni justificaci\u00f3n suficiente. Denunci\u00f3 tambi\u00e9n que muchas de estas modificaciones presupuestarias han sido destinadas a incrementar salarios y gastos administrativos del Ejecutivo Municipal, en detrimento de las necesidades barriales.<\/p>\n<p>En el \u00e1mbito educativo, Valenzuela critic\u00f3 el limitado impacto del presupuesto asignado, estimado en aproximadamente 17 millones de bolivianos. Seg\u00fan detall\u00f3, la mayor parte del monto se destina al desayuno escolar y otros gastos operativos, dejando poco margen para mejoras en infraestructura, mantenimiento de m\u00f3dulos educativos y dotaci\u00f3n de materiales.<\/p>\n<p>En cuanto a la promoci\u00f3n del deporte y la cultura, tambi\u00e9n incluidos en el POA con presupuestos considerables (2.5 millones para deportes y 973 mil bolivianos para cultura), el concejal manifest\u00f3 que \u00abno se ve ejecuci\u00f3n real ni impacto en la poblaci\u00f3n\u00bb. Se\u00f1al\u00f3 que muchos eventos deportivos o culturales no reciben apoyo, pese a estar presupuestados, y cuestion\u00f3 la forma en que se rinde cuentas por estos recursos.<\/p>\n<p>Valenzuela tambi\u00e9n denunci\u00f3 limitaciones dentro del propio Concejo Municipal para fiscalizar efectivamente al Ejecutivo. Indic\u00f3 que los requerimientos de informaci\u00f3n a trav\u00e9s de instrumentos como PIEs (Pedidos de Informe Escrito) son frecuentemente rechazados por la mayor\u00eda oficialista del Concejo, dificultando el seguimiento y control de los recursos p\u00fablicos.<\/p>\n<p>Sobre el POA 2026, inform\u00f3 que hasta la fecha no ha sido remitida formalmente al Concejo para su revisi\u00f3n detallada, contraviniendo los procedimientos establecidos. \u201cA estas alturas, no sabemos con certeza cu\u00e1nto est\u00e1 destinado para educaci\u00f3n, salud o infraestructura. Eso no es correcto\u201d, advirti\u00f3.<\/p>\n<p>Finalmente, Valenzuela expres\u00f3 su indignaci\u00f3n por lo que considera una gesti\u00f3n sin control y sin rumbo claro, que prioriza intereses administrativos por encima de las verdaderas demandas de la ciudadan\u00eda. Hizo un llamado a la ciudadan\u00eda a exigir mayor transparencia y participaci\u00f3n en la definici\u00f3n de prioridades de inversi\u00f3n p\u00fablica.<\/p><div style=\"margin-top: 0px; margin-bottom: 0px;\" class=\"sharethis-inline-reaction-buttons\" ><\/div>","protected":false},"excerpt":{"rendered":"<p>Montero, \u2014 En la \u00faltima sesi\u00f3n del Concejo Municipal de Montero, llevada a cabo en la jornada de hoy, el concejal Santiago Valenzuela expres\u00f3 su preocupaci\u00f3n por la falta de avances significativos en la ejecuci\u00f3n de obras programadas en el Plan Operativo Anual (POA) 2025, as\u00ed como por la escasa transparencia en el manejo de [&hellip;]<\/p>\n","protected":false},"author":1,"featured_media":0,"comment_status":"open","ping_status":"open","sticky":false,"template":"","format":"standard","meta":{"footnotes":""},"categories":[42],"tags":[19,160,74],"class_list":["post-642","post","type-post","status-publish","format-standard","hentry","category-politica","tag-montero","tag-poa-2026","tag-santiago-valenzuela"],"yoast_head":"<!-- This site is optimized with the Yoast SEO Premium plugin v25.5 (Yoast SEO v27.1.1) - https:\/\/yoast.com\/product\/yoast-seo-premium-wordpress\/ -->\n<title>Concejal Santiago Valenzuela cuestiona baja ejecuci\u00f3n presupuestaria y falta de transparencia en la gesti\u00f3n municipal de Montero - Wara Comunicaciones<\/title>\n<meta name=\"robots\" content=\"index, follow, max-snippet:-1, max-image-preview:large, max-video-preview:-1\" \/>\n<link rel=\"canonical\" href=\"https:\/\/waracomunicaciones.com\/?p=642\" \/>\n<meta property=\"og:locale\" content=\"es_ES\" \/>\n<meta property=\"og:type\" content=\"article\" \/>\n<meta property=\"og:title\" content=\"Concejal Santiago Valenzuela cuestiona baja ejecuci\u00f3n presupuestaria y falta de transparencia en la gesti\u00f3n municipal de Montero\" \/>\n<meta property=\"og:description\" content=\"Montero, \u2014 En la \u00faltima sesi\u00f3n del Concejo Municipal de Montero, llevada a cabo en la jornada de hoy, el concejal Santiago Valenzuela expres\u00f3 su preocupaci\u00f3n por la falta de avances significativos en la ejecuci\u00f3n de obras programadas en el Plan Operativo Anual (POA) 2025, as\u00ed como por la escasa transparencia en el manejo de [&hellip;]\" \/>\n<meta property=\"og:url\" content=\"https:\/\/waracomunicaciones.com\/?p=642\" \/>\n<meta property=\"og:site_name\" content=\"Wara Comunicaciones\" \/>\n<meta property=\"article:publisher\" content=\"https:\/\/www.facebook.com\/waracomunicaciones2017\" \/>\n<meta property=\"article:published_time\" content=\"2025-09-12T13:42:41+00:00\" \/>\n<meta property=\"article:modified_time\" content=\"2025-09-12T13:42:42+00:00\" \/>\n<meta property=\"og:image\" content=\"https:\/\/waracomunicaciones.com\/wp-content\/uploads\/2025\/09\/dnanna-1.webp\" \/>\n<meta name=\"author\" content=\"admin\" \/>\n<meta name=\"twitter:card\" content=\"summary_large_image\" \/>\n<meta name=\"twitter:label1\" content=\"Escrito por\" \/>\n\t<meta name=\"twitter:data1\" content=\"admin\" \/>\n\t<meta name=\"twitter:label2\" content=\"Tiempo de lectura\" \/>\n\t<meta name=\"twitter:data2\" content=\"3 minutos\" \/>\n<script type=\"application\/ld+json\" class=\"yoast-schema-graph\">{\"@context\":\"https:\/\/schema.org\",\"@graph\":[{\"@type\":\"Article\",\"@id\":\"https:\/\/waracomunicaciones.com\/?p=642#article\",\"isPartOf\":{\"@id\":\"https:\/\/waracomunicaciones.com\/?p=642\"},\"author\":{\"name\":\"admin\",\"@id\":\"https:\/\/waracomunicaciones.com\/#\/schema\/person\/e9db934bc91575cc71fe584c5973244a\"},\"headline\":\"Concejal Santiago Valenzuela cuestiona baja ejecuci\u00f3n presupuestaria y falta de transparencia en la gesti\u00f3n municipal de Montero\",\"datePublished\":\"2025-09-12T13:42:41+00:00\",\"dateModified\":\"2025-09-12T13:42:42+00:00\",\"mainEntityOfPage\":{\"@id\":\"https:\/\/waracomunicaciones.com\/?p=642\"},\"wordCount\":592,\"commentCount\":0,\"publisher\":{\"@id\":\"https:\/\/waracomunicaciones.com\/#organization\"},\"image\":{\"@id\":\"https:\/\/waracomunicaciones.com\/?p=642#primaryimage\"},\"thumbnailUrl\":\"https:\/\/waracomunicaciones.com\/wp-content\/uploads\/2025\/09\/dnanna-1.webp\",\"keywords\":[\"Montero\",\"POA 2026\",\"Santiago Valenzuela\"],\"articleSection\":[\"Pol\u00edtica\"],\"inLanguage\":\"es\",\"potentialAction\":[{\"@type\":\"CommentAction\",\"name\":\"Comment\",\"target\":[\"https:\/\/waracomunicaciones.com\/?p=642#respond\"]}]},{\"@type\":\"WebPage\",\"@id\":\"https:\/\/waracomunicaciones.com\/?p=642\",\"url\":\"https:\/\/waracomunicaciones.com\/?p=642\",\"name\":\"Concejal Santiago Valenzuela cuestiona baja ejecuci\u00f3n presupuestaria y falta de transparencia en la gesti\u00f3n municipal de Montero - Wara Comunicaciones\",\"isPartOf\":{\"@id\":\"https:\/\/waracomunicaciones.com\/#website\"},\"primaryImageOfPage\":{\"@id\":\"https:\/\/waracomunicaciones.com\/?p=642#primaryimage\"},\"image\":{\"@id\":\"https:\/\/waracomunicaciones.com\/?p=642#primaryimage\"},\"thumbnailUrl\":\"https:\/\/waracomunicaciones.com\/wp-content\/uploads\/2025\/09\/dnanna-1.webp\",\"datePublished\":\"2025-09-12T13:42:41+00:00\",\"dateModified\":\"2025-09-12T13:42:42+00:00\",\"breadcrumb\":{\"@id\":\"https:\/\/waracomunicaciones.com\/?p=642#breadcrumb\"},\"inLanguage\":\"es\",\"potentialAction\":[{\"@type\":\"ReadAction\",\"target\":[\"https:\/\/waracomunicaciones.com\/?p=642\"]}]},{\"@type\":\"ImageObject\",\"inLanguage\":\"es\",\"@id\":\"https:\/\/waracomunicaciones.com\/?p=642#primaryimage\",\"url\":\"https:\/\/waracomunicaciones.com\/wp-content\/uploads\/2025\/09\/dnanna-1.webp\",\"contentUrl\":\"https:\/\/waracomunicaciones.com\/wp-content\/uploads\/2025\/09\/dnanna-1.webp\",\"width\":1000,\"height\":593},{\"@type\":\"BreadcrumbList\",\"@id\":\"https:\/\/waracomunicaciones.com\/?p=642#breadcrumb\",\"itemListElement\":[{\"@type\":\"ListItem\",\"position\":1,\"name\":\"Portada\",\"item\":\"https:\/\/waracomunicaciones.com\/\"},{\"@type\":\"ListItem\",\"position\":2,\"name\":\"Concejal Santiago Valenzuela cuestiona baja ejecuci\u00f3n presupuestaria y falta de transparencia en la gesti\u00f3n municipal de Montero\"}]},{\"@type\":\"WebSite\",\"@id\":\"https:\/\/waracomunicaciones.com\/#website\",\"url\":\"https:\/\/waracomunicaciones.com\/\",\"name\":\"Wara Comunicaciones\",\"description\":\"\",\"publisher\":{\"@id\":\"https:\/\/waracomunicaciones.com\/#organization\"},\"potentialAction\":[{\"@type\":\"SearchAction\",\"target\":{\"@type\":\"EntryPoint\",\"urlTemplate\":\"https:\/\/waracomunicaciones.com\/?s={search_term_string}\"},\"query-input\":{\"@type\":\"PropertyValueSpecification\",\"valueRequired\":true,\"valueName\":\"search_term_string\"}}],\"inLanguage\":\"es\"},{\"@type\":\"Organization\",\"@id\":\"https:\/\/waracomunicaciones.com\/#organization\",\"name\":\"Wara Comunicaciones\",\"url\":\"https:\/\/waracomunicaciones.com\/\",\"logo\":{\"@type\":\"ImageObject\",\"inLanguage\":\"es\",\"@id\":\"https:\/\/waracomunicaciones.com\/#\/schema\/logo\/image\/\",\"url\":\"https:\/\/waracomunicaciones.com\/wp-content\/uploads\/2025\/07\/logo.png\",\"contentUrl\":\"https:\/\/waracomunicaciones.com\/wp-content\/uploads\/2025\/07\/logo.png\",\"width\":400,\"height\":164,\"caption\":\"Wara Comunicaciones\"},\"image\":{\"@id\":\"https:\/\/waracomunicaciones.com\/#\/schema\/logo\/image\/\"},\"sameAs\":[\"https:\/\/www.facebook.com\/waracomunicaciones2017\"]},{\"@type\":\"Person\",\"@id\":\"https:\/\/waracomunicaciones.com\/#\/schema\/person\/e9db934bc91575cc71fe584c5973244a\",\"name\":\"admin\",\"image\":{\"@type\":\"ImageObject\",\"inLanguage\":\"es\",\"@id\":\"https:\/\/waracomunicaciones.com\/#\/schema\/person\/image\/\",\"url\":\"https:\/\/secure.gravatar.com\/avatar\/bf27e9186df568254093afa216f887fece17605302c6ff12f3980422fffa52e6?s=96&d=mm&r=g\",\"contentUrl\":\"https:\/\/secure.gravatar.com\/avatar\/bf27e9186df568254093afa216f887fece17605302c6ff12f3980422fffa52e6?s=96&d=mm&r=g\",\"caption\":\"admin\"},\"sameAs\":[\"https:\/\/waracomunicaciones.com\/wp\"],\"url\":\"https:\/\/waracomunicaciones.com\/?author=1\"}]}<\/script>\n<!-- \/ Yoast SEO Premium plugin. -->","yoast_head_json":{"title":"Concejal Santiago Valenzuela cuestiona baja ejecuci\u00f3n presupuestaria y falta de transparencia en la gesti\u00f3n municipal de Montero - Wara Comunicaciones","robots":{"index":"index","follow":"follow","max-snippet":"max-snippet:-1","max-image-preview":"max-image-preview:large","max-video-preview":"max-video-preview:-1"},"canonical":"https:\/\/waracomunicaciones.com\/?p=642","og_locale":"es_ES","og_type":"article","og_title":"Concejal Santiago Valenzuela cuestiona baja ejecuci\u00f3n presupuestaria y falta de transparencia en la gesti\u00f3n municipal de Montero","og_description":"Montero, \u2014 En la \u00faltima sesi\u00f3n del Concejo Municipal de Montero, llevada a cabo en la jornada de hoy, el concejal Santiago Valenzuela expres\u00f3 su preocupaci\u00f3n por la falta de avances significativos en la ejecuci\u00f3n de obras programadas en el Plan Operativo Anual (POA) 2025, as\u00ed como por la escasa transparencia en el manejo de [&hellip;]","og_url":"https:\/\/waracomunicaciones.com\/?p=642","og_site_name":"Wara Comunicaciones","article_publisher":"https:\/\/www.facebook.com\/waracomunicaciones2017","article_published_time":"2025-09-12T13:42:41+00:00","article_modified_time":"2025-09-12T13:42:42+00:00","og_image":[{"url":"https:\/\/waracomunicaciones.com\/wp-content\/uploads\/2025\/09\/dnanna-1.webp","type":"","width":"","height":""}],"author":"admin","twitter_card":"summary_large_image","twitter_misc":{"Escrito por":"admin","Tiempo de lectura":"3 minutos"},"schema":{"@context":"https:\/\/schema.org","@graph":[{"@type":"Article","@id":"https:\/\/waracomunicaciones.com\/?p=642#article","isPartOf":{"@id":"https:\/\/waracomunicaciones.com\/?p=642"},"author":{"name":"admin","@id":"https:\/\/waracomunicaciones.com\/#\/schema\/person\/e9db934bc91575cc71fe584c5973244a"},"headline":"Concejal Santiago Valenzuela cuestiona baja ejecuci\u00f3n presupuestaria y falta de transparencia en la gesti\u00f3n municipal de Montero","datePublished":"2025-09-12T13:42:41+00:00","dateModified":"2025-09-12T13:42:42+00:00","mainEntityOfPage":{"@id":"https:\/\/waracomunicaciones.com\/?p=642"},"wordCount":592,"commentCount":0,"publisher":{"@id":"https:\/\/waracomunicaciones.com\/#organization"},"image":{"@id":"https:\/\/waracomunicaciones.com\/?p=642#primaryimage"},"thumbnailUrl":"https:\/\/waracomunicaciones.com\/wp-content\/uploads\/2025\/09\/dnanna-1.webp","keywords":["Montero","POA 2026","Santiago Valenzuela"],"articleSection":["Pol\u00edtica"],"inLanguage":"es","potentialAction":[{"@type":"CommentAction","name":"Comment","target":["https:\/\/waracomunicaciones.com\/?p=642#respond"]}]},{"@type":"WebPage","@id":"https:\/\/waracomunicaciones.com\/?p=642","url":"https:\/\/waracomunicaciones.com\/?p=642","name":"Concejal Santiago Valenzuela cuestiona baja ejecuci\u00f3n presupuestaria y falta de transparencia en la gesti\u00f3n municipal de Montero - Wara Comunicaciones","isPartOf":{"@id":"https:\/\/waracomunicaciones.com\/#website"},"primaryImageOfPage":{"@id":"https:\/\/waracomunicaciones.com\/?p=642#primaryimage"},"image":{"@id":"https:\/\/waracomunicaciones.com\/?p=642#primaryimage"},"thumbnailUrl":"https:\/\/waracomunicaciones.com\/wp-content\/uploads\/2025\/09\/dnanna-1.webp","datePublished":"2025-09-12T13:42:41+00:00","dateModified":"2025-09-12T13:42:42+00:00","breadcrumb":{"@id":"https:\/\/waracomunicaciones.com\/?p=642#breadcrumb"},"inLanguage":"es","potentialAction":[{"@type":"ReadAction","target":["https:\/\/waracomunicaciones.com\/?p=642"]}]},{"@type":"ImageObject","inLanguage":"es","@id":"https:\/\/waracomunicaciones.com\/?p=642#primaryimage","url":"https:\/\/waracomunicaciones.com\/wp-content\/uploads\/2025\/09\/dnanna-1.webp","contentUrl":"https:\/\/waracomunicaciones.com\/wp-content\/uploads\/2025\/09\/dnanna-1.webp","width":1000,"height":593},{"@type":"BreadcrumbList","@id":"https:\/\/waracomunicaciones.com\/?p=642#breadcrumb","itemListElement":[{"@type":"ListItem","position":1,"name":"Portada","item":"https:\/\/waracomunicaciones.com\/"},{"@type":"ListItem","position":2,"name":"Concejal Santiago Valenzuela cuestiona baja ejecuci\u00f3n presupuestaria y falta de transparencia en la gesti\u00f3n municipal de Montero"}]},{"@type":"WebSite","@id":"https:\/\/waracomunicaciones.com\/#website","url":"https:\/\/waracomunicaciones.com\/","name":"Wara Comunicaciones","description":"","publisher":{"@id":"https:\/\/waracomunicaciones.com\/#organization"},"potentialAction":[{"@type":"SearchAction","target":{"@type":"EntryPoint","urlTemplate":"https:\/\/waracomunicaciones.com\/?s={search_term_string}"},"query-input":{"@type":"PropertyValueSpecification","valueRequired":true,"valueName":"search_term_string"}}],"inLanguage":"es"},{"@type":"Organization","@id":"https:\/\/waracomunicaciones.com\/#organization","name":"Wara Comunicaciones","url":"https:\/\/waracomunicaciones.com\/","logo":{"@type":"ImageObject","inLanguage":"es","@id":"https:\/\/waracomunicaciones.com\/#\/schema\/logo\/image\/","url":"https:\/\/waracomunicaciones.com\/wp-content\/uploads\/2025\/07\/logo.png","contentUrl":"https:\/\/waracomunicaciones.com\/wp-content\/uploads\/2025\/07\/logo.png","width":400,"height":164,"caption":"Wara Comunicaciones"},"image":{"@id":"https:\/\/waracomunicaciones.com\/#\/schema\/logo\/image\/"},"sameAs":["https:\/\/www.facebook.com\/waracomunicaciones2017"]},{"@type":"Person","@id":"https:\/\/waracomunicaciones.com\/#\/schema\/person\/e9db934bc91575cc71fe584c5973244a","name":"admin","image":{"@type":"ImageObject","inLanguage":"es","@id":"https:\/\/waracomunicaciones.com\/#\/schema\/person\/image\/","url":"https:\/\/secure.gravatar.com\/avatar\/bf27e9186df568254093afa216f887fece17605302c6ff12f3980422fffa52e6?s=96&d=mm&r=g","contentUrl":"https:\/\/secure.gravatar.com\/avatar\/bf27e9186df568254093afa216f887fece17605302c6ff12f3980422fffa52e6?s=96&d=mm&r=g","caption":"admin"},"sameAs":["https:\/\/waracomunicaciones.com\/wp"],"url":"https:\/\/waracomunicaciones.com\/?author=1"}]}},"_links":{"self":[{"href":"https:\/\/waracomunicaciones.com\/index.php?rest_route=\/wp\/v2\/posts\/642","targetHints":{"allow":["GET"]}}],"collection":[{"href":"https:\/\/waracomunicaciones.com\/index.php?rest_route=\/wp\/v2\/posts"}],"about":[{"href":"https:\/\/waracomunicaciones.com\/index.php?rest_route=\/wp\/v2\/types\/post"}],"author":[{"embeddable":true,"href":"https:\/\/waracomunicaciones.com\/index.php?rest_route=\/wp\/v2\/users\/1"}],"replies":[{"embeddable":true,"href":"https:\/\/waracomunicaciones.com\/index.php?rest_route=%2Fwp%2Fv2%2Fcomments&post=642"}],"version-history":[{"count":1,"href":"https:\/\/waracomunicaciones.com\/index.php?rest_route=\/wp\/v2\/posts\/642\/revisions"}],"predecessor-version":[{"id":644,"href":"https:\/\/waracomunicaciones.com\/index.php?rest_route=\/wp\/v2\/posts\/642\/revisions\/644"}],"wp:attachment":[{"href":"https:\/\/waracomunicaciones.com\/index.php?rest_route=%2Fwp%2Fv2%2Fmedia&parent=642"}],"wp:term":[{"taxonomy":"category","embeddable":true,"href":"https:\/\/waracomunicaciones.com\/index.php?rest_route=%2Fwp%2Fv2%2Fcategories&post=642"},{"taxonomy":"post_tag","embeddable":true,"href":"https:\/\/waracomunicaciones.com\/index.php?rest_route=%2Fwp%2Fv2%2Ftags&post=642"}],"curies":[{"name":"wp","href":"https:\/\/api.w.org\/{rel}","templated":true}]}}