{"id":634,"date":"2025-09-09T09:26:31","date_gmt":"2025-09-09T13:26:31","guid":{"rendered":"https:\/\/waracomunicaciones.com\/?p=634"},"modified":"2025-09-09T09:26:51","modified_gmt":"2025-09-09T13:26:51","slug":"cirugias-laser-para-corregir-la-vista-ahora-disponibles-en-yapacani-con-tecnologia-de-punta","status":"publish","type":"post","link":"https:\/\/waracomunicaciones.com\/?p=634","title":{"rendered":"Cirug\u00edas l\u00e1ser para corregir la vista ahora disponibles en Yapacan\u00ed con tecnolog\u00eda de punta"},"content":{"rendered":"\n<figure class=\"wp-block-image size-large\"><img loading=\"lazy\" decoding=\"async\" width=\"1024\" height=\"683\" src=\"https:\/\/waracomunicaciones.com\/wp-content\/uploads\/2025\/09\/hfhfhf-1024x683.webp\" alt=\"\" class=\"wp-image-635\" srcset=\"https:\/\/waracomunicaciones.com\/wp-content\/uploads\/2025\/09\/hfhfhf-1024x683.webp 1024w, https:\/\/waracomunicaciones.com\/wp-content\/uploads\/2025\/09\/hfhfhf-300x200.webp 300w, https:\/\/waracomunicaciones.com\/wp-content\/uploads\/2025\/09\/hfhfhf-768x512.webp 768w, https:\/\/waracomunicaciones.com\/wp-content\/uploads\/2025\/09\/hfhfhf-1536x1024.webp 1536w, https:\/\/waracomunicaciones.com\/wp-content\/uploads\/2025\/09\/hfhfhf-2048x1366.webp 2048w\" sizes=\"auto, (max-width: 1024px) 100vw, 1024px\" \/><\/figure>\n\n\n<p><strong><b>Yapacan\u00ed, <\/b><\/strong>\u00a0\u2013 La ciencia m\u00e9dica sigue avanzando en nuestro pa\u00eds y hoy en d\u00eda uno de los avances m\u00e1s importantes en el \u00e1rea de la oftalmolog\u00eda ya est\u00e1 al alcance de los bolivianos en el coraz\u00f3n del Tr\u00f3pico: Yapacan\u00ed cuenta con cirug\u00eda ocular l\u00e1ser para corregir problemas como la miop\u00eda y la presbicia, procedimientos que hasta hace poco solo se realizaban en grandes ciudades.<!--more--><\/p>\n<p>En una entrevista exclusiva con Wara Comunicaciones, el doctor <strong><b>Edwin Olmos<\/b><\/strong>, destacado oftalm\u00f3logo con amplia trayectoria profesional y formaci\u00f3n internacional, se dio a conocer que este tipo de intervenci\u00f3n permite a los pacientes dejar atr\u00e1s los lentes gruesos y recuperar una visi\u00f3n clara en tan solo <strong><b>cinco minutos por ojo<\/b><\/strong>, gracias al uso de tecnolog\u00eda l\u00e1ser de \u00faltima generaci\u00f3n.<\/p>\n<p>\u201cHoy en d\u00eda operamos la miop\u00eda en cuesti\u00f3n de minutos. Utilizamos l\u00e1seres que funcionan con gases especiales como el arg\u00f3n, xen\u00f3n y ne\u00f3n. La intervenci\u00f3n dura cinco minutos por ojo y en diez minutos el paciente se va a su casa viendo mejor, sin necesidad de usar lentes\u201d, explic\u00f3 el doctor Olmos.<\/p>\n<p>El costo aproximado por cada ojo es de <strong><b>4.000 a 5.000 bolivianos<\/b><\/strong>, inversi\u00f3n que muchos pacientes consideran razonable frente a los beneficios de recuperar su calidad visual de forma permanente.<\/p>\n<p>Adem\u00e1s de la miop\u00eda, tambi\u00e9n se puede tratar la <strong><b>presbicia<\/b><\/strong>\u00a0o <strong><b>presbiop\u00eda<\/b><\/strong>, com\u00fan en personas mayores de 40 a\u00f1os que comienzan a tener dificultades para leer de cerca. Esta condici\u00f3n, causada por el endurecimiento natural del lente del ojo, tambi\u00e9n puede corregirse con cirug\u00eda l\u00e1ser.<\/p>\n<p>El doctor Olmos destac\u00f3 que su centro en Yapacan\u00ed est\u00e1 asociado al <strong><b>Centro L\u00e1ser de Santa Cruz<\/b><\/strong>, lo que les permite contar con equipos de \u00faltima tecnolog\u00eda y un equipo profesional capacitado para realizar este tipo de procedimientos oftalmol\u00f3gicos con altos est\u00e1ndares.<\/p>\n<p>\u201cEstamos trabajando para combatir la ceguera y mejorar la calidad visual de la poblaci\u00f3n. Nuestro centro es el \u00fanico entre Yapacan\u00ed y Cochabamba que realiza este tipo de intervenciones. Cualquier persona que llegue, pregunta por la cl\u00ednica \u2018Ojitos\u2019 y nos encuentra f\u00e1cilmente\u201d, coment\u00f3 el especialista.<\/p>\n<p>El oftalm\u00f3logo tambi\u00e9n record\u00f3 la importancia de cuidar la vista, uno de los sentidos fundamentales para la vida diaria, y anim\u00f3 a la poblaci\u00f3n a realizar controles peri\u00f3dicos.<\/p>\n<p>Finalmente, invit\u00f3 a toda la poblaci\u00f3n boliviana a acudir al centro oftalmol\u00f3gico de Yapacan\u00ed para evaluarse y, si corresponde, acceder a estas cirug\u00edas que pueden cambiar radicalmente su calidad de vida.<\/p><div style=\"margin-top: 0px; margin-bottom: 0px;\" class=\"sharethis-inline-reaction-buttons\" ><\/div>","protected":false},"excerpt":{"rendered":"<p>Yapacan\u00ed, \u00a0\u2013 La ciencia m\u00e9dica sigue avanzando en nuestro pa\u00eds y hoy en d\u00eda uno de los avances m\u00e1s importantes en el \u00e1rea de la oftalmolog\u00eda ya est\u00e1 al alcance de los bolivianos en el coraz\u00f3n del Tr\u00f3pico: Yapacan\u00ed cuenta con cirug\u00eda ocular l\u00e1ser para corregir problemas como la miop\u00eda y la presbicia, procedimientos que [&hellip;]<\/p>\n","protected":false},"author":1,"featured_media":635,"comment_status":"open","ping_status":"open","sticky":false,"template":"","format":"standard","meta":{"footnotes":""},"categories":[144],"tags":[169,170,16],"class_list":["post-634","post","type-post","status-publish","format-standard","has-post-thumbnail","hentry","category-salud-local","tag-edwin-olmos","tag-oftalmologia-2","tag-yapacani"],"yoast_head":"<!-- This site is optimized with the Yoast SEO Premium plugin v25.5 (Yoast SEO v27.1.1) - https:\/\/yoast.com\/product\/yoast-seo-premium-wordpress\/ -->\n<title>Cirug\u00edas l\u00e1ser para corregir la vista ahora disponibles en Yapacan\u00ed con tecnolog\u00eda de punta - Wara Comunicaciones<\/title>\n<meta name=\"robots\" content=\"index, follow, max-snippet:-1, max-image-preview:large, max-video-preview:-1\" \/>\n<link rel=\"canonical\" href=\"https:\/\/waracomunicaciones.com\/?p=634\" \/>\n<meta property=\"og:locale\" content=\"es_ES\" \/>\n<meta property=\"og:type\" content=\"article\" \/>\n<meta property=\"og:title\" content=\"Cirug\u00edas l\u00e1ser para corregir la vista ahora disponibles en Yapacan\u00ed con tecnolog\u00eda de punta\" \/>\n<meta property=\"og:description\" content=\"Yapacan\u00ed, \u00a0\u2013 La ciencia m\u00e9dica sigue avanzando en nuestro pa\u00eds y hoy en d\u00eda uno de los avances m\u00e1s importantes en el \u00e1rea de la oftalmolog\u00eda ya est\u00e1 al alcance de los bolivianos en el coraz\u00f3n del Tr\u00f3pico: Yapacan\u00ed cuenta con cirug\u00eda ocular l\u00e1ser para corregir problemas como la miop\u00eda y la presbicia, procedimientos que [&hellip;]\" \/>\n<meta property=\"og:url\" content=\"https:\/\/waracomunicaciones.com\/?p=634\" \/>\n<meta property=\"og:site_name\" content=\"Wara Comunicaciones\" \/>\n<meta property=\"article:publisher\" content=\"https:\/\/www.facebook.com\/waracomunicaciones2017\" \/>\n<meta property=\"article:published_time\" content=\"2025-09-09T13:26:31+00:00\" \/>\n<meta property=\"article:modified_time\" content=\"2025-09-09T13:26:51+00:00\" \/>\n<meta property=\"og:image\" content=\"https:\/\/waracomunicaciones.com\/wp-content\/uploads\/2025\/09\/hfhfhf.webp\" \/>\n\t<meta property=\"og:image:width\" content=\"2560\" \/>\n\t<meta property=\"og:image:height\" content=\"1707\" \/>\n\t<meta property=\"og:image:type\" content=\"image\/webp\" \/>\n<meta name=\"author\" content=\"admin\" \/>\n<meta name=\"twitter:card\" content=\"summary_large_image\" \/>\n<meta name=\"twitter:label1\" content=\"Escrito por\" \/>\n\t<meta name=\"twitter:data1\" content=\"admin\" \/>\n\t<meta name=\"twitter:label2\" content=\"Tiempo de lectura\" \/>\n\t<meta name=\"twitter:data2\" content=\"3 minutos\" \/>\n<script type=\"application\/ld+json\" class=\"yoast-schema-graph\">{\"@context\":\"https:\/\/schema.org\",\"@graph\":[{\"@type\":\"Article\",\"@id\":\"https:\/\/waracomunicaciones.com\/?p=634#article\",\"isPartOf\":{\"@id\":\"https:\/\/waracomunicaciones.com\/?p=634\"},\"author\":{\"name\":\"admin\",\"@id\":\"https:\/\/waracomunicaciones.com\/#\/schema\/person\/e9db934bc91575cc71fe584c5973244a\"},\"headline\":\"Cirug\u00edas l\u00e1ser para corregir la vista ahora disponibles en Yapacan\u00ed con tecnolog\u00eda de punta\",\"datePublished\":\"2025-09-09T13:26:31+00:00\",\"dateModified\":\"2025-09-09T13:26:51+00:00\",\"mainEntityOfPage\":{\"@id\":\"https:\/\/waracomunicaciones.com\/?p=634\"},\"wordCount\":460,\"commentCount\":0,\"publisher\":{\"@id\":\"https:\/\/waracomunicaciones.com\/#organization\"},\"image\":{\"@id\":\"https:\/\/waracomunicaciones.com\/?p=634#primaryimage\"},\"thumbnailUrl\":\"https:\/\/waracomunicaciones.com\/wp-content\/uploads\/2025\/09\/hfhfhf.webp\",\"keywords\":[\"Edwin Olmos\",\"Oftalm\u00f3logia\",\"Yapacani\"],\"articleSection\":[\"Salud\"],\"inLanguage\":\"es\",\"potentialAction\":[{\"@type\":\"CommentAction\",\"name\":\"Comment\",\"target\":[\"https:\/\/waracomunicaciones.com\/?p=634#respond\"]}]},{\"@type\":\"WebPage\",\"@id\":\"https:\/\/waracomunicaciones.com\/?p=634\",\"url\":\"https:\/\/waracomunicaciones.com\/?p=634\",\"name\":\"Cirug\u00edas l\u00e1ser para corregir la vista ahora disponibles en Yapacan\u00ed con tecnolog\u00eda de punta - Wara Comunicaciones\",\"isPartOf\":{\"@id\":\"https:\/\/waracomunicaciones.com\/#website\"},\"primaryImageOfPage\":{\"@id\":\"https:\/\/waracomunicaciones.com\/?p=634#primaryimage\"},\"image\":{\"@id\":\"https:\/\/waracomunicaciones.com\/?p=634#primaryimage\"},\"thumbnailUrl\":\"https:\/\/waracomunicaciones.com\/wp-content\/uploads\/2025\/09\/hfhfhf.webp\",\"datePublished\":\"2025-09-09T13:26:31+00:00\",\"dateModified\":\"2025-09-09T13:26:51+00:00\",\"breadcrumb\":{\"@id\":\"https:\/\/waracomunicaciones.com\/?p=634#breadcrumb\"},\"inLanguage\":\"es\",\"potentialAction\":[{\"@type\":\"ReadAction\",\"target\":[\"https:\/\/waracomunicaciones.com\/?p=634\"]}]},{\"@type\":\"ImageObject\",\"inLanguage\":\"es\",\"@id\":\"https:\/\/waracomunicaciones.com\/?p=634#primaryimage\",\"url\":\"https:\/\/waracomunicaciones.com\/wp-content\/uploads\/2025\/09\/hfhfhf.webp\",\"contentUrl\":\"https:\/\/waracomunicaciones.com\/wp-content\/uploads\/2025\/09\/hfhfhf.webp\",\"width\":2560,\"height\":1707},{\"@type\":\"BreadcrumbList\",\"@id\":\"https:\/\/waracomunicaciones.com\/?p=634#breadcrumb\",\"itemListElement\":[{\"@type\":\"ListItem\",\"position\":1,\"name\":\"Portada\",\"item\":\"https:\/\/waracomunicaciones.com\/\"},{\"@type\":\"ListItem\",\"position\":2,\"name\":\"Cirug\u00edas l\u00e1ser para corregir la vista ahora disponibles en Yapacan\u00ed con tecnolog\u00eda de punta\"}]},{\"@type\":\"WebSite\",\"@id\":\"https:\/\/waracomunicaciones.com\/#website\",\"url\":\"https:\/\/waracomunicaciones.com\/\",\"name\":\"Wara Comunicaciones\",\"description\":\"\",\"publisher\":{\"@id\":\"https:\/\/waracomunicaciones.com\/#organization\"},\"potentialAction\":[{\"@type\":\"SearchAction\",\"target\":{\"@type\":\"EntryPoint\",\"urlTemplate\":\"https:\/\/waracomunicaciones.com\/?s={search_term_string}\"},\"query-input\":{\"@type\":\"PropertyValueSpecification\",\"valueRequired\":true,\"valueName\":\"search_term_string\"}}],\"inLanguage\":\"es\"},{\"@type\":\"Organization\",\"@id\":\"https:\/\/waracomunicaciones.com\/#organization\",\"name\":\"Wara Comunicaciones\",\"url\":\"https:\/\/waracomunicaciones.com\/\",\"logo\":{\"@type\":\"ImageObject\",\"inLanguage\":\"es\",\"@id\":\"https:\/\/waracomunicaciones.com\/#\/schema\/logo\/image\/\",\"url\":\"https:\/\/waracomunicaciones.com\/wp-content\/uploads\/2025\/07\/logo.png\",\"contentUrl\":\"https:\/\/waracomunicaciones.com\/wp-content\/uploads\/2025\/07\/logo.png\",\"width\":400,\"height\":164,\"caption\":\"Wara Comunicaciones\"},\"image\":{\"@id\":\"https:\/\/waracomunicaciones.com\/#\/schema\/logo\/image\/\"},\"sameAs\":[\"https:\/\/www.facebook.com\/waracomunicaciones2017\"]},{\"@type\":\"Person\",\"@id\":\"https:\/\/waracomunicaciones.com\/#\/schema\/person\/e9db934bc91575cc71fe584c5973244a\",\"name\":\"admin\",\"image\":{\"@type\":\"ImageObject\",\"inLanguage\":\"es\",\"@id\":\"https:\/\/waracomunicaciones.com\/#\/schema\/person\/image\/\",\"url\":\"https:\/\/secure.gravatar.com\/avatar\/bf27e9186df568254093afa216f887fece17605302c6ff12f3980422fffa52e6?s=96&d=mm&r=g\",\"contentUrl\":\"https:\/\/secure.gravatar.com\/avatar\/bf27e9186df568254093afa216f887fece17605302c6ff12f3980422fffa52e6?s=96&d=mm&r=g\",\"caption\":\"admin\"},\"sameAs\":[\"https:\/\/waracomunicaciones.com\/wp\"],\"url\":\"https:\/\/waracomunicaciones.com\/?author=1\"}]}<\/script>\n<!-- \/ Yoast SEO Premium plugin. -->","yoast_head_json":{"title":"Cirug\u00edas l\u00e1ser para corregir la vista ahora disponibles en Yapacan\u00ed con tecnolog\u00eda de punta - Wara Comunicaciones","robots":{"index":"index","follow":"follow","max-snippet":"max-snippet:-1","max-image-preview":"max-image-preview:large","max-video-preview":"max-video-preview:-1"},"canonical":"https:\/\/waracomunicaciones.com\/?p=634","og_locale":"es_ES","og_type":"article","og_title":"Cirug\u00edas l\u00e1ser para corregir la vista ahora disponibles en Yapacan\u00ed con tecnolog\u00eda de punta","og_description":"Yapacan\u00ed, \u00a0\u2013 La ciencia m\u00e9dica sigue avanzando en nuestro pa\u00eds y hoy en d\u00eda uno de los avances m\u00e1s importantes en el \u00e1rea de la oftalmolog\u00eda ya est\u00e1 al alcance de los bolivianos en el coraz\u00f3n del Tr\u00f3pico: Yapacan\u00ed cuenta con cirug\u00eda ocular l\u00e1ser para corregir problemas como la miop\u00eda y la presbicia, procedimientos que [&hellip;]","og_url":"https:\/\/waracomunicaciones.com\/?p=634","og_site_name":"Wara Comunicaciones","article_publisher":"https:\/\/www.facebook.com\/waracomunicaciones2017","article_published_time":"2025-09-09T13:26:31+00:00","article_modified_time":"2025-09-09T13:26:51+00:00","og_image":[{"width":2560,"height":1707,"url":"https:\/\/waracomunicaciones.com\/wp-content\/uploads\/2025\/09\/hfhfhf.webp","type":"image\/webp"}],"author":"admin","twitter_card":"summary_large_image","twitter_misc":{"Escrito por":"admin","Tiempo de lectura":"3 minutos"},"schema":{"@context":"https:\/\/schema.org","@graph":[{"@type":"Article","@id":"https:\/\/waracomunicaciones.com\/?p=634#article","isPartOf":{"@id":"https:\/\/waracomunicaciones.com\/?p=634"},"author":{"name":"admin","@id":"https:\/\/waracomunicaciones.com\/#\/schema\/person\/e9db934bc91575cc71fe584c5973244a"},"headline":"Cirug\u00edas l\u00e1ser para corregir la vista ahora disponibles en Yapacan\u00ed con tecnolog\u00eda de punta","datePublished":"2025-09-09T13:26:31+00:00","dateModified":"2025-09-09T13:26:51+00:00","mainEntityOfPage":{"@id":"https:\/\/waracomunicaciones.com\/?p=634"},"wordCount":460,"commentCount":0,"publisher":{"@id":"https:\/\/waracomunicaciones.com\/#organization"},"image":{"@id":"https:\/\/waracomunicaciones.com\/?p=634#primaryimage"},"thumbnailUrl":"https:\/\/waracomunicaciones.com\/wp-content\/uploads\/2025\/09\/hfhfhf.webp","keywords":["Edwin Olmos","Oftalm\u00f3logia","Yapacani"],"articleSection":["Salud"],"inLanguage":"es","potentialAction":[{"@type":"CommentAction","name":"Comment","target":["https:\/\/waracomunicaciones.com\/?p=634#respond"]}]},{"@type":"WebPage","@id":"https:\/\/waracomunicaciones.com\/?p=634","url":"https:\/\/waracomunicaciones.com\/?p=634","name":"Cirug\u00edas l\u00e1ser para corregir la vista ahora disponibles en Yapacan\u00ed con tecnolog\u00eda de punta - Wara Comunicaciones","isPartOf":{"@id":"https:\/\/waracomunicaciones.com\/#website"},"primaryImageOfPage":{"@id":"https:\/\/waracomunicaciones.com\/?p=634#primaryimage"},"image":{"@id":"https:\/\/waracomunicaciones.com\/?p=634#primaryimage"},"thumbnailUrl":"https:\/\/waracomunicaciones.com\/wp-content\/uploads\/2025\/09\/hfhfhf.webp","datePublished":"2025-09-09T13:26:31+00:00","dateModified":"2025-09-09T13:26:51+00:00","breadcrumb":{"@id":"https:\/\/waracomunicaciones.com\/?p=634#breadcrumb"},"inLanguage":"es","potentialAction":[{"@type":"ReadAction","target":["https:\/\/waracomunicaciones.com\/?p=634"]}]},{"@type":"ImageObject","inLanguage":"es","@id":"https:\/\/waracomunicaciones.com\/?p=634#primaryimage","url":"https:\/\/waracomunicaciones.com\/wp-content\/uploads\/2025\/09\/hfhfhf.webp","contentUrl":"https:\/\/waracomunicaciones.com\/wp-content\/uploads\/2025\/09\/hfhfhf.webp","width":2560,"height":1707},{"@type":"BreadcrumbList","@id":"https:\/\/waracomunicaciones.com\/?p=634#breadcrumb","itemListElement":[{"@type":"ListItem","position":1,"name":"Portada","item":"https:\/\/waracomunicaciones.com\/"},{"@type":"ListItem","position":2,"name":"Cirug\u00edas l\u00e1ser para corregir la vista ahora disponibles en Yapacan\u00ed con tecnolog\u00eda de punta"}]},{"@type":"WebSite","@id":"https:\/\/waracomunicaciones.com\/#website","url":"https:\/\/waracomunicaciones.com\/","name":"Wara Comunicaciones","description":"","publisher":{"@id":"https:\/\/waracomunicaciones.com\/#organization"},"potentialAction":[{"@type":"SearchAction","target":{"@type":"EntryPoint","urlTemplate":"https:\/\/waracomunicaciones.com\/?s={search_term_string}"},"query-input":{"@type":"PropertyValueSpecification","valueRequired":true,"valueName":"search_term_string"}}],"inLanguage":"es"},{"@type":"Organization","@id":"https:\/\/waracomunicaciones.com\/#organization","name":"Wara Comunicaciones","url":"https:\/\/waracomunicaciones.com\/","logo":{"@type":"ImageObject","inLanguage":"es","@id":"https:\/\/waracomunicaciones.com\/#\/schema\/logo\/image\/","url":"https:\/\/waracomunicaciones.com\/wp-content\/uploads\/2025\/07\/logo.png","contentUrl":"https:\/\/waracomunicaciones.com\/wp-content\/uploads\/2025\/07\/logo.png","width":400,"height":164,"caption":"Wara Comunicaciones"},"image":{"@id":"https:\/\/waracomunicaciones.com\/#\/schema\/logo\/image\/"},"sameAs":["https:\/\/www.facebook.com\/waracomunicaciones2017"]},{"@type":"Person","@id":"https:\/\/waracomunicaciones.com\/#\/schema\/person\/e9db934bc91575cc71fe584c5973244a","name":"admin","image":{"@type":"ImageObject","inLanguage":"es","@id":"https:\/\/waracomunicaciones.com\/#\/schema\/person\/image\/","url":"https:\/\/secure.gravatar.com\/avatar\/bf27e9186df568254093afa216f887fece17605302c6ff12f3980422fffa52e6?s=96&d=mm&r=g","contentUrl":"https:\/\/secure.gravatar.com\/avatar\/bf27e9186df568254093afa216f887fece17605302c6ff12f3980422fffa52e6?s=96&d=mm&r=g","caption":"admin"},"sameAs":["https:\/\/waracomunicaciones.com\/wp"],"url":"https:\/\/waracomunicaciones.com\/?author=1"}]}},"_links":{"self":[{"href":"https:\/\/waracomunicaciones.com\/index.php?rest_route=\/wp\/v2\/posts\/634","targetHints":{"allow":["GET"]}}],"collection":[{"href":"https:\/\/waracomunicaciones.com\/index.php?rest_route=\/wp\/v2\/posts"}],"about":[{"href":"https:\/\/waracomunicaciones.com\/index.php?rest_route=\/wp\/v2\/types\/post"}],"author":[{"embeddable":true,"href":"https:\/\/waracomunicaciones.com\/index.php?rest_route=\/wp\/v2\/users\/1"}],"replies":[{"embeddable":true,"href":"https:\/\/waracomunicaciones.com\/index.php?rest_route=%2Fwp%2Fv2%2Fcomments&post=634"}],"version-history":[{"count":1,"href":"https:\/\/waracomunicaciones.com\/index.php?rest_route=\/wp\/v2\/posts\/634\/revisions"}],"predecessor-version":[{"id":636,"href":"https:\/\/waracomunicaciones.com\/index.php?rest_route=\/wp\/v2\/posts\/634\/revisions\/636"}],"wp:featuredmedia":[{"embeddable":true,"href":"https:\/\/waracomunicaciones.com\/index.php?rest_route=\/wp\/v2\/media\/635"}],"wp:attachment":[{"href":"https:\/\/waracomunicaciones.com\/index.php?rest_route=%2Fwp%2Fv2%2Fmedia&parent=634"}],"wp:term":[{"taxonomy":"category","embeddable":true,"href":"https:\/\/waracomunicaciones.com\/index.php?rest_route=%2Fwp%2Fv2%2Fcategories&post=634"},{"taxonomy":"post_tag","embeddable":true,"href":"https:\/\/waracomunicaciones.com\/index.php?rest_route=%2Fwp%2Fv2%2Ftags&post=634"}],"curies":[{"name":"wp","href":"https:\/\/api.w.org\/{rel}","templated":true}]}}