{"id":628,"date":"2025-09-07T14:38:17","date_gmt":"2025-09-07T18:38:17","guid":{"rendered":"https:\/\/waracomunicaciones.com\/?p=628"},"modified":"2025-09-07T14:38:19","modified_gmt":"2025-09-07T18:38:19","slug":"exitosa-feria-del-productor-al-consumidor-en-el-distrito-8-nuevo-horizonte-yapacani","status":"publish","type":"post","link":"https:\/\/waracomunicaciones.com\/?p=628","title":{"rendered":"Exitosa Feria del Productor al Consumidor en el Distrito 8, Nuevo Horizonte (Yapacani)"},"content":{"rendered":"\n<figure class=\"wp-block-image size-full\"><img loading=\"lazy\" decoding=\"async\" width=\"1000\" height=\"750\" src=\"https:\/\/waracomunicaciones.com\/wp-content\/uploads\/2025\/09\/dreeer.webp\" alt=\"\" class=\"wp-image-629\" srcset=\"https:\/\/waracomunicaciones.com\/wp-content\/uploads\/2025\/09\/dreeer.webp 1000w, https:\/\/waracomunicaciones.com\/wp-content\/uploads\/2025\/09\/dreeer-300x225.webp 300w, https:\/\/waracomunicaciones.com\/wp-content\/uploads\/2025\/09\/dreeer-768x576.webp 768w\" sizes=\"auto, (max-width: 1000px) 100vw, 1000px\" \/><\/figure>\n\n\n<p><strong><b>Yapacan\u00ed, <\/b><\/strong>\u00a0\u2013 Con el objetivo de acercar productos de primera necesidad a precios accesibles y apoyar a los productores locales, fue realizada la cuarta versi\u00f3n de la <strong><b>Feria del Productor al Consumidor<\/b><\/strong>\u00a0en el Distrito 8, zona Nuevo Horizonte del municipio de Yapacan\u00ed.<!--more--><\/p>\n<p>El evento fue inaugurado con la presencia de la subalcaldesa del distrito, autoridades municipales, productores y vecinos de la zona. La iniciativa es impulsada por el Ejecutivo Municipal bajo el liderazgo del alcalde Juan Carlos Valle, en coordinaci\u00f3n con la Intendencia Municipal, representada por el se\u00f1or Juan P\u00e9rez.<\/p>\n<p>\u201cAgradecemos al alcalde y al intendente por organizar esta feria, que es muy importante para nosotros. Invitamos tambi\u00e9n a otros distritos y productores a sumarse\u201d, expres\u00f3 la Subalcaldesa<\/p>\n<p>La feria oferto productos frescos y de alta calidad, como arroz, carne de pollo, carne de cerdo, verduras, miel, queso, y el destacado <strong><b>pescado tambaqu\u00ed<\/b><\/strong>, que se ofrece en diversas presentaciones: entero, deshuesado y en chorizo, a un precio de Bs 40 el kilo, considerablemente menor que en los mercados tradicionales.<\/p>\n<p>\u201cLos precios est\u00e1n muy accesibles. Esta feria responde a la necesidad de muchas familias que, por el costo del pasaje hasta el centro de la ciudad, no pueden abastecerse f\u00e1cilmente\u201d, se\u00f1al\u00f3 el intendente Juan P\u00e9rez.<\/p>\n<p>Entre las empresas presentes en esta edici\u00f3n se destacan <strong><b>La Purita<\/b><\/strong>\u00a0(agua embotellada), <strong><b>Iglo Pro<\/b><\/strong>\u00a0(productos de limpieza), <strong><b>Lazzaroni<\/b><\/strong>\u00a0(productos alimenticios), y varias lecher\u00edas y productores ap\u00edcolas del municipio que ya comercializan a nivel nacional.<\/p>\n<p>La feria fue ejecutada en el kil\u00f3metro 35, zona Nuevo Horizonte, durante toda la jornada del s\u00e1bado 6 de septiembre con participaci\u00f3n de la poblaci\u00f3n de Yapacan\u00ed y comunidades vecinas que aprovecharon esta oportunidad para adquirir alimentos de calidad a precios justos, directamente del productor.<\/p>\n<p>\u201cEstamos comprometidos con apoyar a la econom\u00eda de las familias de Yapacani brindando alternativas reales ante el alza del costo de la canasta familiar\u201d, concluy\u00f3 P\u00e9rez.<\/p>\n<p>La actividad tambi\u00e9n fue transmitida por la cadena radial <strong><b>Wara Comunicaciones <\/b><\/strong><\/p>\n\n\n<p><\/p>\n<div style=\"margin-top: 0px; margin-bottom: 0px;\" class=\"sharethis-inline-reaction-buttons\" ><\/div>","protected":false},"excerpt":{"rendered":"<p>Yapacan\u00ed, \u00a0\u2013 Con el objetivo de acercar productos de primera necesidad a precios accesibles y apoyar a los productores locales, fue realizada la cuarta versi\u00f3n de la Feria del Productor al Consumidor\u00a0en el Distrito 8, zona Nuevo Horizonte del municipio de Yapacan\u00ed.<\/p>\n","protected":false},"author":1,"featured_media":629,"comment_status":"open","ping_status":"open","sticky":false,"template":"","format":"standard","meta":{"footnotes":""},"categories":[46],"tags":[167,163],"class_list":["post-628","post","type-post","status-publish","format-standard","has-post-thumbnail","hentry","category-economia","tag-feria","tag-yapacani-2"],"yoast_head":"<!-- This site is optimized with the Yoast SEO Premium plugin v25.5 (Yoast SEO v27.1.1) - https:\/\/yoast.com\/product\/yoast-seo-premium-wordpress\/ -->\n<title>Exitosa Feria del Productor al Consumidor en el Distrito 8, Nuevo Horizonte (Yapacani) - Wara Comunicaciones<\/title>\n<meta name=\"robots\" content=\"index, follow, max-snippet:-1, max-image-preview:large, max-video-preview:-1\" \/>\n<link rel=\"canonical\" href=\"https:\/\/waracomunicaciones.com\/?p=628\" \/>\n<meta property=\"og:locale\" content=\"es_ES\" \/>\n<meta property=\"og:type\" content=\"article\" \/>\n<meta property=\"og:title\" content=\"Exitosa Feria del Productor al Consumidor en el Distrito 8, Nuevo Horizonte (Yapacani)\" \/>\n<meta property=\"og:description\" content=\"Yapacan\u00ed, \u00a0\u2013 Con el objetivo de acercar productos de primera necesidad a precios accesibles y apoyar a los productores locales, fue realizada la cuarta versi\u00f3n de la Feria del Productor al Consumidor\u00a0en el Distrito 8, zona Nuevo Horizonte del municipio de Yapacan\u00ed.\" \/>\n<meta property=\"og:url\" content=\"https:\/\/waracomunicaciones.com\/?p=628\" \/>\n<meta property=\"og:site_name\" content=\"Wara Comunicaciones\" \/>\n<meta property=\"article:publisher\" content=\"https:\/\/www.facebook.com\/waracomunicaciones2017\" \/>\n<meta property=\"article:published_time\" content=\"2025-09-07T18:38:17+00:00\" \/>\n<meta property=\"article:modified_time\" content=\"2025-09-07T18:38:19+00:00\" \/>\n<meta property=\"og:image\" content=\"https:\/\/waracomunicaciones.com\/wp-content\/uploads\/2025\/09\/dreeer.webp\" \/>\n\t<meta property=\"og:image:width\" content=\"1000\" \/>\n\t<meta property=\"og:image:height\" content=\"750\" \/>\n\t<meta property=\"og:image:type\" content=\"image\/webp\" \/>\n<meta name=\"author\" content=\"admin\" \/>\n<meta name=\"twitter:card\" content=\"summary_large_image\" \/>\n<meta name=\"twitter:label1\" content=\"Escrito por\" \/>\n\t<meta name=\"twitter:data1\" content=\"admin\" \/>\n\t<meta name=\"twitter:label2\" content=\"Tiempo de lectura\" \/>\n\t<meta name=\"twitter:data2\" content=\"2 minutos\" \/>\n<script type=\"application\/ld+json\" class=\"yoast-schema-graph\">{\"@context\":\"https:\/\/schema.org\",\"@graph\":[{\"@type\":\"Article\",\"@id\":\"https:\/\/waracomunicaciones.com\/?p=628#article\",\"isPartOf\":{\"@id\":\"https:\/\/waracomunicaciones.com\/?p=628\"},\"author\":{\"name\":\"admin\",\"@id\":\"https:\/\/waracomunicaciones.com\/#\/schema\/person\/e9db934bc91575cc71fe584c5973244a\"},\"headline\":\"Exitosa Feria del Productor al Consumidor en el Distrito 8, Nuevo Horizonte (Yapacani)\",\"datePublished\":\"2025-09-07T18:38:17+00:00\",\"dateModified\":\"2025-09-07T18:38:19+00:00\",\"mainEntityOfPage\":{\"@id\":\"https:\/\/waracomunicaciones.com\/?p=628\"},\"wordCount\":348,\"commentCount\":0,\"publisher\":{\"@id\":\"https:\/\/waracomunicaciones.com\/#organization\"},\"image\":{\"@id\":\"https:\/\/waracomunicaciones.com\/?p=628#primaryimage\"},\"thumbnailUrl\":\"https:\/\/waracomunicaciones.com\/wp-content\/uploads\/2025\/09\/dreeer.webp\",\"keywords\":[\"Feria\",\"Yapacan\u00ed\"],\"articleSection\":[\"Econom\u00eda\"],\"inLanguage\":\"es\",\"potentialAction\":[{\"@type\":\"CommentAction\",\"name\":\"Comment\",\"target\":[\"https:\/\/waracomunicaciones.com\/?p=628#respond\"]}]},{\"@type\":\"WebPage\",\"@id\":\"https:\/\/waracomunicaciones.com\/?p=628\",\"url\":\"https:\/\/waracomunicaciones.com\/?p=628\",\"name\":\"Exitosa Feria del Productor al Consumidor en el Distrito 8, Nuevo Horizonte (Yapacani) - Wara Comunicaciones\",\"isPartOf\":{\"@id\":\"https:\/\/waracomunicaciones.com\/#website\"},\"primaryImageOfPage\":{\"@id\":\"https:\/\/waracomunicaciones.com\/?p=628#primaryimage\"},\"image\":{\"@id\":\"https:\/\/waracomunicaciones.com\/?p=628#primaryimage\"},\"thumbnailUrl\":\"https:\/\/waracomunicaciones.com\/wp-content\/uploads\/2025\/09\/dreeer.webp\",\"datePublished\":\"2025-09-07T18:38:17+00:00\",\"dateModified\":\"2025-09-07T18:38:19+00:00\",\"breadcrumb\":{\"@id\":\"https:\/\/waracomunicaciones.com\/?p=628#breadcrumb\"},\"inLanguage\":\"es\",\"potentialAction\":[{\"@type\":\"ReadAction\",\"target\":[\"https:\/\/waracomunicaciones.com\/?p=628\"]}]},{\"@type\":\"ImageObject\",\"inLanguage\":\"es\",\"@id\":\"https:\/\/waracomunicaciones.com\/?p=628#primaryimage\",\"url\":\"https:\/\/waracomunicaciones.com\/wp-content\/uploads\/2025\/09\/dreeer.webp\",\"contentUrl\":\"https:\/\/waracomunicaciones.com\/wp-content\/uploads\/2025\/09\/dreeer.webp\",\"width\":1000,\"height\":750},{\"@type\":\"BreadcrumbList\",\"@id\":\"https:\/\/waracomunicaciones.com\/?p=628#breadcrumb\",\"itemListElement\":[{\"@type\":\"ListItem\",\"position\":1,\"name\":\"Portada\",\"item\":\"https:\/\/waracomunicaciones.com\/\"},{\"@type\":\"ListItem\",\"position\":2,\"name\":\"Exitosa Feria del Productor al Consumidor en el Distrito 8, Nuevo Horizonte (Yapacani)\"}]},{\"@type\":\"WebSite\",\"@id\":\"https:\/\/waracomunicaciones.com\/#website\",\"url\":\"https:\/\/waracomunicaciones.com\/\",\"name\":\"Wara Comunicaciones\",\"description\":\"\",\"publisher\":{\"@id\":\"https:\/\/waracomunicaciones.com\/#organization\"},\"potentialAction\":[{\"@type\":\"SearchAction\",\"target\":{\"@type\":\"EntryPoint\",\"urlTemplate\":\"https:\/\/waracomunicaciones.com\/?s={search_term_string}\"},\"query-input\":{\"@type\":\"PropertyValueSpecification\",\"valueRequired\":true,\"valueName\":\"search_term_string\"}}],\"inLanguage\":\"es\"},{\"@type\":\"Organization\",\"@id\":\"https:\/\/waracomunicaciones.com\/#organization\",\"name\":\"Wara Comunicaciones\",\"url\":\"https:\/\/waracomunicaciones.com\/\",\"logo\":{\"@type\":\"ImageObject\",\"inLanguage\":\"es\",\"@id\":\"https:\/\/waracomunicaciones.com\/#\/schema\/logo\/image\/\",\"url\":\"https:\/\/waracomunicaciones.com\/wp-content\/uploads\/2025\/07\/logo.png\",\"contentUrl\":\"https:\/\/waracomunicaciones.com\/wp-content\/uploads\/2025\/07\/logo.png\",\"width\":400,\"height\":164,\"caption\":\"Wara Comunicaciones\"},\"image\":{\"@id\":\"https:\/\/waracomunicaciones.com\/#\/schema\/logo\/image\/\"},\"sameAs\":[\"https:\/\/www.facebook.com\/waracomunicaciones2017\"]},{\"@type\":\"Person\",\"@id\":\"https:\/\/waracomunicaciones.com\/#\/schema\/person\/e9db934bc91575cc71fe584c5973244a\",\"name\":\"admin\",\"image\":{\"@type\":\"ImageObject\",\"inLanguage\":\"es\",\"@id\":\"https:\/\/waracomunicaciones.com\/#\/schema\/person\/image\/\",\"url\":\"https:\/\/secure.gravatar.com\/avatar\/bf27e9186df568254093afa216f887fece17605302c6ff12f3980422fffa52e6?s=96&d=mm&r=g\",\"contentUrl\":\"https:\/\/secure.gravatar.com\/avatar\/bf27e9186df568254093afa216f887fece17605302c6ff12f3980422fffa52e6?s=96&d=mm&r=g\",\"caption\":\"admin\"},\"sameAs\":[\"https:\/\/waracomunicaciones.com\/wp\"],\"url\":\"https:\/\/waracomunicaciones.com\/?author=1\"}]}<\/script>\n<!-- \/ Yoast SEO Premium plugin. -->","yoast_head_json":{"title":"Exitosa Feria del Productor al Consumidor en el Distrito 8, Nuevo Horizonte (Yapacani) - Wara Comunicaciones","robots":{"index":"index","follow":"follow","max-snippet":"max-snippet:-1","max-image-preview":"max-image-preview:large","max-video-preview":"max-video-preview:-1"},"canonical":"https:\/\/waracomunicaciones.com\/?p=628","og_locale":"es_ES","og_type":"article","og_title":"Exitosa Feria del Productor al Consumidor en el Distrito 8, Nuevo Horizonte (Yapacani)","og_description":"Yapacan\u00ed, \u00a0\u2013 Con el objetivo de acercar productos de primera necesidad a precios accesibles y apoyar a los productores locales, fue realizada la cuarta versi\u00f3n de la Feria del Productor al Consumidor\u00a0en el Distrito 8, zona Nuevo Horizonte del municipio de Yapacan\u00ed.","og_url":"https:\/\/waracomunicaciones.com\/?p=628","og_site_name":"Wara Comunicaciones","article_publisher":"https:\/\/www.facebook.com\/waracomunicaciones2017","article_published_time":"2025-09-07T18:38:17+00:00","article_modified_time":"2025-09-07T18:38:19+00:00","og_image":[{"width":1000,"height":750,"url":"https:\/\/waracomunicaciones.com\/wp-content\/uploads\/2025\/09\/dreeer.webp","type":"image\/webp"}],"author":"admin","twitter_card":"summary_large_image","twitter_misc":{"Escrito por":"admin","Tiempo de lectura":"2 minutos"},"schema":{"@context":"https:\/\/schema.org","@graph":[{"@type":"Article","@id":"https:\/\/waracomunicaciones.com\/?p=628#article","isPartOf":{"@id":"https:\/\/waracomunicaciones.com\/?p=628"},"author":{"name":"admin","@id":"https:\/\/waracomunicaciones.com\/#\/schema\/person\/e9db934bc91575cc71fe584c5973244a"},"headline":"Exitosa Feria del Productor al Consumidor en el Distrito 8, Nuevo Horizonte (Yapacani)","datePublished":"2025-09-07T18:38:17+00:00","dateModified":"2025-09-07T18:38:19+00:00","mainEntityOfPage":{"@id":"https:\/\/waracomunicaciones.com\/?p=628"},"wordCount":348,"commentCount":0,"publisher":{"@id":"https:\/\/waracomunicaciones.com\/#organization"},"image":{"@id":"https:\/\/waracomunicaciones.com\/?p=628#primaryimage"},"thumbnailUrl":"https:\/\/waracomunicaciones.com\/wp-content\/uploads\/2025\/09\/dreeer.webp","keywords":["Feria","Yapacan\u00ed"],"articleSection":["Econom\u00eda"],"inLanguage":"es","potentialAction":[{"@type":"CommentAction","name":"Comment","target":["https:\/\/waracomunicaciones.com\/?p=628#respond"]}]},{"@type":"WebPage","@id":"https:\/\/waracomunicaciones.com\/?p=628","url":"https:\/\/waracomunicaciones.com\/?p=628","name":"Exitosa Feria del Productor al Consumidor en el Distrito 8, Nuevo Horizonte (Yapacani) - Wara Comunicaciones","isPartOf":{"@id":"https:\/\/waracomunicaciones.com\/#website"},"primaryImageOfPage":{"@id":"https:\/\/waracomunicaciones.com\/?p=628#primaryimage"},"image":{"@id":"https:\/\/waracomunicaciones.com\/?p=628#primaryimage"},"thumbnailUrl":"https:\/\/waracomunicaciones.com\/wp-content\/uploads\/2025\/09\/dreeer.webp","datePublished":"2025-09-07T18:38:17+00:00","dateModified":"2025-09-07T18:38:19+00:00","breadcrumb":{"@id":"https:\/\/waracomunicaciones.com\/?p=628#breadcrumb"},"inLanguage":"es","potentialAction":[{"@type":"ReadAction","target":["https:\/\/waracomunicaciones.com\/?p=628"]}]},{"@type":"ImageObject","inLanguage":"es","@id":"https:\/\/waracomunicaciones.com\/?p=628#primaryimage","url":"https:\/\/waracomunicaciones.com\/wp-content\/uploads\/2025\/09\/dreeer.webp","contentUrl":"https:\/\/waracomunicaciones.com\/wp-content\/uploads\/2025\/09\/dreeer.webp","width":1000,"height":750},{"@type":"BreadcrumbList","@id":"https:\/\/waracomunicaciones.com\/?p=628#breadcrumb","itemListElement":[{"@type":"ListItem","position":1,"name":"Portada","item":"https:\/\/waracomunicaciones.com\/"},{"@type":"ListItem","position":2,"name":"Exitosa Feria del Productor al Consumidor en el Distrito 8, Nuevo Horizonte (Yapacani)"}]},{"@type":"WebSite","@id":"https:\/\/waracomunicaciones.com\/#website","url":"https:\/\/waracomunicaciones.com\/","name":"Wara Comunicaciones","description":"","publisher":{"@id":"https:\/\/waracomunicaciones.com\/#organization"},"potentialAction":[{"@type":"SearchAction","target":{"@type":"EntryPoint","urlTemplate":"https:\/\/waracomunicaciones.com\/?s={search_term_string}"},"query-input":{"@type":"PropertyValueSpecification","valueRequired":true,"valueName":"search_term_string"}}],"inLanguage":"es"},{"@type":"Organization","@id":"https:\/\/waracomunicaciones.com\/#organization","name":"Wara Comunicaciones","url":"https:\/\/waracomunicaciones.com\/","logo":{"@type":"ImageObject","inLanguage":"es","@id":"https:\/\/waracomunicaciones.com\/#\/schema\/logo\/image\/","url":"https:\/\/waracomunicaciones.com\/wp-content\/uploads\/2025\/07\/logo.png","contentUrl":"https:\/\/waracomunicaciones.com\/wp-content\/uploads\/2025\/07\/logo.png","width":400,"height":164,"caption":"Wara Comunicaciones"},"image":{"@id":"https:\/\/waracomunicaciones.com\/#\/schema\/logo\/image\/"},"sameAs":["https:\/\/www.facebook.com\/waracomunicaciones2017"]},{"@type":"Person","@id":"https:\/\/waracomunicaciones.com\/#\/schema\/person\/e9db934bc91575cc71fe584c5973244a","name":"admin","image":{"@type":"ImageObject","inLanguage":"es","@id":"https:\/\/waracomunicaciones.com\/#\/schema\/person\/image\/","url":"https:\/\/secure.gravatar.com\/avatar\/bf27e9186df568254093afa216f887fece17605302c6ff12f3980422fffa52e6?s=96&d=mm&r=g","contentUrl":"https:\/\/secure.gravatar.com\/avatar\/bf27e9186df568254093afa216f887fece17605302c6ff12f3980422fffa52e6?s=96&d=mm&r=g","caption":"admin"},"sameAs":["https:\/\/waracomunicaciones.com\/wp"],"url":"https:\/\/waracomunicaciones.com\/?author=1"}]}},"_links":{"self":[{"href":"https:\/\/waracomunicaciones.com\/index.php?rest_route=\/wp\/v2\/posts\/628","targetHints":{"allow":["GET"]}}],"collection":[{"href":"https:\/\/waracomunicaciones.com\/index.php?rest_route=\/wp\/v2\/posts"}],"about":[{"href":"https:\/\/waracomunicaciones.com\/index.php?rest_route=\/wp\/v2\/types\/post"}],"author":[{"embeddable":true,"href":"https:\/\/waracomunicaciones.com\/index.php?rest_route=\/wp\/v2\/users\/1"}],"replies":[{"embeddable":true,"href":"https:\/\/waracomunicaciones.com\/index.php?rest_route=%2Fwp%2Fv2%2Fcomments&post=628"}],"version-history":[{"count":1,"href":"https:\/\/waracomunicaciones.com\/index.php?rest_route=\/wp\/v2\/posts\/628\/revisions"}],"predecessor-version":[{"id":630,"href":"https:\/\/waracomunicaciones.com\/index.php?rest_route=\/wp\/v2\/posts\/628\/revisions\/630"}],"wp:featuredmedia":[{"embeddable":true,"href":"https:\/\/waracomunicaciones.com\/index.php?rest_route=\/wp\/v2\/media\/629"}],"wp:attachment":[{"href":"https:\/\/waracomunicaciones.com\/index.php?rest_route=%2Fwp%2Fv2%2Fmedia&parent=628"}],"wp:term":[{"taxonomy":"category","embeddable":true,"href":"https:\/\/waracomunicaciones.com\/index.php?rest_route=%2Fwp%2Fv2%2Fcategories&post=628"},{"taxonomy":"post_tag","embeddable":true,"href":"https:\/\/waracomunicaciones.com\/index.php?rest_route=%2Fwp%2Fv2%2Ftags&post=628"}],"curies":[{"name":"wp","href":"https:\/\/api.w.org\/{rel}","templated":true}]}}