{"id":624,"date":"2025-09-05T13:33:04","date_gmt":"2025-09-05T17:33:04","guid":{"rendered":"https:\/\/waracomunicaciones.com\/?p=624"},"modified":"2025-09-05T13:33:06","modified_gmt":"2025-09-05T17:33:06","slug":"inauguracion-de-la-casa-de-campana-de-la-alianza-libre-en-montero","status":"publish","type":"post","link":"https:\/\/waracomunicaciones.com\/?p=624","title":{"rendered":"Inauguraci\u00f3n de la Casa de Campa\u00f1a de la Alianza Libre en Montero"},"content":{"rendered":"\n<figure class=\"wp-block-image size-full\"><img loading=\"lazy\" decoding=\"async\" width=\"1000\" height=\"667\" src=\"https:\/\/waracomunicaciones.com\/wp-content\/uploads\/2025\/09\/maujbn.webp\" alt=\"\" class=\"wp-image-625\" srcset=\"https:\/\/waracomunicaciones.com\/wp-content\/uploads\/2025\/09\/maujbn.webp 1000w, https:\/\/waracomunicaciones.com\/wp-content\/uploads\/2025\/09\/maujbn-300x200.webp 300w, https:\/\/waracomunicaciones.com\/wp-content\/uploads\/2025\/09\/maujbn-768x512.webp 768w\" sizes=\"auto, (max-width: 1000px) 100vw, 1000px\" \/><figcaption class=\"wp-element-caption\">Maico Moreno excandidato a diputado &#8211; Foto Facebook<\/figcaption><\/figure>\n\n\n<p><strong><b>Montero, <\/b><\/strong>\u00a0\u2013 Este viernes a partir de las 18:00 horas, se llevar\u00e1 a cabo la inauguraci\u00f3n oficial de la Casa de Campa\u00f1a de la Alianza Libre, ubicada en el Distrito 3 de Montero, sobre la avenida Fabril, a una cuadra antes del Segundo Anillo. <!--more-->El evento contar\u00e1 con la participaci\u00f3n de simpatizantes, militantes y dirigentes del bloque pol\u00edtico que impulsa la candidatura presidencial de Jorge Tuto Quiroga en la segunda vuelta electoral.<\/p>\n<p>Pese a las condiciones clim\u00e1ticas adversas, la actividad se desarrollar\u00e1 con normalidad ya que el ambiente habilitado es completamente cerrado y confortable. As\u00ed lo inform\u00f3 Maico Moreno, excandidato a diputado uninominal por la circunscripci\u00f3n 57 y actual coordinador de campa\u00f1a de la alianza en esta regi\u00f3n.<\/p>\n<p>Durante una entrevista con Wara Comunicaciones, Moreno invit\u00f3 a toda la ciudadan\u00eda del Norte Integrado y Montero a sumarse al acto de apertura y al trabajo pol\u00edtico que se est\u00e1 consolidando en los diferentes distritos de la C-57. \u201cEsta es una campa\u00f1a de cercan\u00eda, puerta a puerta, con reuniones estrat\u00e9gicas y uso de redes sociales para concientizar a la poblaci\u00f3n sobre la importancia de apostar por un cambio real y responsable\u201d, sostuvo.<\/p>\n<p>En el marco de las alianzas rumbo al balotaje del 19 de octubre, Moreno destac\u00f3 el reciente respaldo de l\u00edderes y agrupaciones como Chi Huyn Chung \u2014empresario y referente conservador\u2014, as\u00ed como del rector Vicente Cu\u00e9llar (Cambio 21) y Reinerio Vargas en Santa Cruz. Estos apoyos reflejan una creciente convergencia de sectores que ven en Tuto Quiroga una opci\u00f3n con experiencia y propuestas serias para enfrentar la crisis econ\u00f3mica y social.<\/p>\n<p>Asimismo, anunci\u00f3 que este viernes por la tarde se llevar\u00e1 a cabo una importante reuni\u00f3n con la Confederaci\u00f3n de Productores (CODEPRO), sector que aglutina a agricultores y productores de soya, arroz y otros granos. \u201cEl agro es clave para la econom\u00eda nacional y la propuesta de Libre contempla abastecimiento garantizado de di\u00e9sel, apoyo con biotecnolog\u00eda y seguridad jur\u00eddica\u201d, se\u00f1al\u00f3 Moreno.<\/p>\n<p>Finalmente, reiter\u00f3 la invitaci\u00f3n a toda la poblaci\u00f3n: \u201cHoy viernes, 6 de la tarde, los esperamos en la avenida Fabril, una cuadra antes del Segundo Anillo. Nuestra casa de campa\u00f1a est\u00e1 abierta para todos los que quieran sumarse, ya sea como militantes, simpatizantes o simplemente como ciudadanos que anhelan un futuro mejor para Bolivia\u201d.<\/p>\n\n\n<figure class=\"wp-block-image size-large\"><img loading=\"lazy\" decoding=\"async\" width=\"768\" height=\"1024\" src=\"https:\/\/waracomunicaciones.com\/wp-content\/uploads\/2025\/09\/inv-768x1024.jpg\" alt=\"\" class=\"wp-image-626\" srcset=\"https:\/\/waracomunicaciones.com\/wp-content\/uploads\/2025\/09\/inv-768x1024.jpg 768w, https:\/\/waracomunicaciones.com\/wp-content\/uploads\/2025\/09\/inv-225x300.jpg 225w, https:\/\/waracomunicaciones.com\/wp-content\/uploads\/2025\/09\/inv-1152x1536.jpg 1152w, https:\/\/waracomunicaciones.com\/wp-content\/uploads\/2025\/09\/inv.jpg 1536w\" sizes=\"auto, (max-width: 768px) 100vw, 768px\" \/><\/figure>\n<div style=\"margin-top: 0px; margin-bottom: 0px;\" class=\"sharethis-inline-reaction-buttons\" ><\/div>","protected":false},"excerpt":{"rendered":"<p>Montero, \u00a0\u2013 Este viernes a partir de las 18:00 horas, se llevar\u00e1 a cabo la inauguraci\u00f3n oficial de la Casa de Campa\u00f1a de la Alianza Libre, ubicada en el Distrito 3 de Montero, sobre la avenida Fabril, a una cuadra antes del Segundo Anillo.<\/p>\n","protected":false},"author":1,"featured_media":625,"comment_status":"open","ping_status":"open","sticky":false,"template":"","format":"standard","meta":{"footnotes":""},"categories":[42],"tags":[31,166,11,28],"class_list":["post-624","post","type-post","status-publish","format-standard","has-post-thumbnail","hentry","category-politica","tag-alianza-libre","tag-balotaje","tag-elecciones-nacionales-2025","tag-maico-moreno-vaca"],"yoast_head":"<!-- This site is optimized with the Yoast SEO Premium plugin v25.5 (Yoast SEO v27.1.1) - https:\/\/yoast.com\/product\/yoast-seo-premium-wordpress\/ -->\n<title>Inauguraci\u00f3n de la Casa de Campa\u00f1a de la Alianza Libre en Montero - Wara Comunicaciones<\/title>\n<meta name=\"robots\" content=\"index, follow, max-snippet:-1, max-image-preview:large, max-video-preview:-1\" \/>\n<link rel=\"canonical\" href=\"https:\/\/waracomunicaciones.com\/?p=624\" \/>\n<meta property=\"og:locale\" content=\"es_ES\" \/>\n<meta property=\"og:type\" content=\"article\" \/>\n<meta property=\"og:title\" content=\"Inauguraci\u00f3n de la Casa de Campa\u00f1a de la Alianza Libre en Montero\" \/>\n<meta property=\"og:description\" content=\"Montero, \u00a0\u2013 Este viernes a partir de las 18:00 horas, se llevar\u00e1 a cabo la inauguraci\u00f3n oficial de la Casa de Campa\u00f1a de la Alianza Libre, ubicada en el Distrito 3 de Montero, sobre la avenida Fabril, a una cuadra antes del Segundo Anillo.\" \/>\n<meta property=\"og:url\" content=\"https:\/\/waracomunicaciones.com\/?p=624\" \/>\n<meta property=\"og:site_name\" content=\"Wara Comunicaciones\" \/>\n<meta property=\"article:publisher\" content=\"https:\/\/www.facebook.com\/waracomunicaciones2017\" \/>\n<meta property=\"article:published_time\" content=\"2025-09-05T17:33:04+00:00\" \/>\n<meta property=\"article:modified_time\" content=\"2025-09-05T17:33:06+00:00\" \/>\n<meta property=\"og:image\" content=\"https:\/\/waracomunicaciones.com\/wp-content\/uploads\/2025\/09\/maujbn.webp\" \/>\n\t<meta property=\"og:image:width\" content=\"1000\" \/>\n\t<meta property=\"og:image:height\" content=\"667\" \/>\n\t<meta property=\"og:image:type\" content=\"image\/webp\" \/>\n<meta name=\"author\" content=\"admin\" \/>\n<meta name=\"twitter:card\" content=\"summary_large_image\" \/>\n<meta name=\"twitter:label1\" content=\"Escrito por\" \/>\n\t<meta name=\"twitter:data1\" content=\"admin\" \/>\n\t<meta name=\"twitter:label2\" content=\"Tiempo de lectura\" \/>\n\t<meta name=\"twitter:data2\" content=\"3 minutos\" \/>\n<script type=\"application\/ld+json\" class=\"yoast-schema-graph\">{\"@context\":\"https:\/\/schema.org\",\"@graph\":[{\"@type\":\"Article\",\"@id\":\"https:\/\/waracomunicaciones.com\/?p=624#article\",\"isPartOf\":{\"@id\":\"https:\/\/waracomunicaciones.com\/?p=624\"},\"author\":{\"name\":\"admin\",\"@id\":\"https:\/\/waracomunicaciones.com\/#\/schema\/person\/e9db934bc91575cc71fe584c5973244a\"},\"headline\":\"Inauguraci\u00f3n de la Casa de Campa\u00f1a de la Alianza Libre en Montero\",\"datePublished\":\"2025-09-05T17:33:04+00:00\",\"dateModified\":\"2025-09-05T17:33:06+00:00\",\"mainEntityOfPage\":{\"@id\":\"https:\/\/waracomunicaciones.com\/?p=624\"},\"wordCount\":418,\"commentCount\":0,\"publisher\":{\"@id\":\"https:\/\/waracomunicaciones.com\/#organization\"},\"image\":{\"@id\":\"https:\/\/waracomunicaciones.com\/?p=624#primaryimage\"},\"thumbnailUrl\":\"https:\/\/waracomunicaciones.com\/wp-content\/uploads\/2025\/09\/maujbn.webp\",\"keywords\":[\"Alianza Libre\",\"Balotaje\",\"Elecciones Nacionales 2025\",\"Maico Moreno Vaca\"],\"articleSection\":[\"Pol\u00edtica\"],\"inLanguage\":\"es\",\"potentialAction\":[{\"@type\":\"CommentAction\",\"name\":\"Comment\",\"target\":[\"https:\/\/waracomunicaciones.com\/?p=624#respond\"]}]},{\"@type\":\"WebPage\",\"@id\":\"https:\/\/waracomunicaciones.com\/?p=624\",\"url\":\"https:\/\/waracomunicaciones.com\/?p=624\",\"name\":\"Inauguraci\u00f3n de la Casa de Campa\u00f1a de la Alianza Libre en Montero - Wara Comunicaciones\",\"isPartOf\":{\"@id\":\"https:\/\/waracomunicaciones.com\/#website\"},\"primaryImageOfPage\":{\"@id\":\"https:\/\/waracomunicaciones.com\/?p=624#primaryimage\"},\"image\":{\"@id\":\"https:\/\/waracomunicaciones.com\/?p=624#primaryimage\"},\"thumbnailUrl\":\"https:\/\/waracomunicaciones.com\/wp-content\/uploads\/2025\/09\/maujbn.webp\",\"datePublished\":\"2025-09-05T17:33:04+00:00\",\"dateModified\":\"2025-09-05T17:33:06+00:00\",\"breadcrumb\":{\"@id\":\"https:\/\/waracomunicaciones.com\/?p=624#breadcrumb\"},\"inLanguage\":\"es\",\"potentialAction\":[{\"@type\":\"ReadAction\",\"target\":[\"https:\/\/waracomunicaciones.com\/?p=624\"]}]},{\"@type\":\"ImageObject\",\"inLanguage\":\"es\",\"@id\":\"https:\/\/waracomunicaciones.com\/?p=624#primaryimage\",\"url\":\"https:\/\/waracomunicaciones.com\/wp-content\/uploads\/2025\/09\/maujbn.webp\",\"contentUrl\":\"https:\/\/waracomunicaciones.com\/wp-content\/uploads\/2025\/09\/maujbn.webp\",\"width\":1000,\"height\":667},{\"@type\":\"BreadcrumbList\",\"@id\":\"https:\/\/waracomunicaciones.com\/?p=624#breadcrumb\",\"itemListElement\":[{\"@type\":\"ListItem\",\"position\":1,\"name\":\"Portada\",\"item\":\"https:\/\/waracomunicaciones.com\/\"},{\"@type\":\"ListItem\",\"position\":2,\"name\":\"Inauguraci\u00f3n de la Casa de Campa\u00f1a de la Alianza Libre en Montero\"}]},{\"@type\":\"WebSite\",\"@id\":\"https:\/\/waracomunicaciones.com\/#website\",\"url\":\"https:\/\/waracomunicaciones.com\/\",\"name\":\"Wara Comunicaciones\",\"description\":\"\",\"publisher\":{\"@id\":\"https:\/\/waracomunicaciones.com\/#organization\"},\"potentialAction\":[{\"@type\":\"SearchAction\",\"target\":{\"@type\":\"EntryPoint\",\"urlTemplate\":\"https:\/\/waracomunicaciones.com\/?s={search_term_string}\"},\"query-input\":{\"@type\":\"PropertyValueSpecification\",\"valueRequired\":true,\"valueName\":\"search_term_string\"}}],\"inLanguage\":\"es\"},{\"@type\":\"Organization\",\"@id\":\"https:\/\/waracomunicaciones.com\/#organization\",\"name\":\"Wara Comunicaciones\",\"url\":\"https:\/\/waracomunicaciones.com\/\",\"logo\":{\"@type\":\"ImageObject\",\"inLanguage\":\"es\",\"@id\":\"https:\/\/waracomunicaciones.com\/#\/schema\/logo\/image\/\",\"url\":\"https:\/\/waracomunicaciones.com\/wp-content\/uploads\/2025\/07\/logo.png\",\"contentUrl\":\"https:\/\/waracomunicaciones.com\/wp-content\/uploads\/2025\/07\/logo.png\",\"width\":400,\"height\":164,\"caption\":\"Wara Comunicaciones\"},\"image\":{\"@id\":\"https:\/\/waracomunicaciones.com\/#\/schema\/logo\/image\/\"},\"sameAs\":[\"https:\/\/www.facebook.com\/waracomunicaciones2017\"]},{\"@type\":\"Person\",\"@id\":\"https:\/\/waracomunicaciones.com\/#\/schema\/person\/e9db934bc91575cc71fe584c5973244a\",\"name\":\"admin\",\"image\":{\"@type\":\"ImageObject\",\"inLanguage\":\"es\",\"@id\":\"https:\/\/waracomunicaciones.com\/#\/schema\/person\/image\/\",\"url\":\"https:\/\/secure.gravatar.com\/avatar\/bf27e9186df568254093afa216f887fece17605302c6ff12f3980422fffa52e6?s=96&d=mm&r=g\",\"contentUrl\":\"https:\/\/secure.gravatar.com\/avatar\/bf27e9186df568254093afa216f887fece17605302c6ff12f3980422fffa52e6?s=96&d=mm&r=g\",\"caption\":\"admin\"},\"sameAs\":[\"https:\/\/waracomunicaciones.com\/wp\"],\"url\":\"https:\/\/waracomunicaciones.com\/?author=1\"}]}<\/script>\n<!-- \/ Yoast SEO Premium plugin. -->","yoast_head_json":{"title":"Inauguraci\u00f3n de la Casa de Campa\u00f1a de la Alianza Libre en Montero - Wara Comunicaciones","robots":{"index":"index","follow":"follow","max-snippet":"max-snippet:-1","max-image-preview":"max-image-preview:large","max-video-preview":"max-video-preview:-1"},"canonical":"https:\/\/waracomunicaciones.com\/?p=624","og_locale":"es_ES","og_type":"article","og_title":"Inauguraci\u00f3n de la Casa de Campa\u00f1a de la Alianza Libre en Montero","og_description":"Montero, \u00a0\u2013 Este viernes a partir de las 18:00 horas, se llevar\u00e1 a cabo la inauguraci\u00f3n oficial de la Casa de Campa\u00f1a de la Alianza Libre, ubicada en el Distrito 3 de Montero, sobre la avenida Fabril, a una cuadra antes del Segundo Anillo.","og_url":"https:\/\/waracomunicaciones.com\/?p=624","og_site_name":"Wara Comunicaciones","article_publisher":"https:\/\/www.facebook.com\/waracomunicaciones2017","article_published_time":"2025-09-05T17:33:04+00:00","article_modified_time":"2025-09-05T17:33:06+00:00","og_image":[{"width":1000,"height":667,"url":"https:\/\/waracomunicaciones.com\/wp-content\/uploads\/2025\/09\/maujbn.webp","type":"image\/webp"}],"author":"admin","twitter_card":"summary_large_image","twitter_misc":{"Escrito por":"admin","Tiempo de lectura":"3 minutos"},"schema":{"@context":"https:\/\/schema.org","@graph":[{"@type":"Article","@id":"https:\/\/waracomunicaciones.com\/?p=624#article","isPartOf":{"@id":"https:\/\/waracomunicaciones.com\/?p=624"},"author":{"name":"admin","@id":"https:\/\/waracomunicaciones.com\/#\/schema\/person\/e9db934bc91575cc71fe584c5973244a"},"headline":"Inauguraci\u00f3n de la Casa de Campa\u00f1a de la Alianza Libre en Montero","datePublished":"2025-09-05T17:33:04+00:00","dateModified":"2025-09-05T17:33:06+00:00","mainEntityOfPage":{"@id":"https:\/\/waracomunicaciones.com\/?p=624"},"wordCount":418,"commentCount":0,"publisher":{"@id":"https:\/\/waracomunicaciones.com\/#organization"},"image":{"@id":"https:\/\/waracomunicaciones.com\/?p=624#primaryimage"},"thumbnailUrl":"https:\/\/waracomunicaciones.com\/wp-content\/uploads\/2025\/09\/maujbn.webp","keywords":["Alianza Libre","Balotaje","Elecciones Nacionales 2025","Maico Moreno Vaca"],"articleSection":["Pol\u00edtica"],"inLanguage":"es","potentialAction":[{"@type":"CommentAction","name":"Comment","target":["https:\/\/waracomunicaciones.com\/?p=624#respond"]}]},{"@type":"WebPage","@id":"https:\/\/waracomunicaciones.com\/?p=624","url":"https:\/\/waracomunicaciones.com\/?p=624","name":"Inauguraci\u00f3n de la Casa de Campa\u00f1a de la Alianza Libre en Montero - Wara Comunicaciones","isPartOf":{"@id":"https:\/\/waracomunicaciones.com\/#website"},"primaryImageOfPage":{"@id":"https:\/\/waracomunicaciones.com\/?p=624#primaryimage"},"image":{"@id":"https:\/\/waracomunicaciones.com\/?p=624#primaryimage"},"thumbnailUrl":"https:\/\/waracomunicaciones.com\/wp-content\/uploads\/2025\/09\/maujbn.webp","datePublished":"2025-09-05T17:33:04+00:00","dateModified":"2025-09-05T17:33:06+00:00","breadcrumb":{"@id":"https:\/\/waracomunicaciones.com\/?p=624#breadcrumb"},"inLanguage":"es","potentialAction":[{"@type":"ReadAction","target":["https:\/\/waracomunicaciones.com\/?p=624"]}]},{"@type":"ImageObject","inLanguage":"es","@id":"https:\/\/waracomunicaciones.com\/?p=624#primaryimage","url":"https:\/\/waracomunicaciones.com\/wp-content\/uploads\/2025\/09\/maujbn.webp","contentUrl":"https:\/\/waracomunicaciones.com\/wp-content\/uploads\/2025\/09\/maujbn.webp","width":1000,"height":667},{"@type":"BreadcrumbList","@id":"https:\/\/waracomunicaciones.com\/?p=624#breadcrumb","itemListElement":[{"@type":"ListItem","position":1,"name":"Portada","item":"https:\/\/waracomunicaciones.com\/"},{"@type":"ListItem","position":2,"name":"Inauguraci\u00f3n de la Casa de Campa\u00f1a de la Alianza Libre en Montero"}]},{"@type":"WebSite","@id":"https:\/\/waracomunicaciones.com\/#website","url":"https:\/\/waracomunicaciones.com\/","name":"Wara Comunicaciones","description":"","publisher":{"@id":"https:\/\/waracomunicaciones.com\/#organization"},"potentialAction":[{"@type":"SearchAction","target":{"@type":"EntryPoint","urlTemplate":"https:\/\/waracomunicaciones.com\/?s={search_term_string}"},"query-input":{"@type":"PropertyValueSpecification","valueRequired":true,"valueName":"search_term_string"}}],"inLanguage":"es"},{"@type":"Organization","@id":"https:\/\/waracomunicaciones.com\/#organization","name":"Wara Comunicaciones","url":"https:\/\/waracomunicaciones.com\/","logo":{"@type":"ImageObject","inLanguage":"es","@id":"https:\/\/waracomunicaciones.com\/#\/schema\/logo\/image\/","url":"https:\/\/waracomunicaciones.com\/wp-content\/uploads\/2025\/07\/logo.png","contentUrl":"https:\/\/waracomunicaciones.com\/wp-content\/uploads\/2025\/07\/logo.png","width":400,"height":164,"caption":"Wara Comunicaciones"},"image":{"@id":"https:\/\/waracomunicaciones.com\/#\/schema\/logo\/image\/"},"sameAs":["https:\/\/www.facebook.com\/waracomunicaciones2017"]},{"@type":"Person","@id":"https:\/\/waracomunicaciones.com\/#\/schema\/person\/e9db934bc91575cc71fe584c5973244a","name":"admin","image":{"@type":"ImageObject","inLanguage":"es","@id":"https:\/\/waracomunicaciones.com\/#\/schema\/person\/image\/","url":"https:\/\/secure.gravatar.com\/avatar\/bf27e9186df568254093afa216f887fece17605302c6ff12f3980422fffa52e6?s=96&d=mm&r=g","contentUrl":"https:\/\/secure.gravatar.com\/avatar\/bf27e9186df568254093afa216f887fece17605302c6ff12f3980422fffa52e6?s=96&d=mm&r=g","caption":"admin"},"sameAs":["https:\/\/waracomunicaciones.com\/wp"],"url":"https:\/\/waracomunicaciones.com\/?author=1"}]}},"_links":{"self":[{"href":"https:\/\/waracomunicaciones.com\/index.php?rest_route=\/wp\/v2\/posts\/624","targetHints":{"allow":["GET"]}}],"collection":[{"href":"https:\/\/waracomunicaciones.com\/index.php?rest_route=\/wp\/v2\/posts"}],"about":[{"href":"https:\/\/waracomunicaciones.com\/index.php?rest_route=\/wp\/v2\/types\/post"}],"author":[{"embeddable":true,"href":"https:\/\/waracomunicaciones.com\/index.php?rest_route=\/wp\/v2\/users\/1"}],"replies":[{"embeddable":true,"href":"https:\/\/waracomunicaciones.com\/index.php?rest_route=%2Fwp%2Fv2%2Fcomments&post=624"}],"version-history":[{"count":1,"href":"https:\/\/waracomunicaciones.com\/index.php?rest_route=\/wp\/v2\/posts\/624\/revisions"}],"predecessor-version":[{"id":627,"href":"https:\/\/waracomunicaciones.com\/index.php?rest_route=\/wp\/v2\/posts\/624\/revisions\/627"}],"wp:featuredmedia":[{"embeddable":true,"href":"https:\/\/waracomunicaciones.com\/index.php?rest_route=\/wp\/v2\/media\/625"}],"wp:attachment":[{"href":"https:\/\/waracomunicaciones.com\/index.php?rest_route=%2Fwp%2Fv2%2Fmedia&parent=624"}],"wp:term":[{"taxonomy":"category","embeddable":true,"href":"https:\/\/waracomunicaciones.com\/index.php?rest_route=%2Fwp%2Fv2%2Fcategories&post=624"},{"taxonomy":"post_tag","embeddable":true,"href":"https:\/\/waracomunicaciones.com\/index.php?rest_route=%2Fwp%2Fv2%2Ftags&post=624"}],"curies":[{"name":"wp","href":"https:\/\/api.w.org\/{rel}","templated":true}]}}