{"id":621,"date":"2025-09-05T11:20:29","date_gmt":"2025-09-05T15:20:29","guid":{"rendered":"https:\/\/waracomunicaciones.com\/?p=621"},"modified":"2025-09-05T11:20:42","modified_gmt":"2025-09-05T15:20:42","slug":"diputada-deisy-choque-destaca-transicion-democratica-y-cuestiona-propuestas-de-candidatos-en-balotaje","status":"publish","type":"post","link":"https:\/\/waracomunicaciones.com\/?p=621","title":{"rendered":"Diputada Deisy Choque destaca transici\u00f3n democr\u00e1tica y cuestiona propuestas de candidatos en balotaje"},"content":{"rendered":"\n<figure class=\"wp-block-image size-full\"><img loading=\"lazy\" decoding=\"async\" width=\"1000\" height=\"666\" src=\"https:\/\/waracomunicaciones.com\/wp-content\/uploads\/2025\/09\/ffffggff.webp\" alt=\"\" class=\"wp-image-622\" srcset=\"https:\/\/waracomunicaciones.com\/wp-content\/uploads\/2025\/09\/ffffggff.webp 1000w, https:\/\/waracomunicaciones.com\/wp-content\/uploads\/2025\/09\/ffffggff-300x200.webp 300w, https:\/\/waracomunicaciones.com\/wp-content\/uploads\/2025\/09\/ffffggff-768x511.webp 768w\" sizes=\"auto, (max-width: 1000px) 100vw, 1000px\" \/><figcaption class=\"wp-element-caption\">Deisy Choque &#8211; Foto<em> Facebook<\/em><\/figcaption><\/figure>\n\n\n<p><strong><b>Montero, <\/b><\/strong>\u00a0\u2013 La diputada Deisy Choque se pronunci\u00f3 este jueves sobre los resultados de las elecciones generales del pasado 17 de agosto, destacando la jornada como una \u00abfiesta democr\u00e1tica pac\u00edfica\u00bb, llevada a cabo con todas las garant\u00edas institucionales y bajo la observaci\u00f3n de veedores internacionales.<!--more--> Asegur\u00f3 que, desde la C\u00e1mara de Diputados y como parte de la directiva, se cumplieron los compromisos asumidos con la poblaci\u00f3n para garantizar un proceso electoral transparente.<\/p>\n<p>\u201cNosotros hab\u00edamos prometido que la transici\u00f3n democr\u00e1tica iba a ser lo m\u00e1s normal posible, y as\u00ed ha sido. La elecci\u00f3n del 17 de agosto fue una jornada pac\u00edfica, con todas las garant\u00edas de seguridad y transparencia\u201d, expres\u00f3 Choque.<\/p>\n<p>Al referirse a los resultados de la primera vuelta, en la que el candidato Rodrigo Paz logr\u00f3 avanzar al balotaje junto con el postulante de derecha Tuto Quiroga, Choque fue cr\u00edtica con lo que calific\u00f3 como una campa\u00f1a basada en \u201cmentiras\u201d y propuestas inviables.<\/p>\n<p>\u201cSoy una persona que respeta mucho la decisi\u00f3n del pueblo. En esta ocasi\u00f3n, eligi\u00f3 a una derecha y una extrema derecha para el balotaje. Muchos que no apoyaron a la izquierda ahora se est\u00e1n dando cuenta de que han ca\u00eddo en much\u00edsimas mentiras\u201d, afirm\u00f3.<\/p>\n<p>Choque mencion\u00f3 que el ascenso de figuras como Edmund Lara, quien ha ganado notoriedad en redes sociales, responde m\u00e1s a una estrategia medi\u00e1tica que a propuestas s\u00f3lidas. \u201cLa gente a veces prefiere que le mientan para aplaudir. Se ha dejado seducir por discursos vac\u00edos pero persuasivos, que prometen bonos imposibles o viviendas irreales en un pa\u00eds con serias limitaciones econ\u00f3micas\u201d, denunci\u00f3.<\/p>\n<p>En cuanto a la situaci\u00f3n interna de la izquierda, reconoci\u00f3 errores y divisiones que impidieron una candidatura unitaria. \u201cNo logramos la unidad que se pretend\u00eda. Andr\u00f3nico no cedi\u00f3, nuestra direcci\u00f3n asumi\u00f3 otra posici\u00f3n, y todos somos responsables\u201d, admiti\u00f3.<\/p>\n<p>Con la segunda vuelta programada para el 19 de octubre, la diputada asegur\u00f3 que el Tribunal Supremo Electoral cuenta con los recursos necesarios para garantizar un nuevo proceso transparente. \u201cSe han solicitado aproximadamente 193 millones para esta segunda ronda, y los veedores internacionales continuar\u00e1n presentes\u201d, se\u00f1al\u00f3.<\/p>\n<p>Finalmente, Choque hizo un llamado a la responsabilidad y al realismo. \u201cNuestro presidente ha convocado a los dos binomios finalistas para que hablen con sinceridad al pa\u00eds. No se trata de prometer pajaritos en el aire. La situaci\u00f3n econ\u00f3mica es complicada, y hay que hablar con la verdad\u201d, concluy\u00f3.<\/p><div style=\"margin-top: 0px; margin-bottom: 0px;\" class=\"sharethis-inline-reaction-buttons\" ><\/div>","protected":false},"excerpt":{"rendered":"<p>Montero, \u00a0\u2013 La diputada Deisy Choque se pronunci\u00f3 este jueves sobre los resultados de las elecciones generales del pasado 17 de agosto, destacando la jornada como una \u00abfiesta democr\u00e1tica pac\u00edfica\u00bb, llevada a cabo con todas las garant\u00edas institucionales y bajo la observaci\u00f3n de veedores internacionales.<\/p>\n","protected":false},"author":1,"featured_media":622,"comment_status":"open","ping_status":"open","sticky":false,"template":"","format":"standard","meta":{"footnotes":""},"categories":[42],"tags":[166,12,11],"class_list":["post-621","post","type-post","status-publish","format-standard","has-post-thumbnail","hentry","category-politica","tag-balotaje","tag-deisy-choque","tag-elecciones-nacionales-2025"],"yoast_head":"<!-- This site is optimized with the Yoast SEO Premium plugin v25.5 (Yoast SEO v27.1.1) - https:\/\/yoast.com\/product\/yoast-seo-premium-wordpress\/ -->\n<title>Diputada Deisy Choque destaca transici\u00f3n democr\u00e1tica y cuestiona propuestas de candidatos en balotaje - Wara Comunicaciones<\/title>\n<meta name=\"robots\" content=\"index, follow, max-snippet:-1, max-image-preview:large, max-video-preview:-1\" \/>\n<link rel=\"canonical\" href=\"https:\/\/waracomunicaciones.com\/?p=621\" \/>\n<meta property=\"og:locale\" content=\"es_ES\" \/>\n<meta property=\"og:type\" content=\"article\" \/>\n<meta property=\"og:title\" content=\"Diputada Deisy Choque destaca transici\u00f3n democr\u00e1tica y cuestiona propuestas de candidatos en balotaje\" \/>\n<meta property=\"og:description\" content=\"Montero, \u00a0\u2013 La diputada Deisy Choque se pronunci\u00f3 este jueves sobre los resultados de las elecciones generales del pasado 17 de agosto, destacando la jornada como una \u00abfiesta democr\u00e1tica pac\u00edfica\u00bb, llevada a cabo con todas las garant\u00edas institucionales y bajo la observaci\u00f3n de veedores internacionales.\" \/>\n<meta property=\"og:url\" content=\"https:\/\/waracomunicaciones.com\/?p=621\" \/>\n<meta property=\"og:site_name\" content=\"Wara Comunicaciones\" \/>\n<meta property=\"article:publisher\" content=\"https:\/\/www.facebook.com\/waracomunicaciones2017\" \/>\n<meta property=\"article:published_time\" content=\"2025-09-05T15:20:29+00:00\" \/>\n<meta property=\"article:modified_time\" content=\"2025-09-05T15:20:42+00:00\" \/>\n<meta property=\"og:image\" content=\"https:\/\/waracomunicaciones.com\/wp-content\/uploads\/2025\/09\/ffffggff.webp\" \/>\n\t<meta property=\"og:image:width\" content=\"1000\" \/>\n\t<meta property=\"og:image:height\" content=\"666\" \/>\n\t<meta property=\"og:image:type\" content=\"image\/webp\" \/>\n<meta name=\"author\" content=\"admin\" \/>\n<meta name=\"twitter:card\" content=\"summary_large_image\" \/>\n<meta name=\"twitter:label1\" content=\"Escrito por\" \/>\n\t<meta name=\"twitter:data1\" content=\"admin\" \/>\n\t<meta name=\"twitter:label2\" content=\"Tiempo de lectura\" \/>\n\t<meta name=\"twitter:data2\" content=\"3 minutos\" \/>\n<script type=\"application\/ld+json\" class=\"yoast-schema-graph\">{\"@context\":\"https:\/\/schema.org\",\"@graph\":[{\"@type\":\"Article\",\"@id\":\"https:\/\/waracomunicaciones.com\/?p=621#article\",\"isPartOf\":{\"@id\":\"https:\/\/waracomunicaciones.com\/?p=621\"},\"author\":{\"name\":\"admin\",\"@id\":\"https:\/\/waracomunicaciones.com\/#\/schema\/person\/e9db934bc91575cc71fe584c5973244a\"},\"headline\":\"Diputada Deisy Choque destaca transici\u00f3n democr\u00e1tica y cuestiona propuestas de candidatos en balotaje\",\"datePublished\":\"2025-09-05T15:20:29+00:00\",\"dateModified\":\"2025-09-05T15:20:42+00:00\",\"mainEntityOfPage\":{\"@id\":\"https:\/\/waracomunicaciones.com\/?p=621\"},\"wordCount\":443,\"commentCount\":0,\"publisher\":{\"@id\":\"https:\/\/waracomunicaciones.com\/#organization\"},\"image\":{\"@id\":\"https:\/\/waracomunicaciones.com\/?p=621#primaryimage\"},\"thumbnailUrl\":\"https:\/\/waracomunicaciones.com\/wp-content\/uploads\/2025\/09\/ffffggff.webp\",\"keywords\":[\"Balotaje\",\"Deisy Choque\",\"Elecciones Nacionales 2025\"],\"articleSection\":[\"Pol\u00edtica\"],\"inLanguage\":\"es\",\"potentialAction\":[{\"@type\":\"CommentAction\",\"name\":\"Comment\",\"target\":[\"https:\/\/waracomunicaciones.com\/?p=621#respond\"]}]},{\"@type\":\"WebPage\",\"@id\":\"https:\/\/waracomunicaciones.com\/?p=621\",\"url\":\"https:\/\/waracomunicaciones.com\/?p=621\",\"name\":\"Diputada Deisy Choque destaca transici\u00f3n democr\u00e1tica y cuestiona propuestas de candidatos en balotaje - Wara Comunicaciones\",\"isPartOf\":{\"@id\":\"https:\/\/waracomunicaciones.com\/#website\"},\"primaryImageOfPage\":{\"@id\":\"https:\/\/waracomunicaciones.com\/?p=621#primaryimage\"},\"image\":{\"@id\":\"https:\/\/waracomunicaciones.com\/?p=621#primaryimage\"},\"thumbnailUrl\":\"https:\/\/waracomunicaciones.com\/wp-content\/uploads\/2025\/09\/ffffggff.webp\",\"datePublished\":\"2025-09-05T15:20:29+00:00\",\"dateModified\":\"2025-09-05T15:20:42+00:00\",\"breadcrumb\":{\"@id\":\"https:\/\/waracomunicaciones.com\/?p=621#breadcrumb\"},\"inLanguage\":\"es\",\"potentialAction\":[{\"@type\":\"ReadAction\",\"target\":[\"https:\/\/waracomunicaciones.com\/?p=621\"]}]},{\"@type\":\"ImageObject\",\"inLanguage\":\"es\",\"@id\":\"https:\/\/waracomunicaciones.com\/?p=621#primaryimage\",\"url\":\"https:\/\/waracomunicaciones.com\/wp-content\/uploads\/2025\/09\/ffffggff.webp\",\"contentUrl\":\"https:\/\/waracomunicaciones.com\/wp-content\/uploads\/2025\/09\/ffffggff.webp\",\"width\":1000,\"height\":666},{\"@type\":\"BreadcrumbList\",\"@id\":\"https:\/\/waracomunicaciones.com\/?p=621#breadcrumb\",\"itemListElement\":[{\"@type\":\"ListItem\",\"position\":1,\"name\":\"Portada\",\"item\":\"https:\/\/waracomunicaciones.com\/\"},{\"@type\":\"ListItem\",\"position\":2,\"name\":\"Diputada Deisy Choque destaca transici\u00f3n democr\u00e1tica y cuestiona propuestas de candidatos en balotaje\"}]},{\"@type\":\"WebSite\",\"@id\":\"https:\/\/waracomunicaciones.com\/#website\",\"url\":\"https:\/\/waracomunicaciones.com\/\",\"name\":\"Wara Comunicaciones\",\"description\":\"\",\"publisher\":{\"@id\":\"https:\/\/waracomunicaciones.com\/#organization\"},\"potentialAction\":[{\"@type\":\"SearchAction\",\"target\":{\"@type\":\"EntryPoint\",\"urlTemplate\":\"https:\/\/waracomunicaciones.com\/?s={search_term_string}\"},\"query-input\":{\"@type\":\"PropertyValueSpecification\",\"valueRequired\":true,\"valueName\":\"search_term_string\"}}],\"inLanguage\":\"es\"},{\"@type\":\"Organization\",\"@id\":\"https:\/\/waracomunicaciones.com\/#organization\",\"name\":\"Wara Comunicaciones\",\"url\":\"https:\/\/waracomunicaciones.com\/\",\"logo\":{\"@type\":\"ImageObject\",\"inLanguage\":\"es\",\"@id\":\"https:\/\/waracomunicaciones.com\/#\/schema\/logo\/image\/\",\"url\":\"https:\/\/waracomunicaciones.com\/wp-content\/uploads\/2025\/07\/logo.png\",\"contentUrl\":\"https:\/\/waracomunicaciones.com\/wp-content\/uploads\/2025\/07\/logo.png\",\"width\":400,\"height\":164,\"caption\":\"Wara Comunicaciones\"},\"image\":{\"@id\":\"https:\/\/waracomunicaciones.com\/#\/schema\/logo\/image\/\"},\"sameAs\":[\"https:\/\/www.facebook.com\/waracomunicaciones2017\"]},{\"@type\":\"Person\",\"@id\":\"https:\/\/waracomunicaciones.com\/#\/schema\/person\/e9db934bc91575cc71fe584c5973244a\",\"name\":\"admin\",\"image\":{\"@type\":\"ImageObject\",\"inLanguage\":\"es\",\"@id\":\"https:\/\/waracomunicaciones.com\/#\/schema\/person\/image\/\",\"url\":\"https:\/\/secure.gravatar.com\/avatar\/bf27e9186df568254093afa216f887fece17605302c6ff12f3980422fffa52e6?s=96&d=mm&r=g\",\"contentUrl\":\"https:\/\/secure.gravatar.com\/avatar\/bf27e9186df568254093afa216f887fece17605302c6ff12f3980422fffa52e6?s=96&d=mm&r=g\",\"caption\":\"admin\"},\"sameAs\":[\"https:\/\/waracomunicaciones.com\/wp\"],\"url\":\"https:\/\/waracomunicaciones.com\/?author=1\"}]}<\/script>\n<!-- \/ Yoast SEO Premium plugin. -->","yoast_head_json":{"title":"Diputada Deisy Choque destaca transici\u00f3n democr\u00e1tica y cuestiona propuestas de candidatos en balotaje - Wara Comunicaciones","robots":{"index":"index","follow":"follow","max-snippet":"max-snippet:-1","max-image-preview":"max-image-preview:large","max-video-preview":"max-video-preview:-1"},"canonical":"https:\/\/waracomunicaciones.com\/?p=621","og_locale":"es_ES","og_type":"article","og_title":"Diputada Deisy Choque destaca transici\u00f3n democr\u00e1tica y cuestiona propuestas de candidatos en balotaje","og_description":"Montero, \u00a0\u2013 La diputada Deisy Choque se pronunci\u00f3 este jueves sobre los resultados de las elecciones generales del pasado 17 de agosto, destacando la jornada como una \u00abfiesta democr\u00e1tica pac\u00edfica\u00bb, llevada a cabo con todas las garant\u00edas institucionales y bajo la observaci\u00f3n de veedores internacionales.","og_url":"https:\/\/waracomunicaciones.com\/?p=621","og_site_name":"Wara Comunicaciones","article_publisher":"https:\/\/www.facebook.com\/waracomunicaciones2017","article_published_time":"2025-09-05T15:20:29+00:00","article_modified_time":"2025-09-05T15:20:42+00:00","og_image":[{"width":1000,"height":666,"url":"https:\/\/waracomunicaciones.com\/wp-content\/uploads\/2025\/09\/ffffggff.webp","type":"image\/webp"}],"author":"admin","twitter_card":"summary_large_image","twitter_misc":{"Escrito por":"admin","Tiempo de lectura":"3 minutos"},"schema":{"@context":"https:\/\/schema.org","@graph":[{"@type":"Article","@id":"https:\/\/waracomunicaciones.com\/?p=621#article","isPartOf":{"@id":"https:\/\/waracomunicaciones.com\/?p=621"},"author":{"name":"admin","@id":"https:\/\/waracomunicaciones.com\/#\/schema\/person\/e9db934bc91575cc71fe584c5973244a"},"headline":"Diputada Deisy Choque destaca transici\u00f3n democr\u00e1tica y cuestiona propuestas de candidatos en balotaje","datePublished":"2025-09-05T15:20:29+00:00","dateModified":"2025-09-05T15:20:42+00:00","mainEntityOfPage":{"@id":"https:\/\/waracomunicaciones.com\/?p=621"},"wordCount":443,"commentCount":0,"publisher":{"@id":"https:\/\/waracomunicaciones.com\/#organization"},"image":{"@id":"https:\/\/waracomunicaciones.com\/?p=621#primaryimage"},"thumbnailUrl":"https:\/\/waracomunicaciones.com\/wp-content\/uploads\/2025\/09\/ffffggff.webp","keywords":["Balotaje","Deisy Choque","Elecciones Nacionales 2025"],"articleSection":["Pol\u00edtica"],"inLanguage":"es","potentialAction":[{"@type":"CommentAction","name":"Comment","target":["https:\/\/waracomunicaciones.com\/?p=621#respond"]}]},{"@type":"WebPage","@id":"https:\/\/waracomunicaciones.com\/?p=621","url":"https:\/\/waracomunicaciones.com\/?p=621","name":"Diputada Deisy Choque destaca transici\u00f3n democr\u00e1tica y cuestiona propuestas de candidatos en balotaje - Wara Comunicaciones","isPartOf":{"@id":"https:\/\/waracomunicaciones.com\/#website"},"primaryImageOfPage":{"@id":"https:\/\/waracomunicaciones.com\/?p=621#primaryimage"},"image":{"@id":"https:\/\/waracomunicaciones.com\/?p=621#primaryimage"},"thumbnailUrl":"https:\/\/waracomunicaciones.com\/wp-content\/uploads\/2025\/09\/ffffggff.webp","datePublished":"2025-09-05T15:20:29+00:00","dateModified":"2025-09-05T15:20:42+00:00","breadcrumb":{"@id":"https:\/\/waracomunicaciones.com\/?p=621#breadcrumb"},"inLanguage":"es","potentialAction":[{"@type":"ReadAction","target":["https:\/\/waracomunicaciones.com\/?p=621"]}]},{"@type":"ImageObject","inLanguage":"es","@id":"https:\/\/waracomunicaciones.com\/?p=621#primaryimage","url":"https:\/\/waracomunicaciones.com\/wp-content\/uploads\/2025\/09\/ffffggff.webp","contentUrl":"https:\/\/waracomunicaciones.com\/wp-content\/uploads\/2025\/09\/ffffggff.webp","width":1000,"height":666},{"@type":"BreadcrumbList","@id":"https:\/\/waracomunicaciones.com\/?p=621#breadcrumb","itemListElement":[{"@type":"ListItem","position":1,"name":"Portada","item":"https:\/\/waracomunicaciones.com\/"},{"@type":"ListItem","position":2,"name":"Diputada Deisy Choque destaca transici\u00f3n democr\u00e1tica y cuestiona propuestas de candidatos en balotaje"}]},{"@type":"WebSite","@id":"https:\/\/waracomunicaciones.com\/#website","url":"https:\/\/waracomunicaciones.com\/","name":"Wara Comunicaciones","description":"","publisher":{"@id":"https:\/\/waracomunicaciones.com\/#organization"},"potentialAction":[{"@type":"SearchAction","target":{"@type":"EntryPoint","urlTemplate":"https:\/\/waracomunicaciones.com\/?s={search_term_string}"},"query-input":{"@type":"PropertyValueSpecification","valueRequired":true,"valueName":"search_term_string"}}],"inLanguage":"es"},{"@type":"Organization","@id":"https:\/\/waracomunicaciones.com\/#organization","name":"Wara Comunicaciones","url":"https:\/\/waracomunicaciones.com\/","logo":{"@type":"ImageObject","inLanguage":"es","@id":"https:\/\/waracomunicaciones.com\/#\/schema\/logo\/image\/","url":"https:\/\/waracomunicaciones.com\/wp-content\/uploads\/2025\/07\/logo.png","contentUrl":"https:\/\/waracomunicaciones.com\/wp-content\/uploads\/2025\/07\/logo.png","width":400,"height":164,"caption":"Wara Comunicaciones"},"image":{"@id":"https:\/\/waracomunicaciones.com\/#\/schema\/logo\/image\/"},"sameAs":["https:\/\/www.facebook.com\/waracomunicaciones2017"]},{"@type":"Person","@id":"https:\/\/waracomunicaciones.com\/#\/schema\/person\/e9db934bc91575cc71fe584c5973244a","name":"admin","image":{"@type":"ImageObject","inLanguage":"es","@id":"https:\/\/waracomunicaciones.com\/#\/schema\/person\/image\/","url":"https:\/\/secure.gravatar.com\/avatar\/bf27e9186df568254093afa216f887fece17605302c6ff12f3980422fffa52e6?s=96&d=mm&r=g","contentUrl":"https:\/\/secure.gravatar.com\/avatar\/bf27e9186df568254093afa216f887fece17605302c6ff12f3980422fffa52e6?s=96&d=mm&r=g","caption":"admin"},"sameAs":["https:\/\/waracomunicaciones.com\/wp"],"url":"https:\/\/waracomunicaciones.com\/?author=1"}]}},"_links":{"self":[{"href":"https:\/\/waracomunicaciones.com\/index.php?rest_route=\/wp\/v2\/posts\/621","targetHints":{"allow":["GET"]}}],"collection":[{"href":"https:\/\/waracomunicaciones.com\/index.php?rest_route=\/wp\/v2\/posts"}],"about":[{"href":"https:\/\/waracomunicaciones.com\/index.php?rest_route=\/wp\/v2\/types\/post"}],"author":[{"embeddable":true,"href":"https:\/\/waracomunicaciones.com\/index.php?rest_route=\/wp\/v2\/users\/1"}],"replies":[{"embeddable":true,"href":"https:\/\/waracomunicaciones.com\/index.php?rest_route=%2Fwp%2Fv2%2Fcomments&post=621"}],"version-history":[{"count":1,"href":"https:\/\/waracomunicaciones.com\/index.php?rest_route=\/wp\/v2\/posts\/621\/revisions"}],"predecessor-version":[{"id":623,"href":"https:\/\/waracomunicaciones.com\/index.php?rest_route=\/wp\/v2\/posts\/621\/revisions\/623"}],"wp:featuredmedia":[{"embeddable":true,"href":"https:\/\/waracomunicaciones.com\/index.php?rest_route=\/wp\/v2\/media\/622"}],"wp:attachment":[{"href":"https:\/\/waracomunicaciones.com\/index.php?rest_route=%2Fwp%2Fv2%2Fmedia&parent=621"}],"wp:term":[{"taxonomy":"category","embeddable":true,"href":"https:\/\/waracomunicaciones.com\/index.php?rest_route=%2Fwp%2Fv2%2Fcategories&post=621"},{"taxonomy":"post_tag","embeddable":true,"href":"https:\/\/waracomunicaciones.com\/index.php?rest_route=%2Fwp%2Fv2%2Ftags&post=621"}],"curies":[{"name":"wp","href":"https:\/\/api.w.org\/{rel}","templated":true}]}}