{"id":62,"date":"2025-07-15T10:21:01","date_gmt":"2025-07-15T14:21:01","guid":{"rendered":"https:\/\/waracomunicaciones.com\/wp\/?p=62"},"modified":"2025-07-24T01:21:11","modified_gmt":"2025-07-24T05:21:11","slug":"gabriela-gutierrez-critica-la-falta-de-accion-de-exdiputados-del-mas-y-pide-renovacion-real-en-la-politica","status":"publish","type":"post","link":"https:\/\/waracomunicaciones.com\/?p=62","title":{"rendered":"Gabriela Guti\u00e9rrez critica la falta de acci\u00f3n de exdiputados del MAS y pide renovaci\u00f3n real en la pol\u00edtica"},"content":{"rendered":"\n<figure class=\"wp-block-image size-large\"><img loading=\"lazy\" decoding=\"async\" width=\"1024\" height=\"534\" src=\"https:\/\/waracomunicaciones.com\/wp\/wp-content\/uploads\/2025\/07\/Proyecto-nuevo-6-1024x534.webp\" alt=\"\" class=\"wp-image-63\" srcset=\"https:\/\/waracomunicaciones.com\/wp-content\/uploads\/2025\/07\/Proyecto-nuevo-6-1024x534.webp 1024w, https:\/\/waracomunicaciones.com\/wp-content\/uploads\/2025\/07\/Proyecto-nuevo-6-300x157.webp 300w, https:\/\/waracomunicaciones.com\/wp-content\/uploads\/2025\/07\/Proyecto-nuevo-6-768x401.webp 768w, https:\/\/waracomunicaciones.com\/wp-content\/uploads\/2025\/07\/Proyecto-nuevo-6-1536x802.webp 1536w, https:\/\/waracomunicaciones.com\/wp-content\/uploads\/2025\/07\/Proyecto-nuevo-6.webp 1640w\" sizes=\"auto, (max-width: 1024px) 100vw, 1024px\" \/><\/figure>\n\n\n<div class=\"itemIntroText\">\n<p><em><i>Montero,<\/i><\/em>\u00a0\u2014 En una entrevista ofrecida este martes, Gabriela Guti\u00e9rrez, ex subgobernadora de la provincia Obispo Santistevan, expres\u00f3 su preocupaci\u00f3n por el desempe\u00f1o de los parlamentarios salientes del Movimiento al Socialismo (MAS) y advirti\u00f3 sobre la necesidad urgente de que los nuevos candidatos tengan independencia de criterio y visi\u00f3n de pa\u00eds.<\/p>\n<\/div>\n<p><!--more--><\/p>\n<div class=\"itemFullText\">\n<p>Durante el di\u00e1logo con el conductor del programa Agenda Matinal de Wara Comunicaciones , Guti\u00e9rrez destac\u00f3 positivamente la participaci\u00f3n de candidatos j\u00f3venes en las elecciones de la Circunscripci\u00f3n 57, entre ellos Vilma Guti\u00e9rrez (30), Shirley Maldonado (32), Kelly Velarde (31) y Mariela Fald\u00edn (29). \u201cEsperemos que estos candidatos no sean manipulados, sino que tengan pensamientos propios y trabajen por el pa\u00eds\u201d, afirm\u00f3.<\/p>\n<p>Sin embargo, la exautoridad fue cr\u00edtica con los anteriores representantes del MAS, recordando que en Montero, antes circunscripci\u00f3n 52, este partido mantuvo una hegemon\u00eda ininterrumpida con Ciro Garc\u00eda, Edwin Tupa, Juan Cala y Deysi Choque como diputados. A su juicio, ninguno de ellos cumpli\u00f3 eficazmente con su rol legislativo. \u201cHan sido guiados por su alineamiento pol\u00edtico y se olvidaron de la gente que los eligi\u00f3\u201d, lament\u00f3.<\/p>\n<p>Guti\u00e9rrez fue especialmente severa al referirse a la diputada saliente Daisy Choque, mencionando que ha sido se\u00f1alada por dirigentes locales de tener v\u00ednculos con grupos de choque implicados en avasallamientos, como en el caso de la Villa Ol\u00edmpica. \u201cNo es adecuado que alguien que fue elegida para representar al pueblo est\u00e9 vinculada con hechos tan graves\u201d, se\u00f1al\u00f3.<\/p>\n<p>Adem\u00e1s, hizo un llamado urgente a los nuevos postulantes para que rompan con el molde de la pol\u00edtica tradicional, centrada en intereses partidarios. \u201cEsperamos que estas nuevas personas no sean dirigidas por un color pol\u00edtico, sino que piensen en las necesidades reales del pa\u00eds, del departamento y sobre todo de nuestra circunscripci\u00f3n\u201d, expres\u00f3.<\/p>\n<p>Guti\u00e9rrez tambi\u00e9n critic\u00f3 la ausencia de los actuales legisladores en temas fundamentales como salud, educaci\u00f3n, escasez de gasolina y falta de seguridad jur\u00eddica. \u201c\u00bfD\u00f3nde est\u00e1n nuestros diputados? \u00bfD\u00f3nde est\u00e1n nuestros senadores?\u201d, cuestion\u00f3 con firmeza, apuntando a un vac\u00edo de representaci\u00f3n ciudadana ante los problemas m\u00e1s urgentes.<\/p>\n<p>Sus declaraciones se dan en un contexto electoral incierto, donde \u2014a diferencia de anteriores comicios\u2014 no hay un claro favorito, lo que podr\u00eda abrir paso a una competencia m\u00e1s equitativa entre las distintas fuerzas pol\u00edticas.<\/p>\n<p>La exsubgobernadora concluy\u00f3 reiterando la importancia de que los nuevos representantes lleguen al Parlamento \u201ccon vocaci\u00f3n de servicio y con compromiso verdadero con la gente\u201d.<\/p>\n<\/div>\n\n\n<p><\/p>\n<div style=\"margin-top: 0px; margin-bottom: 0px;\" class=\"sharethis-inline-reaction-buttons\" ><\/div>","protected":false},"excerpt":{"rendered":"<p>Montero,\u00a0\u2014 En una entrevista ofrecida este martes, Gabriela Guti\u00e9rrez, ex subgobernadora de la provincia Obispo Santistevan, expres\u00f3 su preocupaci\u00f3n por el desempe\u00f1o de los parlamentarios salientes del Movimiento al Socialismo (MAS) y advirti\u00f3 sobre la necesidad urgente de que los nuevos candidatos tengan independencia de criterio y visi\u00f3n de pa\u00eds.<\/p>\n","protected":false},"author":1,"featured_media":63,"comment_status":"open","ping_status":"open","sticky":false,"template":"","format":"standard","meta":{"footnotes":""},"categories":[5],"tags":[14,9,8],"class_list":["post-62","post","type-post","status-publish","format-standard","has-post-thumbnail","hentry","category-local","tag-gabriela-gutierrez","tag-mas","tag-politica"],"yoast_head":"<!-- This site is optimized with the Yoast SEO Premium plugin v25.5 (Yoast SEO v27.1.1) - https:\/\/yoast.com\/product\/yoast-seo-premium-wordpress\/ -->\n<title>Gabriela Guti\u00e9rrez critica la falta de acci\u00f3n de exdiputados del MAS y pide renovaci\u00f3n real en la pol\u00edtica - Wara Comunicaciones<\/title>\n<meta name=\"robots\" content=\"index, follow, max-snippet:-1, max-image-preview:large, max-video-preview:-1\" \/>\n<link rel=\"canonical\" href=\"https:\/\/waracomunicaciones.com\/?p=62\" \/>\n<meta property=\"og:locale\" content=\"es_ES\" \/>\n<meta property=\"og:type\" content=\"article\" \/>\n<meta property=\"og:title\" content=\"Gabriela Guti\u00e9rrez critica la falta de acci\u00f3n de exdiputados del MAS y pide renovaci\u00f3n real en la pol\u00edtica\" \/>\n<meta property=\"og:description\" content=\"Montero,\u00a0\u2014 En una entrevista ofrecida este martes, Gabriela Guti\u00e9rrez, ex subgobernadora de la provincia Obispo Santistevan, expres\u00f3 su preocupaci\u00f3n por el desempe\u00f1o de los parlamentarios salientes del Movimiento al Socialismo (MAS) y advirti\u00f3 sobre la necesidad urgente de que los nuevos candidatos tengan independencia de criterio y visi\u00f3n de pa\u00eds.\" \/>\n<meta property=\"og:url\" content=\"https:\/\/waracomunicaciones.com\/?p=62\" \/>\n<meta property=\"og:site_name\" content=\"Wara Comunicaciones\" \/>\n<meta property=\"article:publisher\" content=\"https:\/\/www.facebook.com\/waracomunicaciones2017\" \/>\n<meta property=\"article:published_time\" content=\"2025-07-15T14:21:01+00:00\" \/>\n<meta property=\"article:modified_time\" content=\"2025-07-24T05:21:11+00:00\" \/>\n<meta property=\"og:image\" content=\"https:\/\/waracomunicaciones.com\/wp-content\/uploads\/2025\/07\/Proyecto-nuevo-6.webp\" \/>\n\t<meta property=\"og:image:width\" content=\"1640\" \/>\n\t<meta property=\"og:image:height\" content=\"856\" \/>\n\t<meta property=\"og:image:type\" content=\"image\/webp\" \/>\n<meta name=\"author\" content=\"admin\" \/>\n<meta name=\"twitter:card\" content=\"summary_large_image\" \/>\n<meta name=\"twitter:label1\" content=\"Escrito por\" \/>\n\t<meta name=\"twitter:data1\" content=\"admin\" \/>\n\t<meta name=\"twitter:label2\" content=\"Tiempo de lectura\" \/>\n\t<meta name=\"twitter:data2\" content=\"2 minutos\" \/>\n<script type=\"application\/ld+json\" class=\"yoast-schema-graph\">{\"@context\":\"https:\/\/schema.org\",\"@graph\":[{\"@type\":\"Article\",\"@id\":\"https:\/\/waracomunicaciones.com\/?p=62#article\",\"isPartOf\":{\"@id\":\"https:\/\/waracomunicaciones.com\/?p=62\"},\"author\":{\"name\":\"admin\",\"@id\":\"https:\/\/waracomunicaciones.com\/#\/schema\/person\/e9db934bc91575cc71fe584c5973244a\"},\"headline\":\"Gabriela Guti\u00e9rrez critica la falta de acci\u00f3n de exdiputados del MAS y pide renovaci\u00f3n real en la pol\u00edtica\",\"datePublished\":\"2025-07-15T14:21:01+00:00\",\"dateModified\":\"2025-07-24T05:21:11+00:00\",\"mainEntityOfPage\":{\"@id\":\"https:\/\/waracomunicaciones.com\/?p=62\"},\"wordCount\":452,\"commentCount\":0,\"publisher\":{\"@id\":\"https:\/\/waracomunicaciones.com\/#organization\"},\"image\":{\"@id\":\"https:\/\/waracomunicaciones.com\/?p=62#primaryimage\"},\"thumbnailUrl\":\"https:\/\/waracomunicaciones.com\/wp-content\/uploads\/2025\/07\/Proyecto-nuevo-6.webp\",\"keywords\":[\"Gabriela Guti\u00e9rrez\",\"MAS\",\"Pol\u00edtica\"],\"articleSection\":[\"LOCAL\"],\"inLanguage\":\"es\",\"potentialAction\":[{\"@type\":\"CommentAction\",\"name\":\"Comment\",\"target\":[\"https:\/\/waracomunicaciones.com\/?p=62#respond\"]}]},{\"@type\":\"WebPage\",\"@id\":\"https:\/\/waracomunicaciones.com\/?p=62\",\"url\":\"https:\/\/waracomunicaciones.com\/?p=62\",\"name\":\"Gabriela Guti\u00e9rrez critica la falta de acci\u00f3n de exdiputados del MAS y pide renovaci\u00f3n real en la pol\u00edtica - Wara Comunicaciones\",\"isPartOf\":{\"@id\":\"https:\/\/waracomunicaciones.com\/#website\"},\"primaryImageOfPage\":{\"@id\":\"https:\/\/waracomunicaciones.com\/?p=62#primaryimage\"},\"image\":{\"@id\":\"https:\/\/waracomunicaciones.com\/?p=62#primaryimage\"},\"thumbnailUrl\":\"https:\/\/waracomunicaciones.com\/wp-content\/uploads\/2025\/07\/Proyecto-nuevo-6.webp\",\"datePublished\":\"2025-07-15T14:21:01+00:00\",\"dateModified\":\"2025-07-24T05:21:11+00:00\",\"breadcrumb\":{\"@id\":\"https:\/\/waracomunicaciones.com\/?p=62#breadcrumb\"},\"inLanguage\":\"es\",\"potentialAction\":[{\"@type\":\"ReadAction\",\"target\":[\"https:\/\/waracomunicaciones.com\/?p=62\"]}]},{\"@type\":\"ImageObject\",\"inLanguage\":\"es\",\"@id\":\"https:\/\/waracomunicaciones.com\/?p=62#primaryimage\",\"url\":\"https:\/\/waracomunicaciones.com\/wp-content\/uploads\/2025\/07\/Proyecto-nuevo-6.webp\",\"contentUrl\":\"https:\/\/waracomunicaciones.com\/wp-content\/uploads\/2025\/07\/Proyecto-nuevo-6.webp\",\"width\":1640,\"height\":856},{\"@type\":\"BreadcrumbList\",\"@id\":\"https:\/\/waracomunicaciones.com\/?p=62#breadcrumb\",\"itemListElement\":[{\"@type\":\"ListItem\",\"position\":1,\"name\":\"Portada\",\"item\":\"https:\/\/waracomunicaciones.com\/\"},{\"@type\":\"ListItem\",\"position\":2,\"name\":\"Gabriela Guti\u00e9rrez critica la falta de acci\u00f3n de exdiputados del MAS y pide renovaci\u00f3n real en la pol\u00edtica\"}]},{\"@type\":\"WebSite\",\"@id\":\"https:\/\/waracomunicaciones.com\/#website\",\"url\":\"https:\/\/waracomunicaciones.com\/\",\"name\":\"Wara Comunicaciones\",\"description\":\"\",\"publisher\":{\"@id\":\"https:\/\/waracomunicaciones.com\/#organization\"},\"potentialAction\":[{\"@type\":\"SearchAction\",\"target\":{\"@type\":\"EntryPoint\",\"urlTemplate\":\"https:\/\/waracomunicaciones.com\/?s={search_term_string}\"},\"query-input\":{\"@type\":\"PropertyValueSpecification\",\"valueRequired\":true,\"valueName\":\"search_term_string\"}}],\"inLanguage\":\"es\"},{\"@type\":\"Organization\",\"@id\":\"https:\/\/waracomunicaciones.com\/#organization\",\"name\":\"Wara Comunicaciones\",\"url\":\"https:\/\/waracomunicaciones.com\/\",\"logo\":{\"@type\":\"ImageObject\",\"inLanguage\":\"es\",\"@id\":\"https:\/\/waracomunicaciones.com\/#\/schema\/logo\/image\/\",\"url\":\"https:\/\/waracomunicaciones.com\/wp-content\/uploads\/2025\/07\/logo.png\",\"contentUrl\":\"https:\/\/waracomunicaciones.com\/wp-content\/uploads\/2025\/07\/logo.png\",\"width\":400,\"height\":164,\"caption\":\"Wara Comunicaciones\"},\"image\":{\"@id\":\"https:\/\/waracomunicaciones.com\/#\/schema\/logo\/image\/\"},\"sameAs\":[\"https:\/\/www.facebook.com\/waracomunicaciones2017\"]},{\"@type\":\"Person\",\"@id\":\"https:\/\/waracomunicaciones.com\/#\/schema\/person\/e9db934bc91575cc71fe584c5973244a\",\"name\":\"admin\",\"image\":{\"@type\":\"ImageObject\",\"inLanguage\":\"es\",\"@id\":\"https:\/\/waracomunicaciones.com\/#\/schema\/person\/image\/\",\"url\":\"https:\/\/secure.gravatar.com\/avatar\/bf27e9186df568254093afa216f887fece17605302c6ff12f3980422fffa52e6?s=96&d=mm&r=g\",\"contentUrl\":\"https:\/\/secure.gravatar.com\/avatar\/bf27e9186df568254093afa216f887fece17605302c6ff12f3980422fffa52e6?s=96&d=mm&r=g\",\"caption\":\"admin\"},\"sameAs\":[\"https:\/\/waracomunicaciones.com\/wp\"],\"url\":\"https:\/\/waracomunicaciones.com\/?author=1\"}]}<\/script>\n<!-- \/ Yoast SEO Premium plugin. -->","yoast_head_json":{"title":"Gabriela Guti\u00e9rrez critica la falta de acci\u00f3n de exdiputados del MAS y pide renovaci\u00f3n real en la pol\u00edtica - Wara Comunicaciones","robots":{"index":"index","follow":"follow","max-snippet":"max-snippet:-1","max-image-preview":"max-image-preview:large","max-video-preview":"max-video-preview:-1"},"canonical":"https:\/\/waracomunicaciones.com\/?p=62","og_locale":"es_ES","og_type":"article","og_title":"Gabriela Guti\u00e9rrez critica la falta de acci\u00f3n de exdiputados del MAS y pide renovaci\u00f3n real en la pol\u00edtica","og_description":"Montero,\u00a0\u2014 En una entrevista ofrecida este martes, Gabriela Guti\u00e9rrez, ex subgobernadora de la provincia Obispo Santistevan, expres\u00f3 su preocupaci\u00f3n por el desempe\u00f1o de los parlamentarios salientes del Movimiento al Socialismo (MAS) y advirti\u00f3 sobre la necesidad urgente de que los nuevos candidatos tengan independencia de criterio y visi\u00f3n de pa\u00eds.","og_url":"https:\/\/waracomunicaciones.com\/?p=62","og_site_name":"Wara Comunicaciones","article_publisher":"https:\/\/www.facebook.com\/waracomunicaciones2017","article_published_time":"2025-07-15T14:21:01+00:00","article_modified_time":"2025-07-24T05:21:11+00:00","og_image":[{"width":1640,"height":856,"url":"https:\/\/waracomunicaciones.com\/wp-content\/uploads\/2025\/07\/Proyecto-nuevo-6.webp","type":"image\/webp"}],"author":"admin","twitter_card":"summary_large_image","twitter_misc":{"Escrito por":"admin","Tiempo de lectura":"2 minutos"},"schema":{"@context":"https:\/\/schema.org","@graph":[{"@type":"Article","@id":"https:\/\/waracomunicaciones.com\/?p=62#article","isPartOf":{"@id":"https:\/\/waracomunicaciones.com\/?p=62"},"author":{"name":"admin","@id":"https:\/\/waracomunicaciones.com\/#\/schema\/person\/e9db934bc91575cc71fe584c5973244a"},"headline":"Gabriela Guti\u00e9rrez critica la falta de acci\u00f3n de exdiputados del MAS y pide renovaci\u00f3n real en la pol\u00edtica","datePublished":"2025-07-15T14:21:01+00:00","dateModified":"2025-07-24T05:21:11+00:00","mainEntityOfPage":{"@id":"https:\/\/waracomunicaciones.com\/?p=62"},"wordCount":452,"commentCount":0,"publisher":{"@id":"https:\/\/waracomunicaciones.com\/#organization"},"image":{"@id":"https:\/\/waracomunicaciones.com\/?p=62#primaryimage"},"thumbnailUrl":"https:\/\/waracomunicaciones.com\/wp-content\/uploads\/2025\/07\/Proyecto-nuevo-6.webp","keywords":["Gabriela Guti\u00e9rrez","MAS","Pol\u00edtica"],"articleSection":["LOCAL"],"inLanguage":"es","potentialAction":[{"@type":"CommentAction","name":"Comment","target":["https:\/\/waracomunicaciones.com\/?p=62#respond"]}]},{"@type":"WebPage","@id":"https:\/\/waracomunicaciones.com\/?p=62","url":"https:\/\/waracomunicaciones.com\/?p=62","name":"Gabriela Guti\u00e9rrez critica la falta de acci\u00f3n de exdiputados del MAS y pide renovaci\u00f3n real en la pol\u00edtica - Wara Comunicaciones","isPartOf":{"@id":"https:\/\/waracomunicaciones.com\/#website"},"primaryImageOfPage":{"@id":"https:\/\/waracomunicaciones.com\/?p=62#primaryimage"},"image":{"@id":"https:\/\/waracomunicaciones.com\/?p=62#primaryimage"},"thumbnailUrl":"https:\/\/waracomunicaciones.com\/wp-content\/uploads\/2025\/07\/Proyecto-nuevo-6.webp","datePublished":"2025-07-15T14:21:01+00:00","dateModified":"2025-07-24T05:21:11+00:00","breadcrumb":{"@id":"https:\/\/waracomunicaciones.com\/?p=62#breadcrumb"},"inLanguage":"es","potentialAction":[{"@type":"ReadAction","target":["https:\/\/waracomunicaciones.com\/?p=62"]}]},{"@type":"ImageObject","inLanguage":"es","@id":"https:\/\/waracomunicaciones.com\/?p=62#primaryimage","url":"https:\/\/waracomunicaciones.com\/wp-content\/uploads\/2025\/07\/Proyecto-nuevo-6.webp","contentUrl":"https:\/\/waracomunicaciones.com\/wp-content\/uploads\/2025\/07\/Proyecto-nuevo-6.webp","width":1640,"height":856},{"@type":"BreadcrumbList","@id":"https:\/\/waracomunicaciones.com\/?p=62#breadcrumb","itemListElement":[{"@type":"ListItem","position":1,"name":"Portada","item":"https:\/\/waracomunicaciones.com\/"},{"@type":"ListItem","position":2,"name":"Gabriela Guti\u00e9rrez critica la falta de acci\u00f3n de exdiputados del MAS y pide renovaci\u00f3n real en la pol\u00edtica"}]},{"@type":"WebSite","@id":"https:\/\/waracomunicaciones.com\/#website","url":"https:\/\/waracomunicaciones.com\/","name":"Wara Comunicaciones","description":"","publisher":{"@id":"https:\/\/waracomunicaciones.com\/#organization"},"potentialAction":[{"@type":"SearchAction","target":{"@type":"EntryPoint","urlTemplate":"https:\/\/waracomunicaciones.com\/?s={search_term_string}"},"query-input":{"@type":"PropertyValueSpecification","valueRequired":true,"valueName":"search_term_string"}}],"inLanguage":"es"},{"@type":"Organization","@id":"https:\/\/waracomunicaciones.com\/#organization","name":"Wara Comunicaciones","url":"https:\/\/waracomunicaciones.com\/","logo":{"@type":"ImageObject","inLanguage":"es","@id":"https:\/\/waracomunicaciones.com\/#\/schema\/logo\/image\/","url":"https:\/\/waracomunicaciones.com\/wp-content\/uploads\/2025\/07\/logo.png","contentUrl":"https:\/\/waracomunicaciones.com\/wp-content\/uploads\/2025\/07\/logo.png","width":400,"height":164,"caption":"Wara Comunicaciones"},"image":{"@id":"https:\/\/waracomunicaciones.com\/#\/schema\/logo\/image\/"},"sameAs":["https:\/\/www.facebook.com\/waracomunicaciones2017"]},{"@type":"Person","@id":"https:\/\/waracomunicaciones.com\/#\/schema\/person\/e9db934bc91575cc71fe584c5973244a","name":"admin","image":{"@type":"ImageObject","inLanguage":"es","@id":"https:\/\/waracomunicaciones.com\/#\/schema\/person\/image\/","url":"https:\/\/secure.gravatar.com\/avatar\/bf27e9186df568254093afa216f887fece17605302c6ff12f3980422fffa52e6?s=96&d=mm&r=g","contentUrl":"https:\/\/secure.gravatar.com\/avatar\/bf27e9186df568254093afa216f887fece17605302c6ff12f3980422fffa52e6?s=96&d=mm&r=g","caption":"admin"},"sameAs":["https:\/\/waracomunicaciones.com\/wp"],"url":"https:\/\/waracomunicaciones.com\/?author=1"}]}},"_links":{"self":[{"href":"https:\/\/waracomunicaciones.com\/index.php?rest_route=\/wp\/v2\/posts\/62","targetHints":{"allow":["GET"]}}],"collection":[{"href":"https:\/\/waracomunicaciones.com\/index.php?rest_route=\/wp\/v2\/posts"}],"about":[{"href":"https:\/\/waracomunicaciones.com\/index.php?rest_route=\/wp\/v2\/types\/post"}],"author":[{"embeddable":true,"href":"https:\/\/waracomunicaciones.com\/index.php?rest_route=\/wp\/v2\/users\/1"}],"replies":[{"embeddable":true,"href":"https:\/\/waracomunicaciones.com\/index.php?rest_route=%2Fwp%2Fv2%2Fcomments&post=62"}],"version-history":[{"count":1,"href":"https:\/\/waracomunicaciones.com\/index.php?rest_route=\/wp\/v2\/posts\/62\/revisions"}],"predecessor-version":[{"id":64,"href":"https:\/\/waracomunicaciones.com\/index.php?rest_route=\/wp\/v2\/posts\/62\/revisions\/64"}],"wp:featuredmedia":[{"embeddable":true,"href":"https:\/\/waracomunicaciones.com\/index.php?rest_route=\/wp\/v2\/media\/63"}],"wp:attachment":[{"href":"https:\/\/waracomunicaciones.com\/index.php?rest_route=%2Fwp%2Fv2%2Fmedia&parent=62"}],"wp:term":[{"taxonomy":"category","embeddable":true,"href":"https:\/\/waracomunicaciones.com\/index.php?rest_route=%2Fwp%2Fv2%2Fcategories&post=62"},{"taxonomy":"post_tag","embeddable":true,"href":"https:\/\/waracomunicaciones.com\/index.php?rest_route=%2Fwp%2Fv2%2Ftags&post=62"}],"curies":[{"name":"wp","href":"https:\/\/api.w.org\/{rel}","templated":true}]}}