{"id":618,"date":"2025-09-05T11:15:05","date_gmt":"2025-09-05T15:15:05","guid":{"rendered":"https:\/\/waracomunicaciones.com\/?p=618"},"modified":"2025-09-05T11:15:11","modified_gmt":"2025-09-05T15:15:11","slug":"diputada-deisy-choque-llama-a-la-autocritica-dentro-del-mas-y-se-mantiene-al-margen-de-apoyos-en-el-balotaje","status":"publish","type":"post","link":"https:\/\/waracomunicaciones.com\/?p=618","title":{"rendered":"Diputada Deisy Choque llama a la autocr\u00edtica dentro del MAS y se mantiene al margen de apoyos en el balotaje"},"content":{"rendered":"\n<figure class=\"wp-block-image size-full\"><img loading=\"lazy\" decoding=\"async\" width=\"1000\" height=\"666\" src=\"https:\/\/waracomunicaciones.com\/wp-content\/uploads\/2025\/09\/debb.webp\" alt=\"\" class=\"wp-image-619\" srcset=\"https:\/\/waracomunicaciones.com\/wp-content\/uploads\/2025\/09\/debb.webp 1000w, https:\/\/waracomunicaciones.com\/wp-content\/uploads\/2025\/09\/debb-300x200.webp 300w, https:\/\/waracomunicaciones.com\/wp-content\/uploads\/2025\/09\/debb-768x511.webp 768w\" sizes=\"auto, (max-width: 1000px) 100vw, 1000px\" \/><figcaption class=\"wp-element-caption\"><em>Deisy Choque diputada nacional &#8211; Foto Facebook<\/em><\/figcaption><\/figure>\n\n\n<p><strong><b>Montero, <\/b><\/strong>\u00a0\u2013 En una reciente entrevista, la diputada <strong><b>Daisy Choque<\/b><\/strong>\u00a0se pronunci\u00f3 sobre la coyuntura pol\u00edtica actual, el futuro del Movimiento al Socialismo (MAS-IPSP), la posible reaparici\u00f3n pol\u00edtica de Evo Morales, y su propio rol una vez concluya su gesti\u00f3n parlamentaria el pr\u00f3ximo 8 de noviembre.<\/p>\n<p>Frente a la posibilidad de que el expresidente Evo Morales impulse la creaci\u00f3n de una nueva organizaci\u00f3n pol\u00edtica, Choque fue clara al se\u00f1alar que el <strong><b>MAS necesita una profunda reestructuraci\u00f3n<\/b><\/strong>. \u201cEs importante la renovaci\u00f3n con una dirigencia que piense en el pueblo y no en intereses personales. Extra\u00f1o esa dirigencia que actuaba pensando en las necesidades reales de la gente\u201d, declar\u00f3.<\/p>\n<p>Sobre su futuro pol\u00edtico, Choque aclar\u00f3 que no tiene planes inmediatos de continuar en cargos p\u00fablicos. \u201cHoy por hoy, mi prioridad es terminar con responsabilidad mi gesti\u00f3n. No apunto a nada m\u00e1s, depender\u00e1 mucho de c\u00f3mo se mueva toda la estructura del MAS\u201d, afirm\u00f3, dejando abierta la puerta a una posible pausa en su actividad pol\u00edtica.<\/p>\n<p><strong><b>Cr\u00edticas a alianzas y discursos populistas<\/b><\/strong><\/p>\n<p>La diputada tambi\u00e9n advirti\u00f3 sobre aparentes alianzas entre sectores tradicionalmente opuestos, como la presunta cercan\u00eda entre Evo Morales y Edmund Lara, o el apoyo de Luis Fernando Camacho a Rodrigo Paz. \u201cLa pol\u00edtica es peor que el ajedrez. Aqu\u00ed no sabes qui\u00e9n hace acuerdo con qui\u00e9n\u201d, manifest\u00f3. \u201cCamacho apoya a Lara porque si gana Tuto, se fortalece Velasco en Santa Cruz, y eso le resta poder\u201d, a\u00f1adi\u00f3.<\/p>\n<p>Cuestion\u00f3 adem\u00e1s el discurso de candidatos como Lara, a quien acus\u00f3 de hacer \u201cpropuestas populistas sin sustento t\u00e9cnico\u201d, y se\u00f1al\u00f3 contradicciones en su postura anticorrupci\u00f3n. \u201cDice que va a meter presos a todos, pero se descubre que su entorno est\u00e1 ligado a personajes investigados por lavado de dinero y tr\u00e1fico de combustible\u201d, denunci\u00f3.<\/p>\n<p><strong><b>Distancia frente al balotaje y llamado a la reflexi\u00f3n<\/b><\/strong><\/p>\n<p>Con la segunda vuelta electoral en puertas, Choque ratific\u00f3 su <strong><b>neutralidad frente a los candidatos Tuto Quiroga y Rodrigo Paz<\/b><\/strong>, a quienes considera representantes de la derecha. \u201cNo puedo asumir postura por ninguno de los dos. Para m\u00ed, los dos representan lo mismo, y como militante de un instrumento de izquierda, lo mejor que puedo hacer es mantenerme al margen\u201d, dijo.<\/p>\n<p>Finalmente, hizo un llamado a la autocr\u00edtica y a la reconstrucci\u00f3n del proyecto pol\u00edtico del MAS: \u201cSalvamos la sigla casi de milagro. Si no era por el voto nulo, no s\u00e9 qu\u00e9 hubiera pasado. Hay que escuchar al pueblo, que una vez m\u00e1s nos manda un mensaje claro\u201d, concluy\u00f3.<\/p><div style=\"margin-top: 0px; margin-bottom: 0px;\" class=\"sharethis-inline-reaction-buttons\" ><\/div>","protected":false},"excerpt":{"rendered":"<p>Montero, \u00a0\u2013 En una reciente entrevista, la diputada Daisy Choque\u00a0se pronunci\u00f3 sobre la coyuntura pol\u00edtica actual, el futuro del Movimiento al Socialismo (MAS-IPSP), la posible reaparici\u00f3n pol\u00edtica de Evo Morales, y su propio rol una vez concluya su gesti\u00f3n parlamentaria el pr\u00f3ximo 8 de noviembre. Frente a la posibilidad de que el expresidente Evo Morales [&hellip;]<\/p>\n","protected":false},"author":1,"featured_media":619,"comment_status":"open","ping_status":"open","sticky":false,"template":"","format":"standard","meta":{"footnotes":""},"categories":[47],"tags":[166,12,9],"class_list":["post-618","post","type-post","status-publish","format-standard","has-post-thumbnail","hentry","category-politica-nacional","tag-balotaje","tag-deisy-choque","tag-mas"],"yoast_head":"<!-- This site is optimized with the Yoast SEO Premium plugin v25.5 (Yoast SEO v27.1.1) - https:\/\/yoast.com\/product\/yoast-seo-premium-wordpress\/ -->\n<title>Diputada Deisy Choque llama a la autocr\u00edtica dentro del MAS y se mantiene al margen de apoyos en el balotaje - Wara Comunicaciones<\/title>\n<meta name=\"robots\" content=\"index, follow, max-snippet:-1, max-image-preview:large, max-video-preview:-1\" \/>\n<link rel=\"canonical\" href=\"https:\/\/waracomunicaciones.com\/?p=618\" \/>\n<meta property=\"og:locale\" content=\"es_ES\" \/>\n<meta property=\"og:type\" content=\"article\" \/>\n<meta property=\"og:title\" content=\"Diputada Deisy Choque llama a la autocr\u00edtica dentro del MAS y se mantiene al margen de apoyos en el balotaje\" \/>\n<meta property=\"og:description\" content=\"Montero, \u00a0\u2013 En una reciente entrevista, la diputada Daisy Choque\u00a0se pronunci\u00f3 sobre la coyuntura pol\u00edtica actual, el futuro del Movimiento al Socialismo (MAS-IPSP), la posible reaparici\u00f3n pol\u00edtica de Evo Morales, y su propio rol una vez concluya su gesti\u00f3n parlamentaria el pr\u00f3ximo 8 de noviembre. Frente a la posibilidad de que el expresidente Evo Morales [&hellip;]\" \/>\n<meta property=\"og:url\" content=\"https:\/\/waracomunicaciones.com\/?p=618\" \/>\n<meta property=\"og:site_name\" content=\"Wara Comunicaciones\" \/>\n<meta property=\"article:publisher\" content=\"https:\/\/www.facebook.com\/waracomunicaciones2017\" \/>\n<meta property=\"article:published_time\" content=\"2025-09-05T15:15:05+00:00\" \/>\n<meta property=\"article:modified_time\" content=\"2025-09-05T15:15:11+00:00\" \/>\n<meta property=\"og:image\" content=\"https:\/\/waracomunicaciones.com\/wp-content\/uploads\/2025\/09\/debb.webp\" \/>\n\t<meta property=\"og:image:width\" content=\"1000\" \/>\n\t<meta property=\"og:image:height\" content=\"666\" \/>\n\t<meta property=\"og:image:type\" content=\"image\/webp\" \/>\n<meta name=\"author\" content=\"admin\" \/>\n<meta name=\"twitter:card\" content=\"summary_large_image\" \/>\n<meta name=\"twitter:label1\" content=\"Escrito por\" \/>\n\t<meta name=\"twitter:data1\" content=\"admin\" \/>\n\t<meta name=\"twitter:label2\" content=\"Tiempo de lectura\" \/>\n\t<meta name=\"twitter:data2\" content=\"3 minutos\" \/>\n<script type=\"application\/ld+json\" class=\"yoast-schema-graph\">{\"@context\":\"https:\/\/schema.org\",\"@graph\":[{\"@type\":\"Article\",\"@id\":\"https:\/\/waracomunicaciones.com\/?p=618#article\",\"isPartOf\":{\"@id\":\"https:\/\/waracomunicaciones.com\/?p=618\"},\"author\":{\"name\":\"admin\",\"@id\":\"https:\/\/waracomunicaciones.com\/#\/schema\/person\/e9db934bc91575cc71fe584c5973244a\"},\"headline\":\"Diputada Deisy Choque llama a la autocr\u00edtica dentro del MAS y se mantiene al margen de apoyos en el balotaje\",\"datePublished\":\"2025-09-05T15:15:05+00:00\",\"dateModified\":\"2025-09-05T15:15:11+00:00\",\"mainEntityOfPage\":{\"@id\":\"https:\/\/waracomunicaciones.com\/?p=618\"},\"wordCount\":469,\"commentCount\":0,\"publisher\":{\"@id\":\"https:\/\/waracomunicaciones.com\/#organization\"},\"image\":{\"@id\":\"https:\/\/waracomunicaciones.com\/?p=618#primaryimage\"},\"thumbnailUrl\":\"https:\/\/waracomunicaciones.com\/wp-content\/uploads\/2025\/09\/debb.webp\",\"keywords\":[\"Balotaje\",\"Deisy Choque\",\"MAS\"],\"articleSection\":[\"Pol\u00edtica\"],\"inLanguage\":\"es\",\"potentialAction\":[{\"@type\":\"CommentAction\",\"name\":\"Comment\",\"target\":[\"https:\/\/waracomunicaciones.com\/?p=618#respond\"]}]},{\"@type\":\"WebPage\",\"@id\":\"https:\/\/waracomunicaciones.com\/?p=618\",\"url\":\"https:\/\/waracomunicaciones.com\/?p=618\",\"name\":\"Diputada Deisy Choque llama a la autocr\u00edtica dentro del MAS y se mantiene al margen de apoyos en el balotaje - Wara Comunicaciones\",\"isPartOf\":{\"@id\":\"https:\/\/waracomunicaciones.com\/#website\"},\"primaryImageOfPage\":{\"@id\":\"https:\/\/waracomunicaciones.com\/?p=618#primaryimage\"},\"image\":{\"@id\":\"https:\/\/waracomunicaciones.com\/?p=618#primaryimage\"},\"thumbnailUrl\":\"https:\/\/waracomunicaciones.com\/wp-content\/uploads\/2025\/09\/debb.webp\",\"datePublished\":\"2025-09-05T15:15:05+00:00\",\"dateModified\":\"2025-09-05T15:15:11+00:00\",\"breadcrumb\":{\"@id\":\"https:\/\/waracomunicaciones.com\/?p=618#breadcrumb\"},\"inLanguage\":\"es\",\"potentialAction\":[{\"@type\":\"ReadAction\",\"target\":[\"https:\/\/waracomunicaciones.com\/?p=618\"]}]},{\"@type\":\"ImageObject\",\"inLanguage\":\"es\",\"@id\":\"https:\/\/waracomunicaciones.com\/?p=618#primaryimage\",\"url\":\"https:\/\/waracomunicaciones.com\/wp-content\/uploads\/2025\/09\/debb.webp\",\"contentUrl\":\"https:\/\/waracomunicaciones.com\/wp-content\/uploads\/2025\/09\/debb.webp\",\"width\":1000,\"height\":666},{\"@type\":\"BreadcrumbList\",\"@id\":\"https:\/\/waracomunicaciones.com\/?p=618#breadcrumb\",\"itemListElement\":[{\"@type\":\"ListItem\",\"position\":1,\"name\":\"Portada\",\"item\":\"https:\/\/waracomunicaciones.com\/\"},{\"@type\":\"ListItem\",\"position\":2,\"name\":\"Diputada Deisy Choque llama a la autocr\u00edtica dentro del MAS y se mantiene al margen de apoyos en el balotaje\"}]},{\"@type\":\"WebSite\",\"@id\":\"https:\/\/waracomunicaciones.com\/#website\",\"url\":\"https:\/\/waracomunicaciones.com\/\",\"name\":\"Wara Comunicaciones\",\"description\":\"\",\"publisher\":{\"@id\":\"https:\/\/waracomunicaciones.com\/#organization\"},\"potentialAction\":[{\"@type\":\"SearchAction\",\"target\":{\"@type\":\"EntryPoint\",\"urlTemplate\":\"https:\/\/waracomunicaciones.com\/?s={search_term_string}\"},\"query-input\":{\"@type\":\"PropertyValueSpecification\",\"valueRequired\":true,\"valueName\":\"search_term_string\"}}],\"inLanguage\":\"es\"},{\"@type\":\"Organization\",\"@id\":\"https:\/\/waracomunicaciones.com\/#organization\",\"name\":\"Wara Comunicaciones\",\"url\":\"https:\/\/waracomunicaciones.com\/\",\"logo\":{\"@type\":\"ImageObject\",\"inLanguage\":\"es\",\"@id\":\"https:\/\/waracomunicaciones.com\/#\/schema\/logo\/image\/\",\"url\":\"https:\/\/waracomunicaciones.com\/wp-content\/uploads\/2025\/07\/logo.png\",\"contentUrl\":\"https:\/\/waracomunicaciones.com\/wp-content\/uploads\/2025\/07\/logo.png\",\"width\":400,\"height\":164,\"caption\":\"Wara Comunicaciones\"},\"image\":{\"@id\":\"https:\/\/waracomunicaciones.com\/#\/schema\/logo\/image\/\"},\"sameAs\":[\"https:\/\/www.facebook.com\/waracomunicaciones2017\"]},{\"@type\":\"Person\",\"@id\":\"https:\/\/waracomunicaciones.com\/#\/schema\/person\/e9db934bc91575cc71fe584c5973244a\",\"name\":\"admin\",\"image\":{\"@type\":\"ImageObject\",\"inLanguage\":\"es\",\"@id\":\"https:\/\/waracomunicaciones.com\/#\/schema\/person\/image\/\",\"url\":\"https:\/\/secure.gravatar.com\/avatar\/bf27e9186df568254093afa216f887fece17605302c6ff12f3980422fffa52e6?s=96&d=mm&r=g\",\"contentUrl\":\"https:\/\/secure.gravatar.com\/avatar\/bf27e9186df568254093afa216f887fece17605302c6ff12f3980422fffa52e6?s=96&d=mm&r=g\",\"caption\":\"admin\"},\"sameAs\":[\"https:\/\/waracomunicaciones.com\/wp\"],\"url\":\"https:\/\/waracomunicaciones.com\/?author=1\"}]}<\/script>\n<!-- \/ Yoast SEO Premium plugin. -->","yoast_head_json":{"title":"Diputada Deisy Choque llama a la autocr\u00edtica dentro del MAS y se mantiene al margen de apoyos en el balotaje - Wara Comunicaciones","robots":{"index":"index","follow":"follow","max-snippet":"max-snippet:-1","max-image-preview":"max-image-preview:large","max-video-preview":"max-video-preview:-1"},"canonical":"https:\/\/waracomunicaciones.com\/?p=618","og_locale":"es_ES","og_type":"article","og_title":"Diputada Deisy Choque llama a la autocr\u00edtica dentro del MAS y se mantiene al margen de apoyos en el balotaje","og_description":"Montero, \u00a0\u2013 En una reciente entrevista, la diputada Daisy Choque\u00a0se pronunci\u00f3 sobre la coyuntura pol\u00edtica actual, el futuro del Movimiento al Socialismo (MAS-IPSP), la posible reaparici\u00f3n pol\u00edtica de Evo Morales, y su propio rol una vez concluya su gesti\u00f3n parlamentaria el pr\u00f3ximo 8 de noviembre. Frente a la posibilidad de que el expresidente Evo Morales [&hellip;]","og_url":"https:\/\/waracomunicaciones.com\/?p=618","og_site_name":"Wara Comunicaciones","article_publisher":"https:\/\/www.facebook.com\/waracomunicaciones2017","article_published_time":"2025-09-05T15:15:05+00:00","article_modified_time":"2025-09-05T15:15:11+00:00","og_image":[{"width":1000,"height":666,"url":"https:\/\/waracomunicaciones.com\/wp-content\/uploads\/2025\/09\/debb.webp","type":"image\/webp"}],"author":"admin","twitter_card":"summary_large_image","twitter_misc":{"Escrito por":"admin","Tiempo de lectura":"3 minutos"},"schema":{"@context":"https:\/\/schema.org","@graph":[{"@type":"Article","@id":"https:\/\/waracomunicaciones.com\/?p=618#article","isPartOf":{"@id":"https:\/\/waracomunicaciones.com\/?p=618"},"author":{"name":"admin","@id":"https:\/\/waracomunicaciones.com\/#\/schema\/person\/e9db934bc91575cc71fe584c5973244a"},"headline":"Diputada Deisy Choque llama a la autocr\u00edtica dentro del MAS y se mantiene al margen de apoyos en el balotaje","datePublished":"2025-09-05T15:15:05+00:00","dateModified":"2025-09-05T15:15:11+00:00","mainEntityOfPage":{"@id":"https:\/\/waracomunicaciones.com\/?p=618"},"wordCount":469,"commentCount":0,"publisher":{"@id":"https:\/\/waracomunicaciones.com\/#organization"},"image":{"@id":"https:\/\/waracomunicaciones.com\/?p=618#primaryimage"},"thumbnailUrl":"https:\/\/waracomunicaciones.com\/wp-content\/uploads\/2025\/09\/debb.webp","keywords":["Balotaje","Deisy Choque","MAS"],"articleSection":["Pol\u00edtica"],"inLanguage":"es","potentialAction":[{"@type":"CommentAction","name":"Comment","target":["https:\/\/waracomunicaciones.com\/?p=618#respond"]}]},{"@type":"WebPage","@id":"https:\/\/waracomunicaciones.com\/?p=618","url":"https:\/\/waracomunicaciones.com\/?p=618","name":"Diputada Deisy Choque llama a la autocr\u00edtica dentro del MAS y se mantiene al margen de apoyos en el balotaje - Wara Comunicaciones","isPartOf":{"@id":"https:\/\/waracomunicaciones.com\/#website"},"primaryImageOfPage":{"@id":"https:\/\/waracomunicaciones.com\/?p=618#primaryimage"},"image":{"@id":"https:\/\/waracomunicaciones.com\/?p=618#primaryimage"},"thumbnailUrl":"https:\/\/waracomunicaciones.com\/wp-content\/uploads\/2025\/09\/debb.webp","datePublished":"2025-09-05T15:15:05+00:00","dateModified":"2025-09-05T15:15:11+00:00","breadcrumb":{"@id":"https:\/\/waracomunicaciones.com\/?p=618#breadcrumb"},"inLanguage":"es","potentialAction":[{"@type":"ReadAction","target":["https:\/\/waracomunicaciones.com\/?p=618"]}]},{"@type":"ImageObject","inLanguage":"es","@id":"https:\/\/waracomunicaciones.com\/?p=618#primaryimage","url":"https:\/\/waracomunicaciones.com\/wp-content\/uploads\/2025\/09\/debb.webp","contentUrl":"https:\/\/waracomunicaciones.com\/wp-content\/uploads\/2025\/09\/debb.webp","width":1000,"height":666},{"@type":"BreadcrumbList","@id":"https:\/\/waracomunicaciones.com\/?p=618#breadcrumb","itemListElement":[{"@type":"ListItem","position":1,"name":"Portada","item":"https:\/\/waracomunicaciones.com\/"},{"@type":"ListItem","position":2,"name":"Diputada Deisy Choque llama a la autocr\u00edtica dentro del MAS y se mantiene al margen de apoyos en el balotaje"}]},{"@type":"WebSite","@id":"https:\/\/waracomunicaciones.com\/#website","url":"https:\/\/waracomunicaciones.com\/","name":"Wara Comunicaciones","description":"","publisher":{"@id":"https:\/\/waracomunicaciones.com\/#organization"},"potentialAction":[{"@type":"SearchAction","target":{"@type":"EntryPoint","urlTemplate":"https:\/\/waracomunicaciones.com\/?s={search_term_string}"},"query-input":{"@type":"PropertyValueSpecification","valueRequired":true,"valueName":"search_term_string"}}],"inLanguage":"es"},{"@type":"Organization","@id":"https:\/\/waracomunicaciones.com\/#organization","name":"Wara Comunicaciones","url":"https:\/\/waracomunicaciones.com\/","logo":{"@type":"ImageObject","inLanguage":"es","@id":"https:\/\/waracomunicaciones.com\/#\/schema\/logo\/image\/","url":"https:\/\/waracomunicaciones.com\/wp-content\/uploads\/2025\/07\/logo.png","contentUrl":"https:\/\/waracomunicaciones.com\/wp-content\/uploads\/2025\/07\/logo.png","width":400,"height":164,"caption":"Wara Comunicaciones"},"image":{"@id":"https:\/\/waracomunicaciones.com\/#\/schema\/logo\/image\/"},"sameAs":["https:\/\/www.facebook.com\/waracomunicaciones2017"]},{"@type":"Person","@id":"https:\/\/waracomunicaciones.com\/#\/schema\/person\/e9db934bc91575cc71fe584c5973244a","name":"admin","image":{"@type":"ImageObject","inLanguage":"es","@id":"https:\/\/waracomunicaciones.com\/#\/schema\/person\/image\/","url":"https:\/\/secure.gravatar.com\/avatar\/bf27e9186df568254093afa216f887fece17605302c6ff12f3980422fffa52e6?s=96&d=mm&r=g","contentUrl":"https:\/\/secure.gravatar.com\/avatar\/bf27e9186df568254093afa216f887fece17605302c6ff12f3980422fffa52e6?s=96&d=mm&r=g","caption":"admin"},"sameAs":["https:\/\/waracomunicaciones.com\/wp"],"url":"https:\/\/waracomunicaciones.com\/?author=1"}]}},"_links":{"self":[{"href":"https:\/\/waracomunicaciones.com\/index.php?rest_route=\/wp\/v2\/posts\/618","targetHints":{"allow":["GET"]}}],"collection":[{"href":"https:\/\/waracomunicaciones.com\/index.php?rest_route=\/wp\/v2\/posts"}],"about":[{"href":"https:\/\/waracomunicaciones.com\/index.php?rest_route=\/wp\/v2\/types\/post"}],"author":[{"embeddable":true,"href":"https:\/\/waracomunicaciones.com\/index.php?rest_route=\/wp\/v2\/users\/1"}],"replies":[{"embeddable":true,"href":"https:\/\/waracomunicaciones.com\/index.php?rest_route=%2Fwp%2Fv2%2Fcomments&post=618"}],"version-history":[{"count":1,"href":"https:\/\/waracomunicaciones.com\/index.php?rest_route=\/wp\/v2\/posts\/618\/revisions"}],"predecessor-version":[{"id":620,"href":"https:\/\/waracomunicaciones.com\/index.php?rest_route=\/wp\/v2\/posts\/618\/revisions\/620"}],"wp:featuredmedia":[{"embeddable":true,"href":"https:\/\/waracomunicaciones.com\/index.php?rest_route=\/wp\/v2\/media\/619"}],"wp:attachment":[{"href":"https:\/\/waracomunicaciones.com\/index.php?rest_route=%2Fwp%2Fv2%2Fmedia&parent=618"}],"wp:term":[{"taxonomy":"category","embeddable":true,"href":"https:\/\/waracomunicaciones.com\/index.php?rest_route=%2Fwp%2Fv2%2Fcategories&post=618"},{"taxonomy":"post_tag","embeddable":true,"href":"https:\/\/waracomunicaciones.com\/index.php?rest_route=%2Fwp%2Fv2%2Ftags&post=618"}],"curies":[{"name":"wp","href":"https:\/\/api.w.org\/{rel}","templated":true}]}}