{"id":609,"date":"2025-09-03T11:15:37","date_gmt":"2025-09-03T15:15:37","guid":{"rendered":"https:\/\/waracomunicaciones.com\/?p=609"},"modified":"2025-09-03T11:15:54","modified_gmt":"2025-09-03T15:15:54","slug":"concejala-gilda-veizaga-denuncia-actos-de-discriminacion-durante-sesion-de-honor-por-el-aniversario-de-montero","status":"publish","type":"post","link":"https:\/\/waracomunicaciones.com\/?p=609","title":{"rendered":"Concejala Gilda Veizaga denuncia actos de discriminaci\u00f3n durante Sesi\u00f3n de Honor por el aniversario de Montero"},"content":{"rendered":"\n<figure class=\"wp-block-image size-full\"><img loading=\"lazy\" decoding=\"async\" width=\"808\" height=\"523\" src=\"https:\/\/waracomunicaciones.com\/wp-content\/uploads\/2025\/09\/ckjdjfjjf.png\" alt=\"\" class=\"wp-image-610\" srcset=\"https:\/\/waracomunicaciones.com\/wp-content\/uploads\/2025\/09\/ckjdjfjjf.png 808w, https:\/\/waracomunicaciones.com\/wp-content\/uploads\/2025\/09\/ckjdjfjjf-300x194.png 300w, https:\/\/waracomunicaciones.com\/wp-content\/uploads\/2025\/09\/ckjdjfjjf-768x497.png 768w\" sizes=\"auto, (max-width: 808px) 100vw, 808px\" \/><figcaption class=\"wp-element-caption\"><em>Secci\u00f3n de Honor por el 171 aniversario de la ciudad de Montero<\/em><\/figcaption><\/figure>\n\n\n<p><strong><b>Montero, <\/b><\/strong>\u00a0\u2013 En el marco de los festejos por el <strong><b>171\u00ba aniversario de la ciudad de Montero<\/b><\/strong>, la concejala <strong><b>Gilda Veizaga<\/b><\/strong>\u00a0denunci\u00f3 p\u00fablicamente haber sido v\u00edctima de <strong><b>discriminaci\u00f3n y marginaci\u00f3n<\/b><\/strong>\u00a0durante la <strong><b>Sesi\u00f3n de Honor del Concejo Municipal<\/b><\/strong>, realizada el pasado s\u00e1bado.<!--more--><\/p>\n<p>Durante su participaci\u00f3n en una entrevista radial, Veizaga manifest\u00f3 su malestar por el trato recibido en el acto protocolar, donde, seg\u00fan sus declaraciones, fue ubicada en un lugar poco visible, contrario a lo establecido en el reglamento interno del Concejo. \u201cMe pusieron al rinc\u00f3n, y eso fue premeditado para que no salga en las redes sociales\u201d, declar\u00f3.<\/p>\n<p>La concejala tambi\u00e9n se\u00f1al\u00f3 que este tipo de acciones se repiten constantemente dentro del Concejo, y apunt\u00f3 directamente al presidente del ente deliberante, <strong><b>William Perales<\/b><\/strong>, a quien acusa de liderar un grupo que la ha marginado sistem\u00e1ticamente por no alinearse con ciertas decisiones internas. \u201cDesde que present\u00e9 una demanda contra el presidente Perales, comenzaron las represalias\u201d, afirm\u00f3 Veizaga.<\/p>\n<p>Asimismo, cuestion\u00f3 el uso de recursos p\u00fablicos durante el evento, alegando que tanto ella como otros dirigentes y miembros de la poblaci\u00f3n fueron excluidos del brindis oficial organizado en el edificio del Concejo. \u201cTodo fue preparado con presupuesto del pueblo, y ni siquiera se nos permiti\u00f3 ingresar a compartir un bocadito\u201d, a\u00f1adi\u00f3.<\/p>\n<p>Veizaga tambi\u00e9n denunci\u00f3 una presunta manipulaci\u00f3n en el manejo del personal del Consejo Municipal, afirmando que muchos funcionarios responden \u00fanicamente a las \u00f3rdenes del presidente Perales, y que incluso se le ha impedido aparecer en las redes oficiales de la instituci\u00f3n. \u201cHay una orden expresa para que mi imagen no sea difundida. Se me ha invisibilizado como autoridad\u201d, asegur\u00f3.<\/p>\n<p>Finalmente, la concejala hizo un llamado a la reflexi\u00f3n y pidi\u00f3 que se respete el rol de todos los miembros del Concejo sin distinci\u00f3n pol\u00edtica. \u201cSi as\u00ed se trata a una autoridad electa por el pueblo, \u00bfqu\u00e9 se puede esperar hacia la ciudadan\u00eda?\u201d, concluy\u00f3.<\/p><div style=\"margin-top: 0px; margin-bottom: 0px;\" class=\"sharethis-inline-reaction-buttons\" ><\/div>","protected":false},"excerpt":{"rendered":"<p>Montero, \u00a0\u2013 En el marco de los festejos por el 171\u00ba aniversario de la ciudad de Montero, la concejala Gilda Veizaga\u00a0denunci\u00f3 p\u00fablicamente haber sido v\u00edctima de discriminaci\u00f3n y marginaci\u00f3n\u00a0durante la Sesi\u00f3n de Honor del Concejo Municipal, realizada el pasado s\u00e1bado.<\/p>\n","protected":false},"author":1,"featured_media":610,"comment_status":"open","ping_status":"open","sticky":false,"template":"","format":"standard","meta":{"footnotes":""},"categories":[42],"tags":[162,63,19],"class_list":["post-609","post","type-post","status-publish","format-standard","has-post-thumbnail","hentry","category-politica","tag-discriminacion","tag-guilda-veizaga","tag-montero"],"yoast_head":"<!-- This site is optimized with the Yoast SEO Premium plugin v25.5 (Yoast SEO v27.1.1) - https:\/\/yoast.com\/product\/yoast-seo-premium-wordpress\/ -->\n<title>Concejala Gilda Veizaga denuncia actos de discriminaci\u00f3n durante Sesi\u00f3n de Honor por el aniversario de Montero - Wara Comunicaciones<\/title>\n<meta name=\"robots\" content=\"index, follow, max-snippet:-1, max-image-preview:large, max-video-preview:-1\" \/>\n<link rel=\"canonical\" href=\"https:\/\/waracomunicaciones.com\/?p=609\" \/>\n<meta property=\"og:locale\" content=\"es_ES\" \/>\n<meta property=\"og:type\" content=\"article\" \/>\n<meta property=\"og:title\" content=\"Concejala Gilda Veizaga denuncia actos de discriminaci\u00f3n durante Sesi\u00f3n de Honor por el aniversario de Montero\" \/>\n<meta property=\"og:description\" content=\"Montero, \u00a0\u2013 En el marco de los festejos por el 171\u00ba aniversario de la ciudad de Montero, la concejala Gilda Veizaga\u00a0denunci\u00f3 p\u00fablicamente haber sido v\u00edctima de discriminaci\u00f3n y marginaci\u00f3n\u00a0durante la Sesi\u00f3n de Honor del Concejo Municipal, realizada el pasado s\u00e1bado.\" \/>\n<meta property=\"og:url\" content=\"https:\/\/waracomunicaciones.com\/?p=609\" \/>\n<meta property=\"og:site_name\" content=\"Wara Comunicaciones\" \/>\n<meta property=\"article:publisher\" content=\"https:\/\/www.facebook.com\/waracomunicaciones2017\" \/>\n<meta property=\"article:published_time\" content=\"2025-09-03T15:15:37+00:00\" \/>\n<meta property=\"article:modified_time\" content=\"2025-09-03T15:15:54+00:00\" \/>\n<meta property=\"og:image\" content=\"https:\/\/waracomunicaciones.com\/wp-content\/uploads\/2025\/09\/ckjdjfjjf.png\" \/>\n\t<meta property=\"og:image:width\" content=\"808\" \/>\n\t<meta property=\"og:image:height\" content=\"523\" \/>\n\t<meta property=\"og:image:type\" content=\"image\/png\" \/>\n<meta name=\"author\" content=\"admin\" \/>\n<meta name=\"twitter:card\" content=\"summary_large_image\" \/>\n<meta name=\"twitter:label1\" content=\"Escrito por\" \/>\n\t<meta name=\"twitter:data1\" content=\"admin\" \/>\n\t<meta name=\"twitter:label2\" content=\"Tiempo de lectura\" \/>\n\t<meta name=\"twitter:data2\" content=\"2 minutos\" \/>\n<script type=\"application\/ld+json\" class=\"yoast-schema-graph\">{\"@context\":\"https:\/\/schema.org\",\"@graph\":[{\"@type\":\"Article\",\"@id\":\"https:\/\/waracomunicaciones.com\/?p=609#article\",\"isPartOf\":{\"@id\":\"https:\/\/waracomunicaciones.com\/?p=609\"},\"author\":{\"name\":\"admin\",\"@id\":\"https:\/\/waracomunicaciones.com\/#\/schema\/person\/e9db934bc91575cc71fe584c5973244a\"},\"headline\":\"Concejala Gilda Veizaga denuncia actos de discriminaci\u00f3n durante Sesi\u00f3n de Honor por el aniversario de Montero\",\"datePublished\":\"2025-09-03T15:15:37+00:00\",\"dateModified\":\"2025-09-03T15:15:54+00:00\",\"mainEntityOfPage\":{\"@id\":\"https:\/\/waracomunicaciones.com\/?p=609\"},\"wordCount\":362,\"commentCount\":0,\"publisher\":{\"@id\":\"https:\/\/waracomunicaciones.com\/#organization\"},\"image\":{\"@id\":\"https:\/\/waracomunicaciones.com\/?p=609#primaryimage\"},\"thumbnailUrl\":\"https:\/\/waracomunicaciones.com\/wp-content\/uploads\/2025\/09\/ckjdjfjjf.png\",\"keywords\":[\"Discriminaci\u00f3n\",\"Guilda Veizaga\",\"Montero\"],\"articleSection\":[\"Pol\u00edtica\"],\"inLanguage\":\"es\",\"potentialAction\":[{\"@type\":\"CommentAction\",\"name\":\"Comment\",\"target\":[\"https:\/\/waracomunicaciones.com\/?p=609#respond\"]}]},{\"@type\":\"WebPage\",\"@id\":\"https:\/\/waracomunicaciones.com\/?p=609\",\"url\":\"https:\/\/waracomunicaciones.com\/?p=609\",\"name\":\"Concejala Gilda Veizaga denuncia actos de discriminaci\u00f3n durante Sesi\u00f3n de Honor por el aniversario de Montero - Wara Comunicaciones\",\"isPartOf\":{\"@id\":\"https:\/\/waracomunicaciones.com\/#website\"},\"primaryImageOfPage\":{\"@id\":\"https:\/\/waracomunicaciones.com\/?p=609#primaryimage\"},\"image\":{\"@id\":\"https:\/\/waracomunicaciones.com\/?p=609#primaryimage\"},\"thumbnailUrl\":\"https:\/\/waracomunicaciones.com\/wp-content\/uploads\/2025\/09\/ckjdjfjjf.png\",\"datePublished\":\"2025-09-03T15:15:37+00:00\",\"dateModified\":\"2025-09-03T15:15:54+00:00\",\"breadcrumb\":{\"@id\":\"https:\/\/waracomunicaciones.com\/?p=609#breadcrumb\"},\"inLanguage\":\"es\",\"potentialAction\":[{\"@type\":\"ReadAction\",\"target\":[\"https:\/\/waracomunicaciones.com\/?p=609\"]}]},{\"@type\":\"ImageObject\",\"inLanguage\":\"es\",\"@id\":\"https:\/\/waracomunicaciones.com\/?p=609#primaryimage\",\"url\":\"https:\/\/waracomunicaciones.com\/wp-content\/uploads\/2025\/09\/ckjdjfjjf.png\",\"contentUrl\":\"https:\/\/waracomunicaciones.com\/wp-content\/uploads\/2025\/09\/ckjdjfjjf.png\",\"width\":808,\"height\":523},{\"@type\":\"BreadcrumbList\",\"@id\":\"https:\/\/waracomunicaciones.com\/?p=609#breadcrumb\",\"itemListElement\":[{\"@type\":\"ListItem\",\"position\":1,\"name\":\"Portada\",\"item\":\"https:\/\/waracomunicaciones.com\/\"},{\"@type\":\"ListItem\",\"position\":2,\"name\":\"Concejala Gilda Veizaga denuncia actos de discriminaci\u00f3n durante Sesi\u00f3n de Honor por el aniversario de Montero\"}]},{\"@type\":\"WebSite\",\"@id\":\"https:\/\/waracomunicaciones.com\/#website\",\"url\":\"https:\/\/waracomunicaciones.com\/\",\"name\":\"Wara Comunicaciones\",\"description\":\"\",\"publisher\":{\"@id\":\"https:\/\/waracomunicaciones.com\/#organization\"},\"potentialAction\":[{\"@type\":\"SearchAction\",\"target\":{\"@type\":\"EntryPoint\",\"urlTemplate\":\"https:\/\/waracomunicaciones.com\/?s={search_term_string}\"},\"query-input\":{\"@type\":\"PropertyValueSpecification\",\"valueRequired\":true,\"valueName\":\"search_term_string\"}}],\"inLanguage\":\"es\"},{\"@type\":\"Organization\",\"@id\":\"https:\/\/waracomunicaciones.com\/#organization\",\"name\":\"Wara Comunicaciones\",\"url\":\"https:\/\/waracomunicaciones.com\/\",\"logo\":{\"@type\":\"ImageObject\",\"inLanguage\":\"es\",\"@id\":\"https:\/\/waracomunicaciones.com\/#\/schema\/logo\/image\/\",\"url\":\"https:\/\/waracomunicaciones.com\/wp-content\/uploads\/2025\/07\/logo.png\",\"contentUrl\":\"https:\/\/waracomunicaciones.com\/wp-content\/uploads\/2025\/07\/logo.png\",\"width\":400,\"height\":164,\"caption\":\"Wara Comunicaciones\"},\"image\":{\"@id\":\"https:\/\/waracomunicaciones.com\/#\/schema\/logo\/image\/\"},\"sameAs\":[\"https:\/\/www.facebook.com\/waracomunicaciones2017\"]},{\"@type\":\"Person\",\"@id\":\"https:\/\/waracomunicaciones.com\/#\/schema\/person\/e9db934bc91575cc71fe584c5973244a\",\"name\":\"admin\",\"image\":{\"@type\":\"ImageObject\",\"inLanguage\":\"es\",\"@id\":\"https:\/\/waracomunicaciones.com\/#\/schema\/person\/image\/\",\"url\":\"https:\/\/secure.gravatar.com\/avatar\/bf27e9186df568254093afa216f887fece17605302c6ff12f3980422fffa52e6?s=96&d=mm&r=g\",\"contentUrl\":\"https:\/\/secure.gravatar.com\/avatar\/bf27e9186df568254093afa216f887fece17605302c6ff12f3980422fffa52e6?s=96&d=mm&r=g\",\"caption\":\"admin\"},\"sameAs\":[\"https:\/\/waracomunicaciones.com\/wp\"],\"url\":\"https:\/\/waracomunicaciones.com\/?author=1\"}]}<\/script>\n<!-- \/ Yoast SEO Premium plugin. -->","yoast_head_json":{"title":"Concejala Gilda Veizaga denuncia actos de discriminaci\u00f3n durante Sesi\u00f3n de Honor por el aniversario de Montero - Wara Comunicaciones","robots":{"index":"index","follow":"follow","max-snippet":"max-snippet:-1","max-image-preview":"max-image-preview:large","max-video-preview":"max-video-preview:-1"},"canonical":"https:\/\/waracomunicaciones.com\/?p=609","og_locale":"es_ES","og_type":"article","og_title":"Concejala Gilda Veizaga denuncia actos de discriminaci\u00f3n durante Sesi\u00f3n de Honor por el aniversario de Montero","og_description":"Montero, \u00a0\u2013 En el marco de los festejos por el 171\u00ba aniversario de la ciudad de Montero, la concejala Gilda Veizaga\u00a0denunci\u00f3 p\u00fablicamente haber sido v\u00edctima de discriminaci\u00f3n y marginaci\u00f3n\u00a0durante la Sesi\u00f3n de Honor del Concejo Municipal, realizada el pasado s\u00e1bado.","og_url":"https:\/\/waracomunicaciones.com\/?p=609","og_site_name":"Wara Comunicaciones","article_publisher":"https:\/\/www.facebook.com\/waracomunicaciones2017","article_published_time":"2025-09-03T15:15:37+00:00","article_modified_time":"2025-09-03T15:15:54+00:00","og_image":[{"width":808,"height":523,"url":"https:\/\/waracomunicaciones.com\/wp-content\/uploads\/2025\/09\/ckjdjfjjf.png","type":"image\/png"}],"author":"admin","twitter_card":"summary_large_image","twitter_misc":{"Escrito por":"admin","Tiempo de lectura":"2 minutos"},"schema":{"@context":"https:\/\/schema.org","@graph":[{"@type":"Article","@id":"https:\/\/waracomunicaciones.com\/?p=609#article","isPartOf":{"@id":"https:\/\/waracomunicaciones.com\/?p=609"},"author":{"name":"admin","@id":"https:\/\/waracomunicaciones.com\/#\/schema\/person\/e9db934bc91575cc71fe584c5973244a"},"headline":"Concejala Gilda Veizaga denuncia actos de discriminaci\u00f3n durante Sesi\u00f3n de Honor por el aniversario de Montero","datePublished":"2025-09-03T15:15:37+00:00","dateModified":"2025-09-03T15:15:54+00:00","mainEntityOfPage":{"@id":"https:\/\/waracomunicaciones.com\/?p=609"},"wordCount":362,"commentCount":0,"publisher":{"@id":"https:\/\/waracomunicaciones.com\/#organization"},"image":{"@id":"https:\/\/waracomunicaciones.com\/?p=609#primaryimage"},"thumbnailUrl":"https:\/\/waracomunicaciones.com\/wp-content\/uploads\/2025\/09\/ckjdjfjjf.png","keywords":["Discriminaci\u00f3n","Guilda Veizaga","Montero"],"articleSection":["Pol\u00edtica"],"inLanguage":"es","potentialAction":[{"@type":"CommentAction","name":"Comment","target":["https:\/\/waracomunicaciones.com\/?p=609#respond"]}]},{"@type":"WebPage","@id":"https:\/\/waracomunicaciones.com\/?p=609","url":"https:\/\/waracomunicaciones.com\/?p=609","name":"Concejala Gilda Veizaga denuncia actos de discriminaci\u00f3n durante Sesi\u00f3n de Honor por el aniversario de Montero - Wara Comunicaciones","isPartOf":{"@id":"https:\/\/waracomunicaciones.com\/#website"},"primaryImageOfPage":{"@id":"https:\/\/waracomunicaciones.com\/?p=609#primaryimage"},"image":{"@id":"https:\/\/waracomunicaciones.com\/?p=609#primaryimage"},"thumbnailUrl":"https:\/\/waracomunicaciones.com\/wp-content\/uploads\/2025\/09\/ckjdjfjjf.png","datePublished":"2025-09-03T15:15:37+00:00","dateModified":"2025-09-03T15:15:54+00:00","breadcrumb":{"@id":"https:\/\/waracomunicaciones.com\/?p=609#breadcrumb"},"inLanguage":"es","potentialAction":[{"@type":"ReadAction","target":["https:\/\/waracomunicaciones.com\/?p=609"]}]},{"@type":"ImageObject","inLanguage":"es","@id":"https:\/\/waracomunicaciones.com\/?p=609#primaryimage","url":"https:\/\/waracomunicaciones.com\/wp-content\/uploads\/2025\/09\/ckjdjfjjf.png","contentUrl":"https:\/\/waracomunicaciones.com\/wp-content\/uploads\/2025\/09\/ckjdjfjjf.png","width":808,"height":523},{"@type":"BreadcrumbList","@id":"https:\/\/waracomunicaciones.com\/?p=609#breadcrumb","itemListElement":[{"@type":"ListItem","position":1,"name":"Portada","item":"https:\/\/waracomunicaciones.com\/"},{"@type":"ListItem","position":2,"name":"Concejala Gilda Veizaga denuncia actos de discriminaci\u00f3n durante Sesi\u00f3n de Honor por el aniversario de Montero"}]},{"@type":"WebSite","@id":"https:\/\/waracomunicaciones.com\/#website","url":"https:\/\/waracomunicaciones.com\/","name":"Wara Comunicaciones","description":"","publisher":{"@id":"https:\/\/waracomunicaciones.com\/#organization"},"potentialAction":[{"@type":"SearchAction","target":{"@type":"EntryPoint","urlTemplate":"https:\/\/waracomunicaciones.com\/?s={search_term_string}"},"query-input":{"@type":"PropertyValueSpecification","valueRequired":true,"valueName":"search_term_string"}}],"inLanguage":"es"},{"@type":"Organization","@id":"https:\/\/waracomunicaciones.com\/#organization","name":"Wara Comunicaciones","url":"https:\/\/waracomunicaciones.com\/","logo":{"@type":"ImageObject","inLanguage":"es","@id":"https:\/\/waracomunicaciones.com\/#\/schema\/logo\/image\/","url":"https:\/\/waracomunicaciones.com\/wp-content\/uploads\/2025\/07\/logo.png","contentUrl":"https:\/\/waracomunicaciones.com\/wp-content\/uploads\/2025\/07\/logo.png","width":400,"height":164,"caption":"Wara Comunicaciones"},"image":{"@id":"https:\/\/waracomunicaciones.com\/#\/schema\/logo\/image\/"},"sameAs":["https:\/\/www.facebook.com\/waracomunicaciones2017"]},{"@type":"Person","@id":"https:\/\/waracomunicaciones.com\/#\/schema\/person\/e9db934bc91575cc71fe584c5973244a","name":"admin","image":{"@type":"ImageObject","inLanguage":"es","@id":"https:\/\/waracomunicaciones.com\/#\/schema\/person\/image\/","url":"https:\/\/secure.gravatar.com\/avatar\/bf27e9186df568254093afa216f887fece17605302c6ff12f3980422fffa52e6?s=96&d=mm&r=g","contentUrl":"https:\/\/secure.gravatar.com\/avatar\/bf27e9186df568254093afa216f887fece17605302c6ff12f3980422fffa52e6?s=96&d=mm&r=g","caption":"admin"},"sameAs":["https:\/\/waracomunicaciones.com\/wp"],"url":"https:\/\/waracomunicaciones.com\/?author=1"}]}},"_links":{"self":[{"href":"https:\/\/waracomunicaciones.com\/index.php?rest_route=\/wp\/v2\/posts\/609","targetHints":{"allow":["GET"]}}],"collection":[{"href":"https:\/\/waracomunicaciones.com\/index.php?rest_route=\/wp\/v2\/posts"}],"about":[{"href":"https:\/\/waracomunicaciones.com\/index.php?rest_route=\/wp\/v2\/types\/post"}],"author":[{"embeddable":true,"href":"https:\/\/waracomunicaciones.com\/index.php?rest_route=\/wp\/v2\/users\/1"}],"replies":[{"embeddable":true,"href":"https:\/\/waracomunicaciones.com\/index.php?rest_route=%2Fwp%2Fv2%2Fcomments&post=609"}],"version-history":[{"count":1,"href":"https:\/\/waracomunicaciones.com\/index.php?rest_route=\/wp\/v2\/posts\/609\/revisions"}],"predecessor-version":[{"id":611,"href":"https:\/\/waracomunicaciones.com\/index.php?rest_route=\/wp\/v2\/posts\/609\/revisions\/611"}],"wp:featuredmedia":[{"embeddable":true,"href":"https:\/\/waracomunicaciones.com\/index.php?rest_route=\/wp\/v2\/media\/610"}],"wp:attachment":[{"href":"https:\/\/waracomunicaciones.com\/index.php?rest_route=%2Fwp%2Fv2%2Fmedia&parent=609"}],"wp:term":[{"taxonomy":"category","embeddable":true,"href":"https:\/\/waracomunicaciones.com\/index.php?rest_route=%2Fwp%2Fv2%2Fcategories&post=609"},{"taxonomy":"post_tag","embeddable":true,"href":"https:\/\/waracomunicaciones.com\/index.php?rest_route=%2Fwp%2Fv2%2Ftags&post=609"}],"curies":[{"name":"wp","href":"https:\/\/api.w.org\/{rel}","templated":true}]}}