{"id":591,"date":"2025-08-29T11:49:01","date_gmt":"2025-08-29T15:49:01","guid":{"rendered":"https:\/\/waracomunicaciones.com\/?p=591"},"modified":"2025-08-29T13:13:34","modified_gmt":"2025-08-29T17:13:34","slug":"abel-quiroga-destaca-logros-obtenidos-tras-la-precumbre-y-exige-mayor-equidad-en-la-distribucion-presupuestaria","status":"publish","type":"post","link":"https:\/\/waracomunicaciones.com\/?p=591","title":{"rendered":"Abel Quiroga destaca logros obtenidos tras la precumbre y exige mayor equidad en la distribuci\u00f3n presupuestaria"},"content":{"rendered":"\n<figure class=\"wp-block-image size-full\"><img loading=\"lazy\" decoding=\"async\" width=\"1000\" height=\"508\" src=\"https:\/\/waracomunicaciones.com\/wp-content\/uploads\/2025\/08\/abel-quiroga.webp\" alt=\"\" class=\"wp-image-592\" srcset=\"https:\/\/waracomunicaciones.com\/wp-content\/uploads\/2025\/08\/abel-quiroga.webp 1000w, https:\/\/waracomunicaciones.com\/wp-content\/uploads\/2025\/08\/abel-quiroga-300x152.webp 300w, https:\/\/waracomunicaciones.com\/wp-content\/uploads\/2025\/08\/abel-quiroga-768x390.webp 768w\" sizes=\"auto, (max-width: 1000px) 100vw, 1000px\" \/><figcaption class=\"wp-element-caption\"><em>Abel Quiroga &#8211; Dirigente del distrito 3<\/em><\/figcaption><\/figure>\n\n\n<p><em><i>Montero, <\/i><\/em>\u2014 En una reciente entrevista, Abel Quiroga, miembro del Directorio del Distrito 3, destac\u00f3 los resultados alcanzados tras la participaci\u00f3n en la precumbre y la posterior cumbre municipal, donde se definieron aspectos clave del presupuesto municipal.<!--more--><\/p>\n<p>Quiroga resalt\u00f3 que, gracias a la unidad de las organizaciones territoriales de base (OTBs) y a la presi\u00f3n ejercida por la dirigencia del Distrito 3, se logr\u00f3 un incremento de 500 mil bolivianos en el presupuesto inicialmente propuesto, alcanzando un total de 2 millones de bolivianos, adem\u00e1s de la asignaci\u00f3n de una obra estrella para el distrito. \u201cEsto no es un logro personal ni de la dirigencia, sino de todo el distrito en conjunto\u201d, afirm\u00f3.<\/p>\n<p>Durante su intervenci\u00f3n, Quiroga critic\u00f3 la falta de proporcionalidad en la distribuci\u00f3n de recursos municipales, haciendo una analog\u00eda con la construcci\u00f3n: \u201cSi uno trabaja un d\u00eda, otro dos y otro cuatro, no es justo que todos cobren lo mismo\u201d, expres\u00f3, cuestionando que distritos con mayor aporte tributario reciban asignaciones similares a los que generan menos ingresos.<\/p>\n<p>Asimismo, propuso que la distribuci\u00f3n presupuestaria se base en datos reales de generaci\u00f3n de recursos, incluyendo impuestos a inmuebles, veh\u00edculos y patentes de funcionamiento. \u201cAntes de asignar presupuestos, el alcalde deber\u00eda entregar una tabla de ingresos por distrito. Eso es justicia, eso es equidad\u201d, sostuvo Quiroga.<\/p>\n<p>Finalmente, enfatiz\u00f3 la necesidad de una revisi\u00f3n minuciosa del presupuesto municipal, especialmente en las partidas destinadas a gastos de funcionamiento, se\u00f1alando que estos crecen a\u00f1o tras a\u00f1o sin un an\u00e1lisis claro de su impacto. \u201cNosotros luchamos por lo justo, por lo que realmente nos corresponde, no por favores\u201d, concluy\u00f3.<\/p>\n<p>El l\u00edder vecinal tambi\u00e9n se mostr\u00f3 esperanzado con posibles reformas a nivel nacional que puedan traer cambios en la forma de asignar los recursos municipales. \u201cDios quiera que dentro de poco tiempo las cosas se manejen de manera equitativa y justa para todos los distritos\u201d, se\u00f1al\u00f3.<\/p><div style=\"margin-top: 0px; margin-bottom: 0px;\" class=\"sharethis-inline-reaction-buttons\" ><\/div>","protected":false},"excerpt":{"rendered":"<p>Montero, \u2014 En una reciente entrevista, Abel Quiroga, miembro del Directorio del Distrito 3, destac\u00f3 los resultados alcanzados tras la participaci\u00f3n en la precumbre y la posterior cumbre municipal, donde se definieron aspectos clave del presupuesto municipal.<\/p>\n","protected":false},"author":1,"featured_media":592,"comment_status":"open","ping_status":"open","sticky":false,"template":"","format":"standard","meta":{"footnotes":""},"categories":[42],"tags":[158,159,19],"class_list":["post-591","post","type-post","status-publish","format-standard","has-post-thumbnail","hentry","category-politica","tag-abel-quiroga","tag-distrito-3","tag-montero"],"yoast_head":"<!-- This site is optimized with the Yoast SEO Premium plugin v25.5 (Yoast SEO v27.1.1) - https:\/\/yoast.com\/product\/yoast-seo-premium-wordpress\/ -->\n<title>Abel Quiroga destaca logros obtenidos tras la precumbre y exige mayor equidad en la distribuci\u00f3n presupuestaria - Wara Comunicaciones<\/title>\n<meta name=\"robots\" content=\"index, follow, max-snippet:-1, max-image-preview:large, max-video-preview:-1\" \/>\n<link rel=\"canonical\" href=\"https:\/\/waracomunicaciones.com\/?p=591\" \/>\n<meta property=\"og:locale\" content=\"es_ES\" \/>\n<meta property=\"og:type\" content=\"article\" \/>\n<meta property=\"og:title\" content=\"Abel Quiroga destaca logros obtenidos tras la precumbre y exige mayor equidad en la distribuci\u00f3n presupuestaria\" \/>\n<meta property=\"og:description\" content=\"Montero, \u2014 En una reciente entrevista, Abel Quiroga, miembro del Directorio del Distrito 3, destac\u00f3 los resultados alcanzados tras la participaci\u00f3n en la precumbre y la posterior cumbre municipal, donde se definieron aspectos clave del presupuesto municipal.\" \/>\n<meta property=\"og:url\" content=\"https:\/\/waracomunicaciones.com\/?p=591\" \/>\n<meta property=\"og:site_name\" content=\"Wara Comunicaciones\" \/>\n<meta property=\"article:publisher\" content=\"https:\/\/www.facebook.com\/waracomunicaciones2017\" \/>\n<meta property=\"article:published_time\" content=\"2025-08-29T15:49:01+00:00\" \/>\n<meta property=\"article:modified_time\" content=\"2025-08-29T17:13:34+00:00\" \/>\n<meta property=\"og:image\" content=\"https:\/\/waracomunicaciones.com\/wp-content\/uploads\/2025\/08\/abel-quiroga.webp\" \/>\n\t<meta property=\"og:image:width\" content=\"1000\" \/>\n\t<meta property=\"og:image:height\" content=\"508\" \/>\n\t<meta property=\"og:image:type\" content=\"image\/webp\" \/>\n<meta name=\"author\" content=\"admin\" \/>\n<meta name=\"twitter:card\" content=\"summary_large_image\" \/>\n<meta name=\"twitter:label1\" content=\"Escrito por\" \/>\n\t<meta name=\"twitter:data1\" content=\"admin\" \/>\n\t<meta name=\"twitter:label2\" content=\"Tiempo de lectura\" \/>\n\t<meta name=\"twitter:data2\" content=\"2 minutos\" \/>\n<script type=\"application\/ld+json\" class=\"yoast-schema-graph\">{\"@context\":\"https:\/\/schema.org\",\"@graph\":[{\"@type\":\"Article\",\"@id\":\"https:\/\/waracomunicaciones.com\/?p=591#article\",\"isPartOf\":{\"@id\":\"https:\/\/waracomunicaciones.com\/?p=591\"},\"author\":{\"name\":\"admin\",\"@id\":\"https:\/\/waracomunicaciones.com\/#\/schema\/person\/e9db934bc91575cc71fe584c5973244a\"},\"headline\":\"Abel Quiroga destaca logros obtenidos tras la precumbre y exige mayor equidad en la distribuci\u00f3n presupuestaria\",\"datePublished\":\"2025-08-29T15:49:01+00:00\",\"dateModified\":\"2025-08-29T17:13:34+00:00\",\"mainEntityOfPage\":{\"@id\":\"https:\/\/waracomunicaciones.com\/?p=591\"},\"wordCount\":348,\"commentCount\":0,\"publisher\":{\"@id\":\"https:\/\/waracomunicaciones.com\/#organization\"},\"image\":{\"@id\":\"https:\/\/waracomunicaciones.com\/?p=591#primaryimage\"},\"thumbnailUrl\":\"https:\/\/waracomunicaciones.com\/wp-content\/uploads\/2025\/08\/abel-quiroga.webp\",\"keywords\":[\"Abel Quiroga\",\"Distrito 3\",\"Montero\"],\"articleSection\":[\"Pol\u00edtica\"],\"inLanguage\":\"es\",\"potentialAction\":[{\"@type\":\"CommentAction\",\"name\":\"Comment\",\"target\":[\"https:\/\/waracomunicaciones.com\/?p=591#respond\"]}]},{\"@type\":\"WebPage\",\"@id\":\"https:\/\/waracomunicaciones.com\/?p=591\",\"url\":\"https:\/\/waracomunicaciones.com\/?p=591\",\"name\":\"Abel Quiroga destaca logros obtenidos tras la precumbre y exige mayor equidad en la distribuci\u00f3n presupuestaria - Wara Comunicaciones\",\"isPartOf\":{\"@id\":\"https:\/\/waracomunicaciones.com\/#website\"},\"primaryImageOfPage\":{\"@id\":\"https:\/\/waracomunicaciones.com\/?p=591#primaryimage\"},\"image\":{\"@id\":\"https:\/\/waracomunicaciones.com\/?p=591#primaryimage\"},\"thumbnailUrl\":\"https:\/\/waracomunicaciones.com\/wp-content\/uploads\/2025\/08\/abel-quiroga.webp\",\"datePublished\":\"2025-08-29T15:49:01+00:00\",\"dateModified\":\"2025-08-29T17:13:34+00:00\",\"breadcrumb\":{\"@id\":\"https:\/\/waracomunicaciones.com\/?p=591#breadcrumb\"},\"inLanguage\":\"es\",\"potentialAction\":[{\"@type\":\"ReadAction\",\"target\":[\"https:\/\/waracomunicaciones.com\/?p=591\"]}]},{\"@type\":\"ImageObject\",\"inLanguage\":\"es\",\"@id\":\"https:\/\/waracomunicaciones.com\/?p=591#primaryimage\",\"url\":\"https:\/\/waracomunicaciones.com\/wp-content\/uploads\/2025\/08\/abel-quiroga.webp\",\"contentUrl\":\"https:\/\/waracomunicaciones.com\/wp-content\/uploads\/2025\/08\/abel-quiroga.webp\",\"width\":1000,\"height\":508},{\"@type\":\"BreadcrumbList\",\"@id\":\"https:\/\/waracomunicaciones.com\/?p=591#breadcrumb\",\"itemListElement\":[{\"@type\":\"ListItem\",\"position\":1,\"name\":\"Portada\",\"item\":\"https:\/\/waracomunicaciones.com\/\"},{\"@type\":\"ListItem\",\"position\":2,\"name\":\"Abel Quiroga destaca logros obtenidos tras la precumbre y exige mayor equidad en la distribuci\u00f3n presupuestaria\"}]},{\"@type\":\"WebSite\",\"@id\":\"https:\/\/waracomunicaciones.com\/#website\",\"url\":\"https:\/\/waracomunicaciones.com\/\",\"name\":\"Wara Comunicaciones\",\"description\":\"\",\"publisher\":{\"@id\":\"https:\/\/waracomunicaciones.com\/#organization\"},\"potentialAction\":[{\"@type\":\"SearchAction\",\"target\":{\"@type\":\"EntryPoint\",\"urlTemplate\":\"https:\/\/waracomunicaciones.com\/?s={search_term_string}\"},\"query-input\":{\"@type\":\"PropertyValueSpecification\",\"valueRequired\":true,\"valueName\":\"search_term_string\"}}],\"inLanguage\":\"es\"},{\"@type\":\"Organization\",\"@id\":\"https:\/\/waracomunicaciones.com\/#organization\",\"name\":\"Wara Comunicaciones\",\"url\":\"https:\/\/waracomunicaciones.com\/\",\"logo\":{\"@type\":\"ImageObject\",\"inLanguage\":\"es\",\"@id\":\"https:\/\/waracomunicaciones.com\/#\/schema\/logo\/image\/\",\"url\":\"https:\/\/waracomunicaciones.com\/wp-content\/uploads\/2025\/07\/logo.png\",\"contentUrl\":\"https:\/\/waracomunicaciones.com\/wp-content\/uploads\/2025\/07\/logo.png\",\"width\":400,\"height\":164,\"caption\":\"Wara Comunicaciones\"},\"image\":{\"@id\":\"https:\/\/waracomunicaciones.com\/#\/schema\/logo\/image\/\"},\"sameAs\":[\"https:\/\/www.facebook.com\/waracomunicaciones2017\"]},{\"@type\":\"Person\",\"@id\":\"https:\/\/waracomunicaciones.com\/#\/schema\/person\/e9db934bc91575cc71fe584c5973244a\",\"name\":\"admin\",\"image\":{\"@type\":\"ImageObject\",\"inLanguage\":\"es\",\"@id\":\"https:\/\/waracomunicaciones.com\/#\/schema\/person\/image\/\",\"url\":\"https:\/\/secure.gravatar.com\/avatar\/bf27e9186df568254093afa216f887fece17605302c6ff12f3980422fffa52e6?s=96&d=mm&r=g\",\"contentUrl\":\"https:\/\/secure.gravatar.com\/avatar\/bf27e9186df568254093afa216f887fece17605302c6ff12f3980422fffa52e6?s=96&d=mm&r=g\",\"caption\":\"admin\"},\"sameAs\":[\"https:\/\/waracomunicaciones.com\/wp\"],\"url\":\"https:\/\/waracomunicaciones.com\/?author=1\"}]}<\/script>\n<!-- \/ Yoast SEO Premium plugin. -->","yoast_head_json":{"title":"Abel Quiroga destaca logros obtenidos tras la precumbre y exige mayor equidad en la distribuci\u00f3n presupuestaria - Wara Comunicaciones","robots":{"index":"index","follow":"follow","max-snippet":"max-snippet:-1","max-image-preview":"max-image-preview:large","max-video-preview":"max-video-preview:-1"},"canonical":"https:\/\/waracomunicaciones.com\/?p=591","og_locale":"es_ES","og_type":"article","og_title":"Abel Quiroga destaca logros obtenidos tras la precumbre y exige mayor equidad en la distribuci\u00f3n presupuestaria","og_description":"Montero, \u2014 En una reciente entrevista, Abel Quiroga, miembro del Directorio del Distrito 3, destac\u00f3 los resultados alcanzados tras la participaci\u00f3n en la precumbre y la posterior cumbre municipal, donde se definieron aspectos clave del presupuesto municipal.","og_url":"https:\/\/waracomunicaciones.com\/?p=591","og_site_name":"Wara Comunicaciones","article_publisher":"https:\/\/www.facebook.com\/waracomunicaciones2017","article_published_time":"2025-08-29T15:49:01+00:00","article_modified_time":"2025-08-29T17:13:34+00:00","og_image":[{"width":1000,"height":508,"url":"https:\/\/waracomunicaciones.com\/wp-content\/uploads\/2025\/08\/abel-quiroga.webp","type":"image\/webp"}],"author":"admin","twitter_card":"summary_large_image","twitter_misc":{"Escrito por":"admin","Tiempo de lectura":"2 minutos"},"schema":{"@context":"https:\/\/schema.org","@graph":[{"@type":"Article","@id":"https:\/\/waracomunicaciones.com\/?p=591#article","isPartOf":{"@id":"https:\/\/waracomunicaciones.com\/?p=591"},"author":{"name":"admin","@id":"https:\/\/waracomunicaciones.com\/#\/schema\/person\/e9db934bc91575cc71fe584c5973244a"},"headline":"Abel Quiroga destaca logros obtenidos tras la precumbre y exige mayor equidad en la distribuci\u00f3n presupuestaria","datePublished":"2025-08-29T15:49:01+00:00","dateModified":"2025-08-29T17:13:34+00:00","mainEntityOfPage":{"@id":"https:\/\/waracomunicaciones.com\/?p=591"},"wordCount":348,"commentCount":0,"publisher":{"@id":"https:\/\/waracomunicaciones.com\/#organization"},"image":{"@id":"https:\/\/waracomunicaciones.com\/?p=591#primaryimage"},"thumbnailUrl":"https:\/\/waracomunicaciones.com\/wp-content\/uploads\/2025\/08\/abel-quiroga.webp","keywords":["Abel Quiroga","Distrito 3","Montero"],"articleSection":["Pol\u00edtica"],"inLanguage":"es","potentialAction":[{"@type":"CommentAction","name":"Comment","target":["https:\/\/waracomunicaciones.com\/?p=591#respond"]}]},{"@type":"WebPage","@id":"https:\/\/waracomunicaciones.com\/?p=591","url":"https:\/\/waracomunicaciones.com\/?p=591","name":"Abel Quiroga destaca logros obtenidos tras la precumbre y exige mayor equidad en la distribuci\u00f3n presupuestaria - Wara Comunicaciones","isPartOf":{"@id":"https:\/\/waracomunicaciones.com\/#website"},"primaryImageOfPage":{"@id":"https:\/\/waracomunicaciones.com\/?p=591#primaryimage"},"image":{"@id":"https:\/\/waracomunicaciones.com\/?p=591#primaryimage"},"thumbnailUrl":"https:\/\/waracomunicaciones.com\/wp-content\/uploads\/2025\/08\/abel-quiroga.webp","datePublished":"2025-08-29T15:49:01+00:00","dateModified":"2025-08-29T17:13:34+00:00","breadcrumb":{"@id":"https:\/\/waracomunicaciones.com\/?p=591#breadcrumb"},"inLanguage":"es","potentialAction":[{"@type":"ReadAction","target":["https:\/\/waracomunicaciones.com\/?p=591"]}]},{"@type":"ImageObject","inLanguage":"es","@id":"https:\/\/waracomunicaciones.com\/?p=591#primaryimage","url":"https:\/\/waracomunicaciones.com\/wp-content\/uploads\/2025\/08\/abel-quiroga.webp","contentUrl":"https:\/\/waracomunicaciones.com\/wp-content\/uploads\/2025\/08\/abel-quiroga.webp","width":1000,"height":508},{"@type":"BreadcrumbList","@id":"https:\/\/waracomunicaciones.com\/?p=591#breadcrumb","itemListElement":[{"@type":"ListItem","position":1,"name":"Portada","item":"https:\/\/waracomunicaciones.com\/"},{"@type":"ListItem","position":2,"name":"Abel Quiroga destaca logros obtenidos tras la precumbre y exige mayor equidad en la distribuci\u00f3n presupuestaria"}]},{"@type":"WebSite","@id":"https:\/\/waracomunicaciones.com\/#website","url":"https:\/\/waracomunicaciones.com\/","name":"Wara Comunicaciones","description":"","publisher":{"@id":"https:\/\/waracomunicaciones.com\/#organization"},"potentialAction":[{"@type":"SearchAction","target":{"@type":"EntryPoint","urlTemplate":"https:\/\/waracomunicaciones.com\/?s={search_term_string}"},"query-input":{"@type":"PropertyValueSpecification","valueRequired":true,"valueName":"search_term_string"}}],"inLanguage":"es"},{"@type":"Organization","@id":"https:\/\/waracomunicaciones.com\/#organization","name":"Wara Comunicaciones","url":"https:\/\/waracomunicaciones.com\/","logo":{"@type":"ImageObject","inLanguage":"es","@id":"https:\/\/waracomunicaciones.com\/#\/schema\/logo\/image\/","url":"https:\/\/waracomunicaciones.com\/wp-content\/uploads\/2025\/07\/logo.png","contentUrl":"https:\/\/waracomunicaciones.com\/wp-content\/uploads\/2025\/07\/logo.png","width":400,"height":164,"caption":"Wara Comunicaciones"},"image":{"@id":"https:\/\/waracomunicaciones.com\/#\/schema\/logo\/image\/"},"sameAs":["https:\/\/www.facebook.com\/waracomunicaciones2017"]},{"@type":"Person","@id":"https:\/\/waracomunicaciones.com\/#\/schema\/person\/e9db934bc91575cc71fe584c5973244a","name":"admin","image":{"@type":"ImageObject","inLanguage":"es","@id":"https:\/\/waracomunicaciones.com\/#\/schema\/person\/image\/","url":"https:\/\/secure.gravatar.com\/avatar\/bf27e9186df568254093afa216f887fece17605302c6ff12f3980422fffa52e6?s=96&d=mm&r=g","contentUrl":"https:\/\/secure.gravatar.com\/avatar\/bf27e9186df568254093afa216f887fece17605302c6ff12f3980422fffa52e6?s=96&d=mm&r=g","caption":"admin"},"sameAs":["https:\/\/waracomunicaciones.com\/wp"],"url":"https:\/\/waracomunicaciones.com\/?author=1"}]}},"_links":{"self":[{"href":"https:\/\/waracomunicaciones.com\/index.php?rest_route=\/wp\/v2\/posts\/591","targetHints":{"allow":["GET"]}}],"collection":[{"href":"https:\/\/waracomunicaciones.com\/index.php?rest_route=\/wp\/v2\/posts"}],"about":[{"href":"https:\/\/waracomunicaciones.com\/index.php?rest_route=\/wp\/v2\/types\/post"}],"author":[{"embeddable":true,"href":"https:\/\/waracomunicaciones.com\/index.php?rest_route=\/wp\/v2\/users\/1"}],"replies":[{"embeddable":true,"href":"https:\/\/waracomunicaciones.com\/index.php?rest_route=%2Fwp%2Fv2%2Fcomments&post=591"}],"version-history":[{"count":1,"href":"https:\/\/waracomunicaciones.com\/index.php?rest_route=\/wp\/v2\/posts\/591\/revisions"}],"predecessor-version":[{"id":593,"href":"https:\/\/waracomunicaciones.com\/index.php?rest_route=\/wp\/v2\/posts\/591\/revisions\/593"}],"wp:featuredmedia":[{"embeddable":true,"href":"https:\/\/waracomunicaciones.com\/index.php?rest_route=\/wp\/v2\/media\/592"}],"wp:attachment":[{"href":"https:\/\/waracomunicaciones.com\/index.php?rest_route=%2Fwp%2Fv2%2Fmedia&parent=591"}],"wp:term":[{"taxonomy":"category","embeddable":true,"href":"https:\/\/waracomunicaciones.com\/index.php?rest_route=%2Fwp%2Fv2%2Fcategories&post=591"},{"taxonomy":"post_tag","embeddable":true,"href":"https:\/\/waracomunicaciones.com\/index.php?rest_route=%2Fwp%2Fv2%2Ftags&post=591"}],"curies":[{"name":"wp","href":"https:\/\/api.w.org\/{rel}","templated":true}]}}