{"id":59,"date":"2025-07-15T10:14:00","date_gmt":"2025-07-15T14:14:00","guid":{"rendered":"https:\/\/waracomunicaciones.com\/wp\/?p=59"},"modified":"2025-07-24T02:06:55","modified_gmt":"2025-07-24T06:06:55","slug":"gabriela-gutierrez-pide-soluciones-reales-ante-la-crisis-economica-y-los-avasallamientos-en-san-pedro","status":"publish","type":"post","link":"https:\/\/waracomunicaciones.com\/?p=59","title":{"rendered":"Gabriela Guti\u00e9rrez pide soluciones reales ante la crisis econ\u00f3mica y los avasallamientos en San Pedro"},"content":{"rendered":"\n<figure class=\"wp-block-image size-full\"><img loading=\"lazy\" decoding=\"async\" width=\"900\" height=\"383\" src=\"https:\/\/waracomunicaciones.com\/wp\/wp-content\/uploads\/2025\/07\/sabn.webp\" alt=\"\" class=\"wp-image-60\" srcset=\"https:\/\/waracomunicaciones.com\/wp-content\/uploads\/2025\/07\/sabn.webp 900w, https:\/\/waracomunicaciones.com\/wp-content\/uploads\/2025\/07\/sabn-300x128.webp 300w, https:\/\/waracomunicaciones.com\/wp-content\/uploads\/2025\/07\/sabn-768x327.webp 768w\" sizes=\"auto, (max-width: 900px) 100vw, 900px\" \/><figcaption class=\"wp-element-caption\">imagen referencial de avasalladores &#8211; Foto Unitel<\/figcaption><\/figure>\n\n\n<div class=\"itemIntroText\">\n<p><em><i>Montero,\u00a0<\/i><\/em>\u00a0\u2014 En una entrevista concedida este martes, Gabriela Guti\u00e9rrez, ex subgobernadora de la provincia Obispo Santistevan, expres\u00f3 su preocupaci\u00f3n por la actual situaci\u00f3n econ\u00f3mica del pa\u00eds y los conflictos sociales que afectan a diversas regiones, particularmente los recientes avasallamientos en la zona de San Pedro.<\/p>\n<\/div>\n<p><!--more--><\/p>\n<div class=\"itemFullText\">\n<p>Durante su intervenci\u00f3n en la Revista Agenda Matinal conducido por el periodista \u00a0Tom\u00e1s Cocas, Director de Wara Comunicaciones, Guti\u00e9rrez manifest\u00f3 su satisfacci\u00f3n por la participaci\u00f3n de nuevas figuras en el proceso electoral rumbo al pr\u00f3ximo 17 de agosto, donde los bolivianos elegir\u00e1n presidente, vicepresidente y sus representantes legislativos. \u201cEso es democracia, en la cual todos deben participar\u201d, afirm\u00f3.<\/p>\n<p>No obstante, su mensaje estuvo marcado por un tono cr\u00edtico ante la falta de medidas efectivas por parte del Gobierno nacional para enfrentar la escasez de d\u00f3lares y el creciente encarecimiento de la canasta familiar. \u201cLa falta del d\u00f3lar est\u00e1 sumamente grave. Las amas de casa, las familias grandes est\u00e1n atravesando momentos dif\u00edciles\u201d, se\u00f1al\u00f3.<\/p>\n<p>Guti\u00e9rrez tambi\u00e9n hizo un llamado a los candidatos de todos los partidos a presentar propuestas concretas y estructurales, m\u00e1s all\u00e1 de soluciones moment\u00e1neas. \u201cEsperemos que los nuevos candidatos traigan una soluci\u00f3n clave, no parches como lo ha sido siempre\u201d, insisti\u00f3.<\/p>\n<p>Finalmente, denunci\u00f3 con firmeza los avasallamientos armados que se est\u00e1n registrando en la zona de San Pedro. \u201cEso es totalmente ilegal. Me gustar\u00eda escuchar a los candidatos pronunciarse al respecto\u201d, dijo, exhortando a los postulantes presidenciales, vicepresidenciales y a los futuros legisladores a tomar postura ante estos hechos que amenazan la seguridad y la legalidad en el pa\u00eds.<\/p>\n<p>Con solo 32 d\u00edas restantes para las elecciones, las declaraciones de Gabriela Guti\u00e9rrez resuenan con fuerza entre una ciudadan\u00eda cada vez m\u00e1s preocupada por el rumbo del pa\u00eds.<\/p>\n<\/div><div style=\"margin-top: 0px; margin-bottom: 0px;\" class=\"sharethis-inline-reaction-buttons\" ><\/div>","protected":false},"excerpt":{"rendered":"<p>Montero,\u00a0\u00a0\u2014 En una entrevista concedida este martes, Gabriela Guti\u00e9rrez, ex subgobernadora de la provincia Obispo Santistevan, expres\u00f3 su preocupaci\u00f3n por la actual situaci\u00f3n econ\u00f3mica del pa\u00eds y los conflictos sociales que afectan a diversas regiones, particularmente los recientes avasallamientos en la zona de San Pedro.<\/p>\n","protected":false},"author":1,"featured_media":60,"comment_status":"open","ping_status":"open","sticky":false,"template":"","format":"standard","meta":{"footnotes":""},"categories":[5],"tags":[8],"class_list":["post-59","post","type-post","status-publish","format-standard","has-post-thumbnail","hentry","category-local","tag-politica"],"yoast_head":"<!-- This site is optimized with the Yoast SEO Premium plugin v25.5 (Yoast SEO v27.1.1) - https:\/\/yoast.com\/product\/yoast-seo-premium-wordpress\/ -->\n<title>Gabriela Guti\u00e9rrez pide soluciones reales ante la crisis econ\u00f3mica y los avasallamientos en San Pedro - Wara Comunicaciones<\/title>\n<meta name=\"robots\" content=\"index, follow, max-snippet:-1, max-image-preview:large, max-video-preview:-1\" \/>\n<link rel=\"canonical\" href=\"https:\/\/waracomunicaciones.com\/?p=59\" \/>\n<meta property=\"og:locale\" content=\"es_ES\" \/>\n<meta property=\"og:type\" content=\"article\" \/>\n<meta property=\"og:title\" content=\"Gabriela Guti\u00e9rrez pide soluciones reales ante la crisis econ\u00f3mica y los avasallamientos en San Pedro\" \/>\n<meta property=\"og:description\" content=\"Montero,\u00a0\u00a0\u2014 En una entrevista concedida este martes, Gabriela Guti\u00e9rrez, ex subgobernadora de la provincia Obispo Santistevan, expres\u00f3 su preocupaci\u00f3n por la actual situaci\u00f3n econ\u00f3mica del pa\u00eds y los conflictos sociales que afectan a diversas regiones, particularmente los recientes avasallamientos en la zona de San Pedro.\" \/>\n<meta property=\"og:url\" content=\"https:\/\/waracomunicaciones.com\/?p=59\" \/>\n<meta property=\"og:site_name\" content=\"Wara Comunicaciones\" \/>\n<meta property=\"article:publisher\" content=\"https:\/\/www.facebook.com\/waracomunicaciones2017\" \/>\n<meta property=\"article:published_time\" content=\"2025-07-15T14:14:00+00:00\" \/>\n<meta property=\"article:modified_time\" content=\"2025-07-24T06:06:55+00:00\" \/>\n<meta property=\"og:image\" content=\"https:\/\/waracomunicaciones.com\/wp-content\/uploads\/2025\/07\/sabn.webp\" \/>\n\t<meta property=\"og:image:width\" content=\"900\" \/>\n\t<meta property=\"og:image:height\" content=\"383\" \/>\n\t<meta property=\"og:image:type\" content=\"image\/webp\" \/>\n<meta name=\"author\" content=\"admin\" \/>\n<meta name=\"twitter:card\" content=\"summary_large_image\" \/>\n<meta name=\"twitter:label1\" content=\"Escrito por\" \/>\n\t<meta name=\"twitter:data1\" content=\"admin\" \/>\n\t<meta name=\"twitter:label2\" content=\"Tiempo de lectura\" \/>\n\t<meta name=\"twitter:data2\" content=\"2 minutos\" \/>\n<script type=\"application\/ld+json\" class=\"yoast-schema-graph\">{\"@context\":\"https:\/\/schema.org\",\"@graph\":[{\"@type\":\"Article\",\"@id\":\"https:\/\/waracomunicaciones.com\/?p=59#article\",\"isPartOf\":{\"@id\":\"https:\/\/waracomunicaciones.com\/?p=59\"},\"author\":{\"name\":\"admin\",\"@id\":\"https:\/\/waracomunicaciones.com\/#\/schema\/person\/e9db934bc91575cc71fe584c5973244a\"},\"headline\":\"Gabriela Guti\u00e9rrez pide soluciones reales ante la crisis econ\u00f3mica y los avasallamientos en San Pedro\",\"datePublished\":\"2025-07-15T14:14:00+00:00\",\"dateModified\":\"2025-07-24T06:06:55+00:00\",\"mainEntityOfPage\":{\"@id\":\"https:\/\/waracomunicaciones.com\/?p=59\"},\"wordCount\":336,\"commentCount\":0,\"publisher\":{\"@id\":\"https:\/\/waracomunicaciones.com\/#organization\"},\"image\":{\"@id\":\"https:\/\/waracomunicaciones.com\/?p=59#primaryimage\"},\"thumbnailUrl\":\"https:\/\/waracomunicaciones.com\/wp-content\/uploads\/2025\/07\/sabn.webp\",\"keywords\":[\"Pol\u00edtica\"],\"articleSection\":[\"LOCAL\"],\"inLanguage\":\"es\",\"potentialAction\":[{\"@type\":\"CommentAction\",\"name\":\"Comment\",\"target\":[\"https:\/\/waracomunicaciones.com\/?p=59#respond\"]}]},{\"@type\":\"WebPage\",\"@id\":\"https:\/\/waracomunicaciones.com\/?p=59\",\"url\":\"https:\/\/waracomunicaciones.com\/?p=59\",\"name\":\"Gabriela Guti\u00e9rrez pide soluciones reales ante la crisis econ\u00f3mica y los avasallamientos en San Pedro - Wara Comunicaciones\",\"isPartOf\":{\"@id\":\"https:\/\/waracomunicaciones.com\/#website\"},\"primaryImageOfPage\":{\"@id\":\"https:\/\/waracomunicaciones.com\/?p=59#primaryimage\"},\"image\":{\"@id\":\"https:\/\/waracomunicaciones.com\/?p=59#primaryimage\"},\"thumbnailUrl\":\"https:\/\/waracomunicaciones.com\/wp-content\/uploads\/2025\/07\/sabn.webp\",\"datePublished\":\"2025-07-15T14:14:00+00:00\",\"dateModified\":\"2025-07-24T06:06:55+00:00\",\"breadcrumb\":{\"@id\":\"https:\/\/waracomunicaciones.com\/?p=59#breadcrumb\"},\"inLanguage\":\"es\",\"potentialAction\":[{\"@type\":\"ReadAction\",\"target\":[\"https:\/\/waracomunicaciones.com\/?p=59\"]}]},{\"@type\":\"ImageObject\",\"inLanguage\":\"es\",\"@id\":\"https:\/\/waracomunicaciones.com\/?p=59#primaryimage\",\"url\":\"https:\/\/waracomunicaciones.com\/wp-content\/uploads\/2025\/07\/sabn.webp\",\"contentUrl\":\"https:\/\/waracomunicaciones.com\/wp-content\/uploads\/2025\/07\/sabn.webp\",\"width\":900,\"height\":383},{\"@type\":\"BreadcrumbList\",\"@id\":\"https:\/\/waracomunicaciones.com\/?p=59#breadcrumb\",\"itemListElement\":[{\"@type\":\"ListItem\",\"position\":1,\"name\":\"Portada\",\"item\":\"https:\/\/waracomunicaciones.com\/\"},{\"@type\":\"ListItem\",\"position\":2,\"name\":\"Gabriela Guti\u00e9rrez pide soluciones reales ante la crisis econ\u00f3mica y los avasallamientos en San Pedro\"}]},{\"@type\":\"WebSite\",\"@id\":\"https:\/\/waracomunicaciones.com\/#website\",\"url\":\"https:\/\/waracomunicaciones.com\/\",\"name\":\"Wara Comunicaciones\",\"description\":\"\",\"publisher\":{\"@id\":\"https:\/\/waracomunicaciones.com\/#organization\"},\"potentialAction\":[{\"@type\":\"SearchAction\",\"target\":{\"@type\":\"EntryPoint\",\"urlTemplate\":\"https:\/\/waracomunicaciones.com\/?s={search_term_string}\"},\"query-input\":{\"@type\":\"PropertyValueSpecification\",\"valueRequired\":true,\"valueName\":\"search_term_string\"}}],\"inLanguage\":\"es\"},{\"@type\":\"Organization\",\"@id\":\"https:\/\/waracomunicaciones.com\/#organization\",\"name\":\"Wara Comunicaciones\",\"url\":\"https:\/\/waracomunicaciones.com\/\",\"logo\":{\"@type\":\"ImageObject\",\"inLanguage\":\"es\",\"@id\":\"https:\/\/waracomunicaciones.com\/#\/schema\/logo\/image\/\",\"url\":\"https:\/\/waracomunicaciones.com\/wp-content\/uploads\/2025\/07\/logo.png\",\"contentUrl\":\"https:\/\/waracomunicaciones.com\/wp-content\/uploads\/2025\/07\/logo.png\",\"width\":400,\"height\":164,\"caption\":\"Wara Comunicaciones\"},\"image\":{\"@id\":\"https:\/\/waracomunicaciones.com\/#\/schema\/logo\/image\/\"},\"sameAs\":[\"https:\/\/www.facebook.com\/waracomunicaciones2017\"]},{\"@type\":\"Person\",\"@id\":\"https:\/\/waracomunicaciones.com\/#\/schema\/person\/e9db934bc91575cc71fe584c5973244a\",\"name\":\"admin\",\"image\":{\"@type\":\"ImageObject\",\"inLanguage\":\"es\",\"@id\":\"https:\/\/waracomunicaciones.com\/#\/schema\/person\/image\/\",\"url\":\"https:\/\/secure.gravatar.com\/avatar\/bf27e9186df568254093afa216f887fece17605302c6ff12f3980422fffa52e6?s=96&d=mm&r=g\",\"contentUrl\":\"https:\/\/secure.gravatar.com\/avatar\/bf27e9186df568254093afa216f887fece17605302c6ff12f3980422fffa52e6?s=96&d=mm&r=g\",\"caption\":\"admin\"},\"sameAs\":[\"https:\/\/waracomunicaciones.com\/wp\"],\"url\":\"https:\/\/waracomunicaciones.com\/?author=1\"}]}<\/script>\n<!-- \/ Yoast SEO Premium plugin. -->","yoast_head_json":{"title":"Gabriela Guti\u00e9rrez pide soluciones reales ante la crisis econ\u00f3mica y los avasallamientos en San Pedro - Wara Comunicaciones","robots":{"index":"index","follow":"follow","max-snippet":"max-snippet:-1","max-image-preview":"max-image-preview:large","max-video-preview":"max-video-preview:-1"},"canonical":"https:\/\/waracomunicaciones.com\/?p=59","og_locale":"es_ES","og_type":"article","og_title":"Gabriela Guti\u00e9rrez pide soluciones reales ante la crisis econ\u00f3mica y los avasallamientos en San Pedro","og_description":"Montero,\u00a0\u00a0\u2014 En una entrevista concedida este martes, Gabriela Guti\u00e9rrez, ex subgobernadora de la provincia Obispo Santistevan, expres\u00f3 su preocupaci\u00f3n por la actual situaci\u00f3n econ\u00f3mica del pa\u00eds y los conflictos sociales que afectan a diversas regiones, particularmente los recientes avasallamientos en la zona de San Pedro.","og_url":"https:\/\/waracomunicaciones.com\/?p=59","og_site_name":"Wara Comunicaciones","article_publisher":"https:\/\/www.facebook.com\/waracomunicaciones2017","article_published_time":"2025-07-15T14:14:00+00:00","article_modified_time":"2025-07-24T06:06:55+00:00","og_image":[{"width":900,"height":383,"url":"https:\/\/waracomunicaciones.com\/wp-content\/uploads\/2025\/07\/sabn.webp","type":"image\/webp"}],"author":"admin","twitter_card":"summary_large_image","twitter_misc":{"Escrito por":"admin","Tiempo de lectura":"2 minutos"},"schema":{"@context":"https:\/\/schema.org","@graph":[{"@type":"Article","@id":"https:\/\/waracomunicaciones.com\/?p=59#article","isPartOf":{"@id":"https:\/\/waracomunicaciones.com\/?p=59"},"author":{"name":"admin","@id":"https:\/\/waracomunicaciones.com\/#\/schema\/person\/e9db934bc91575cc71fe584c5973244a"},"headline":"Gabriela Guti\u00e9rrez pide soluciones reales ante la crisis econ\u00f3mica y los avasallamientos en San Pedro","datePublished":"2025-07-15T14:14:00+00:00","dateModified":"2025-07-24T06:06:55+00:00","mainEntityOfPage":{"@id":"https:\/\/waracomunicaciones.com\/?p=59"},"wordCount":336,"commentCount":0,"publisher":{"@id":"https:\/\/waracomunicaciones.com\/#organization"},"image":{"@id":"https:\/\/waracomunicaciones.com\/?p=59#primaryimage"},"thumbnailUrl":"https:\/\/waracomunicaciones.com\/wp-content\/uploads\/2025\/07\/sabn.webp","keywords":["Pol\u00edtica"],"articleSection":["LOCAL"],"inLanguage":"es","potentialAction":[{"@type":"CommentAction","name":"Comment","target":["https:\/\/waracomunicaciones.com\/?p=59#respond"]}]},{"@type":"WebPage","@id":"https:\/\/waracomunicaciones.com\/?p=59","url":"https:\/\/waracomunicaciones.com\/?p=59","name":"Gabriela Guti\u00e9rrez pide soluciones reales ante la crisis econ\u00f3mica y los avasallamientos en San Pedro - Wara Comunicaciones","isPartOf":{"@id":"https:\/\/waracomunicaciones.com\/#website"},"primaryImageOfPage":{"@id":"https:\/\/waracomunicaciones.com\/?p=59#primaryimage"},"image":{"@id":"https:\/\/waracomunicaciones.com\/?p=59#primaryimage"},"thumbnailUrl":"https:\/\/waracomunicaciones.com\/wp-content\/uploads\/2025\/07\/sabn.webp","datePublished":"2025-07-15T14:14:00+00:00","dateModified":"2025-07-24T06:06:55+00:00","breadcrumb":{"@id":"https:\/\/waracomunicaciones.com\/?p=59#breadcrumb"},"inLanguage":"es","potentialAction":[{"@type":"ReadAction","target":["https:\/\/waracomunicaciones.com\/?p=59"]}]},{"@type":"ImageObject","inLanguage":"es","@id":"https:\/\/waracomunicaciones.com\/?p=59#primaryimage","url":"https:\/\/waracomunicaciones.com\/wp-content\/uploads\/2025\/07\/sabn.webp","contentUrl":"https:\/\/waracomunicaciones.com\/wp-content\/uploads\/2025\/07\/sabn.webp","width":900,"height":383},{"@type":"BreadcrumbList","@id":"https:\/\/waracomunicaciones.com\/?p=59#breadcrumb","itemListElement":[{"@type":"ListItem","position":1,"name":"Portada","item":"https:\/\/waracomunicaciones.com\/"},{"@type":"ListItem","position":2,"name":"Gabriela Guti\u00e9rrez pide soluciones reales ante la crisis econ\u00f3mica y los avasallamientos en San Pedro"}]},{"@type":"WebSite","@id":"https:\/\/waracomunicaciones.com\/#website","url":"https:\/\/waracomunicaciones.com\/","name":"Wara Comunicaciones","description":"","publisher":{"@id":"https:\/\/waracomunicaciones.com\/#organization"},"potentialAction":[{"@type":"SearchAction","target":{"@type":"EntryPoint","urlTemplate":"https:\/\/waracomunicaciones.com\/?s={search_term_string}"},"query-input":{"@type":"PropertyValueSpecification","valueRequired":true,"valueName":"search_term_string"}}],"inLanguage":"es"},{"@type":"Organization","@id":"https:\/\/waracomunicaciones.com\/#organization","name":"Wara Comunicaciones","url":"https:\/\/waracomunicaciones.com\/","logo":{"@type":"ImageObject","inLanguage":"es","@id":"https:\/\/waracomunicaciones.com\/#\/schema\/logo\/image\/","url":"https:\/\/waracomunicaciones.com\/wp-content\/uploads\/2025\/07\/logo.png","contentUrl":"https:\/\/waracomunicaciones.com\/wp-content\/uploads\/2025\/07\/logo.png","width":400,"height":164,"caption":"Wara Comunicaciones"},"image":{"@id":"https:\/\/waracomunicaciones.com\/#\/schema\/logo\/image\/"},"sameAs":["https:\/\/www.facebook.com\/waracomunicaciones2017"]},{"@type":"Person","@id":"https:\/\/waracomunicaciones.com\/#\/schema\/person\/e9db934bc91575cc71fe584c5973244a","name":"admin","image":{"@type":"ImageObject","inLanguage":"es","@id":"https:\/\/waracomunicaciones.com\/#\/schema\/person\/image\/","url":"https:\/\/secure.gravatar.com\/avatar\/bf27e9186df568254093afa216f887fece17605302c6ff12f3980422fffa52e6?s=96&d=mm&r=g","contentUrl":"https:\/\/secure.gravatar.com\/avatar\/bf27e9186df568254093afa216f887fece17605302c6ff12f3980422fffa52e6?s=96&d=mm&r=g","caption":"admin"},"sameAs":["https:\/\/waracomunicaciones.com\/wp"],"url":"https:\/\/waracomunicaciones.com\/?author=1"}]}},"_links":{"self":[{"href":"https:\/\/waracomunicaciones.com\/index.php?rest_route=\/wp\/v2\/posts\/59","targetHints":{"allow":["GET"]}}],"collection":[{"href":"https:\/\/waracomunicaciones.com\/index.php?rest_route=\/wp\/v2\/posts"}],"about":[{"href":"https:\/\/waracomunicaciones.com\/index.php?rest_route=\/wp\/v2\/types\/post"}],"author":[{"embeddable":true,"href":"https:\/\/waracomunicaciones.com\/index.php?rest_route=\/wp\/v2\/users\/1"}],"replies":[{"embeddable":true,"href":"https:\/\/waracomunicaciones.com\/index.php?rest_route=%2Fwp%2Fv2%2Fcomments&post=59"}],"version-history":[{"count":1,"href":"https:\/\/waracomunicaciones.com\/index.php?rest_route=\/wp\/v2\/posts\/59\/revisions"}],"predecessor-version":[{"id":61,"href":"https:\/\/waracomunicaciones.com\/index.php?rest_route=\/wp\/v2\/posts\/59\/revisions\/61"}],"wp:featuredmedia":[{"embeddable":true,"href":"https:\/\/waracomunicaciones.com\/index.php?rest_route=\/wp\/v2\/media\/60"}],"wp:attachment":[{"href":"https:\/\/waracomunicaciones.com\/index.php?rest_route=%2Fwp%2Fv2%2Fmedia&parent=59"}],"wp:term":[{"taxonomy":"category","embeddable":true,"href":"https:\/\/waracomunicaciones.com\/index.php?rest_route=%2Fwp%2Fv2%2Fcategories&post=59"},{"taxonomy":"post_tag","embeddable":true,"href":"https:\/\/waracomunicaciones.com\/index.php?rest_route=%2Fwp%2Fv2%2Ftags&post=59"}],"curies":[{"name":"wp","href":"https:\/\/api.w.org\/{rel}","templated":true}]}}