{"id":587,"date":"2025-08-29T09:27:49","date_gmt":"2025-08-29T13:27:49","guid":{"rendered":"https:\/\/waracomunicaciones.com\/?p=587"},"modified":"2025-08-29T09:27:51","modified_gmt":"2025-08-29T13:27:51","slug":"maico-moreno-la-eleccion-se-perdio-por-poco-ahora-el-objetivo-es-el-balotaje","status":"publish","type":"post","link":"https:\/\/waracomunicaciones.com\/?p=587","title":{"rendered":"Maico Moreno: \u201cLa elecci\u00f3n se perdi\u00f3 por poco; ahora el objetivo es el balotaje\u201d"},"content":{"rendered":"\n<figure class=\"wp-block-image size-full\"><img loading=\"lazy\" decoding=\"async\" width=\"1000\" height=\"667\" src=\"https:\/\/waracomunicaciones.com\/wp-content\/uploads\/2025\/08\/mansnd.webp\" alt=\"\" class=\"wp-image-589\" srcset=\"https:\/\/waracomunicaciones.com\/wp-content\/uploads\/2025\/08\/mansnd.webp 1000w, https:\/\/waracomunicaciones.com\/wp-content\/uploads\/2025\/08\/mansnd-300x200.webp 300w, https:\/\/waracomunicaciones.com\/wp-content\/uploads\/2025\/08\/mansnd-768x512.webp 768w\" sizes=\"auto, (max-width: 1000px) 100vw, 1000px\" \/><figcaption class=\"wp-element-caption\"><em>Maico Moreno &#8211; Foto Facebook<\/em><\/figcaption><\/figure>\n\n\n<p><strong><b>Montero, &#8211; <\/b><\/strong>Tras una ajustada elecci\u00f3n en la circunscripci\u00f3n 57, el ex candidato a diputado uninominal, <strong><b>Maico Moreno<\/b><\/strong>, reflexion\u00f3 sobre los resultados, los errores cometidos en la campa\u00f1a y el panorama pol\u00edtico de cara al balotaje del 19 de octubre.<!--more--><\/p>\n<p>Moreno, que obtuvo <strong><b>26.927 votos (28,59%)<\/b><\/strong>, fue superado por <strong><b>Kelly Velarde<\/b><\/strong>, quien alcanz\u00f3 <strong><b>28.168 votos (29,91%)<\/b><\/strong>, en una votaci\u00f3n marcada por la m\u00ednima diferencia. Seg\u00fan explic\u00f3 el excandidato, uno de los principales errores estrat\u00e9gicos fue postular a dos candidatos de Montero, sin tomar en cuenta el peso electoral de <strong><b>Yapacan\u00ed<\/b><\/strong>, que junto con Montero representa m\u00e1s del <strong><b>75% del padr\u00f3n electoral<\/b><\/strong>\u00a0de la circunscripci\u00f3n.<\/p>\n<p>\u201cNo debimos tener dos candidatos de Montero. Si hubi\u00e9ramos presentado una dupla Montero-Yapacan\u00ed, el resultado habr\u00eda sido diferente\u201d, se\u00f1al\u00f3.<\/p>\n<p>Pese a la derrota, Moreno se muestra optimista y enfocado en el pr\u00f3ximo desaf\u00edo: el <strong><b>balotaje presidencial<\/b><\/strong>. \u201cLo m\u00e1s importante ahora es cambiar el rumbo del pa\u00eds. Una diputaci\u00f3n m\u00e1s o menos no define todo, pero un cambio de gobierno s\u00ed puede transformar la vida de la gente\u201d, afirm\u00f3.<\/p>\n<p>Respecto al escenario nacional, el ex candidato apunt\u00f3 que los resultados sorprendieron con el ascenso del <strong><b>PDC<\/b><\/strong>, cuya f\u00f3rmula <strong><b>Rodrigo Paz\u2013Lara<\/b><\/strong>\u00a0logr\u00f3 captar un importante segmento del voto descontento, particularmente en zonas que tradicionalmente respaldaban al MAS.<\/p>\n<p>Moreno denunci\u00f3 que algunas encuestas fueron manipuladas para favorecer a ciertos candidatos y que el <strong><b>PDC habr\u00eda sido impulsado por el propio Movimiento al Socialismo<\/b><\/strong>. \u201cHoy est\u00e1 claro que el PDC es la nueva cara del MAS; Evo Morales ya ha expresado su apoyo a esa candidatura\u201d, dijo.<\/p>\n<p>Analizando los resultados por recintos electorales, se observan fuertes variaciones territoriales. En <strong><b>colegios como \u00c1ngel Limpias<\/b><\/strong>\u00a0y <strong><b>Daniel Rivero<\/b><\/strong>, el <strong><b>PDC arras\u00f3 con m\u00e1s del 38% y 43% respectivamente<\/b><\/strong>, captando votos que antes eran del MAS. En <strong><b>el colegio Rene Moreno<\/b><\/strong>, en cambio, <strong><b>Libre<\/b><\/strong>\u00a0y <strong><b>Unidad<\/b><\/strong>\u00a0obtuvieron mayor respaldo.<\/p>\n<p>Moreno explic\u00f3 que en Santa Cruz, el respaldo a Samuel Doria Medina no se traducir\u00e1 autom\u00e1ticamente en votos para el PDC en el balotaje. \u201cLa gente que vot\u00f3 por Samuel, sobre todo en Santa Cruz, es cercana a Camacho, y no va a apoyar a un candidato con v\u00ednculos con el MAS. Esos votos van a ir a Tuto\u201d, asegur\u00f3.<\/p>\n<p>En el an\u00e1lisis general, Moreno ve con optimismo el desempe\u00f1o de <strong><b>Tuto Quiroga<\/b><\/strong>\u00a0en Santa Cruz, Beni, Pando y otras regiones. Sin embargo, reconoce que <strong><b>La Paz<\/b><\/strong>\u00a0sigue siendo una plaza complicada, donde el PDC mantiene una ventaja considerable.<\/p>\n<p>De cara a las elecciones subnacionales, el excandidato no descarta su continuidad pol\u00edtica. \u201cDios sabr\u00e1 hacia d\u00f3nde nos lleva. Por ahora, el enfoque est\u00e1 en el balotaje, pero m\u00e1s adelante veremos qu\u00e9 rumbo tomamos. Esto no termina aqu\u00ed\u201d, concluy\u00f3.<\/p><div style=\"margin-top: 0px; margin-bottom: 0px;\" class=\"sharethis-inline-reaction-buttons\" ><\/div>","protected":false},"excerpt":{"rendered":"<p>Montero, &#8211; Tras una ajustada elecci\u00f3n en la circunscripci\u00f3n 57, el ex candidato a diputado uninominal, Maico Moreno, reflexion\u00f3 sobre los resultados, los errores cometidos en la campa\u00f1a y el panorama pol\u00edtico de cara al balotaje del 19 de octubre.<\/p>\n","protected":false},"author":1,"featured_media":589,"comment_status":"open","ping_status":"open","sticky":false,"template":"","format":"standard","meta":{"footnotes":""},"categories":[42],"tags":[31,33,28],"class_list":["post-587","post","type-post","status-publish","format-standard","has-post-thumbnail","hentry","category-politica","tag-alianza-libre","tag-jorge-tuto-quiroga","tag-maico-moreno-vaca"],"yoast_head":"<!-- This site is optimized with the Yoast SEO Premium plugin v25.5 (Yoast SEO v27.1.1) - https:\/\/yoast.com\/product\/yoast-seo-premium-wordpress\/ -->\n<title>Maico Moreno: \u201cLa elecci\u00f3n se perdi\u00f3 por poco; ahora el objetivo es el balotaje\u201d - Wara Comunicaciones<\/title>\n<meta name=\"robots\" content=\"index, follow, max-snippet:-1, max-image-preview:large, max-video-preview:-1\" \/>\n<link rel=\"canonical\" href=\"https:\/\/waracomunicaciones.com\/?p=587\" \/>\n<meta property=\"og:locale\" content=\"es_ES\" \/>\n<meta property=\"og:type\" content=\"article\" \/>\n<meta property=\"og:title\" content=\"Maico Moreno: \u201cLa elecci\u00f3n se perdi\u00f3 por poco; ahora el objetivo es el balotaje\u201d\" \/>\n<meta property=\"og:description\" content=\"Montero, &#8211; Tras una ajustada elecci\u00f3n en la circunscripci\u00f3n 57, el ex candidato a diputado uninominal, Maico Moreno, reflexion\u00f3 sobre los resultados, los errores cometidos en la campa\u00f1a y el panorama pol\u00edtico de cara al balotaje del 19 de octubre.\" \/>\n<meta property=\"og:url\" content=\"https:\/\/waracomunicaciones.com\/?p=587\" \/>\n<meta property=\"og:site_name\" content=\"Wara Comunicaciones\" \/>\n<meta property=\"article:publisher\" content=\"https:\/\/www.facebook.com\/waracomunicaciones2017\" \/>\n<meta property=\"article:published_time\" content=\"2025-08-29T13:27:49+00:00\" \/>\n<meta property=\"article:modified_time\" content=\"2025-08-29T13:27:51+00:00\" \/>\n<meta property=\"og:image\" content=\"https:\/\/waracomunicaciones.com\/wp-content\/uploads\/2025\/08\/mansnd.webp\" \/>\n\t<meta property=\"og:image:width\" content=\"1000\" \/>\n\t<meta property=\"og:image:height\" content=\"667\" \/>\n\t<meta property=\"og:image:type\" content=\"image\/webp\" \/>\n<meta name=\"author\" content=\"admin\" \/>\n<meta name=\"twitter:card\" content=\"summary_large_image\" \/>\n<meta name=\"twitter:label1\" content=\"Escrito por\" \/>\n\t<meta name=\"twitter:data1\" content=\"admin\" \/>\n\t<meta name=\"twitter:label2\" content=\"Tiempo de lectura\" \/>\n\t<meta name=\"twitter:data2\" content=\"3 minutos\" \/>\n<script type=\"application\/ld+json\" class=\"yoast-schema-graph\">{\"@context\":\"https:\/\/schema.org\",\"@graph\":[{\"@type\":\"Article\",\"@id\":\"https:\/\/waracomunicaciones.com\/?p=587#article\",\"isPartOf\":{\"@id\":\"https:\/\/waracomunicaciones.com\/?p=587\"},\"author\":{\"name\":\"admin\",\"@id\":\"https:\/\/waracomunicaciones.com\/#\/schema\/person\/e9db934bc91575cc71fe584c5973244a\"},\"headline\":\"Maico Moreno: \u201cLa elecci\u00f3n se perdi\u00f3 por poco; ahora el objetivo es el balotaje\u201d\",\"datePublished\":\"2025-08-29T13:27:49+00:00\",\"dateModified\":\"2025-08-29T13:27:51+00:00\",\"mainEntityOfPage\":{\"@id\":\"https:\/\/waracomunicaciones.com\/?p=587\"},\"wordCount\":486,\"commentCount\":0,\"publisher\":{\"@id\":\"https:\/\/waracomunicaciones.com\/#organization\"},\"image\":{\"@id\":\"https:\/\/waracomunicaciones.com\/?p=587#primaryimage\"},\"thumbnailUrl\":\"https:\/\/waracomunicaciones.com\/wp-content\/uploads\/2025\/08\/mansnd.webp\",\"keywords\":[\"Alianza Libre\",\"Jorge Tuto Quiroga\",\"Maico Moreno Vaca\"],\"articleSection\":[\"Pol\u00edtica\"],\"inLanguage\":\"es\",\"potentialAction\":[{\"@type\":\"CommentAction\",\"name\":\"Comment\",\"target\":[\"https:\/\/waracomunicaciones.com\/?p=587#respond\"]}]},{\"@type\":\"WebPage\",\"@id\":\"https:\/\/waracomunicaciones.com\/?p=587\",\"url\":\"https:\/\/waracomunicaciones.com\/?p=587\",\"name\":\"Maico Moreno: \u201cLa elecci\u00f3n se perdi\u00f3 por poco; ahora el objetivo es el balotaje\u201d - Wara Comunicaciones\",\"isPartOf\":{\"@id\":\"https:\/\/waracomunicaciones.com\/#website\"},\"primaryImageOfPage\":{\"@id\":\"https:\/\/waracomunicaciones.com\/?p=587#primaryimage\"},\"image\":{\"@id\":\"https:\/\/waracomunicaciones.com\/?p=587#primaryimage\"},\"thumbnailUrl\":\"https:\/\/waracomunicaciones.com\/wp-content\/uploads\/2025\/08\/mansnd.webp\",\"datePublished\":\"2025-08-29T13:27:49+00:00\",\"dateModified\":\"2025-08-29T13:27:51+00:00\",\"breadcrumb\":{\"@id\":\"https:\/\/waracomunicaciones.com\/?p=587#breadcrumb\"},\"inLanguage\":\"es\",\"potentialAction\":[{\"@type\":\"ReadAction\",\"target\":[\"https:\/\/waracomunicaciones.com\/?p=587\"]}]},{\"@type\":\"ImageObject\",\"inLanguage\":\"es\",\"@id\":\"https:\/\/waracomunicaciones.com\/?p=587#primaryimage\",\"url\":\"https:\/\/waracomunicaciones.com\/wp-content\/uploads\/2025\/08\/mansnd.webp\",\"contentUrl\":\"https:\/\/waracomunicaciones.com\/wp-content\/uploads\/2025\/08\/mansnd.webp\",\"width\":1000,\"height\":667},{\"@type\":\"BreadcrumbList\",\"@id\":\"https:\/\/waracomunicaciones.com\/?p=587#breadcrumb\",\"itemListElement\":[{\"@type\":\"ListItem\",\"position\":1,\"name\":\"Portada\",\"item\":\"https:\/\/waracomunicaciones.com\/\"},{\"@type\":\"ListItem\",\"position\":2,\"name\":\"Maico Moreno: \u201cLa elecci\u00f3n se perdi\u00f3 por poco; ahora el objetivo es el balotaje\u201d\"}]},{\"@type\":\"WebSite\",\"@id\":\"https:\/\/waracomunicaciones.com\/#website\",\"url\":\"https:\/\/waracomunicaciones.com\/\",\"name\":\"Wara Comunicaciones\",\"description\":\"\",\"publisher\":{\"@id\":\"https:\/\/waracomunicaciones.com\/#organization\"},\"potentialAction\":[{\"@type\":\"SearchAction\",\"target\":{\"@type\":\"EntryPoint\",\"urlTemplate\":\"https:\/\/waracomunicaciones.com\/?s={search_term_string}\"},\"query-input\":{\"@type\":\"PropertyValueSpecification\",\"valueRequired\":true,\"valueName\":\"search_term_string\"}}],\"inLanguage\":\"es\"},{\"@type\":\"Organization\",\"@id\":\"https:\/\/waracomunicaciones.com\/#organization\",\"name\":\"Wara Comunicaciones\",\"url\":\"https:\/\/waracomunicaciones.com\/\",\"logo\":{\"@type\":\"ImageObject\",\"inLanguage\":\"es\",\"@id\":\"https:\/\/waracomunicaciones.com\/#\/schema\/logo\/image\/\",\"url\":\"https:\/\/waracomunicaciones.com\/wp-content\/uploads\/2025\/07\/logo.png\",\"contentUrl\":\"https:\/\/waracomunicaciones.com\/wp-content\/uploads\/2025\/07\/logo.png\",\"width\":400,\"height\":164,\"caption\":\"Wara Comunicaciones\"},\"image\":{\"@id\":\"https:\/\/waracomunicaciones.com\/#\/schema\/logo\/image\/\"},\"sameAs\":[\"https:\/\/www.facebook.com\/waracomunicaciones2017\"]},{\"@type\":\"Person\",\"@id\":\"https:\/\/waracomunicaciones.com\/#\/schema\/person\/e9db934bc91575cc71fe584c5973244a\",\"name\":\"admin\",\"image\":{\"@type\":\"ImageObject\",\"inLanguage\":\"es\",\"@id\":\"https:\/\/waracomunicaciones.com\/#\/schema\/person\/image\/\",\"url\":\"https:\/\/secure.gravatar.com\/avatar\/bf27e9186df568254093afa216f887fece17605302c6ff12f3980422fffa52e6?s=96&d=mm&r=g\",\"contentUrl\":\"https:\/\/secure.gravatar.com\/avatar\/bf27e9186df568254093afa216f887fece17605302c6ff12f3980422fffa52e6?s=96&d=mm&r=g\",\"caption\":\"admin\"},\"sameAs\":[\"https:\/\/waracomunicaciones.com\/wp\"],\"url\":\"https:\/\/waracomunicaciones.com\/?author=1\"}]}<\/script>\n<!-- \/ Yoast SEO Premium plugin. -->","yoast_head_json":{"title":"Maico Moreno: \u201cLa elecci\u00f3n se perdi\u00f3 por poco; ahora el objetivo es el balotaje\u201d - Wara Comunicaciones","robots":{"index":"index","follow":"follow","max-snippet":"max-snippet:-1","max-image-preview":"max-image-preview:large","max-video-preview":"max-video-preview:-1"},"canonical":"https:\/\/waracomunicaciones.com\/?p=587","og_locale":"es_ES","og_type":"article","og_title":"Maico Moreno: \u201cLa elecci\u00f3n se perdi\u00f3 por poco; ahora el objetivo es el balotaje\u201d","og_description":"Montero, &#8211; Tras una ajustada elecci\u00f3n en la circunscripci\u00f3n 57, el ex candidato a diputado uninominal, Maico Moreno, reflexion\u00f3 sobre los resultados, los errores cometidos en la campa\u00f1a y el panorama pol\u00edtico de cara al balotaje del 19 de octubre.","og_url":"https:\/\/waracomunicaciones.com\/?p=587","og_site_name":"Wara Comunicaciones","article_publisher":"https:\/\/www.facebook.com\/waracomunicaciones2017","article_published_time":"2025-08-29T13:27:49+00:00","article_modified_time":"2025-08-29T13:27:51+00:00","og_image":[{"width":1000,"height":667,"url":"https:\/\/waracomunicaciones.com\/wp-content\/uploads\/2025\/08\/mansnd.webp","type":"image\/webp"}],"author":"admin","twitter_card":"summary_large_image","twitter_misc":{"Escrito por":"admin","Tiempo de lectura":"3 minutos"},"schema":{"@context":"https:\/\/schema.org","@graph":[{"@type":"Article","@id":"https:\/\/waracomunicaciones.com\/?p=587#article","isPartOf":{"@id":"https:\/\/waracomunicaciones.com\/?p=587"},"author":{"name":"admin","@id":"https:\/\/waracomunicaciones.com\/#\/schema\/person\/e9db934bc91575cc71fe584c5973244a"},"headline":"Maico Moreno: \u201cLa elecci\u00f3n se perdi\u00f3 por poco; ahora el objetivo es el balotaje\u201d","datePublished":"2025-08-29T13:27:49+00:00","dateModified":"2025-08-29T13:27:51+00:00","mainEntityOfPage":{"@id":"https:\/\/waracomunicaciones.com\/?p=587"},"wordCount":486,"commentCount":0,"publisher":{"@id":"https:\/\/waracomunicaciones.com\/#organization"},"image":{"@id":"https:\/\/waracomunicaciones.com\/?p=587#primaryimage"},"thumbnailUrl":"https:\/\/waracomunicaciones.com\/wp-content\/uploads\/2025\/08\/mansnd.webp","keywords":["Alianza Libre","Jorge Tuto Quiroga","Maico Moreno Vaca"],"articleSection":["Pol\u00edtica"],"inLanguage":"es","potentialAction":[{"@type":"CommentAction","name":"Comment","target":["https:\/\/waracomunicaciones.com\/?p=587#respond"]}]},{"@type":"WebPage","@id":"https:\/\/waracomunicaciones.com\/?p=587","url":"https:\/\/waracomunicaciones.com\/?p=587","name":"Maico Moreno: \u201cLa elecci\u00f3n se perdi\u00f3 por poco; ahora el objetivo es el balotaje\u201d - Wara Comunicaciones","isPartOf":{"@id":"https:\/\/waracomunicaciones.com\/#website"},"primaryImageOfPage":{"@id":"https:\/\/waracomunicaciones.com\/?p=587#primaryimage"},"image":{"@id":"https:\/\/waracomunicaciones.com\/?p=587#primaryimage"},"thumbnailUrl":"https:\/\/waracomunicaciones.com\/wp-content\/uploads\/2025\/08\/mansnd.webp","datePublished":"2025-08-29T13:27:49+00:00","dateModified":"2025-08-29T13:27:51+00:00","breadcrumb":{"@id":"https:\/\/waracomunicaciones.com\/?p=587#breadcrumb"},"inLanguage":"es","potentialAction":[{"@type":"ReadAction","target":["https:\/\/waracomunicaciones.com\/?p=587"]}]},{"@type":"ImageObject","inLanguage":"es","@id":"https:\/\/waracomunicaciones.com\/?p=587#primaryimage","url":"https:\/\/waracomunicaciones.com\/wp-content\/uploads\/2025\/08\/mansnd.webp","contentUrl":"https:\/\/waracomunicaciones.com\/wp-content\/uploads\/2025\/08\/mansnd.webp","width":1000,"height":667},{"@type":"BreadcrumbList","@id":"https:\/\/waracomunicaciones.com\/?p=587#breadcrumb","itemListElement":[{"@type":"ListItem","position":1,"name":"Portada","item":"https:\/\/waracomunicaciones.com\/"},{"@type":"ListItem","position":2,"name":"Maico Moreno: \u201cLa elecci\u00f3n se perdi\u00f3 por poco; ahora el objetivo es el balotaje\u201d"}]},{"@type":"WebSite","@id":"https:\/\/waracomunicaciones.com\/#website","url":"https:\/\/waracomunicaciones.com\/","name":"Wara Comunicaciones","description":"","publisher":{"@id":"https:\/\/waracomunicaciones.com\/#organization"},"potentialAction":[{"@type":"SearchAction","target":{"@type":"EntryPoint","urlTemplate":"https:\/\/waracomunicaciones.com\/?s={search_term_string}"},"query-input":{"@type":"PropertyValueSpecification","valueRequired":true,"valueName":"search_term_string"}}],"inLanguage":"es"},{"@type":"Organization","@id":"https:\/\/waracomunicaciones.com\/#organization","name":"Wara Comunicaciones","url":"https:\/\/waracomunicaciones.com\/","logo":{"@type":"ImageObject","inLanguage":"es","@id":"https:\/\/waracomunicaciones.com\/#\/schema\/logo\/image\/","url":"https:\/\/waracomunicaciones.com\/wp-content\/uploads\/2025\/07\/logo.png","contentUrl":"https:\/\/waracomunicaciones.com\/wp-content\/uploads\/2025\/07\/logo.png","width":400,"height":164,"caption":"Wara Comunicaciones"},"image":{"@id":"https:\/\/waracomunicaciones.com\/#\/schema\/logo\/image\/"},"sameAs":["https:\/\/www.facebook.com\/waracomunicaciones2017"]},{"@type":"Person","@id":"https:\/\/waracomunicaciones.com\/#\/schema\/person\/e9db934bc91575cc71fe584c5973244a","name":"admin","image":{"@type":"ImageObject","inLanguage":"es","@id":"https:\/\/waracomunicaciones.com\/#\/schema\/person\/image\/","url":"https:\/\/secure.gravatar.com\/avatar\/bf27e9186df568254093afa216f887fece17605302c6ff12f3980422fffa52e6?s=96&d=mm&r=g","contentUrl":"https:\/\/secure.gravatar.com\/avatar\/bf27e9186df568254093afa216f887fece17605302c6ff12f3980422fffa52e6?s=96&d=mm&r=g","caption":"admin"},"sameAs":["https:\/\/waracomunicaciones.com\/wp"],"url":"https:\/\/waracomunicaciones.com\/?author=1"}]}},"_links":{"self":[{"href":"https:\/\/waracomunicaciones.com\/index.php?rest_route=\/wp\/v2\/posts\/587","targetHints":{"allow":["GET"]}}],"collection":[{"href":"https:\/\/waracomunicaciones.com\/index.php?rest_route=\/wp\/v2\/posts"}],"about":[{"href":"https:\/\/waracomunicaciones.com\/index.php?rest_route=\/wp\/v2\/types\/post"}],"author":[{"embeddable":true,"href":"https:\/\/waracomunicaciones.com\/index.php?rest_route=\/wp\/v2\/users\/1"}],"replies":[{"embeddable":true,"href":"https:\/\/waracomunicaciones.com\/index.php?rest_route=%2Fwp%2Fv2%2Fcomments&post=587"}],"version-history":[{"count":1,"href":"https:\/\/waracomunicaciones.com\/index.php?rest_route=\/wp\/v2\/posts\/587\/revisions"}],"predecessor-version":[{"id":590,"href":"https:\/\/waracomunicaciones.com\/index.php?rest_route=\/wp\/v2\/posts\/587\/revisions\/590"}],"wp:featuredmedia":[{"embeddable":true,"href":"https:\/\/waracomunicaciones.com\/index.php?rest_route=\/wp\/v2\/media\/589"}],"wp:attachment":[{"href":"https:\/\/waracomunicaciones.com\/index.php?rest_route=%2Fwp%2Fv2%2Fmedia&parent=587"}],"wp:term":[{"taxonomy":"category","embeddable":true,"href":"https:\/\/waracomunicaciones.com\/index.php?rest_route=%2Fwp%2Fv2%2Fcategories&post=587"},{"taxonomy":"post_tag","embeddable":true,"href":"https:\/\/waracomunicaciones.com\/index.php?rest_route=%2Fwp%2Fv2%2Ftags&post=587"}],"curies":[{"name":"wp","href":"https:\/\/api.w.org\/{rel}","templated":true}]}}