{"id":578,"date":"2025-08-27T10:36:17","date_gmt":"2025-08-27T14:36:17","guid":{"rendered":"https:\/\/waracomunicaciones.com\/?p=578"},"modified":"2025-08-27T10:38:27","modified_gmt":"2025-08-27T14:38:27","slug":"emotivo-festejo-por-el-dia-del-adulto-mayor-en-yapacani","status":"publish","type":"post","link":"https:\/\/waracomunicaciones.com\/?p=578","title":{"rendered":"Emotivo festejo por el d\u00eda del Adulto Mayor en Yapacan\u00ed"},"content":{"rendered":"\n<figure class=\"wp-block-image size-full\"><img loading=\"lazy\" decoding=\"async\" width=\"1000\" height=\"750\" src=\"https:\/\/waracomunicaciones.com\/wp-content\/uploads\/2025\/08\/IMG-20250827-WA0011.webp\" alt=\"\" class=\"wp-image-580\" srcset=\"https:\/\/waracomunicaciones.com\/wp-content\/uploads\/2025\/08\/IMG-20250827-WA0011.webp 1000w, https:\/\/waracomunicaciones.com\/wp-content\/uploads\/2025\/08\/IMG-20250827-WA0011-300x225.webp 300w, https:\/\/waracomunicaciones.com\/wp-content\/uploads\/2025\/08\/IMG-20250827-WA0011-768x576.webp 768w\" sizes=\"auto, (max-width: 1000px) 100vw, 1000px\" \/><\/figure>\n\n\n<p><em><i>Yapacan\u00ed, <\/i><\/em>\u2013 Con gran alegr\u00eda y un ambiente colmado de emoci\u00f3n, el Municipio de Yapacan\u00ed celebr\u00f3 el <strong><b>D\u00eda del Adulto Mayor<\/b><\/strong>\u00a0con un acto especial en homenaje a este valioso sector de la sociedad.<\/p>\n<p>El evento estuvo encabezado por el alcalde <strong><b>Juan Carlos Valles<\/b><\/strong>, quien reafirm\u00f3 su compromiso con los adultos mayores, destacando las pol\u00edticas y programas que su gesti\u00f3n ha implementado en beneficio de esta poblaci\u00f3n. \u201cSeguiremos trabajando con el mismo empe\u00f1o por nuestros adultos mayores, reconociendo el legado que han dejado y asegurando una vejez digna\u201d, expres\u00f3 la autoridad municipal.<\/p>\n<p>Uno de los momentos m\u00e1s esperados de la jornada fue la <strong><b>entrega de productos de la canasta familiar<\/b><\/strong>, un gesto que fue recibido con gratitud y entusiasmo por los presentes.<\/p>\n<p>La celebraci\u00f3n estuvo llena de color y emociones. Los adultos mayores participaron activamente en <strong><b>presentaciones de danza, canto y poes\u00eda<\/b><\/strong>, demostrando vitalidad y talento. Adem\u00e1s, disfrutaron de un <strong><b>refrigerio, un almuerzo especial<\/b><\/strong>, as\u00ed como <strong><b>rifas, concursos y premios<\/b><\/strong>, que hicieron del festejo una experiencia inolvidable.<\/p>\n<p>La actividad no solo reafirm\u00f3 el compromiso institucional con los adultos mayores, sino que tambi\u00e9n fortaleci\u00f3 los lazos comunitarios y puso en valor la experiencia y sabidur\u00eda de quienes han contribuido al desarrollo del municipio.<\/p>\n\n\n<figure class=\"wp-block-gallery has-nested-images columns-default is-cropped wp-block-gallery-1 is-layout-flex wp-block-gallery-is-layout-flex\">\n<figure class=\"wp-block-image size-large\"><img loading=\"lazy\" decoding=\"async\" width=\"576\" height=\"1024\" data-id=\"582\" src=\"https:\/\/waracomunicaciones.com\/wp-content\/uploads\/2025\/08\/IMG-20250827-WA0009-1-576x1024.webp\" alt=\"\" class=\"wp-image-582\" srcset=\"https:\/\/waracomunicaciones.com\/wp-content\/uploads\/2025\/08\/IMG-20250827-WA0009-1-576x1024.webp 576w, https:\/\/waracomunicaciones.com\/wp-content\/uploads\/2025\/08\/IMG-20250827-WA0009-1-169x300.webp 169w, https:\/\/waracomunicaciones.com\/wp-content\/uploads\/2025\/08\/IMG-20250827-WA0009-1.webp 608w\" sizes=\"auto, (max-width: 576px) 100vw, 576px\" \/><\/figure>\n\n\n\n<figure class=\"wp-block-image size-large\"><img loading=\"lazy\" decoding=\"async\" width=\"1000\" height=\"750\" data-id=\"584\" src=\"https:\/\/waracomunicaciones.com\/wp-content\/uploads\/2025\/08\/IMG-20250827-WA0010.webp\" alt=\"\" class=\"wp-image-584\" srcset=\"https:\/\/waracomunicaciones.com\/wp-content\/uploads\/2025\/08\/IMG-20250827-WA0010.webp 1000w, https:\/\/waracomunicaciones.com\/wp-content\/uploads\/2025\/08\/IMG-20250827-WA0010-300x225.webp 300w, https:\/\/waracomunicaciones.com\/wp-content\/uploads\/2025\/08\/IMG-20250827-WA0010-768x576.webp 768w\" sizes=\"auto, (max-width: 1000px) 100vw, 1000px\" \/><\/figure>\n\n\n\n<figure class=\"wp-block-image size-large\"><img loading=\"lazy\" decoding=\"async\" width=\"1000\" height=\"750\" data-id=\"585\" src=\"https:\/\/waracomunicaciones.com\/wp-content\/uploads\/2025\/08\/IMG-20250827-WA0013.webp\" alt=\"\" class=\"wp-image-585\" srcset=\"https:\/\/waracomunicaciones.com\/wp-content\/uploads\/2025\/08\/IMG-20250827-WA0013.webp 1000w, https:\/\/waracomunicaciones.com\/wp-content\/uploads\/2025\/08\/IMG-20250827-WA0013-300x225.webp 300w, https:\/\/waracomunicaciones.com\/wp-content\/uploads\/2025\/08\/IMG-20250827-WA0013-768x576.webp 768w\" sizes=\"auto, (max-width: 1000px) 100vw, 1000px\" \/><\/figure>\n\n\n\n<figure class=\"wp-block-image size-large\"><img loading=\"lazy\" decoding=\"async\" width=\"1000\" height=\"750\" data-id=\"583\" src=\"https:\/\/waracomunicaciones.com\/wp-content\/uploads\/2025\/08\/IMG-20250827-WA0012.webp\" alt=\"\" class=\"wp-image-583\" srcset=\"https:\/\/waracomunicaciones.com\/wp-content\/uploads\/2025\/08\/IMG-20250827-WA0012.webp 1000w, https:\/\/waracomunicaciones.com\/wp-content\/uploads\/2025\/08\/IMG-20250827-WA0012-300x225.webp 300w, https:\/\/waracomunicaciones.com\/wp-content\/uploads\/2025\/08\/IMG-20250827-WA0012-768x576.webp 768w\" sizes=\"auto, (max-width: 1000px) 100vw, 1000px\" \/><\/figure>\n<\/figure>\n<div style=\"margin-top: 0px; margin-bottom: 0px;\" class=\"sharethis-inline-reaction-buttons\" ><\/div>","protected":false},"excerpt":{"rendered":"<p>Yapacan\u00ed, \u2013 Con gran alegr\u00eda y un ambiente colmado de emoci\u00f3n, el Municipio de Yapacan\u00ed celebr\u00f3 el D\u00eda del Adulto Mayor\u00a0con un acto especial en homenaje a este valioso sector de la sociedad. El evento estuvo encabezado por el alcalde Juan Carlos Valles, quien reafirm\u00f3 su compromiso con los adultos mayores, destacando las pol\u00edticas y [&hellip;]<\/p>\n","protected":false},"author":1,"featured_media":580,"comment_status":"open","ping_status":"open","sticky":false,"template":"","format":"standard","meta":{"footnotes":""},"categories":[45],"tags":[156,157,16],"class_list":["post-578","post","type-post","status-publish","format-standard","has-post-thumbnail","hentry","category-sociedad","tag-adulto-mayor","tag-juan-carlos-valles","tag-yapacani"],"yoast_head":"<!-- This site is optimized with the Yoast SEO Premium plugin v25.5 (Yoast SEO v27.1.1) - https:\/\/yoast.com\/product\/yoast-seo-premium-wordpress\/ -->\n<title>Emotivo festejo por el d\u00eda del Adulto Mayor en Yapacan\u00ed - Wara Comunicaciones<\/title>\n<meta name=\"robots\" content=\"index, follow, max-snippet:-1, max-image-preview:large, max-video-preview:-1\" \/>\n<link rel=\"canonical\" href=\"https:\/\/waracomunicaciones.com\/?p=578\" \/>\n<meta property=\"og:locale\" content=\"es_ES\" \/>\n<meta property=\"og:type\" content=\"article\" \/>\n<meta property=\"og:title\" content=\"Emotivo festejo por el d\u00eda del Adulto Mayor en Yapacan\u00ed\" \/>\n<meta property=\"og:description\" content=\"Yapacan\u00ed, \u2013 Con gran alegr\u00eda y un ambiente colmado de emoci\u00f3n, el Municipio de Yapacan\u00ed celebr\u00f3 el D\u00eda del Adulto Mayor\u00a0con un acto especial en homenaje a este valioso sector de la sociedad. El evento estuvo encabezado por el alcalde Juan Carlos Valles, quien reafirm\u00f3 su compromiso con los adultos mayores, destacando las pol\u00edticas y [&hellip;]\" \/>\n<meta property=\"og:url\" content=\"https:\/\/waracomunicaciones.com\/?p=578\" \/>\n<meta property=\"og:site_name\" content=\"Wara Comunicaciones\" \/>\n<meta property=\"article:publisher\" content=\"https:\/\/www.facebook.com\/waracomunicaciones2017\" \/>\n<meta property=\"article:published_time\" content=\"2025-08-27T14:36:17+00:00\" \/>\n<meta property=\"article:modified_time\" content=\"2025-08-27T14:38:27+00:00\" \/>\n<meta property=\"og:image\" content=\"https:\/\/waracomunicaciones.com\/wp-content\/uploads\/2025\/08\/IMG-20250827-WA0011.webp\" \/>\n\t<meta property=\"og:image:width\" content=\"1000\" \/>\n\t<meta property=\"og:image:height\" content=\"750\" \/>\n\t<meta property=\"og:image:type\" content=\"image\/webp\" \/>\n<meta name=\"author\" content=\"admin\" \/>\n<meta name=\"twitter:card\" content=\"summary_large_image\" \/>\n<meta name=\"twitter:label1\" content=\"Escrito por\" \/>\n\t<meta name=\"twitter:data1\" content=\"admin\" \/>\n\t<meta name=\"twitter:label2\" content=\"Tiempo de lectura\" \/>\n\t<meta name=\"twitter:data2\" content=\"3 minutos\" \/>\n<script type=\"application\/ld+json\" class=\"yoast-schema-graph\">{\"@context\":\"https:\/\/schema.org\",\"@graph\":[{\"@type\":\"Article\",\"@id\":\"https:\/\/waracomunicaciones.com\/?p=578#article\",\"isPartOf\":{\"@id\":\"https:\/\/waracomunicaciones.com\/?p=578\"},\"author\":{\"name\":\"admin\",\"@id\":\"https:\/\/waracomunicaciones.com\/#\/schema\/person\/e9db934bc91575cc71fe584c5973244a\"},\"headline\":\"Emotivo festejo por el d\u00eda del Adulto Mayor en Yapacan\u00ed\",\"datePublished\":\"2025-08-27T14:36:17+00:00\",\"dateModified\":\"2025-08-27T14:38:27+00:00\",\"mainEntityOfPage\":{\"@id\":\"https:\/\/waracomunicaciones.com\/?p=578\"},\"wordCount\":225,\"commentCount\":0,\"publisher\":{\"@id\":\"https:\/\/waracomunicaciones.com\/#organization\"},\"image\":{\"@id\":\"https:\/\/waracomunicaciones.com\/?p=578#primaryimage\"},\"thumbnailUrl\":\"https:\/\/waracomunicaciones.com\/wp-content\/uploads\/2025\/08\/IMG-20250827-WA0011.webp\",\"keywords\":[\"Adulto Mayor\",\"Juan Carlos Valles\",\"Yapacani\"],\"articleSection\":[\"Sociedad\"],\"inLanguage\":\"es\",\"potentialAction\":[{\"@type\":\"CommentAction\",\"name\":\"Comment\",\"target\":[\"https:\/\/waracomunicaciones.com\/?p=578#respond\"]}]},{\"@type\":\"WebPage\",\"@id\":\"https:\/\/waracomunicaciones.com\/?p=578\",\"url\":\"https:\/\/waracomunicaciones.com\/?p=578\",\"name\":\"Emotivo festejo por el d\u00eda del Adulto Mayor en Yapacan\u00ed - Wara Comunicaciones\",\"isPartOf\":{\"@id\":\"https:\/\/waracomunicaciones.com\/#website\"},\"primaryImageOfPage\":{\"@id\":\"https:\/\/waracomunicaciones.com\/?p=578#primaryimage\"},\"image\":{\"@id\":\"https:\/\/waracomunicaciones.com\/?p=578#primaryimage\"},\"thumbnailUrl\":\"https:\/\/waracomunicaciones.com\/wp-content\/uploads\/2025\/08\/IMG-20250827-WA0011.webp\",\"datePublished\":\"2025-08-27T14:36:17+00:00\",\"dateModified\":\"2025-08-27T14:38:27+00:00\",\"breadcrumb\":{\"@id\":\"https:\/\/waracomunicaciones.com\/?p=578#breadcrumb\"},\"inLanguage\":\"es\",\"potentialAction\":[{\"@type\":\"ReadAction\",\"target\":[\"https:\/\/waracomunicaciones.com\/?p=578\"]}]},{\"@type\":\"ImageObject\",\"inLanguage\":\"es\",\"@id\":\"https:\/\/waracomunicaciones.com\/?p=578#primaryimage\",\"url\":\"https:\/\/waracomunicaciones.com\/wp-content\/uploads\/2025\/08\/IMG-20250827-WA0011.webp\",\"contentUrl\":\"https:\/\/waracomunicaciones.com\/wp-content\/uploads\/2025\/08\/IMG-20250827-WA0011.webp\",\"width\":1000,\"height\":750},{\"@type\":\"BreadcrumbList\",\"@id\":\"https:\/\/waracomunicaciones.com\/?p=578#breadcrumb\",\"itemListElement\":[{\"@type\":\"ListItem\",\"position\":1,\"name\":\"Portada\",\"item\":\"https:\/\/waracomunicaciones.com\/\"},{\"@type\":\"ListItem\",\"position\":2,\"name\":\"Emotivo festejo por el d\u00eda del Adulto Mayor en Yapacan\u00ed\"}]},{\"@type\":\"WebSite\",\"@id\":\"https:\/\/waracomunicaciones.com\/#website\",\"url\":\"https:\/\/waracomunicaciones.com\/\",\"name\":\"Wara Comunicaciones\",\"description\":\"\",\"publisher\":{\"@id\":\"https:\/\/waracomunicaciones.com\/#organization\"},\"potentialAction\":[{\"@type\":\"SearchAction\",\"target\":{\"@type\":\"EntryPoint\",\"urlTemplate\":\"https:\/\/waracomunicaciones.com\/?s={search_term_string}\"},\"query-input\":{\"@type\":\"PropertyValueSpecification\",\"valueRequired\":true,\"valueName\":\"search_term_string\"}}],\"inLanguage\":\"es\"},{\"@type\":\"Organization\",\"@id\":\"https:\/\/waracomunicaciones.com\/#organization\",\"name\":\"Wara Comunicaciones\",\"url\":\"https:\/\/waracomunicaciones.com\/\",\"logo\":{\"@type\":\"ImageObject\",\"inLanguage\":\"es\",\"@id\":\"https:\/\/waracomunicaciones.com\/#\/schema\/logo\/image\/\",\"url\":\"https:\/\/waracomunicaciones.com\/wp-content\/uploads\/2025\/07\/logo.png\",\"contentUrl\":\"https:\/\/waracomunicaciones.com\/wp-content\/uploads\/2025\/07\/logo.png\",\"width\":400,\"height\":164,\"caption\":\"Wara Comunicaciones\"},\"image\":{\"@id\":\"https:\/\/waracomunicaciones.com\/#\/schema\/logo\/image\/\"},\"sameAs\":[\"https:\/\/www.facebook.com\/waracomunicaciones2017\"]},{\"@type\":\"Person\",\"@id\":\"https:\/\/waracomunicaciones.com\/#\/schema\/person\/e9db934bc91575cc71fe584c5973244a\",\"name\":\"admin\",\"image\":{\"@type\":\"ImageObject\",\"inLanguage\":\"es\",\"@id\":\"https:\/\/waracomunicaciones.com\/#\/schema\/person\/image\/\",\"url\":\"https:\/\/secure.gravatar.com\/avatar\/bf27e9186df568254093afa216f887fece17605302c6ff12f3980422fffa52e6?s=96&d=mm&r=g\",\"contentUrl\":\"https:\/\/secure.gravatar.com\/avatar\/bf27e9186df568254093afa216f887fece17605302c6ff12f3980422fffa52e6?s=96&d=mm&r=g\",\"caption\":\"admin\"},\"sameAs\":[\"https:\/\/waracomunicaciones.com\/wp\"],\"url\":\"https:\/\/waracomunicaciones.com\/?author=1\"}]}<\/script>\n<!-- \/ Yoast SEO Premium plugin. -->","yoast_head_json":{"title":"Emotivo festejo por el d\u00eda del Adulto Mayor en Yapacan\u00ed - Wara Comunicaciones","robots":{"index":"index","follow":"follow","max-snippet":"max-snippet:-1","max-image-preview":"max-image-preview:large","max-video-preview":"max-video-preview:-1"},"canonical":"https:\/\/waracomunicaciones.com\/?p=578","og_locale":"es_ES","og_type":"article","og_title":"Emotivo festejo por el d\u00eda del Adulto Mayor en Yapacan\u00ed","og_description":"Yapacan\u00ed, \u2013 Con gran alegr\u00eda y un ambiente colmado de emoci\u00f3n, el Municipio de Yapacan\u00ed celebr\u00f3 el D\u00eda del Adulto Mayor\u00a0con un acto especial en homenaje a este valioso sector de la sociedad. El evento estuvo encabezado por el alcalde Juan Carlos Valles, quien reafirm\u00f3 su compromiso con los adultos mayores, destacando las pol\u00edticas y [&hellip;]","og_url":"https:\/\/waracomunicaciones.com\/?p=578","og_site_name":"Wara Comunicaciones","article_publisher":"https:\/\/www.facebook.com\/waracomunicaciones2017","article_published_time":"2025-08-27T14:36:17+00:00","article_modified_time":"2025-08-27T14:38:27+00:00","og_image":[{"width":1000,"height":750,"url":"https:\/\/waracomunicaciones.com\/wp-content\/uploads\/2025\/08\/IMG-20250827-WA0011.webp","type":"image\/webp"}],"author":"admin","twitter_card":"summary_large_image","twitter_misc":{"Escrito por":"admin","Tiempo de lectura":"3 minutos"},"schema":{"@context":"https:\/\/schema.org","@graph":[{"@type":"Article","@id":"https:\/\/waracomunicaciones.com\/?p=578#article","isPartOf":{"@id":"https:\/\/waracomunicaciones.com\/?p=578"},"author":{"name":"admin","@id":"https:\/\/waracomunicaciones.com\/#\/schema\/person\/e9db934bc91575cc71fe584c5973244a"},"headline":"Emotivo festejo por el d\u00eda del Adulto Mayor en Yapacan\u00ed","datePublished":"2025-08-27T14:36:17+00:00","dateModified":"2025-08-27T14:38:27+00:00","mainEntityOfPage":{"@id":"https:\/\/waracomunicaciones.com\/?p=578"},"wordCount":225,"commentCount":0,"publisher":{"@id":"https:\/\/waracomunicaciones.com\/#organization"},"image":{"@id":"https:\/\/waracomunicaciones.com\/?p=578#primaryimage"},"thumbnailUrl":"https:\/\/waracomunicaciones.com\/wp-content\/uploads\/2025\/08\/IMG-20250827-WA0011.webp","keywords":["Adulto Mayor","Juan Carlos Valles","Yapacani"],"articleSection":["Sociedad"],"inLanguage":"es","potentialAction":[{"@type":"CommentAction","name":"Comment","target":["https:\/\/waracomunicaciones.com\/?p=578#respond"]}]},{"@type":"WebPage","@id":"https:\/\/waracomunicaciones.com\/?p=578","url":"https:\/\/waracomunicaciones.com\/?p=578","name":"Emotivo festejo por el d\u00eda del Adulto Mayor en Yapacan\u00ed - Wara Comunicaciones","isPartOf":{"@id":"https:\/\/waracomunicaciones.com\/#website"},"primaryImageOfPage":{"@id":"https:\/\/waracomunicaciones.com\/?p=578#primaryimage"},"image":{"@id":"https:\/\/waracomunicaciones.com\/?p=578#primaryimage"},"thumbnailUrl":"https:\/\/waracomunicaciones.com\/wp-content\/uploads\/2025\/08\/IMG-20250827-WA0011.webp","datePublished":"2025-08-27T14:36:17+00:00","dateModified":"2025-08-27T14:38:27+00:00","breadcrumb":{"@id":"https:\/\/waracomunicaciones.com\/?p=578#breadcrumb"},"inLanguage":"es","potentialAction":[{"@type":"ReadAction","target":["https:\/\/waracomunicaciones.com\/?p=578"]}]},{"@type":"ImageObject","inLanguage":"es","@id":"https:\/\/waracomunicaciones.com\/?p=578#primaryimage","url":"https:\/\/waracomunicaciones.com\/wp-content\/uploads\/2025\/08\/IMG-20250827-WA0011.webp","contentUrl":"https:\/\/waracomunicaciones.com\/wp-content\/uploads\/2025\/08\/IMG-20250827-WA0011.webp","width":1000,"height":750},{"@type":"BreadcrumbList","@id":"https:\/\/waracomunicaciones.com\/?p=578#breadcrumb","itemListElement":[{"@type":"ListItem","position":1,"name":"Portada","item":"https:\/\/waracomunicaciones.com\/"},{"@type":"ListItem","position":2,"name":"Emotivo festejo por el d\u00eda del Adulto Mayor en Yapacan\u00ed"}]},{"@type":"WebSite","@id":"https:\/\/waracomunicaciones.com\/#website","url":"https:\/\/waracomunicaciones.com\/","name":"Wara Comunicaciones","description":"","publisher":{"@id":"https:\/\/waracomunicaciones.com\/#organization"},"potentialAction":[{"@type":"SearchAction","target":{"@type":"EntryPoint","urlTemplate":"https:\/\/waracomunicaciones.com\/?s={search_term_string}"},"query-input":{"@type":"PropertyValueSpecification","valueRequired":true,"valueName":"search_term_string"}}],"inLanguage":"es"},{"@type":"Organization","@id":"https:\/\/waracomunicaciones.com\/#organization","name":"Wara Comunicaciones","url":"https:\/\/waracomunicaciones.com\/","logo":{"@type":"ImageObject","inLanguage":"es","@id":"https:\/\/waracomunicaciones.com\/#\/schema\/logo\/image\/","url":"https:\/\/waracomunicaciones.com\/wp-content\/uploads\/2025\/07\/logo.png","contentUrl":"https:\/\/waracomunicaciones.com\/wp-content\/uploads\/2025\/07\/logo.png","width":400,"height":164,"caption":"Wara Comunicaciones"},"image":{"@id":"https:\/\/waracomunicaciones.com\/#\/schema\/logo\/image\/"},"sameAs":["https:\/\/www.facebook.com\/waracomunicaciones2017"]},{"@type":"Person","@id":"https:\/\/waracomunicaciones.com\/#\/schema\/person\/e9db934bc91575cc71fe584c5973244a","name":"admin","image":{"@type":"ImageObject","inLanguage":"es","@id":"https:\/\/waracomunicaciones.com\/#\/schema\/person\/image\/","url":"https:\/\/secure.gravatar.com\/avatar\/bf27e9186df568254093afa216f887fece17605302c6ff12f3980422fffa52e6?s=96&d=mm&r=g","contentUrl":"https:\/\/secure.gravatar.com\/avatar\/bf27e9186df568254093afa216f887fece17605302c6ff12f3980422fffa52e6?s=96&d=mm&r=g","caption":"admin"},"sameAs":["https:\/\/waracomunicaciones.com\/wp"],"url":"https:\/\/waracomunicaciones.com\/?author=1"}]}},"_links":{"self":[{"href":"https:\/\/waracomunicaciones.com\/index.php?rest_route=\/wp\/v2\/posts\/578","targetHints":{"allow":["GET"]}}],"collection":[{"href":"https:\/\/waracomunicaciones.com\/index.php?rest_route=\/wp\/v2\/posts"}],"about":[{"href":"https:\/\/waracomunicaciones.com\/index.php?rest_route=\/wp\/v2\/types\/post"}],"author":[{"embeddable":true,"href":"https:\/\/waracomunicaciones.com\/index.php?rest_route=\/wp\/v2\/users\/1"}],"replies":[{"embeddable":true,"href":"https:\/\/waracomunicaciones.com\/index.php?rest_route=%2Fwp%2Fv2%2Fcomments&post=578"}],"version-history":[{"count":2,"href":"https:\/\/waracomunicaciones.com\/index.php?rest_route=\/wp\/v2\/posts\/578\/revisions"}],"predecessor-version":[{"id":586,"href":"https:\/\/waracomunicaciones.com\/index.php?rest_route=\/wp\/v2\/posts\/578\/revisions\/586"}],"wp:featuredmedia":[{"embeddable":true,"href":"https:\/\/waracomunicaciones.com\/index.php?rest_route=\/wp\/v2\/media\/580"}],"wp:attachment":[{"href":"https:\/\/waracomunicaciones.com\/index.php?rest_route=%2Fwp%2Fv2%2Fmedia&parent=578"}],"wp:term":[{"taxonomy":"category","embeddable":true,"href":"https:\/\/waracomunicaciones.com\/index.php?rest_route=%2Fwp%2Fv2%2Fcategories&post=578"},{"taxonomy":"post_tag","embeddable":true,"href":"https:\/\/waracomunicaciones.com\/index.php?rest_route=%2Fwp%2Fv2%2Ftags&post=578"}],"curies":[{"name":"wp","href":"https:\/\/api.w.org\/{rel}","templated":true}]}}