{"id":575,"date":"2025-08-24T12:21:44","date_gmt":"2025-08-24T16:21:44","guid":{"rendered":"https:\/\/waracomunicaciones.com\/?p=575"},"modified":"2025-08-27T10:39:42","modified_gmt":"2025-08-27T14:39:42","slug":"la-lluvia-trajo-alivio-al-agro-y-las-cumbres-vecinales-reabren-el-debate-sobre-la-transparencia-en-el-uso-de-los-recursos-municipales","status":"publish","type":"post","link":"https:\/\/waracomunicaciones.com\/?p=575","title":{"rendered":"La lluvia trajo alivio al agro y las cumbres vecinales reabren el debate sobre la transparencia en el uso de los recursos municipales"},"content":{"rendered":"\n<figure class=\"wp-block-image size-full\"><img loading=\"lazy\" decoding=\"async\" width=\"1000\" height=\"668\" src=\"https:\/\/waracomunicaciones.com\/wp-content\/uploads\/2025\/08\/lluvia.webp\" alt=\"\" class=\"wp-image-576\" srcset=\"https:\/\/waracomunicaciones.com\/wp-content\/uploads\/2025\/08\/lluvia.webp 1000w, https:\/\/waracomunicaciones.com\/wp-content\/uploads\/2025\/08\/lluvia-300x200.webp 300w, https:\/\/waracomunicaciones.com\/wp-content\/uploads\/2025\/08\/lluvia-768x513.webp 768w\" sizes=\"auto, (max-width: 1000px) 100vw, 1000px\" \/><\/figure>\n\n\n<p>Durante una entrevista con el asesor municipal Orlando \u00abChiqui\u00bb Limpias, se abordaron temas clave para Montero: el valor de las \u00faltimas lluvias para el agro, los reclamos ciudadanos sobre el presupuesto municipal, y el cuestionado financiamiento del desayuno escolar<!--more--><\/p>\n<p>Montero, 24 de agosto de 2025 \u2013 En un di\u00e1logo abierto y extenso con el asesor del alcalde, Orlando \u00abChiqui\u00bb Limpias, se discutieron los desaf\u00edos que enfrenta actualmente el municipio de Montero, entre ellos la necesidad de optimizar el uso de los recursos p\u00fablicos, la distribuci\u00f3n presupuestaria y la atenci\u00f3n a sectores sensibles como la educaci\u00f3n.<\/p>\n<p>La conversaci\u00f3n inici\u00f3 con una valoraci\u00f3n positiva sobre las recientes lluvias que, a pesar del fr\u00edo, han sido consideradas \u00abde gran valor econ\u00f3mico\u00bb, especialmente para el sector agr\u00edcola y la siembra de soya. Adem\u00e1s, se destac\u00f3 su impacto en la disminuci\u00f3n del riesgo de incendios forestales, que comenzaban a preocupar a la poblaci\u00f3n y autoridades.<\/p>\n<p><strong>Cumbres distritales: escasos recursos y reclamos controlados<\/strong><\/p>\n<p>El punto central de la entrevista gir\u00f3 en torno a las cumbres distritales realizadas en los \u00faltimos d\u00edas. Limpias particip\u00f3 en tres de las cinco convocadas, destacando que, pese a los naturales reclamos por la falta de recursos, la ciudadan\u00eda mostr\u00f3 comprensi\u00f3n tras las explicaciones brindadas. Seg\u00fan el asesor, cada distrito recibe aproximadamente 1,5 millones de bolivianos, cifra considerada insuficiente por varios representantes vecinales.<\/p>\n<p>Sin embargo, surgi\u00f3 una cr\u00edtica clave: aunque se socializa el presupuesto disponible para obras en los barrios, la ciudadan\u00eda no participa en la definici\u00f3n del destino de los m\u00e1s de 190 millones restantes del techo presupuestario de Montero. Este punto gener\u00f3 un llamado a mayor transparencia y participaci\u00f3n popular en la planificaci\u00f3n municipal.<\/p>\n<p><strong>Desayuno escolar: \u00bfprioridad postergada?<\/strong><\/p>\n<p>Uno de los temas m\u00e1s sensibles abordados fue el del desayuno escolar. A pesar de ser una pol\u00edtica social vital, su presupuesto se ha mantenido pr\u00e1cticamente inalterado en los \u00faltimos cinco a\u00f1os, mientras que otras partidas, como los gastos de funcionamiento (principalmente sueldos), han incrementado. Para 2025 se han destinado 11 millones de bolivianos al desayuno escolar, frente a los m\u00e1s de 44 millones asignados a funcionamiento administrativo, generando cuestionamientos sobre las prioridades del gobierno municipal.<\/p>\n<p>Actualmente, el servicio cubre solo 120 d\u00edas del calendario escolar, de los cuales ya se han perdido varios por vacaciones o demoras en las licitaciones. Se espera una posible inyecci\u00f3n de recursos desde la Gobernaci\u00f3n para cubrir 20 d\u00edas m\u00e1s, aunque sigue sin garantizarse la cobertura plena. \u00abNo puede volver a pasar que el desayuno escolar no se d\u00e9 desde el primer d\u00eda de clases\u00bb, se advirti\u00f3.<\/p>\n<p><strong>Gasto en comunicaci\u00f3n bajo la lupa<\/strong><\/p>\n<p>Otro tema que gener\u00f3 debate fue el presupuesto asignado a la Direcci\u00f3n de Comunicaci\u00f3n del municipio. Con al menos 9 funcionarios con \u00edtem, m\u00e1s consultores en l\u00ednea y partidas destinadas a publicidad, el presupuesto supera el mill\u00f3n y medio de bolivianos anuales. Limpias defendi\u00f3 el gasto, afirmando que Montero es uno de los municipios que menos invierte en este rubro. Sin embargo, desde la conducci\u00f3n del programa se sugiri\u00f3 una posible \u00abingenier\u00eda del gasto\u00bb, para redirigir parte de esos fondos a \u00e1reas m\u00e1s prioritarias como el desayuno escolar.<\/p>\n<p><strong>Proyecciones pol\u00edticas y autocr\u00edtica<\/strong><\/p>\n<p>Hacia el cierre del encuentro, se abord\u00f3 la posibilidad de una nueva candidatura de Chiqui Limpias. Sin embargo, el exalcalde fue claro: \u201cCreo que mi tiempo ya pas\u00f3. Es hora de la gente joven\u201d. Reiter\u00f3 su disposici\u00f3n a seguir colaborando como asesor y a mantenerse alejado de las presiones de una campa\u00f1a pol\u00edtica.<\/p>\n<p>Conclusi\u00f3n<\/p>\n<p>La entrevista puso sobre la mesa temas estructurales de la gesti\u00f3n p\u00fablica local. Si bien se reconoce el esfuerzo del gobierno municipal frente a la crisis econ\u00f3mica nacional y la baja coparticipaci\u00f3n tributaria, tambi\u00e9n qued\u00f3 clara la necesidad de revisar prioridades presupuestarias, fortalecer la transparencia y garantizar pol\u00edticas sensibles como el desayuno escolar.<\/p>\n<p>La ciudadan\u00eda, en tiempos de escasez, exige explicaciones claras y decisiones responsables. Y Montero, como reflejo del pa\u00eds, enfrenta el desaf\u00edo de equilibrar su presupuesto con justicia y visi\u00f3n.<\/p><div style=\"margin-top: 0px; margin-bottom: 0px;\" class=\"sharethis-inline-reaction-buttons\" ><\/div>","protected":false},"excerpt":{"rendered":"<p>Durante una entrevista con el asesor municipal Orlando \u00abChiqui\u00bb Limpias, se abordaron temas clave para Montero: el valor de las \u00faltimas lluvias para el agro, los reclamos ciudadanos sobre el presupuesto municipal, y el cuestionado financiamiento del desayuno escolar<\/p>\n","protected":false},"author":1,"featured_media":576,"comment_status":"open","ping_status":"open","sticky":false,"template":"","format":"standard","meta":{"footnotes":""},"categories":[46],"tags":[69,73,155,19],"class_list":["post-575","post","type-post","status-publish","format-standard","has-post-thumbnail","hentry","category-economia","tag-chiqui-limpias","tag-desayuno-escolar","tag-luvia","tag-montero"],"yoast_head":"<!-- This site is optimized with the Yoast SEO Premium plugin v25.5 (Yoast SEO v27.1.1) - https:\/\/yoast.com\/product\/yoast-seo-premium-wordpress\/ -->\n<title>La lluvia trajo alivio al agro y las cumbres vecinales reabren el debate sobre la transparencia en el uso de los recursos municipales - Wara Comunicaciones<\/title>\n<meta name=\"robots\" content=\"index, follow, max-snippet:-1, max-image-preview:large, max-video-preview:-1\" \/>\n<link rel=\"canonical\" href=\"https:\/\/waracomunicaciones.com\/?p=575\" \/>\n<meta property=\"og:locale\" content=\"es_ES\" \/>\n<meta property=\"og:type\" content=\"article\" \/>\n<meta property=\"og:title\" content=\"La lluvia trajo alivio al agro y las cumbres vecinales reabren el debate sobre la transparencia en el uso de los recursos municipales\" \/>\n<meta property=\"og:description\" content=\"Durante una entrevista con el asesor municipal Orlando \u00abChiqui\u00bb Limpias, se abordaron temas clave para Montero: el valor de las \u00faltimas lluvias para el agro, los reclamos ciudadanos sobre el presupuesto municipal, y el cuestionado financiamiento del desayuno escolar\" \/>\n<meta property=\"og:url\" content=\"https:\/\/waracomunicaciones.com\/?p=575\" \/>\n<meta property=\"og:site_name\" content=\"Wara Comunicaciones\" \/>\n<meta property=\"article:publisher\" content=\"https:\/\/www.facebook.com\/waracomunicaciones2017\" \/>\n<meta property=\"article:published_time\" content=\"2025-08-24T16:21:44+00:00\" \/>\n<meta property=\"article:modified_time\" content=\"2025-08-27T14:39:42+00:00\" \/>\n<meta property=\"og:image\" content=\"https:\/\/waracomunicaciones.com\/wp-content\/uploads\/2025\/08\/lluvia.webp\" \/>\n\t<meta property=\"og:image:width\" content=\"1000\" \/>\n\t<meta property=\"og:image:height\" content=\"668\" \/>\n\t<meta property=\"og:image:type\" content=\"image\/webp\" \/>\n<meta name=\"author\" content=\"admin\" \/>\n<meta name=\"twitter:card\" content=\"summary_large_image\" \/>\n<meta name=\"twitter:label1\" content=\"Escrito por\" \/>\n\t<meta name=\"twitter:data1\" content=\"admin\" \/>\n\t<meta name=\"twitter:label2\" content=\"Tiempo de lectura\" \/>\n\t<meta name=\"twitter:data2\" content=\"4 minutos\" \/>\n<script type=\"application\/ld+json\" class=\"yoast-schema-graph\">{\"@context\":\"https:\/\/schema.org\",\"@graph\":[{\"@type\":\"Article\",\"@id\":\"https:\/\/waracomunicaciones.com\/?p=575#article\",\"isPartOf\":{\"@id\":\"https:\/\/waracomunicaciones.com\/?p=575\"},\"author\":{\"name\":\"admin\",\"@id\":\"https:\/\/waracomunicaciones.com\/#\/schema\/person\/e9db934bc91575cc71fe584c5973244a\"},\"headline\":\"La lluvia trajo alivio al agro y las cumbres vecinales reabren el debate sobre la transparencia en el uso de los recursos municipales\",\"datePublished\":\"2025-08-24T16:21:44+00:00\",\"dateModified\":\"2025-08-27T14:39:42+00:00\",\"mainEntityOfPage\":{\"@id\":\"https:\/\/waracomunicaciones.com\/?p=575\"},\"wordCount\":727,\"commentCount\":0,\"publisher\":{\"@id\":\"https:\/\/waracomunicaciones.com\/#organization\"},\"image\":{\"@id\":\"https:\/\/waracomunicaciones.com\/?p=575#primaryimage\"},\"thumbnailUrl\":\"https:\/\/waracomunicaciones.com\/wp-content\/uploads\/2025\/08\/lluvia.webp\",\"keywords\":[\"Chiqui Limpias\",\"Desayuno Escolar\",\"Luvia\",\"Montero\"],\"articleSection\":[\"Econom\u00eda\"],\"inLanguage\":\"es\",\"potentialAction\":[{\"@type\":\"CommentAction\",\"name\":\"Comment\",\"target\":[\"https:\/\/waracomunicaciones.com\/?p=575#respond\"]}]},{\"@type\":\"WebPage\",\"@id\":\"https:\/\/waracomunicaciones.com\/?p=575\",\"url\":\"https:\/\/waracomunicaciones.com\/?p=575\",\"name\":\"La lluvia trajo alivio al agro y las cumbres vecinales reabren el debate sobre la transparencia en el uso de los recursos municipales - Wara Comunicaciones\",\"isPartOf\":{\"@id\":\"https:\/\/waracomunicaciones.com\/#website\"},\"primaryImageOfPage\":{\"@id\":\"https:\/\/waracomunicaciones.com\/?p=575#primaryimage\"},\"image\":{\"@id\":\"https:\/\/waracomunicaciones.com\/?p=575#primaryimage\"},\"thumbnailUrl\":\"https:\/\/waracomunicaciones.com\/wp-content\/uploads\/2025\/08\/lluvia.webp\",\"datePublished\":\"2025-08-24T16:21:44+00:00\",\"dateModified\":\"2025-08-27T14:39:42+00:00\",\"breadcrumb\":{\"@id\":\"https:\/\/waracomunicaciones.com\/?p=575#breadcrumb\"},\"inLanguage\":\"es\",\"potentialAction\":[{\"@type\":\"ReadAction\",\"target\":[\"https:\/\/waracomunicaciones.com\/?p=575\"]}]},{\"@type\":\"ImageObject\",\"inLanguage\":\"es\",\"@id\":\"https:\/\/waracomunicaciones.com\/?p=575#primaryimage\",\"url\":\"https:\/\/waracomunicaciones.com\/wp-content\/uploads\/2025\/08\/lluvia.webp\",\"contentUrl\":\"https:\/\/waracomunicaciones.com\/wp-content\/uploads\/2025\/08\/lluvia.webp\",\"width\":1000,\"height\":668},{\"@type\":\"BreadcrumbList\",\"@id\":\"https:\/\/waracomunicaciones.com\/?p=575#breadcrumb\",\"itemListElement\":[{\"@type\":\"ListItem\",\"position\":1,\"name\":\"Portada\",\"item\":\"https:\/\/waracomunicaciones.com\/\"},{\"@type\":\"ListItem\",\"position\":2,\"name\":\"La lluvia trajo alivio al agro y las cumbres vecinales reabren el debate sobre la transparencia en el uso de los recursos municipales\"}]},{\"@type\":\"WebSite\",\"@id\":\"https:\/\/waracomunicaciones.com\/#website\",\"url\":\"https:\/\/waracomunicaciones.com\/\",\"name\":\"Wara Comunicaciones\",\"description\":\"\",\"publisher\":{\"@id\":\"https:\/\/waracomunicaciones.com\/#organization\"},\"potentialAction\":[{\"@type\":\"SearchAction\",\"target\":{\"@type\":\"EntryPoint\",\"urlTemplate\":\"https:\/\/waracomunicaciones.com\/?s={search_term_string}\"},\"query-input\":{\"@type\":\"PropertyValueSpecification\",\"valueRequired\":true,\"valueName\":\"search_term_string\"}}],\"inLanguage\":\"es\"},{\"@type\":\"Organization\",\"@id\":\"https:\/\/waracomunicaciones.com\/#organization\",\"name\":\"Wara Comunicaciones\",\"url\":\"https:\/\/waracomunicaciones.com\/\",\"logo\":{\"@type\":\"ImageObject\",\"inLanguage\":\"es\",\"@id\":\"https:\/\/waracomunicaciones.com\/#\/schema\/logo\/image\/\",\"url\":\"https:\/\/waracomunicaciones.com\/wp-content\/uploads\/2025\/07\/logo.png\",\"contentUrl\":\"https:\/\/waracomunicaciones.com\/wp-content\/uploads\/2025\/07\/logo.png\",\"width\":400,\"height\":164,\"caption\":\"Wara Comunicaciones\"},\"image\":{\"@id\":\"https:\/\/waracomunicaciones.com\/#\/schema\/logo\/image\/\"},\"sameAs\":[\"https:\/\/www.facebook.com\/waracomunicaciones2017\"]},{\"@type\":\"Person\",\"@id\":\"https:\/\/waracomunicaciones.com\/#\/schema\/person\/e9db934bc91575cc71fe584c5973244a\",\"name\":\"admin\",\"image\":{\"@type\":\"ImageObject\",\"inLanguage\":\"es\",\"@id\":\"https:\/\/waracomunicaciones.com\/#\/schema\/person\/image\/\",\"url\":\"https:\/\/secure.gravatar.com\/avatar\/bf27e9186df568254093afa216f887fece17605302c6ff12f3980422fffa52e6?s=96&d=mm&r=g\",\"contentUrl\":\"https:\/\/secure.gravatar.com\/avatar\/bf27e9186df568254093afa216f887fece17605302c6ff12f3980422fffa52e6?s=96&d=mm&r=g\",\"caption\":\"admin\"},\"sameAs\":[\"https:\/\/waracomunicaciones.com\/wp\"],\"url\":\"https:\/\/waracomunicaciones.com\/?author=1\"}]}<\/script>\n<!-- \/ Yoast SEO Premium plugin. -->","yoast_head_json":{"title":"La lluvia trajo alivio al agro y las cumbres vecinales reabren el debate sobre la transparencia en el uso de los recursos municipales - Wara Comunicaciones","robots":{"index":"index","follow":"follow","max-snippet":"max-snippet:-1","max-image-preview":"max-image-preview:large","max-video-preview":"max-video-preview:-1"},"canonical":"https:\/\/waracomunicaciones.com\/?p=575","og_locale":"es_ES","og_type":"article","og_title":"La lluvia trajo alivio al agro y las cumbres vecinales reabren el debate sobre la transparencia en el uso de los recursos municipales","og_description":"Durante una entrevista con el asesor municipal Orlando \u00abChiqui\u00bb Limpias, se abordaron temas clave para Montero: el valor de las \u00faltimas lluvias para el agro, los reclamos ciudadanos sobre el presupuesto municipal, y el cuestionado financiamiento del desayuno escolar","og_url":"https:\/\/waracomunicaciones.com\/?p=575","og_site_name":"Wara Comunicaciones","article_publisher":"https:\/\/www.facebook.com\/waracomunicaciones2017","article_published_time":"2025-08-24T16:21:44+00:00","article_modified_time":"2025-08-27T14:39:42+00:00","og_image":[{"width":1000,"height":668,"url":"https:\/\/waracomunicaciones.com\/wp-content\/uploads\/2025\/08\/lluvia.webp","type":"image\/webp"}],"author":"admin","twitter_card":"summary_large_image","twitter_misc":{"Escrito por":"admin","Tiempo de lectura":"4 minutos"},"schema":{"@context":"https:\/\/schema.org","@graph":[{"@type":"Article","@id":"https:\/\/waracomunicaciones.com\/?p=575#article","isPartOf":{"@id":"https:\/\/waracomunicaciones.com\/?p=575"},"author":{"name":"admin","@id":"https:\/\/waracomunicaciones.com\/#\/schema\/person\/e9db934bc91575cc71fe584c5973244a"},"headline":"La lluvia trajo alivio al agro y las cumbres vecinales reabren el debate sobre la transparencia en el uso de los recursos municipales","datePublished":"2025-08-24T16:21:44+00:00","dateModified":"2025-08-27T14:39:42+00:00","mainEntityOfPage":{"@id":"https:\/\/waracomunicaciones.com\/?p=575"},"wordCount":727,"commentCount":0,"publisher":{"@id":"https:\/\/waracomunicaciones.com\/#organization"},"image":{"@id":"https:\/\/waracomunicaciones.com\/?p=575#primaryimage"},"thumbnailUrl":"https:\/\/waracomunicaciones.com\/wp-content\/uploads\/2025\/08\/lluvia.webp","keywords":["Chiqui Limpias","Desayuno Escolar","Luvia","Montero"],"articleSection":["Econom\u00eda"],"inLanguage":"es","potentialAction":[{"@type":"CommentAction","name":"Comment","target":["https:\/\/waracomunicaciones.com\/?p=575#respond"]}]},{"@type":"WebPage","@id":"https:\/\/waracomunicaciones.com\/?p=575","url":"https:\/\/waracomunicaciones.com\/?p=575","name":"La lluvia trajo alivio al agro y las cumbres vecinales reabren el debate sobre la transparencia en el uso de los recursos municipales - Wara Comunicaciones","isPartOf":{"@id":"https:\/\/waracomunicaciones.com\/#website"},"primaryImageOfPage":{"@id":"https:\/\/waracomunicaciones.com\/?p=575#primaryimage"},"image":{"@id":"https:\/\/waracomunicaciones.com\/?p=575#primaryimage"},"thumbnailUrl":"https:\/\/waracomunicaciones.com\/wp-content\/uploads\/2025\/08\/lluvia.webp","datePublished":"2025-08-24T16:21:44+00:00","dateModified":"2025-08-27T14:39:42+00:00","breadcrumb":{"@id":"https:\/\/waracomunicaciones.com\/?p=575#breadcrumb"},"inLanguage":"es","potentialAction":[{"@type":"ReadAction","target":["https:\/\/waracomunicaciones.com\/?p=575"]}]},{"@type":"ImageObject","inLanguage":"es","@id":"https:\/\/waracomunicaciones.com\/?p=575#primaryimage","url":"https:\/\/waracomunicaciones.com\/wp-content\/uploads\/2025\/08\/lluvia.webp","contentUrl":"https:\/\/waracomunicaciones.com\/wp-content\/uploads\/2025\/08\/lluvia.webp","width":1000,"height":668},{"@type":"BreadcrumbList","@id":"https:\/\/waracomunicaciones.com\/?p=575#breadcrumb","itemListElement":[{"@type":"ListItem","position":1,"name":"Portada","item":"https:\/\/waracomunicaciones.com\/"},{"@type":"ListItem","position":2,"name":"La lluvia trajo alivio al agro y las cumbres vecinales reabren el debate sobre la transparencia en el uso de los recursos municipales"}]},{"@type":"WebSite","@id":"https:\/\/waracomunicaciones.com\/#website","url":"https:\/\/waracomunicaciones.com\/","name":"Wara Comunicaciones","description":"","publisher":{"@id":"https:\/\/waracomunicaciones.com\/#organization"},"potentialAction":[{"@type":"SearchAction","target":{"@type":"EntryPoint","urlTemplate":"https:\/\/waracomunicaciones.com\/?s={search_term_string}"},"query-input":{"@type":"PropertyValueSpecification","valueRequired":true,"valueName":"search_term_string"}}],"inLanguage":"es"},{"@type":"Organization","@id":"https:\/\/waracomunicaciones.com\/#organization","name":"Wara Comunicaciones","url":"https:\/\/waracomunicaciones.com\/","logo":{"@type":"ImageObject","inLanguage":"es","@id":"https:\/\/waracomunicaciones.com\/#\/schema\/logo\/image\/","url":"https:\/\/waracomunicaciones.com\/wp-content\/uploads\/2025\/07\/logo.png","contentUrl":"https:\/\/waracomunicaciones.com\/wp-content\/uploads\/2025\/07\/logo.png","width":400,"height":164,"caption":"Wara Comunicaciones"},"image":{"@id":"https:\/\/waracomunicaciones.com\/#\/schema\/logo\/image\/"},"sameAs":["https:\/\/www.facebook.com\/waracomunicaciones2017"]},{"@type":"Person","@id":"https:\/\/waracomunicaciones.com\/#\/schema\/person\/e9db934bc91575cc71fe584c5973244a","name":"admin","image":{"@type":"ImageObject","inLanguage":"es","@id":"https:\/\/waracomunicaciones.com\/#\/schema\/person\/image\/","url":"https:\/\/secure.gravatar.com\/avatar\/bf27e9186df568254093afa216f887fece17605302c6ff12f3980422fffa52e6?s=96&d=mm&r=g","contentUrl":"https:\/\/secure.gravatar.com\/avatar\/bf27e9186df568254093afa216f887fece17605302c6ff12f3980422fffa52e6?s=96&d=mm&r=g","caption":"admin"},"sameAs":["https:\/\/waracomunicaciones.com\/wp"],"url":"https:\/\/waracomunicaciones.com\/?author=1"}]}},"_links":{"self":[{"href":"https:\/\/waracomunicaciones.com\/index.php?rest_route=\/wp\/v2\/posts\/575","targetHints":{"allow":["GET"]}}],"collection":[{"href":"https:\/\/waracomunicaciones.com\/index.php?rest_route=\/wp\/v2\/posts"}],"about":[{"href":"https:\/\/waracomunicaciones.com\/index.php?rest_route=\/wp\/v2\/types\/post"}],"author":[{"embeddable":true,"href":"https:\/\/waracomunicaciones.com\/index.php?rest_route=\/wp\/v2\/users\/1"}],"replies":[{"embeddable":true,"href":"https:\/\/waracomunicaciones.com\/index.php?rest_route=%2Fwp%2Fv2%2Fcomments&post=575"}],"version-history":[{"count":1,"href":"https:\/\/waracomunicaciones.com\/index.php?rest_route=\/wp\/v2\/posts\/575\/revisions"}],"predecessor-version":[{"id":577,"href":"https:\/\/waracomunicaciones.com\/index.php?rest_route=\/wp\/v2\/posts\/575\/revisions\/577"}],"wp:featuredmedia":[{"embeddable":true,"href":"https:\/\/waracomunicaciones.com\/index.php?rest_route=\/wp\/v2\/media\/576"}],"wp:attachment":[{"href":"https:\/\/waracomunicaciones.com\/index.php?rest_route=%2Fwp%2Fv2%2Fmedia&parent=575"}],"wp:term":[{"taxonomy":"category","embeddable":true,"href":"https:\/\/waracomunicaciones.com\/index.php?rest_route=%2Fwp%2Fv2%2Fcategories&post=575"},{"taxonomy":"post_tag","embeddable":true,"href":"https:\/\/waracomunicaciones.com\/index.php?rest_route=%2Fwp%2Fv2%2Ftags&post=575"}],"curies":[{"name":"wp","href":"https:\/\/api.w.org\/{rel}","templated":true}]}}