{"id":568,"date":"2025-08-17T11:45:40","date_gmt":"2025-08-17T15:45:40","guid":{"rendered":"https:\/\/waracomunicaciones.com\/?p=568"},"modified":"2025-08-17T17:15:05","modified_gmt":"2025-08-17T21:15:05","slug":"maico-moreno-emite-su-voto-en-montero-y-llama-a-la-poblacion-a-participar-de-forma-libre-y-pacifica","status":"publish","type":"post","link":"https:\/\/waracomunicaciones.com\/?p=568","title":{"rendered":"Maico Moreno emite su voto en Montero y llama a la poblaci\u00f3n a participar de forma libre y pac\u00edfica"},"content":{"rendered":"\n<figure class=\"wp-block-image size-full\"><img loading=\"lazy\" decoding=\"async\" width=\"1000\" height=\"666\" src=\"https:\/\/waracomunicaciones.com\/wp-content\/uploads\/2025\/08\/IMG-20250817-WA0018.webp\" alt=\"\" class=\"wp-image-569\" srcset=\"https:\/\/waracomunicaciones.com\/wp-content\/uploads\/2025\/08\/IMG-20250817-WA0018.webp 1000w, https:\/\/waracomunicaciones.com\/wp-content\/uploads\/2025\/08\/IMG-20250817-WA0018-300x200.webp 300w, https:\/\/waracomunicaciones.com\/wp-content\/uploads\/2025\/08\/IMG-20250817-WA0018-768x511.webp 768w\" sizes=\"auto, (max-width: 1000px) 100vw, 1000px\" \/><figcaption class=\"wp-element-caption\">Maico Moreno emite su voto en el Colegio Rene Moreno<\/figcaption><\/figure>\n\n\n<p><strong><b>Montero,<\/b><\/strong>\u00a0\u2013 Maico Moreno, candidato a diputado por la Circunscripci\u00f3n 57 de la Alianza Libre, emiti\u00f3 su voto la ma\u00f1ana de este domingo en el colegio Ren\u00e9 Moreno de Montero, acompa\u00f1ado de su familia.<!--more--><\/p>\n<p>Ante la presencia de medios de comunicaci\u00f3n, Moreno calific\u00f3 la jornada como un momento clave para el pa\u00eds. \u201cEste es un d\u00eda hist\u00f3rico en el que Bolivia define su futuro\u201d, declar\u00f3 tras sufragar.<\/p>\n<p>El aspirante parlamentario hizo un llamado a la ciudadan\u00eda a ejercer su derecho al voto con responsabilidad y en un ambiente de tranquilidad. \u201cInvito a todos los bolivianos a acudir a las urnas de manera libre y pac\u00edfica. Hoy decidimos juntos el rumbo de nuestra naci\u00f3n\u201d, enfatiz\u00f3.<\/p>\n<p>La jornada electoral contin\u00faa desarroll\u00e1ndose en todo el pa\u00eds bajo vigilancia de las autoridades electorales y observadores.<\/p><div style=\"margin-top: 0px; margin-bottom: 0px;\" class=\"sharethis-inline-reaction-buttons\" ><\/div>","protected":false},"excerpt":{"rendered":"<p>Montero,\u00a0\u2013 Maico Moreno, candidato a diputado por la Circunscripci\u00f3n 57 de la Alianza Libre, emiti\u00f3 su voto la ma\u00f1ana de este domingo en el colegio Ren\u00e9 Moreno de Montero, acompa\u00f1ado de su familia.<\/p>\n","protected":false},"author":1,"featured_media":569,"comment_status":"open","ping_status":"open","sticky":false,"template":"","format":"standard","meta":{"footnotes":""},"categories":[42],"tags":[57,11,28],"class_list":["post-568","post","type-post","status-publish","format-standard","has-post-thumbnail","hentry","category-politica","tag-c-57","tag-elecciones-nacionales-2025","tag-maico-moreno-vaca"],"yoast_head":"<!-- This site is optimized with the Yoast SEO Premium plugin v25.5 (Yoast SEO v27.1.1) - https:\/\/yoast.com\/product\/yoast-seo-premium-wordpress\/ -->\n<title>Maico Moreno emite su voto en Montero y llama a la poblaci\u00f3n a participar de forma libre y pac\u00edfica - Wara Comunicaciones<\/title>\n<meta name=\"robots\" content=\"index, follow, max-snippet:-1, max-image-preview:large, max-video-preview:-1\" \/>\n<link rel=\"canonical\" href=\"https:\/\/waracomunicaciones.com\/?p=568\" \/>\n<meta property=\"og:locale\" content=\"es_ES\" \/>\n<meta property=\"og:type\" content=\"article\" \/>\n<meta property=\"og:title\" content=\"Maico Moreno emite su voto en Montero y llama a la poblaci\u00f3n a participar de forma libre y pac\u00edfica\" \/>\n<meta property=\"og:description\" content=\"Montero,\u00a0\u2013 Maico Moreno, candidato a diputado por la Circunscripci\u00f3n 57 de la Alianza Libre, emiti\u00f3 su voto la ma\u00f1ana de este domingo en el colegio Ren\u00e9 Moreno de Montero, acompa\u00f1ado de su familia.\" \/>\n<meta property=\"og:url\" content=\"https:\/\/waracomunicaciones.com\/?p=568\" \/>\n<meta property=\"og:site_name\" content=\"Wara Comunicaciones\" \/>\n<meta property=\"article:publisher\" content=\"https:\/\/www.facebook.com\/waracomunicaciones2017\" \/>\n<meta property=\"article:published_time\" content=\"2025-08-17T15:45:40+00:00\" \/>\n<meta property=\"article:modified_time\" content=\"2025-08-17T21:15:05+00:00\" \/>\n<meta property=\"og:image\" content=\"https:\/\/waracomunicaciones.com\/wp-content\/uploads\/2025\/08\/IMG-20250817-WA0018.webp\" \/>\n\t<meta property=\"og:image:width\" content=\"1000\" \/>\n\t<meta property=\"og:image:height\" content=\"666\" \/>\n\t<meta property=\"og:image:type\" content=\"image\/webp\" \/>\n<meta name=\"author\" content=\"admin\" \/>\n<meta name=\"twitter:card\" content=\"summary_large_image\" \/>\n<meta name=\"twitter:label1\" content=\"Escrito por\" \/>\n\t<meta name=\"twitter:data1\" content=\"admin\" \/>\n\t<meta name=\"twitter:label2\" content=\"Tiempo de lectura\" \/>\n\t<meta name=\"twitter:data2\" content=\"2 minutos\" \/>\n<script type=\"application\/ld+json\" class=\"yoast-schema-graph\">{\"@context\":\"https:\/\/schema.org\",\"@graph\":[{\"@type\":\"Article\",\"@id\":\"https:\/\/waracomunicaciones.com\/?p=568#article\",\"isPartOf\":{\"@id\":\"https:\/\/waracomunicaciones.com\/?p=568\"},\"author\":{\"name\":\"admin\",\"@id\":\"https:\/\/waracomunicaciones.com\/#\/schema\/person\/e9db934bc91575cc71fe584c5973244a\"},\"headline\":\"Maico Moreno emite su voto en Montero y llama a la poblaci\u00f3n a participar de forma libre y pac\u00edfica\",\"datePublished\":\"2025-08-17T15:45:40+00:00\",\"dateModified\":\"2025-08-17T21:15:05+00:00\",\"mainEntityOfPage\":{\"@id\":\"https:\/\/waracomunicaciones.com\/?p=568\"},\"wordCount\":173,\"commentCount\":0,\"publisher\":{\"@id\":\"https:\/\/waracomunicaciones.com\/#organization\"},\"image\":{\"@id\":\"https:\/\/waracomunicaciones.com\/?p=568#primaryimage\"},\"thumbnailUrl\":\"https:\/\/waracomunicaciones.com\/wp-content\/uploads\/2025\/08\/IMG-20250817-WA0018.webp\",\"keywords\":[\"C-57\",\"Elecciones Nacionales 2025\",\"Maico Moreno Vaca\"],\"articleSection\":[\"Pol\u00edtica\"],\"inLanguage\":\"es\",\"potentialAction\":[{\"@type\":\"CommentAction\",\"name\":\"Comment\",\"target\":[\"https:\/\/waracomunicaciones.com\/?p=568#respond\"]}]},{\"@type\":\"WebPage\",\"@id\":\"https:\/\/waracomunicaciones.com\/?p=568\",\"url\":\"https:\/\/waracomunicaciones.com\/?p=568\",\"name\":\"Maico Moreno emite su voto en Montero y llama a la poblaci\u00f3n a participar de forma libre y pac\u00edfica - Wara Comunicaciones\",\"isPartOf\":{\"@id\":\"https:\/\/waracomunicaciones.com\/#website\"},\"primaryImageOfPage\":{\"@id\":\"https:\/\/waracomunicaciones.com\/?p=568#primaryimage\"},\"image\":{\"@id\":\"https:\/\/waracomunicaciones.com\/?p=568#primaryimage\"},\"thumbnailUrl\":\"https:\/\/waracomunicaciones.com\/wp-content\/uploads\/2025\/08\/IMG-20250817-WA0018.webp\",\"datePublished\":\"2025-08-17T15:45:40+00:00\",\"dateModified\":\"2025-08-17T21:15:05+00:00\",\"breadcrumb\":{\"@id\":\"https:\/\/waracomunicaciones.com\/?p=568#breadcrumb\"},\"inLanguage\":\"es\",\"potentialAction\":[{\"@type\":\"ReadAction\",\"target\":[\"https:\/\/waracomunicaciones.com\/?p=568\"]}]},{\"@type\":\"ImageObject\",\"inLanguage\":\"es\",\"@id\":\"https:\/\/waracomunicaciones.com\/?p=568#primaryimage\",\"url\":\"https:\/\/waracomunicaciones.com\/wp-content\/uploads\/2025\/08\/IMG-20250817-WA0018.webp\",\"contentUrl\":\"https:\/\/waracomunicaciones.com\/wp-content\/uploads\/2025\/08\/IMG-20250817-WA0018.webp\",\"width\":1000,\"height\":666},{\"@type\":\"BreadcrumbList\",\"@id\":\"https:\/\/waracomunicaciones.com\/?p=568#breadcrumb\",\"itemListElement\":[{\"@type\":\"ListItem\",\"position\":1,\"name\":\"Portada\",\"item\":\"https:\/\/waracomunicaciones.com\/\"},{\"@type\":\"ListItem\",\"position\":2,\"name\":\"Maico Moreno emite su voto en Montero y llama a la poblaci\u00f3n a participar de forma libre y pac\u00edfica\"}]},{\"@type\":\"WebSite\",\"@id\":\"https:\/\/waracomunicaciones.com\/#website\",\"url\":\"https:\/\/waracomunicaciones.com\/\",\"name\":\"Wara Comunicaciones\",\"description\":\"\",\"publisher\":{\"@id\":\"https:\/\/waracomunicaciones.com\/#organization\"},\"potentialAction\":[{\"@type\":\"SearchAction\",\"target\":{\"@type\":\"EntryPoint\",\"urlTemplate\":\"https:\/\/waracomunicaciones.com\/?s={search_term_string}\"},\"query-input\":{\"@type\":\"PropertyValueSpecification\",\"valueRequired\":true,\"valueName\":\"search_term_string\"}}],\"inLanguage\":\"es\"},{\"@type\":\"Organization\",\"@id\":\"https:\/\/waracomunicaciones.com\/#organization\",\"name\":\"Wara Comunicaciones\",\"url\":\"https:\/\/waracomunicaciones.com\/\",\"logo\":{\"@type\":\"ImageObject\",\"inLanguage\":\"es\",\"@id\":\"https:\/\/waracomunicaciones.com\/#\/schema\/logo\/image\/\",\"url\":\"https:\/\/waracomunicaciones.com\/wp-content\/uploads\/2025\/07\/logo.png\",\"contentUrl\":\"https:\/\/waracomunicaciones.com\/wp-content\/uploads\/2025\/07\/logo.png\",\"width\":400,\"height\":164,\"caption\":\"Wara Comunicaciones\"},\"image\":{\"@id\":\"https:\/\/waracomunicaciones.com\/#\/schema\/logo\/image\/\"},\"sameAs\":[\"https:\/\/www.facebook.com\/waracomunicaciones2017\"]},{\"@type\":\"Person\",\"@id\":\"https:\/\/waracomunicaciones.com\/#\/schema\/person\/e9db934bc91575cc71fe584c5973244a\",\"name\":\"admin\",\"image\":{\"@type\":\"ImageObject\",\"inLanguage\":\"es\",\"@id\":\"https:\/\/waracomunicaciones.com\/#\/schema\/person\/image\/\",\"url\":\"https:\/\/secure.gravatar.com\/avatar\/bf27e9186df568254093afa216f887fece17605302c6ff12f3980422fffa52e6?s=96&d=mm&r=g\",\"contentUrl\":\"https:\/\/secure.gravatar.com\/avatar\/bf27e9186df568254093afa216f887fece17605302c6ff12f3980422fffa52e6?s=96&d=mm&r=g\",\"caption\":\"admin\"},\"sameAs\":[\"https:\/\/waracomunicaciones.com\/wp\"],\"url\":\"https:\/\/waracomunicaciones.com\/?author=1\"}]}<\/script>\n<!-- \/ Yoast SEO Premium plugin. -->","yoast_head_json":{"title":"Maico Moreno emite su voto en Montero y llama a la poblaci\u00f3n a participar de forma libre y pac\u00edfica - Wara Comunicaciones","robots":{"index":"index","follow":"follow","max-snippet":"max-snippet:-1","max-image-preview":"max-image-preview:large","max-video-preview":"max-video-preview:-1"},"canonical":"https:\/\/waracomunicaciones.com\/?p=568","og_locale":"es_ES","og_type":"article","og_title":"Maico Moreno emite su voto en Montero y llama a la poblaci\u00f3n a participar de forma libre y pac\u00edfica","og_description":"Montero,\u00a0\u2013 Maico Moreno, candidato a diputado por la Circunscripci\u00f3n 57 de la Alianza Libre, emiti\u00f3 su voto la ma\u00f1ana de este domingo en el colegio Ren\u00e9 Moreno de Montero, acompa\u00f1ado de su familia.","og_url":"https:\/\/waracomunicaciones.com\/?p=568","og_site_name":"Wara Comunicaciones","article_publisher":"https:\/\/www.facebook.com\/waracomunicaciones2017","article_published_time":"2025-08-17T15:45:40+00:00","article_modified_time":"2025-08-17T21:15:05+00:00","og_image":[{"width":1000,"height":666,"url":"https:\/\/waracomunicaciones.com\/wp-content\/uploads\/2025\/08\/IMG-20250817-WA0018.webp","type":"image\/webp"}],"author":"admin","twitter_card":"summary_large_image","twitter_misc":{"Escrito por":"admin","Tiempo de lectura":"2 minutos"},"schema":{"@context":"https:\/\/schema.org","@graph":[{"@type":"Article","@id":"https:\/\/waracomunicaciones.com\/?p=568#article","isPartOf":{"@id":"https:\/\/waracomunicaciones.com\/?p=568"},"author":{"name":"admin","@id":"https:\/\/waracomunicaciones.com\/#\/schema\/person\/e9db934bc91575cc71fe584c5973244a"},"headline":"Maico Moreno emite su voto en Montero y llama a la poblaci\u00f3n a participar de forma libre y pac\u00edfica","datePublished":"2025-08-17T15:45:40+00:00","dateModified":"2025-08-17T21:15:05+00:00","mainEntityOfPage":{"@id":"https:\/\/waracomunicaciones.com\/?p=568"},"wordCount":173,"commentCount":0,"publisher":{"@id":"https:\/\/waracomunicaciones.com\/#organization"},"image":{"@id":"https:\/\/waracomunicaciones.com\/?p=568#primaryimage"},"thumbnailUrl":"https:\/\/waracomunicaciones.com\/wp-content\/uploads\/2025\/08\/IMG-20250817-WA0018.webp","keywords":["C-57","Elecciones Nacionales 2025","Maico Moreno Vaca"],"articleSection":["Pol\u00edtica"],"inLanguage":"es","potentialAction":[{"@type":"CommentAction","name":"Comment","target":["https:\/\/waracomunicaciones.com\/?p=568#respond"]}]},{"@type":"WebPage","@id":"https:\/\/waracomunicaciones.com\/?p=568","url":"https:\/\/waracomunicaciones.com\/?p=568","name":"Maico Moreno emite su voto en Montero y llama a la poblaci\u00f3n a participar de forma libre y pac\u00edfica - Wara Comunicaciones","isPartOf":{"@id":"https:\/\/waracomunicaciones.com\/#website"},"primaryImageOfPage":{"@id":"https:\/\/waracomunicaciones.com\/?p=568#primaryimage"},"image":{"@id":"https:\/\/waracomunicaciones.com\/?p=568#primaryimage"},"thumbnailUrl":"https:\/\/waracomunicaciones.com\/wp-content\/uploads\/2025\/08\/IMG-20250817-WA0018.webp","datePublished":"2025-08-17T15:45:40+00:00","dateModified":"2025-08-17T21:15:05+00:00","breadcrumb":{"@id":"https:\/\/waracomunicaciones.com\/?p=568#breadcrumb"},"inLanguage":"es","potentialAction":[{"@type":"ReadAction","target":["https:\/\/waracomunicaciones.com\/?p=568"]}]},{"@type":"ImageObject","inLanguage":"es","@id":"https:\/\/waracomunicaciones.com\/?p=568#primaryimage","url":"https:\/\/waracomunicaciones.com\/wp-content\/uploads\/2025\/08\/IMG-20250817-WA0018.webp","contentUrl":"https:\/\/waracomunicaciones.com\/wp-content\/uploads\/2025\/08\/IMG-20250817-WA0018.webp","width":1000,"height":666},{"@type":"BreadcrumbList","@id":"https:\/\/waracomunicaciones.com\/?p=568#breadcrumb","itemListElement":[{"@type":"ListItem","position":1,"name":"Portada","item":"https:\/\/waracomunicaciones.com\/"},{"@type":"ListItem","position":2,"name":"Maico Moreno emite su voto en Montero y llama a la poblaci\u00f3n a participar de forma libre y pac\u00edfica"}]},{"@type":"WebSite","@id":"https:\/\/waracomunicaciones.com\/#website","url":"https:\/\/waracomunicaciones.com\/","name":"Wara Comunicaciones","description":"","publisher":{"@id":"https:\/\/waracomunicaciones.com\/#organization"},"potentialAction":[{"@type":"SearchAction","target":{"@type":"EntryPoint","urlTemplate":"https:\/\/waracomunicaciones.com\/?s={search_term_string}"},"query-input":{"@type":"PropertyValueSpecification","valueRequired":true,"valueName":"search_term_string"}}],"inLanguage":"es"},{"@type":"Organization","@id":"https:\/\/waracomunicaciones.com\/#organization","name":"Wara Comunicaciones","url":"https:\/\/waracomunicaciones.com\/","logo":{"@type":"ImageObject","inLanguage":"es","@id":"https:\/\/waracomunicaciones.com\/#\/schema\/logo\/image\/","url":"https:\/\/waracomunicaciones.com\/wp-content\/uploads\/2025\/07\/logo.png","contentUrl":"https:\/\/waracomunicaciones.com\/wp-content\/uploads\/2025\/07\/logo.png","width":400,"height":164,"caption":"Wara Comunicaciones"},"image":{"@id":"https:\/\/waracomunicaciones.com\/#\/schema\/logo\/image\/"},"sameAs":["https:\/\/www.facebook.com\/waracomunicaciones2017"]},{"@type":"Person","@id":"https:\/\/waracomunicaciones.com\/#\/schema\/person\/e9db934bc91575cc71fe584c5973244a","name":"admin","image":{"@type":"ImageObject","inLanguage":"es","@id":"https:\/\/waracomunicaciones.com\/#\/schema\/person\/image\/","url":"https:\/\/secure.gravatar.com\/avatar\/bf27e9186df568254093afa216f887fece17605302c6ff12f3980422fffa52e6?s=96&d=mm&r=g","contentUrl":"https:\/\/secure.gravatar.com\/avatar\/bf27e9186df568254093afa216f887fece17605302c6ff12f3980422fffa52e6?s=96&d=mm&r=g","caption":"admin"},"sameAs":["https:\/\/waracomunicaciones.com\/wp"],"url":"https:\/\/waracomunicaciones.com\/?author=1"}]}},"_links":{"self":[{"href":"https:\/\/waracomunicaciones.com\/index.php?rest_route=\/wp\/v2\/posts\/568","targetHints":{"allow":["GET"]}}],"collection":[{"href":"https:\/\/waracomunicaciones.com\/index.php?rest_route=\/wp\/v2\/posts"}],"about":[{"href":"https:\/\/waracomunicaciones.com\/index.php?rest_route=\/wp\/v2\/types\/post"}],"author":[{"embeddable":true,"href":"https:\/\/waracomunicaciones.com\/index.php?rest_route=\/wp\/v2\/users\/1"}],"replies":[{"embeddable":true,"href":"https:\/\/waracomunicaciones.com\/index.php?rest_route=%2Fwp%2Fv2%2Fcomments&post=568"}],"version-history":[{"count":1,"href":"https:\/\/waracomunicaciones.com\/index.php?rest_route=\/wp\/v2\/posts\/568\/revisions"}],"predecessor-version":[{"id":570,"href":"https:\/\/waracomunicaciones.com\/index.php?rest_route=\/wp\/v2\/posts\/568\/revisions\/570"}],"wp:featuredmedia":[{"embeddable":true,"href":"https:\/\/waracomunicaciones.com\/index.php?rest_route=\/wp\/v2\/media\/569"}],"wp:attachment":[{"href":"https:\/\/waracomunicaciones.com\/index.php?rest_route=%2Fwp%2Fv2%2Fmedia&parent=568"}],"wp:term":[{"taxonomy":"category","embeddable":true,"href":"https:\/\/waracomunicaciones.com\/index.php?rest_route=%2Fwp%2Fv2%2Fcategories&post=568"},{"taxonomy":"post_tag","embeddable":true,"href":"https:\/\/waracomunicaciones.com\/index.php?rest_route=%2Fwp%2Fv2%2Ftags&post=568"}],"curies":[{"name":"wp","href":"https:\/\/api.w.org\/{rel}","templated":true}]}}