{"id":557,"date":"2025-08-16T06:20:12","date_gmt":"2025-08-16T10:20:12","guid":{"rendered":"https:\/\/waracomunicaciones.com\/?p=557"},"modified":"2025-08-16T06:23:26","modified_gmt":"2025-08-16T10:23:26","slug":"desayuno-escolar-en-montero-bajo-la-lupa-exalcalde-miguel-angel-hurtado-denuncia-falta-de-transparencia-y-prioridades-distorsionadas","status":"publish","type":"post","link":"https:\/\/waracomunicaciones.com\/?p=557","title":{"rendered":"Desayuno escolar en Montero bajo la lupa: Exalcalde Miguel \u00c1ngel Hurtado denuncia falta de transparencia y prioridades distorsionadas"},"content":{"rendered":"\n<figure class=\"wp-block-image size-full\"><img loading=\"lazy\" decoding=\"async\" width=\"904\" height=\"674\" src=\"https:\/\/waracomunicaciones.com\/wp-content\/uploads\/2025\/08\/fgdsfggs.webp\" alt=\"\" class=\"wp-image-558\" srcset=\"https:\/\/waracomunicaciones.com\/wp-content\/uploads\/2025\/08\/fgdsfggs.webp 904w, https:\/\/waracomunicaciones.com\/wp-content\/uploads\/2025\/08\/fgdsfggs-300x224.webp 300w, https:\/\/waracomunicaciones.com\/wp-content\/uploads\/2025\/08\/fgdsfggs-768x573.webp 768w\" sizes=\"auto, (max-width: 904px) 100vw, 904px\" \/><figcaption class=\"wp-element-caption\"><em>Miguel \u00c1ngel Hurtado exalcalde de la ciudad de Montero &#8211; Foto Archivo<\/em><\/figcaption><\/figure>\n\n\n<p><strong><b>MONTERO, <\/b><\/strong>\u2014 La pol\u00e9mica en torno al desayuno escolar en Montero contin\u00faa creciendo. Esta vez, el exalcalde y exconcejal Miguel \u00c1ngel Hurtado se sum\u00f3 a las voces cr\u00edticas que cuestionan la gesti\u00f3n actual del programa de alimentaci\u00f3n complementaria.<!--more--> En una entrevista con Wara Comunicaciones, Hurtado fue enf\u00e1tico: <em><i>\u00abEsta gesti\u00f3n est\u00e1 oscura, y el desayuno escolar es una muestra m\u00e1s de que no se est\u00e1n haciendo bien las cosas.\u00bb<\/i><\/em><\/p>\n<p><strong><b>\u2757<\/b><\/strong><strong><b>\u00a0Contrataciones fraccionadas y sin fiscalizaci\u00f3n<\/b><\/strong><\/p>\n<p>El exalcalde denunci\u00f3 que tanto la primera como la segunda licitaci\u00f3n del desayuno escolar fueron divididas en lotes inferiores a un mill\u00f3n de bolivianos, estrategia que evit\u00f3 el control del Concejo Municipal.<\/p>\n<p>\u201cNinguno de los procesos pas\u00f3 por el Concejo. Es decir, los concejales no vieron ni revisaron los contratos, y eso huele mal\u201d, se\u00f1al\u00f3.<\/p>\n<p>La primera licitaci\u00f3n, por Bs 6.776.000, fue destinada para 70 d\u00edas de servicio; la segunda, por Bs 4.721.000, cubre s\u00f3lo 49 d\u00edas. En total, Bs 11 millones para apenas 119 d\u00edas de alimentaci\u00f3n escolar \u2014lejos de los 200 d\u00edas que establece la normativa.<\/p>\n<p><strong><b>\ud83d\udcc9<\/b><\/strong><strong><b>\u00a0Menos d\u00edas, m\u00e1s dudas<\/b><\/strong><\/p>\n<p>Para Hurtado, lo m\u00e1s grave es que pese a contar con mayores recursos \u2014por incremento en las recaudaciones municipales\u2014, se ha reducido el n\u00famero de d\u00edas de distribuci\u00f3n del desayuno.<\/p>\n<p>\u201cCon la misma plata, durante mi gesti\u00f3n logramos llegar a 171 d\u00edas. Aqu\u00ed estamos hablando de apenas 119. Esto demuestra que los ni\u00f1os no son prioridad para esta gesti\u00f3n\u201d, declar\u00f3.<\/p>\n<p>Adem\u00e1s, critic\u00f3 duramente que no se haya hecho ning\u00fan esfuerzo para reformular el presupuesto ni buscar una ampliaci\u00f3n que permita recuperar los d\u00edas perdidos.<\/p>\n<p><strong><b>\ud83e\uddfe Opacidad en la gesti\u00f3n<\/b><\/strong><\/p>\n<p>El exalcalde record\u00f3 que durante su administraci\u00f3n se promov\u00eda la distribuci\u00f3n abierta de los POA (Planes Operativos Anuales), precisamente para permitir una fiscalizaci\u00f3n ciudadana m\u00e1s efectiva.<\/p>\n<p>\u201cMientras m\u00e1s gente tiene acceso a la informaci\u00f3n, m\u00e1s se garantiza la transparencia. Hoy, todo se maneja a puertas cerradas, y eso solo alimenta la desconfianza\u201d.<\/p>\n<p>Hurtado apunt\u00f3 que los concejales actuales no est\u00e1n cumpliendo su rol fiscalizador y pidi\u00f3 que se haga p\u00fablica toda la documentaci\u00f3n, incluyendo los POA y los informes t\u00e9cnicos.<\/p>\n<p><strong><b>\ud83d\udce2<\/b><\/strong><strong><b>\u00a0Llamado a la acci\u00f3n ciudadana<\/b><\/strong><\/p>\n<p>Sin convocar a protestas ni movilizaciones, el exalcalde exhort\u00f3 a la ciudadan\u00eda a exigir explicaciones claras y reformulaciones presupuestarias.<\/p>\n<p>\u201cLa poblaci\u00f3n debe manifestarse de forma pac\u00edfica. Nuestros ni\u00f1os no pueden seguir siendo v\u00edctimas del desinter\u00e9s y la politiquer\u00eda\u201d, dijo.<\/p>\n<p>Tambi\u00e9n advirti\u00f3 que, si no hay correcciones inmediatas, la situaci\u00f3n podr\u00eda empeorar: <em><i>\u201cEsto no es una cr\u00edtica pol\u00edtica. Es un llamado de conciencia. A este paso, el futuro de nuestros ni\u00f1os est\u00e1 en juego.\u201d<\/i><\/em><\/p>\n<p><strong><b>\ud83d\udd0d<\/b><\/strong><strong><b>\u00a0Conclusi\u00f3n:<\/b><\/strong><br \/>Lo que comenz\u00f3 como una inquietud sobre la calidad del desayuno escolar en Montero se ha transformado en una denuncia de fondo sobre opacidad, falta de control institucional y prioridades distorsionadas. Las palabras de Miguel \u00c1ngel Hurtado no solo apelan a la raz\u00f3n, sino tambi\u00e9n al coraz\u00f3n de una ciudad que, seg\u00fan \u00e9l, \u201cha perdido el rumbo, pero a\u00fan puede rectificar el camino\u201d.<\/p><div style=\"margin-top: 0px; margin-bottom: 0px;\" class=\"sharethis-inline-reaction-buttons\" ><\/div>","protected":false},"excerpt":{"rendered":"<p>MONTERO, \u2014 La pol\u00e9mica en torno al desayuno escolar en Montero contin\u00faa creciendo. Esta vez, el exalcalde y exconcejal Miguel \u00c1ngel Hurtado se sum\u00f3 a las voces cr\u00edticas que cuestionan la gesti\u00f3n actual del programa de alimentaci\u00f3n complementaria.<\/p>\n","protected":false},"author":1,"featured_media":558,"comment_status":"open","ping_status":"open","sticky":false,"template":"","format":"standard","meta":{"footnotes":""},"categories":[44],"tags":[73,152,19],"class_list":["post-557","post","type-post","status-publish","format-standard","has-post-thumbnail","hentry","category-educacion","tag-desayuno-escolar","tag-miguel-angel-hurtado","tag-montero"],"yoast_head":"<!-- This site is optimized with the Yoast SEO Premium plugin v25.5 (Yoast SEO v27.1.1) - https:\/\/yoast.com\/product\/yoast-seo-premium-wordpress\/ -->\n<title>Desayuno escolar en Montero bajo la lupa: Exalcalde Miguel \u00c1ngel Hurtado denuncia falta de transparencia y prioridades distorsionadas - Wara Comunicaciones<\/title>\n<meta name=\"robots\" content=\"index, follow, max-snippet:-1, max-image-preview:large, max-video-preview:-1\" \/>\n<link rel=\"canonical\" href=\"https:\/\/waracomunicaciones.com\/?p=557\" \/>\n<meta property=\"og:locale\" content=\"es_ES\" \/>\n<meta property=\"og:type\" content=\"article\" \/>\n<meta property=\"og:title\" content=\"Desayuno escolar en Montero bajo la lupa: Exalcalde Miguel \u00c1ngel Hurtado denuncia falta de transparencia y prioridades distorsionadas\" \/>\n<meta property=\"og:description\" content=\"MONTERO, \u2014 La pol\u00e9mica en torno al desayuno escolar en Montero contin\u00faa creciendo. Esta vez, el exalcalde y exconcejal Miguel \u00c1ngel Hurtado se sum\u00f3 a las voces cr\u00edticas que cuestionan la gesti\u00f3n actual del programa de alimentaci\u00f3n complementaria.\" \/>\n<meta property=\"og:url\" content=\"https:\/\/waracomunicaciones.com\/?p=557\" \/>\n<meta property=\"og:site_name\" content=\"Wara Comunicaciones\" \/>\n<meta property=\"article:publisher\" content=\"https:\/\/www.facebook.com\/waracomunicaciones2017\" \/>\n<meta property=\"article:published_time\" content=\"2025-08-16T10:20:12+00:00\" \/>\n<meta property=\"article:modified_time\" content=\"2025-08-16T10:23:26+00:00\" \/>\n<meta property=\"og:image\" content=\"https:\/\/waracomunicaciones.com\/wp-content\/uploads\/2025\/08\/fgdsfggs.webp\" \/>\n\t<meta property=\"og:image:width\" content=\"904\" \/>\n\t<meta property=\"og:image:height\" content=\"674\" \/>\n\t<meta property=\"og:image:type\" content=\"image\/webp\" \/>\n<meta name=\"author\" content=\"admin\" \/>\n<meta name=\"twitter:card\" content=\"summary_large_image\" \/>\n<meta name=\"twitter:label1\" content=\"Escrito por\" \/>\n\t<meta name=\"twitter:data1\" content=\"admin\" \/>\n\t<meta name=\"twitter:label2\" content=\"Tiempo de lectura\" \/>\n\t<meta name=\"twitter:data2\" content=\"3 minutos\" \/>\n<script type=\"application\/ld+json\" class=\"yoast-schema-graph\">{\"@context\":\"https:\/\/schema.org\",\"@graph\":[{\"@type\":\"Article\",\"@id\":\"https:\/\/waracomunicaciones.com\/?p=557#article\",\"isPartOf\":{\"@id\":\"https:\/\/waracomunicaciones.com\/?p=557\"},\"author\":{\"name\":\"admin\",\"@id\":\"https:\/\/waracomunicaciones.com\/#\/schema\/person\/e9db934bc91575cc71fe584c5973244a\"},\"headline\":\"Desayuno escolar en Montero bajo la lupa: Exalcalde Miguel \u00c1ngel Hurtado denuncia falta de transparencia y prioridades distorsionadas\",\"datePublished\":\"2025-08-16T10:20:12+00:00\",\"dateModified\":\"2025-08-16T10:23:26+00:00\",\"mainEntityOfPage\":{\"@id\":\"https:\/\/waracomunicaciones.com\/?p=557\"},\"wordCount\":572,\"commentCount\":0,\"publisher\":{\"@id\":\"https:\/\/waracomunicaciones.com\/#organization\"},\"image\":{\"@id\":\"https:\/\/waracomunicaciones.com\/?p=557#primaryimage\"},\"thumbnailUrl\":\"https:\/\/waracomunicaciones.com\/wp-content\/uploads\/2025\/08\/fgdsfggs.webp\",\"keywords\":[\"Desayuno Escolar\",\"Miguel \u00c1ngel Hurtado\",\"Montero\"],\"articleSection\":[\"Educaci\u00f3n\"],\"inLanguage\":\"es\",\"potentialAction\":[{\"@type\":\"CommentAction\",\"name\":\"Comment\",\"target\":[\"https:\/\/waracomunicaciones.com\/?p=557#respond\"]}]},{\"@type\":\"WebPage\",\"@id\":\"https:\/\/waracomunicaciones.com\/?p=557\",\"url\":\"https:\/\/waracomunicaciones.com\/?p=557\",\"name\":\"Desayuno escolar en Montero bajo la lupa: Exalcalde Miguel \u00c1ngel Hurtado denuncia falta de transparencia y prioridades distorsionadas - Wara Comunicaciones\",\"isPartOf\":{\"@id\":\"https:\/\/waracomunicaciones.com\/#website\"},\"primaryImageOfPage\":{\"@id\":\"https:\/\/waracomunicaciones.com\/?p=557#primaryimage\"},\"image\":{\"@id\":\"https:\/\/waracomunicaciones.com\/?p=557#primaryimage\"},\"thumbnailUrl\":\"https:\/\/waracomunicaciones.com\/wp-content\/uploads\/2025\/08\/fgdsfggs.webp\",\"datePublished\":\"2025-08-16T10:20:12+00:00\",\"dateModified\":\"2025-08-16T10:23:26+00:00\",\"breadcrumb\":{\"@id\":\"https:\/\/waracomunicaciones.com\/?p=557#breadcrumb\"},\"inLanguage\":\"es\",\"potentialAction\":[{\"@type\":\"ReadAction\",\"target\":[\"https:\/\/waracomunicaciones.com\/?p=557\"]}]},{\"@type\":\"ImageObject\",\"inLanguage\":\"es\",\"@id\":\"https:\/\/waracomunicaciones.com\/?p=557#primaryimage\",\"url\":\"https:\/\/waracomunicaciones.com\/wp-content\/uploads\/2025\/08\/fgdsfggs.webp\",\"contentUrl\":\"https:\/\/waracomunicaciones.com\/wp-content\/uploads\/2025\/08\/fgdsfggs.webp\",\"width\":904,\"height\":674},{\"@type\":\"BreadcrumbList\",\"@id\":\"https:\/\/waracomunicaciones.com\/?p=557#breadcrumb\",\"itemListElement\":[{\"@type\":\"ListItem\",\"position\":1,\"name\":\"Portada\",\"item\":\"https:\/\/waracomunicaciones.com\/\"},{\"@type\":\"ListItem\",\"position\":2,\"name\":\"Desayuno escolar en Montero bajo la lupa: Exalcalde Miguel \u00c1ngel Hurtado denuncia falta de transparencia y prioridades distorsionadas\"}]},{\"@type\":\"WebSite\",\"@id\":\"https:\/\/waracomunicaciones.com\/#website\",\"url\":\"https:\/\/waracomunicaciones.com\/\",\"name\":\"Wara Comunicaciones\",\"description\":\"\",\"publisher\":{\"@id\":\"https:\/\/waracomunicaciones.com\/#organization\"},\"potentialAction\":[{\"@type\":\"SearchAction\",\"target\":{\"@type\":\"EntryPoint\",\"urlTemplate\":\"https:\/\/waracomunicaciones.com\/?s={search_term_string}\"},\"query-input\":{\"@type\":\"PropertyValueSpecification\",\"valueRequired\":true,\"valueName\":\"search_term_string\"}}],\"inLanguage\":\"es\"},{\"@type\":\"Organization\",\"@id\":\"https:\/\/waracomunicaciones.com\/#organization\",\"name\":\"Wara Comunicaciones\",\"url\":\"https:\/\/waracomunicaciones.com\/\",\"logo\":{\"@type\":\"ImageObject\",\"inLanguage\":\"es\",\"@id\":\"https:\/\/waracomunicaciones.com\/#\/schema\/logo\/image\/\",\"url\":\"https:\/\/waracomunicaciones.com\/wp-content\/uploads\/2025\/07\/logo.png\",\"contentUrl\":\"https:\/\/waracomunicaciones.com\/wp-content\/uploads\/2025\/07\/logo.png\",\"width\":400,\"height\":164,\"caption\":\"Wara Comunicaciones\"},\"image\":{\"@id\":\"https:\/\/waracomunicaciones.com\/#\/schema\/logo\/image\/\"},\"sameAs\":[\"https:\/\/www.facebook.com\/waracomunicaciones2017\"]},{\"@type\":\"Person\",\"@id\":\"https:\/\/waracomunicaciones.com\/#\/schema\/person\/e9db934bc91575cc71fe584c5973244a\",\"name\":\"admin\",\"image\":{\"@type\":\"ImageObject\",\"inLanguage\":\"es\",\"@id\":\"https:\/\/waracomunicaciones.com\/#\/schema\/person\/image\/\",\"url\":\"https:\/\/secure.gravatar.com\/avatar\/bf27e9186df568254093afa216f887fece17605302c6ff12f3980422fffa52e6?s=96&d=mm&r=g\",\"contentUrl\":\"https:\/\/secure.gravatar.com\/avatar\/bf27e9186df568254093afa216f887fece17605302c6ff12f3980422fffa52e6?s=96&d=mm&r=g\",\"caption\":\"admin\"},\"sameAs\":[\"https:\/\/waracomunicaciones.com\/wp\"],\"url\":\"https:\/\/waracomunicaciones.com\/?author=1\"}]}<\/script>\n<!-- \/ Yoast SEO Premium plugin. -->","yoast_head_json":{"title":"Desayuno escolar en Montero bajo la lupa: Exalcalde Miguel \u00c1ngel Hurtado denuncia falta de transparencia y prioridades distorsionadas - Wara Comunicaciones","robots":{"index":"index","follow":"follow","max-snippet":"max-snippet:-1","max-image-preview":"max-image-preview:large","max-video-preview":"max-video-preview:-1"},"canonical":"https:\/\/waracomunicaciones.com\/?p=557","og_locale":"es_ES","og_type":"article","og_title":"Desayuno escolar en Montero bajo la lupa: Exalcalde Miguel \u00c1ngel Hurtado denuncia falta de transparencia y prioridades distorsionadas","og_description":"MONTERO, \u2014 La pol\u00e9mica en torno al desayuno escolar en Montero contin\u00faa creciendo. Esta vez, el exalcalde y exconcejal Miguel \u00c1ngel Hurtado se sum\u00f3 a las voces cr\u00edticas que cuestionan la gesti\u00f3n actual del programa de alimentaci\u00f3n complementaria.","og_url":"https:\/\/waracomunicaciones.com\/?p=557","og_site_name":"Wara Comunicaciones","article_publisher":"https:\/\/www.facebook.com\/waracomunicaciones2017","article_published_time":"2025-08-16T10:20:12+00:00","article_modified_time":"2025-08-16T10:23:26+00:00","og_image":[{"width":904,"height":674,"url":"https:\/\/waracomunicaciones.com\/wp-content\/uploads\/2025\/08\/fgdsfggs.webp","type":"image\/webp"}],"author":"admin","twitter_card":"summary_large_image","twitter_misc":{"Escrito por":"admin","Tiempo de lectura":"3 minutos"},"schema":{"@context":"https:\/\/schema.org","@graph":[{"@type":"Article","@id":"https:\/\/waracomunicaciones.com\/?p=557#article","isPartOf":{"@id":"https:\/\/waracomunicaciones.com\/?p=557"},"author":{"name":"admin","@id":"https:\/\/waracomunicaciones.com\/#\/schema\/person\/e9db934bc91575cc71fe584c5973244a"},"headline":"Desayuno escolar en Montero bajo la lupa: Exalcalde Miguel \u00c1ngel Hurtado denuncia falta de transparencia y prioridades distorsionadas","datePublished":"2025-08-16T10:20:12+00:00","dateModified":"2025-08-16T10:23:26+00:00","mainEntityOfPage":{"@id":"https:\/\/waracomunicaciones.com\/?p=557"},"wordCount":572,"commentCount":0,"publisher":{"@id":"https:\/\/waracomunicaciones.com\/#organization"},"image":{"@id":"https:\/\/waracomunicaciones.com\/?p=557#primaryimage"},"thumbnailUrl":"https:\/\/waracomunicaciones.com\/wp-content\/uploads\/2025\/08\/fgdsfggs.webp","keywords":["Desayuno Escolar","Miguel \u00c1ngel Hurtado","Montero"],"articleSection":["Educaci\u00f3n"],"inLanguage":"es","potentialAction":[{"@type":"CommentAction","name":"Comment","target":["https:\/\/waracomunicaciones.com\/?p=557#respond"]}]},{"@type":"WebPage","@id":"https:\/\/waracomunicaciones.com\/?p=557","url":"https:\/\/waracomunicaciones.com\/?p=557","name":"Desayuno escolar en Montero bajo la lupa: Exalcalde Miguel \u00c1ngel Hurtado denuncia falta de transparencia y prioridades distorsionadas - Wara Comunicaciones","isPartOf":{"@id":"https:\/\/waracomunicaciones.com\/#website"},"primaryImageOfPage":{"@id":"https:\/\/waracomunicaciones.com\/?p=557#primaryimage"},"image":{"@id":"https:\/\/waracomunicaciones.com\/?p=557#primaryimage"},"thumbnailUrl":"https:\/\/waracomunicaciones.com\/wp-content\/uploads\/2025\/08\/fgdsfggs.webp","datePublished":"2025-08-16T10:20:12+00:00","dateModified":"2025-08-16T10:23:26+00:00","breadcrumb":{"@id":"https:\/\/waracomunicaciones.com\/?p=557#breadcrumb"},"inLanguage":"es","potentialAction":[{"@type":"ReadAction","target":["https:\/\/waracomunicaciones.com\/?p=557"]}]},{"@type":"ImageObject","inLanguage":"es","@id":"https:\/\/waracomunicaciones.com\/?p=557#primaryimage","url":"https:\/\/waracomunicaciones.com\/wp-content\/uploads\/2025\/08\/fgdsfggs.webp","contentUrl":"https:\/\/waracomunicaciones.com\/wp-content\/uploads\/2025\/08\/fgdsfggs.webp","width":904,"height":674},{"@type":"BreadcrumbList","@id":"https:\/\/waracomunicaciones.com\/?p=557#breadcrumb","itemListElement":[{"@type":"ListItem","position":1,"name":"Portada","item":"https:\/\/waracomunicaciones.com\/"},{"@type":"ListItem","position":2,"name":"Desayuno escolar en Montero bajo la lupa: Exalcalde Miguel \u00c1ngel Hurtado denuncia falta de transparencia y prioridades distorsionadas"}]},{"@type":"WebSite","@id":"https:\/\/waracomunicaciones.com\/#website","url":"https:\/\/waracomunicaciones.com\/","name":"Wara Comunicaciones","description":"","publisher":{"@id":"https:\/\/waracomunicaciones.com\/#organization"},"potentialAction":[{"@type":"SearchAction","target":{"@type":"EntryPoint","urlTemplate":"https:\/\/waracomunicaciones.com\/?s={search_term_string}"},"query-input":{"@type":"PropertyValueSpecification","valueRequired":true,"valueName":"search_term_string"}}],"inLanguage":"es"},{"@type":"Organization","@id":"https:\/\/waracomunicaciones.com\/#organization","name":"Wara Comunicaciones","url":"https:\/\/waracomunicaciones.com\/","logo":{"@type":"ImageObject","inLanguage":"es","@id":"https:\/\/waracomunicaciones.com\/#\/schema\/logo\/image\/","url":"https:\/\/waracomunicaciones.com\/wp-content\/uploads\/2025\/07\/logo.png","contentUrl":"https:\/\/waracomunicaciones.com\/wp-content\/uploads\/2025\/07\/logo.png","width":400,"height":164,"caption":"Wara Comunicaciones"},"image":{"@id":"https:\/\/waracomunicaciones.com\/#\/schema\/logo\/image\/"},"sameAs":["https:\/\/www.facebook.com\/waracomunicaciones2017"]},{"@type":"Person","@id":"https:\/\/waracomunicaciones.com\/#\/schema\/person\/e9db934bc91575cc71fe584c5973244a","name":"admin","image":{"@type":"ImageObject","inLanguage":"es","@id":"https:\/\/waracomunicaciones.com\/#\/schema\/person\/image\/","url":"https:\/\/secure.gravatar.com\/avatar\/bf27e9186df568254093afa216f887fece17605302c6ff12f3980422fffa52e6?s=96&d=mm&r=g","contentUrl":"https:\/\/secure.gravatar.com\/avatar\/bf27e9186df568254093afa216f887fece17605302c6ff12f3980422fffa52e6?s=96&d=mm&r=g","caption":"admin"},"sameAs":["https:\/\/waracomunicaciones.com\/wp"],"url":"https:\/\/waracomunicaciones.com\/?author=1"}]}},"_links":{"self":[{"href":"https:\/\/waracomunicaciones.com\/index.php?rest_route=\/wp\/v2\/posts\/557","targetHints":{"allow":["GET"]}}],"collection":[{"href":"https:\/\/waracomunicaciones.com\/index.php?rest_route=\/wp\/v2\/posts"}],"about":[{"href":"https:\/\/waracomunicaciones.com\/index.php?rest_route=\/wp\/v2\/types\/post"}],"author":[{"embeddable":true,"href":"https:\/\/waracomunicaciones.com\/index.php?rest_route=\/wp\/v2\/users\/1"}],"replies":[{"embeddable":true,"href":"https:\/\/waracomunicaciones.com\/index.php?rest_route=%2Fwp%2Fv2%2Fcomments&post=557"}],"version-history":[{"count":1,"href":"https:\/\/waracomunicaciones.com\/index.php?rest_route=\/wp\/v2\/posts\/557\/revisions"}],"predecessor-version":[{"id":559,"href":"https:\/\/waracomunicaciones.com\/index.php?rest_route=\/wp\/v2\/posts\/557\/revisions\/559"}],"wp:featuredmedia":[{"embeddable":true,"href":"https:\/\/waracomunicaciones.com\/index.php?rest_route=\/wp\/v2\/media\/558"}],"wp:attachment":[{"href":"https:\/\/waracomunicaciones.com\/index.php?rest_route=%2Fwp%2Fv2%2Fmedia&parent=557"}],"wp:term":[{"taxonomy":"category","embeddable":true,"href":"https:\/\/waracomunicaciones.com\/index.php?rest_route=%2Fwp%2Fv2%2Fcategories&post=557"},{"taxonomy":"post_tag","embeddable":true,"href":"https:\/\/waracomunicaciones.com\/index.php?rest_route=%2Fwp%2Fv2%2Ftags&post=557"}],"curies":[{"name":"wp","href":"https:\/\/api.w.org\/{rel}","templated":true}]}}