{"id":554,"date":"2025-08-16T06:09:29","date_gmt":"2025-08-16T10:09:29","guid":{"rendered":"https:\/\/waracomunicaciones.com\/?p=554"},"modified":"2025-08-16T06:10:20","modified_gmt":"2025-08-16T10:10:20","slug":"la-tragica-comedia-del-desayuno-escolar-entre-promesas-incumplidas-y-un-silencio-complice","status":"publish","type":"post","link":"https:\/\/waracomunicaciones.com\/?p=554","title":{"rendered":"La tr\u00e1gica comedia del desayuno escolar: entre promesas incumplidas y un silencio c\u00f3mplice"},"content":{"rendered":"\n<figure class=\"wp-block-image size-full\"><img loading=\"lazy\" decoding=\"async\" width=\"1000\" height=\"562\" src=\"https:\/\/waracomunicaciones.com\/wp-content\/uploads\/2025\/08\/desayunooo.webp\" alt=\"\" class=\"wp-image-555\" srcset=\"https:\/\/waracomunicaciones.com\/wp-content\/uploads\/2025\/08\/desayunooo.webp 1000w, https:\/\/waracomunicaciones.com\/wp-content\/uploads\/2025\/08\/desayunooo-300x169.webp 300w, https:\/\/waracomunicaciones.com\/wp-content\/uploads\/2025\/08\/desayunooo-768x432.webp 768w\" sizes=\"auto, (max-width: 1000px) 100vw, 1000px\" \/><figcaption class=\"wp-element-caption\"><em>Verificaci\u00f3n de fecha de caducidad por una funcionaria de la Alcald\u00eda Municipal &#8211; Foto Facebook<\/em><\/figcaption><\/figure>\n\n\n<p><em><i>Montero, <\/i><\/em>\u00a0\u2014 En medio de un clima de creciente frustraci\u00f3n e indignaci\u00f3n ciudadana, se destapa un nuevo cap\u00edtulo en lo que ya ha sido bautizado por l\u00edderes sociales y padres de familia como <strong><b>\u201cla tr\u00e1gica comedia del desayuno escolar\u201d<\/b><\/strong>. <!--more-->A pesar de ser un programa concebido para garantizar una alimentaci\u00f3n m\u00ednima y digna para los estudiantes del municipio, hoy es percibido por muchos como una red de intereses, negligencia y presunta corrupci\u00f3n.<\/p>\n<p>Durante una entrevista con Wara Comunicaciones, el analista social <strong><b>Franz Galler<\/b><\/strong>\u00a0expuso, con su caracter\u00edstico tono cr\u00edtico e ir\u00f3nico, las inconsistencias y opacidades que giran en torno al Programa del Desayuno Escolar en Montero. Junto al periodista <strong><b>Tom\u00e1s Coca<\/b><\/strong>, desmenuzaron lo que consideran un esquema de mala administraci\u00f3n que compromete tanto el bienestar de los ni\u00f1os como la credibilidad de las instituciones locales.<\/p>\n<p><strong><b>\u274c<\/b><\/strong><strong><b>\u00a0Promesas que se desvanecen<\/b><\/strong><\/p>\n<p>Todo comenz\u00f3 cuando se adelantaron las vacaciones escolares una semana. Cinco d\u00edas sin clases implicaban cinco d\u00edas sin desayuno escolar. La respuesta de los responsables fue inmediata: <em><i>\u201cSe entregar\u00e1n al reiniciar las clases\u201d<\/i><\/em>. Sin embargo, al retornar, los padres se encontraron con una nueva excusa: <em><i>\u201cEl contrato ha concluido\u201d<\/i><\/em>. A cambio, se les prometi\u00f3 que esos d\u00edas se incluir\u00edan en la nueva licitaci\u00f3n. Pero no fue as\u00ed.<\/p>\n<p>Seg\u00fan Galler, <strong><b>ni los cinco d\u00edas iniciales ni otros posibles d\u00edas no entregados han sido contemplados<\/b><\/strong>, y la nueva licitaci\u00f3n cubrir\u00eda menos d\u00edas de los necesarios. De los <strong><b>200 d\u00edas h\u00e1biles escolares<\/b><\/strong>, apenas se han licitado <strong><b>119<\/b><\/strong>, lo cual deja en el aire m\u00e1s de 80 d\u00edas sin desayuno garantizado.<\/p>\n<p><strong><b>\ud83d\udcb0<\/b><\/strong><strong><b>\u00a0\u00bfD\u00f3nde est\u00e1 el dinero?<\/b><\/strong><\/p>\n<p>Las cifras no mienten. El primer contrato, para 70 d\u00edas, tuvo un valor de <strong><b>Bs 6.276.882<\/b><\/strong>. El segundo, para 49 d\u00edas, por <strong><b>Bs 4.721.000<\/b><\/strong>. En total, cerca de <strong><b>Bs 11 millones<\/b><\/strong>. Pero si se calcula el costo diario por desayuno (cerca de <strong><b>Bs 89.669<\/b><\/strong>\u00a0por d\u00eda), los d\u00edas no entregados equivaldr\u00edan a <strong><b>m\u00e1s de Bs 900.000<\/b><\/strong>.<\/p>\n<p>\u201c\u00bfD\u00f3nde est\u00e1 ese dinero? \u00bfA qui\u00e9n ha beneficiado la no distribuci\u00f3n de esos desayunos? La casa del profesor Carlitos se ve cada vez m\u00e1s bonita&#8230;\u201d, cuestion\u00f3 con sarcasmo Franz Galler.<\/p>\n<p><strong><b>\u26a0\ufe0f<\/b><\/strong><strong><b>\u00a0Fallas en los controles<\/b><\/strong><\/p>\n<p>El cuestionamiento apunta a varios actores:<br \/>\ud83d\udd39\u00a0<strong><b>La Alcald\u00eda de Montero<\/b><\/strong>, por la falta de transparencia y planificaci\u00f3n.<br \/>\ud83d\udd39\u00a0<strong><b>El Concejo Municipal<\/b><\/strong>, por su pasividad y falta de fiscalizaci\u00f3n.<br \/>\ud83d\udd39\u00a0<strong><b>El Control Social<\/b><\/strong>, por estar desinformado y cooptado por intereses pol\u00edticos.<br \/>\ud83d\udd39\u00a0<strong><b>La Gobernaci\u00f3n<\/b><\/strong>, por no garantizar el presupuesto complementario comprometido.<\/p>\n<p>La cadena de negligencias ha convertido el desayuno escolar en una especie de negocio con fines poco claros, donde las autoridades no rinden cuentas, y la ciudadan\u00eda es sistem\u00e1ticamente enga\u00f1ada.<\/p>\n<p><strong><b>\ud83e\uddd2 Los ni\u00f1os, los m\u00e1s afectados<\/b><\/strong><\/p>\n<p>El desayuno escolar no es un lujo. En muchas familias representa <strong><b>la \u00fanica comida segura del d\u00eda<\/b><\/strong>\u00a0para los estudiantes. Su descontinuaci\u00f3n o reducci\u00f3n impacta directamente en la salud, el rendimiento acad\u00e9mico y el desarrollo f\u00edsico y mental de los menores.<\/p>\n<p>\u201cEl alcalde Regis Medina permite este manejo improvisado y ca\u00f3tico desde hace cuatro a\u00f1os. El profesor Carlitos lo administra como si fuera un negocio personal. Y nadie paga las consecuencias\u201d, denunci\u00f3 Galler.<\/p>\n<p><strong><b>\ud83d\udce3<\/b><\/strong><strong><b>\u00a0Exigen auditor\u00eda y acci\u00f3n legal<\/b><\/strong><\/p>\n<p>Franz Geller pidi\u00f3 a los padres de familia y a la poblaci\u00f3n en general que no se queden en el reclamo medi\u00e1tico, sino que <strong><b>acudan al Ministerio P\u00fablico<\/b><\/strong>\u00a0y presenten <strong><b>una denuncia formal por corrupci\u00f3n<\/b><\/strong>.<\/p>\n<p>Tambi\u00e9n exigi\u00f3 una <strong><b>auditor\u00eda p\u00fablica inmediata<\/b><\/strong>\u00a0y la <strong><b>rendici\u00f3n de cuentas del Secretario de Desarrollo Humano, el director de Educaci\u00f3n y el propio alcalde<\/b><\/strong>.<\/p>\n<p>\u201cNo podemos seguir permitiendo que la alimentaci\u00f3n de nuestros ni\u00f1os se trate como un bot\u00edn pol\u00edtico o econ\u00f3mico\u201d, concluy\u00f3.<\/p>\n<p><strong><b>\ud83e\uddfe Propuesta: duplicar el presupuesto<\/b><\/strong><\/p>\n<p>Como propuesta de fondo, Galler plante\u00f3 que el pr\u00f3ximo gobierno municipal <strong><b>duplique el presupuesto del desayuno escolar<\/b><\/strong>, priorizando el bienestar infantil por encima de otros gastos superfluos del municipio.<\/p>\n<p>\u201cInvertir en ni\u00f1os bien alimentados es invertir en ciudadanos sanos, capaces y con futuro. El desayuno escolar debe ser intocable.\u201d<\/p>\n<p><strong><b>\ud83d\udccc<\/b><\/strong><strong><b>\u00a0Conclusi\u00f3n<\/b><\/strong><\/p>\n<p>La ciudadan\u00eda exige respuestas claras. \u00bfD\u00f3nde est\u00e1n los desayunos no entregados? \u00bfQui\u00e9n se beneficia? \u00bfQu\u00e9 hace el concejo municipal? \u00bfPor qu\u00e9 los padres de familia no est\u00e1n m\u00e1s organizados?<\/p>\n<p>Mientras tanto, cientos de ni\u00f1os en Montero comienzan sus jornadas escolares con el est\u00f3mago vac\u00edo. Y como en toda tr\u00e1gica comedia mal escrita, <strong><b>los protagonistas inocentes son siempre los m\u00e1s olvidados<\/b><\/strong>.<\/p><div style=\"margin-top: 0px; margin-bottom: 0px;\" class=\"sharethis-inline-reaction-buttons\" ><\/div>","protected":false},"excerpt":{"rendered":"<p>Montero, \u00a0\u2014 En medio de un clima de creciente frustraci\u00f3n e indignaci\u00f3n ciudadana, se destapa un nuevo cap\u00edtulo en lo que ya ha sido bautizado por l\u00edderes sociales y padres de familia como \u201cla tr\u00e1gica comedia del desayuno escolar\u201d.<\/p>\n","protected":false},"author":1,"featured_media":555,"comment_status":"open","ping_status":"open","sticky":false,"template":"","format":"standard","meta":{"footnotes":""},"categories":[44],"tags":[73,77,19],"class_list":["post-554","post","type-post","status-publish","format-standard","has-post-thumbnail","hentry","category-educacion","tag-desayuno-escolar","tag-franz-galler","tag-montero"],"yoast_head":"<!-- This site is optimized with the Yoast SEO Premium plugin v25.5 (Yoast SEO v27.1.1) - https:\/\/yoast.com\/product\/yoast-seo-premium-wordpress\/ -->\n<title>La tr\u00e1gica comedia del desayuno escolar: entre promesas incumplidas y un silencio c\u00f3mplice - Wara Comunicaciones<\/title>\n<meta name=\"robots\" content=\"index, follow, max-snippet:-1, max-image-preview:large, max-video-preview:-1\" \/>\n<link rel=\"canonical\" href=\"https:\/\/waracomunicaciones.com\/?p=554\" \/>\n<meta property=\"og:locale\" content=\"es_ES\" \/>\n<meta property=\"og:type\" content=\"article\" \/>\n<meta property=\"og:title\" content=\"La tr\u00e1gica comedia del desayuno escolar: entre promesas incumplidas y un silencio c\u00f3mplice\" \/>\n<meta property=\"og:description\" content=\"Montero, \u00a0\u2014 En medio de un clima de creciente frustraci\u00f3n e indignaci\u00f3n ciudadana, se destapa un nuevo cap\u00edtulo en lo que ya ha sido bautizado por l\u00edderes sociales y padres de familia como \u201cla tr\u00e1gica comedia del desayuno escolar\u201d.\" \/>\n<meta property=\"og:url\" content=\"https:\/\/waracomunicaciones.com\/?p=554\" \/>\n<meta property=\"og:site_name\" content=\"Wara Comunicaciones\" \/>\n<meta property=\"article:publisher\" content=\"https:\/\/www.facebook.com\/waracomunicaciones2017\" \/>\n<meta property=\"article:published_time\" content=\"2025-08-16T10:09:29+00:00\" \/>\n<meta property=\"article:modified_time\" content=\"2025-08-16T10:10:20+00:00\" \/>\n<meta property=\"og:image\" content=\"https:\/\/waracomunicaciones.com\/wp-content\/uploads\/2025\/08\/desayunooo.webp\" \/>\n\t<meta property=\"og:image:width\" content=\"1000\" \/>\n\t<meta property=\"og:image:height\" content=\"562\" \/>\n\t<meta property=\"og:image:type\" content=\"image\/webp\" \/>\n<meta name=\"author\" content=\"admin\" \/>\n<meta name=\"twitter:card\" content=\"summary_large_image\" \/>\n<meta name=\"twitter:label1\" content=\"Escrito por\" \/>\n\t<meta name=\"twitter:data1\" content=\"admin\" \/>\n\t<meta name=\"twitter:label2\" content=\"Tiempo de lectura\" \/>\n\t<meta name=\"twitter:data2\" content=\"4 minutos\" \/>\n<script type=\"application\/ld+json\" class=\"yoast-schema-graph\">{\"@context\":\"https:\/\/schema.org\",\"@graph\":[{\"@type\":\"Article\",\"@id\":\"https:\/\/waracomunicaciones.com\/?p=554#article\",\"isPartOf\":{\"@id\":\"https:\/\/waracomunicaciones.com\/?p=554\"},\"author\":{\"name\":\"admin\",\"@id\":\"https:\/\/waracomunicaciones.com\/#\/schema\/person\/e9db934bc91575cc71fe584c5973244a\"},\"headline\":\"La tr\u00e1gica comedia del desayuno escolar: entre promesas incumplidas y un silencio c\u00f3mplice\",\"datePublished\":\"2025-08-16T10:09:29+00:00\",\"dateModified\":\"2025-08-16T10:10:20+00:00\",\"mainEntityOfPage\":{\"@id\":\"https:\/\/waracomunicaciones.com\/?p=554\"},\"wordCount\":811,\"commentCount\":0,\"publisher\":{\"@id\":\"https:\/\/waracomunicaciones.com\/#organization\"},\"image\":{\"@id\":\"https:\/\/waracomunicaciones.com\/?p=554#primaryimage\"},\"thumbnailUrl\":\"https:\/\/waracomunicaciones.com\/wp-content\/uploads\/2025\/08\/desayunooo.webp\",\"keywords\":[\"Desayuno Escolar\",\"Franz Galler\",\"Montero\"],\"articleSection\":[\"Educaci\u00f3n\"],\"inLanguage\":\"es\",\"potentialAction\":[{\"@type\":\"CommentAction\",\"name\":\"Comment\",\"target\":[\"https:\/\/waracomunicaciones.com\/?p=554#respond\"]}]},{\"@type\":\"WebPage\",\"@id\":\"https:\/\/waracomunicaciones.com\/?p=554\",\"url\":\"https:\/\/waracomunicaciones.com\/?p=554\",\"name\":\"La tr\u00e1gica comedia del desayuno escolar: entre promesas incumplidas y un silencio c\u00f3mplice - Wara Comunicaciones\",\"isPartOf\":{\"@id\":\"https:\/\/waracomunicaciones.com\/#website\"},\"primaryImageOfPage\":{\"@id\":\"https:\/\/waracomunicaciones.com\/?p=554#primaryimage\"},\"image\":{\"@id\":\"https:\/\/waracomunicaciones.com\/?p=554#primaryimage\"},\"thumbnailUrl\":\"https:\/\/waracomunicaciones.com\/wp-content\/uploads\/2025\/08\/desayunooo.webp\",\"datePublished\":\"2025-08-16T10:09:29+00:00\",\"dateModified\":\"2025-08-16T10:10:20+00:00\",\"breadcrumb\":{\"@id\":\"https:\/\/waracomunicaciones.com\/?p=554#breadcrumb\"},\"inLanguage\":\"es\",\"potentialAction\":[{\"@type\":\"ReadAction\",\"target\":[\"https:\/\/waracomunicaciones.com\/?p=554\"]}]},{\"@type\":\"ImageObject\",\"inLanguage\":\"es\",\"@id\":\"https:\/\/waracomunicaciones.com\/?p=554#primaryimage\",\"url\":\"https:\/\/waracomunicaciones.com\/wp-content\/uploads\/2025\/08\/desayunooo.webp\",\"contentUrl\":\"https:\/\/waracomunicaciones.com\/wp-content\/uploads\/2025\/08\/desayunooo.webp\",\"width\":1000,\"height\":562},{\"@type\":\"BreadcrumbList\",\"@id\":\"https:\/\/waracomunicaciones.com\/?p=554#breadcrumb\",\"itemListElement\":[{\"@type\":\"ListItem\",\"position\":1,\"name\":\"Portada\",\"item\":\"https:\/\/waracomunicaciones.com\/\"},{\"@type\":\"ListItem\",\"position\":2,\"name\":\"La tr\u00e1gica comedia del desayuno escolar: entre promesas incumplidas y un silencio c\u00f3mplice\"}]},{\"@type\":\"WebSite\",\"@id\":\"https:\/\/waracomunicaciones.com\/#website\",\"url\":\"https:\/\/waracomunicaciones.com\/\",\"name\":\"Wara Comunicaciones\",\"description\":\"\",\"publisher\":{\"@id\":\"https:\/\/waracomunicaciones.com\/#organization\"},\"potentialAction\":[{\"@type\":\"SearchAction\",\"target\":{\"@type\":\"EntryPoint\",\"urlTemplate\":\"https:\/\/waracomunicaciones.com\/?s={search_term_string}\"},\"query-input\":{\"@type\":\"PropertyValueSpecification\",\"valueRequired\":true,\"valueName\":\"search_term_string\"}}],\"inLanguage\":\"es\"},{\"@type\":\"Organization\",\"@id\":\"https:\/\/waracomunicaciones.com\/#organization\",\"name\":\"Wara Comunicaciones\",\"url\":\"https:\/\/waracomunicaciones.com\/\",\"logo\":{\"@type\":\"ImageObject\",\"inLanguage\":\"es\",\"@id\":\"https:\/\/waracomunicaciones.com\/#\/schema\/logo\/image\/\",\"url\":\"https:\/\/waracomunicaciones.com\/wp-content\/uploads\/2025\/07\/logo.png\",\"contentUrl\":\"https:\/\/waracomunicaciones.com\/wp-content\/uploads\/2025\/07\/logo.png\",\"width\":400,\"height\":164,\"caption\":\"Wara Comunicaciones\"},\"image\":{\"@id\":\"https:\/\/waracomunicaciones.com\/#\/schema\/logo\/image\/\"},\"sameAs\":[\"https:\/\/www.facebook.com\/waracomunicaciones2017\"]},{\"@type\":\"Person\",\"@id\":\"https:\/\/waracomunicaciones.com\/#\/schema\/person\/e9db934bc91575cc71fe584c5973244a\",\"name\":\"admin\",\"image\":{\"@type\":\"ImageObject\",\"inLanguage\":\"es\",\"@id\":\"https:\/\/waracomunicaciones.com\/#\/schema\/person\/image\/\",\"url\":\"https:\/\/secure.gravatar.com\/avatar\/bf27e9186df568254093afa216f887fece17605302c6ff12f3980422fffa52e6?s=96&d=mm&r=g\",\"contentUrl\":\"https:\/\/secure.gravatar.com\/avatar\/bf27e9186df568254093afa216f887fece17605302c6ff12f3980422fffa52e6?s=96&d=mm&r=g\",\"caption\":\"admin\"},\"sameAs\":[\"https:\/\/waracomunicaciones.com\/wp\"],\"url\":\"https:\/\/waracomunicaciones.com\/?author=1\"}]}<\/script>\n<!-- \/ Yoast SEO Premium plugin. -->","yoast_head_json":{"title":"La tr\u00e1gica comedia del desayuno escolar: entre promesas incumplidas y un silencio c\u00f3mplice - Wara Comunicaciones","robots":{"index":"index","follow":"follow","max-snippet":"max-snippet:-1","max-image-preview":"max-image-preview:large","max-video-preview":"max-video-preview:-1"},"canonical":"https:\/\/waracomunicaciones.com\/?p=554","og_locale":"es_ES","og_type":"article","og_title":"La tr\u00e1gica comedia del desayuno escolar: entre promesas incumplidas y un silencio c\u00f3mplice","og_description":"Montero, \u00a0\u2014 En medio de un clima de creciente frustraci\u00f3n e indignaci\u00f3n ciudadana, se destapa un nuevo cap\u00edtulo en lo que ya ha sido bautizado por l\u00edderes sociales y padres de familia como \u201cla tr\u00e1gica comedia del desayuno escolar\u201d.","og_url":"https:\/\/waracomunicaciones.com\/?p=554","og_site_name":"Wara Comunicaciones","article_publisher":"https:\/\/www.facebook.com\/waracomunicaciones2017","article_published_time":"2025-08-16T10:09:29+00:00","article_modified_time":"2025-08-16T10:10:20+00:00","og_image":[{"width":1000,"height":562,"url":"https:\/\/waracomunicaciones.com\/wp-content\/uploads\/2025\/08\/desayunooo.webp","type":"image\/webp"}],"author":"admin","twitter_card":"summary_large_image","twitter_misc":{"Escrito por":"admin","Tiempo de lectura":"4 minutos"},"schema":{"@context":"https:\/\/schema.org","@graph":[{"@type":"Article","@id":"https:\/\/waracomunicaciones.com\/?p=554#article","isPartOf":{"@id":"https:\/\/waracomunicaciones.com\/?p=554"},"author":{"name":"admin","@id":"https:\/\/waracomunicaciones.com\/#\/schema\/person\/e9db934bc91575cc71fe584c5973244a"},"headline":"La tr\u00e1gica comedia del desayuno escolar: entre promesas incumplidas y un silencio c\u00f3mplice","datePublished":"2025-08-16T10:09:29+00:00","dateModified":"2025-08-16T10:10:20+00:00","mainEntityOfPage":{"@id":"https:\/\/waracomunicaciones.com\/?p=554"},"wordCount":811,"commentCount":0,"publisher":{"@id":"https:\/\/waracomunicaciones.com\/#organization"},"image":{"@id":"https:\/\/waracomunicaciones.com\/?p=554#primaryimage"},"thumbnailUrl":"https:\/\/waracomunicaciones.com\/wp-content\/uploads\/2025\/08\/desayunooo.webp","keywords":["Desayuno Escolar","Franz Galler","Montero"],"articleSection":["Educaci\u00f3n"],"inLanguage":"es","potentialAction":[{"@type":"CommentAction","name":"Comment","target":["https:\/\/waracomunicaciones.com\/?p=554#respond"]}]},{"@type":"WebPage","@id":"https:\/\/waracomunicaciones.com\/?p=554","url":"https:\/\/waracomunicaciones.com\/?p=554","name":"La tr\u00e1gica comedia del desayuno escolar: entre promesas incumplidas y un silencio c\u00f3mplice - Wara Comunicaciones","isPartOf":{"@id":"https:\/\/waracomunicaciones.com\/#website"},"primaryImageOfPage":{"@id":"https:\/\/waracomunicaciones.com\/?p=554#primaryimage"},"image":{"@id":"https:\/\/waracomunicaciones.com\/?p=554#primaryimage"},"thumbnailUrl":"https:\/\/waracomunicaciones.com\/wp-content\/uploads\/2025\/08\/desayunooo.webp","datePublished":"2025-08-16T10:09:29+00:00","dateModified":"2025-08-16T10:10:20+00:00","breadcrumb":{"@id":"https:\/\/waracomunicaciones.com\/?p=554#breadcrumb"},"inLanguage":"es","potentialAction":[{"@type":"ReadAction","target":["https:\/\/waracomunicaciones.com\/?p=554"]}]},{"@type":"ImageObject","inLanguage":"es","@id":"https:\/\/waracomunicaciones.com\/?p=554#primaryimage","url":"https:\/\/waracomunicaciones.com\/wp-content\/uploads\/2025\/08\/desayunooo.webp","contentUrl":"https:\/\/waracomunicaciones.com\/wp-content\/uploads\/2025\/08\/desayunooo.webp","width":1000,"height":562},{"@type":"BreadcrumbList","@id":"https:\/\/waracomunicaciones.com\/?p=554#breadcrumb","itemListElement":[{"@type":"ListItem","position":1,"name":"Portada","item":"https:\/\/waracomunicaciones.com\/"},{"@type":"ListItem","position":2,"name":"La tr\u00e1gica comedia del desayuno escolar: entre promesas incumplidas y un silencio c\u00f3mplice"}]},{"@type":"WebSite","@id":"https:\/\/waracomunicaciones.com\/#website","url":"https:\/\/waracomunicaciones.com\/","name":"Wara Comunicaciones","description":"","publisher":{"@id":"https:\/\/waracomunicaciones.com\/#organization"},"potentialAction":[{"@type":"SearchAction","target":{"@type":"EntryPoint","urlTemplate":"https:\/\/waracomunicaciones.com\/?s={search_term_string}"},"query-input":{"@type":"PropertyValueSpecification","valueRequired":true,"valueName":"search_term_string"}}],"inLanguage":"es"},{"@type":"Organization","@id":"https:\/\/waracomunicaciones.com\/#organization","name":"Wara Comunicaciones","url":"https:\/\/waracomunicaciones.com\/","logo":{"@type":"ImageObject","inLanguage":"es","@id":"https:\/\/waracomunicaciones.com\/#\/schema\/logo\/image\/","url":"https:\/\/waracomunicaciones.com\/wp-content\/uploads\/2025\/07\/logo.png","contentUrl":"https:\/\/waracomunicaciones.com\/wp-content\/uploads\/2025\/07\/logo.png","width":400,"height":164,"caption":"Wara Comunicaciones"},"image":{"@id":"https:\/\/waracomunicaciones.com\/#\/schema\/logo\/image\/"},"sameAs":["https:\/\/www.facebook.com\/waracomunicaciones2017"]},{"@type":"Person","@id":"https:\/\/waracomunicaciones.com\/#\/schema\/person\/e9db934bc91575cc71fe584c5973244a","name":"admin","image":{"@type":"ImageObject","inLanguage":"es","@id":"https:\/\/waracomunicaciones.com\/#\/schema\/person\/image\/","url":"https:\/\/secure.gravatar.com\/avatar\/bf27e9186df568254093afa216f887fece17605302c6ff12f3980422fffa52e6?s=96&d=mm&r=g","contentUrl":"https:\/\/secure.gravatar.com\/avatar\/bf27e9186df568254093afa216f887fece17605302c6ff12f3980422fffa52e6?s=96&d=mm&r=g","caption":"admin"},"sameAs":["https:\/\/waracomunicaciones.com\/wp"],"url":"https:\/\/waracomunicaciones.com\/?author=1"}]}},"_links":{"self":[{"href":"https:\/\/waracomunicaciones.com\/index.php?rest_route=\/wp\/v2\/posts\/554","targetHints":{"allow":["GET"]}}],"collection":[{"href":"https:\/\/waracomunicaciones.com\/index.php?rest_route=\/wp\/v2\/posts"}],"about":[{"href":"https:\/\/waracomunicaciones.com\/index.php?rest_route=\/wp\/v2\/types\/post"}],"author":[{"embeddable":true,"href":"https:\/\/waracomunicaciones.com\/index.php?rest_route=\/wp\/v2\/users\/1"}],"replies":[{"embeddable":true,"href":"https:\/\/waracomunicaciones.com\/index.php?rest_route=%2Fwp%2Fv2%2Fcomments&post=554"}],"version-history":[{"count":1,"href":"https:\/\/waracomunicaciones.com\/index.php?rest_route=\/wp\/v2\/posts\/554\/revisions"}],"predecessor-version":[{"id":556,"href":"https:\/\/waracomunicaciones.com\/index.php?rest_route=\/wp\/v2\/posts\/554\/revisions\/556"}],"wp:featuredmedia":[{"embeddable":true,"href":"https:\/\/waracomunicaciones.com\/index.php?rest_route=\/wp\/v2\/media\/555"}],"wp:attachment":[{"href":"https:\/\/waracomunicaciones.com\/index.php?rest_route=%2Fwp%2Fv2%2Fmedia&parent=554"}],"wp:term":[{"taxonomy":"category","embeddable":true,"href":"https:\/\/waracomunicaciones.com\/index.php?rest_route=%2Fwp%2Fv2%2Fcategories&post=554"},{"taxonomy":"post_tag","embeddable":true,"href":"https:\/\/waracomunicaciones.com\/index.php?rest_route=%2Fwp%2Fv2%2Ftags&post=554"}],"curies":[{"name":"wp","href":"https:\/\/api.w.org\/{rel}","templated":true}]}}