{"id":547,"date":"2025-08-15T08:41:36","date_gmt":"2025-08-15T12:41:36","guid":{"rendered":"https:\/\/waracomunicaciones.com\/?p=547"},"modified":"2025-08-15T08:50:54","modified_gmt":"2025-08-15T12:50:54","slug":"santiago-valenzuela-denuncia-irregularidades-en-la-distribucion-del-desayuno-escolar-en-montero-todo-esta-manipulado","status":"publish","type":"post","link":"https:\/\/waracomunicaciones.com\/?p=547","title":{"rendered":"Santiago Valenzuela denuncia irregularidades en la distribuci\u00f3n del desayuno escolar en Montero: \u201cTodo est\u00e1 manipulado\u201d"},"content":{"rendered":"\n<figure class=\"wp-block-image size-full\"><img loading=\"lazy\" decoding=\"async\" width=\"1000\" height=\"592\" src=\"https:\/\/waracomunicaciones.com\/wp-content\/uploads\/2025\/08\/CONHEKA.webp\" alt=\"\" class=\"wp-image-550\" srcset=\"https:\/\/waracomunicaciones.com\/wp-content\/uploads\/2025\/08\/CONHEKA.webp 1000w, https:\/\/waracomunicaciones.com\/wp-content\/uploads\/2025\/08\/CONHEKA-300x178.webp 300w, https:\/\/waracomunicaciones.com\/wp-content\/uploads\/2025\/08\/CONHEKA-768x455.webp 768w\" sizes=\"auto, (max-width: 1000px) 100vw, 1000px\" \/><figcaption class=\"wp-element-caption\"><em>Concejal Santiago Valenzuela &#8211; Foto archivo Facebook<\/em><\/figcaption><\/figure>\n\n\n<p>El concejal municipal acusa al Ejecutivo y al Consejo de corrupci\u00f3n y negligencia en la administraci\u00f3n del programa de alimentaci\u00f3n complementaria. Se\u00f1ala que al menos 10 d\u00edas del desayuno escolar no fueron entregados pese a estar presupuestados.<!--more--><\/p>\n<p><strong><b>Montero, 15 de agosto de 2025<\/b><\/strong><br \/><em><i>Redacci\u00f3n Agenda Matinal<\/i><\/em><\/p>\n<p>El concejal municipal de Montero, <strong><b>Santiago Valenzuela<\/b><\/strong>, volvi\u00f3 a alzar la voz contra la gesti\u00f3n del alcalde <strong><b>Regys Medina<\/b><\/strong>, denunciando una serie de irregularidades en la entrega del <strong><b>desayuno escolar<\/b><\/strong>, un programa que deber\u00eda beneficiar directamente a los estudiantes del municipio.<\/p>\n<p>En entrevista con el programa <strong><b>Agenda Matinal<\/b><\/strong>\u00a0de Wara Comunicaciones Valenzuela confirm\u00f3 que <strong><b>al menos cinco d\u00edas<\/b><\/strong>\u00a0del desayuno escolar no se entregaron debido al <strong><b>adelanto del receso invernal<\/b><\/strong>. Sin embargo, seg\u00fan la presidenta de la Junta Distrital, esos d\u00edas ser\u00edan compensados una vez reiniciadas las clases. \u201cLos estudiantes ya han vuelto a clases y el desayuno escolar simplemente no apareci\u00f3\u201d, asegur\u00f3 Valenzuela.<\/p>\n<p>La situaci\u00f3n se complica a\u00fan m\u00e1s, ya que podr\u00edan ser <strong><b>hasta diez los d\u00edas<\/b><\/strong>\u00a0en que no se entreg\u00f3 desayuno escolar, lo que representa una p\u00e9rdida aproximada de <strong><b>casi 900 mil bolivianos<\/b><\/strong>, seg\u00fan c\u00e1lculos del programa. La preocupaci\u00f3n gira en torno a si ese dinero fue <strong><b>efectivamente pagado a la empresa proveedora<\/b><\/strong>\u00a0o si se revertir\u00e1 para una nueva licitaci\u00f3n.<\/p>\n<p><strong><b>Dos licitaciones, muchas dudas<\/b><\/strong><\/p>\n<p>Seg\u00fan los datos proporcionados por el concejal y contrastados con la prensa, en lo que va del a\u00f1o se han realizado <strong><b>dos licitaciones<\/b><\/strong>:<\/p>\n<ul>\n<li><b><\/b><strong><b>Primera licitaci\u00f3n:<\/b><\/strong>70 d\u00edas programados, de los cuales <strong><b>hasta 10 d\u00edas no se habr\u00edan ejecutado<\/b><\/strong>.<\/li>\n<li><b><\/b><strong><b>Segunda licitaci\u00f3n:<\/b><\/strong>49 d\u00edas, con un monto de <strong><b> 4.721.403<\/b><\/strong>.<\/li>\n<\/ul>\n<p>En total, se han licitado <strong><b>119 d\u00edas<\/b><\/strong>, dejando <strong><b>81 d\u00edas del calendario escolar sin cobertura del desayuno<\/b><\/strong>. \u201cEso quiere decir que desde noviembre hasta diciembre no habr\u00e1 desayuno escolar, a menos que la Gobernaci\u00f3n desembolse m\u00e1s fondos\u201d, explic\u00f3 Tom\u00e1s Coca, conductor del programa.<\/p>\n<p><strong><b>\u201cTodo esto est\u00e1 calculado\u201d<\/b><\/strong><\/p>\n<p>Para Valenzuela, los errores no son casuales. \u201cEsto no es falta de planificaci\u00f3n. Est\u00e1 todo fr\u00edamente calculado. El desayuno escolar deber\u00eda haber estado listo desde el primer d\u00eda de clases, pero reci\u00e9n se inicia cuando ya est\u00e1 por vencerse el contrato\u201d, denunci\u00f3.<\/p>\n<p>Acus\u00f3 al <strong><b>presidente del Consejo Municipal, William Perales<\/b><\/strong>, y al <strong><b>secretario de Obras P\u00fablicas, Ramiro Heredia<\/b><\/strong>, de controlar en la sombra las decisiones del Ejecutivo. \u201cEl alcalde Medina es solo un relleno. Las decisiones se toman entre ellos\u201d, afirm\u00f3.<\/p>\n<p><strong><b>\u00bfY la fiscalizaci\u00f3n?<\/b><\/strong><\/p>\n<p>Valenzuela lament\u00f3 la imposibilidad de ejercer plenamente su funci\u00f3n fiscalizadora. \u201cPresentamos peticiones de informe, pero las rechazan. En el Concejo, con mayor\u00eda oficialista, no se aprueba nada que implique fiscalizar al alcalde. Nos limitan. Nos bloquean. \u00bfQu\u00e9 se puede hacer?\u201d, se pregunt\u00f3.<\/p>\n<p>Adem\u00e1s, reconoci\u00f3 que el proceso de fiscalizaci\u00f3n es agotador. \u201cLos directores est\u00e1n alineados con el Ejecutivo. La burocracia es inmensa. Y a eso se suma que estoy enfrentando juicios por las denuncias que hago\u201d, se\u00f1al\u00f3.<\/p>\n<p><strong><b>\u00bfD\u00f3nde est\u00e1 el dinero?<\/b><\/strong><\/p>\n<p>Una de las mayores preocupaciones gira en torno al uso de los fondos no ejecutados. \u201cSi no se entreg\u00f3 el desayuno por 10 d\u00edas, ese dinero \u2014cerca de <strong><b>Bs. 896.697<\/b><\/strong>\u2014 no debi\u00f3 pagarse. Pero, \u00bfse pag\u00f3? \u00bfSe sumar\u00e1 a la nueva licitaci\u00f3n? \u00bfSe revertir\u00e1? Nadie lo aclara\u201d, insisti\u00f3 Tom\u00e1s Coca.<\/p>\n<p>El concejal respondi\u00f3 que el municipio afirma pagar \u201ccontra planilla\u201d, es decir, \u00fanicamente por los d\u00edas efectivamente entregados. No obstante, sospecha que la empresa \u2014que, seg\u00fan \u00e9l, est\u00e1 ligada al entorno del oficialismo\u2014 ya habr\u00eda recibido pagos completos.<\/p>\n<p><strong><b>\u00abConsejo c\u00f3mplice\u00bb<\/b><\/strong><\/p>\n<p>Valenzuela fue enf\u00e1tico al se\u00f1alar que el <strong><b>Consejo Municipal act\u00faa como c\u00f3mplice<\/b><\/strong>\u00a0de estas irregularidades. \u201cLos concejales oficialistas no solo no fiscalizan, sino que participan activamente en las decisiones que afectan negativamente a los estudiantes. Las sesiones duran media hora, no se discuten temas importantes, y todo lo que se cuestiona al alcalde es bloqueado\u201d, critic\u00f3.<\/p>\n<p><strong><b>\u201cEsto est\u00e1 en manos de Dios\u201d<\/b><\/strong><\/p>\n<p>En medio del caos administrativo, Valenzuela y el equipo period\u00edstico de Agenda Matinal concluyeron que, lamentablemente, la situaci\u00f3n se repite a\u00f1o tras a\u00f1o, sin consecuencias ni soluciones reales. \u201cEstamos como en el Chapul\u00edn Colorado. \u00bfY ahora qui\u00e9n podr\u00e1 defendernos?\u201d, ironiz\u00f3 Coca.<\/p>\n<p>Mientras tanto, m\u00e1s de <strong><b>80 d\u00edas del calendario escolar, est\u00e1n fuera de la planificaci\u00f3n del \u00a0desayuno escolar<\/b><\/strong>, y <strong><b>cerca de un mill\u00f3n \u00a0de bolivianos<\/b><\/strong>\u00a0podr\u00edan haberse ejecutado sin una adecuada contraprestaci\u00f3n.<\/p>\n<p><strong><b>Se espera que en las pr\u00f3ximas horas el concejal Valenzuela inicie una nueva ronda de visitas a las unidades educativas para cruzar datos con los directores y verificar cu\u00e1ntos d\u00edas realmente se entreg\u00f3 el desayuno escolar.<\/b><\/strong>\u00a0La ciudadan\u00eda, por su parte, sigue esperando respuestas claras y una administraci\u00f3n transparente.<\/p><div style=\"margin-top: 0px; margin-bottom: 0px;\" class=\"sharethis-inline-reaction-buttons\" ><\/div>","protected":false},"excerpt":{"rendered":"<p>El concejal municipal acusa al Ejecutivo y al Consejo de corrupci\u00f3n y negligencia en la administraci\u00f3n del programa de alimentaci\u00f3n complementaria. Se\u00f1ala que al menos 10 d\u00edas del desayuno escolar no fueron entregados pese a estar presupuestados.<\/p>\n","protected":false},"author":1,"featured_media":550,"comment_status":"open","ping_status":"open","sticky":false,"template":"","format":"standard","meta":{"footnotes":""},"categories":[44],"tags":[73,19,74],"class_list":["post-547","post","type-post","status-publish","format-standard","has-post-thumbnail","hentry","category-educacion","tag-desayuno-escolar","tag-montero","tag-santiago-valenzuela"],"yoast_head":"<!-- This site is optimized with the Yoast SEO Premium plugin v25.5 (Yoast SEO v27.1.1) - https:\/\/yoast.com\/product\/yoast-seo-premium-wordpress\/ -->\n<title>Santiago Valenzuela denuncia irregularidades en la distribuci\u00f3n del desayuno escolar en Montero: \u201cTodo est\u00e1 manipulado\u201d - Wara Comunicaciones<\/title>\n<meta name=\"robots\" content=\"index, follow, max-snippet:-1, max-image-preview:large, max-video-preview:-1\" \/>\n<link rel=\"canonical\" href=\"https:\/\/waracomunicaciones.com\/?p=547\" \/>\n<meta property=\"og:locale\" content=\"es_ES\" \/>\n<meta property=\"og:type\" content=\"article\" \/>\n<meta property=\"og:title\" content=\"Santiago Valenzuela denuncia irregularidades en la distribuci\u00f3n del desayuno escolar en Montero: \u201cTodo est\u00e1 manipulado\u201d\" \/>\n<meta property=\"og:description\" content=\"El concejal municipal acusa al Ejecutivo y al Consejo de corrupci\u00f3n y negligencia en la administraci\u00f3n del programa de alimentaci\u00f3n complementaria. Se\u00f1ala que al menos 10 d\u00edas del desayuno escolar no fueron entregados pese a estar presupuestados.\" \/>\n<meta property=\"og:url\" content=\"https:\/\/waracomunicaciones.com\/?p=547\" \/>\n<meta property=\"og:site_name\" content=\"Wara Comunicaciones\" \/>\n<meta property=\"article:publisher\" content=\"https:\/\/www.facebook.com\/waracomunicaciones2017\" \/>\n<meta property=\"article:published_time\" content=\"2025-08-15T12:41:36+00:00\" \/>\n<meta property=\"article:modified_time\" content=\"2025-08-15T12:50:54+00:00\" \/>\n<meta property=\"og:image\" content=\"https:\/\/waracomunicaciones.com\/wp-content\/uploads\/2025\/08\/CONHEKA.webp\" \/>\n\t<meta property=\"og:image:width\" content=\"1000\" \/>\n\t<meta property=\"og:image:height\" content=\"592\" \/>\n\t<meta property=\"og:image:type\" content=\"image\/webp\" \/>\n<meta name=\"author\" content=\"admin\" \/>\n<meta name=\"twitter:card\" content=\"summary_large_image\" \/>\n<meta name=\"twitter:label1\" content=\"Escrito por\" \/>\n\t<meta name=\"twitter:data1\" content=\"admin\" \/>\n\t<meta name=\"twitter:label2\" content=\"Tiempo de lectura\" \/>\n\t<meta name=\"twitter:data2\" content=\"4 minutos\" \/>\n<script type=\"application\/ld+json\" class=\"yoast-schema-graph\">{\"@context\":\"https:\/\/schema.org\",\"@graph\":[{\"@type\":\"Article\",\"@id\":\"https:\/\/waracomunicaciones.com\/?p=547#article\",\"isPartOf\":{\"@id\":\"https:\/\/waracomunicaciones.com\/?p=547\"},\"author\":{\"name\":\"admin\",\"@id\":\"https:\/\/waracomunicaciones.com\/#\/schema\/person\/e9db934bc91575cc71fe584c5973244a\"},\"headline\":\"Santiago Valenzuela denuncia irregularidades en la distribuci\u00f3n del desayuno escolar en Montero: \u201cTodo est\u00e1 manipulado\u201d\",\"datePublished\":\"2025-08-15T12:41:36+00:00\",\"dateModified\":\"2025-08-15T12:50:54+00:00\",\"mainEntityOfPage\":{\"@id\":\"https:\/\/waracomunicaciones.com\/?p=547\"},\"wordCount\":834,\"commentCount\":0,\"publisher\":{\"@id\":\"https:\/\/waracomunicaciones.com\/#organization\"},\"image\":{\"@id\":\"https:\/\/waracomunicaciones.com\/?p=547#primaryimage\"},\"thumbnailUrl\":\"https:\/\/waracomunicaciones.com\/wp-content\/uploads\/2025\/08\/CONHEKA.webp\",\"keywords\":[\"Desayuno Escolar\",\"Montero\",\"Santiago Valenzuela\"],\"articleSection\":[\"Educaci\u00f3n\"],\"inLanguage\":\"es\",\"potentialAction\":[{\"@type\":\"CommentAction\",\"name\":\"Comment\",\"target\":[\"https:\/\/waracomunicaciones.com\/?p=547#respond\"]}]},{\"@type\":\"WebPage\",\"@id\":\"https:\/\/waracomunicaciones.com\/?p=547\",\"url\":\"https:\/\/waracomunicaciones.com\/?p=547\",\"name\":\"Santiago Valenzuela denuncia irregularidades en la distribuci\u00f3n del desayuno escolar en Montero: \u201cTodo est\u00e1 manipulado\u201d - Wara Comunicaciones\",\"isPartOf\":{\"@id\":\"https:\/\/waracomunicaciones.com\/#website\"},\"primaryImageOfPage\":{\"@id\":\"https:\/\/waracomunicaciones.com\/?p=547#primaryimage\"},\"image\":{\"@id\":\"https:\/\/waracomunicaciones.com\/?p=547#primaryimage\"},\"thumbnailUrl\":\"https:\/\/waracomunicaciones.com\/wp-content\/uploads\/2025\/08\/CONHEKA.webp\",\"datePublished\":\"2025-08-15T12:41:36+00:00\",\"dateModified\":\"2025-08-15T12:50:54+00:00\",\"breadcrumb\":{\"@id\":\"https:\/\/waracomunicaciones.com\/?p=547#breadcrumb\"},\"inLanguage\":\"es\",\"potentialAction\":[{\"@type\":\"ReadAction\",\"target\":[\"https:\/\/waracomunicaciones.com\/?p=547\"]}]},{\"@type\":\"ImageObject\",\"inLanguage\":\"es\",\"@id\":\"https:\/\/waracomunicaciones.com\/?p=547#primaryimage\",\"url\":\"https:\/\/waracomunicaciones.com\/wp-content\/uploads\/2025\/08\/CONHEKA.webp\",\"contentUrl\":\"https:\/\/waracomunicaciones.com\/wp-content\/uploads\/2025\/08\/CONHEKA.webp\",\"width\":1000,\"height\":592},{\"@type\":\"BreadcrumbList\",\"@id\":\"https:\/\/waracomunicaciones.com\/?p=547#breadcrumb\",\"itemListElement\":[{\"@type\":\"ListItem\",\"position\":1,\"name\":\"Portada\",\"item\":\"https:\/\/waracomunicaciones.com\/\"},{\"@type\":\"ListItem\",\"position\":2,\"name\":\"Santiago Valenzuela denuncia irregularidades en la distribuci\u00f3n del desayuno escolar en Montero: \u201cTodo est\u00e1 manipulado\u201d\"}]},{\"@type\":\"WebSite\",\"@id\":\"https:\/\/waracomunicaciones.com\/#website\",\"url\":\"https:\/\/waracomunicaciones.com\/\",\"name\":\"Wara Comunicaciones\",\"description\":\"\",\"publisher\":{\"@id\":\"https:\/\/waracomunicaciones.com\/#organization\"},\"potentialAction\":[{\"@type\":\"SearchAction\",\"target\":{\"@type\":\"EntryPoint\",\"urlTemplate\":\"https:\/\/waracomunicaciones.com\/?s={search_term_string}\"},\"query-input\":{\"@type\":\"PropertyValueSpecification\",\"valueRequired\":true,\"valueName\":\"search_term_string\"}}],\"inLanguage\":\"es\"},{\"@type\":\"Organization\",\"@id\":\"https:\/\/waracomunicaciones.com\/#organization\",\"name\":\"Wara Comunicaciones\",\"url\":\"https:\/\/waracomunicaciones.com\/\",\"logo\":{\"@type\":\"ImageObject\",\"inLanguage\":\"es\",\"@id\":\"https:\/\/waracomunicaciones.com\/#\/schema\/logo\/image\/\",\"url\":\"https:\/\/waracomunicaciones.com\/wp-content\/uploads\/2025\/07\/logo.png\",\"contentUrl\":\"https:\/\/waracomunicaciones.com\/wp-content\/uploads\/2025\/07\/logo.png\",\"width\":400,\"height\":164,\"caption\":\"Wara Comunicaciones\"},\"image\":{\"@id\":\"https:\/\/waracomunicaciones.com\/#\/schema\/logo\/image\/\"},\"sameAs\":[\"https:\/\/www.facebook.com\/waracomunicaciones2017\"]},{\"@type\":\"Person\",\"@id\":\"https:\/\/waracomunicaciones.com\/#\/schema\/person\/e9db934bc91575cc71fe584c5973244a\",\"name\":\"admin\",\"image\":{\"@type\":\"ImageObject\",\"inLanguage\":\"es\",\"@id\":\"https:\/\/waracomunicaciones.com\/#\/schema\/person\/image\/\",\"url\":\"https:\/\/secure.gravatar.com\/avatar\/bf27e9186df568254093afa216f887fece17605302c6ff12f3980422fffa52e6?s=96&d=mm&r=g\",\"contentUrl\":\"https:\/\/secure.gravatar.com\/avatar\/bf27e9186df568254093afa216f887fece17605302c6ff12f3980422fffa52e6?s=96&d=mm&r=g\",\"caption\":\"admin\"},\"sameAs\":[\"https:\/\/waracomunicaciones.com\/wp\"],\"url\":\"https:\/\/waracomunicaciones.com\/?author=1\"}]}<\/script>\n<!-- \/ Yoast SEO Premium plugin. -->","yoast_head_json":{"title":"Santiago Valenzuela denuncia irregularidades en la distribuci\u00f3n del desayuno escolar en Montero: \u201cTodo est\u00e1 manipulado\u201d - Wara Comunicaciones","robots":{"index":"index","follow":"follow","max-snippet":"max-snippet:-1","max-image-preview":"max-image-preview:large","max-video-preview":"max-video-preview:-1"},"canonical":"https:\/\/waracomunicaciones.com\/?p=547","og_locale":"es_ES","og_type":"article","og_title":"Santiago Valenzuela denuncia irregularidades en la distribuci\u00f3n del desayuno escolar en Montero: \u201cTodo est\u00e1 manipulado\u201d","og_description":"El concejal municipal acusa al Ejecutivo y al Consejo de corrupci\u00f3n y negligencia en la administraci\u00f3n del programa de alimentaci\u00f3n complementaria. Se\u00f1ala que al menos 10 d\u00edas del desayuno escolar no fueron entregados pese a estar presupuestados.","og_url":"https:\/\/waracomunicaciones.com\/?p=547","og_site_name":"Wara Comunicaciones","article_publisher":"https:\/\/www.facebook.com\/waracomunicaciones2017","article_published_time":"2025-08-15T12:41:36+00:00","article_modified_time":"2025-08-15T12:50:54+00:00","og_image":[{"width":1000,"height":592,"url":"https:\/\/waracomunicaciones.com\/wp-content\/uploads\/2025\/08\/CONHEKA.webp","type":"image\/webp"}],"author":"admin","twitter_card":"summary_large_image","twitter_misc":{"Escrito por":"admin","Tiempo de lectura":"4 minutos"},"schema":{"@context":"https:\/\/schema.org","@graph":[{"@type":"Article","@id":"https:\/\/waracomunicaciones.com\/?p=547#article","isPartOf":{"@id":"https:\/\/waracomunicaciones.com\/?p=547"},"author":{"name":"admin","@id":"https:\/\/waracomunicaciones.com\/#\/schema\/person\/e9db934bc91575cc71fe584c5973244a"},"headline":"Santiago Valenzuela denuncia irregularidades en la distribuci\u00f3n del desayuno escolar en Montero: \u201cTodo est\u00e1 manipulado\u201d","datePublished":"2025-08-15T12:41:36+00:00","dateModified":"2025-08-15T12:50:54+00:00","mainEntityOfPage":{"@id":"https:\/\/waracomunicaciones.com\/?p=547"},"wordCount":834,"commentCount":0,"publisher":{"@id":"https:\/\/waracomunicaciones.com\/#organization"},"image":{"@id":"https:\/\/waracomunicaciones.com\/?p=547#primaryimage"},"thumbnailUrl":"https:\/\/waracomunicaciones.com\/wp-content\/uploads\/2025\/08\/CONHEKA.webp","keywords":["Desayuno Escolar","Montero","Santiago Valenzuela"],"articleSection":["Educaci\u00f3n"],"inLanguage":"es","potentialAction":[{"@type":"CommentAction","name":"Comment","target":["https:\/\/waracomunicaciones.com\/?p=547#respond"]}]},{"@type":"WebPage","@id":"https:\/\/waracomunicaciones.com\/?p=547","url":"https:\/\/waracomunicaciones.com\/?p=547","name":"Santiago Valenzuela denuncia irregularidades en la distribuci\u00f3n del desayuno escolar en Montero: \u201cTodo est\u00e1 manipulado\u201d - Wara Comunicaciones","isPartOf":{"@id":"https:\/\/waracomunicaciones.com\/#website"},"primaryImageOfPage":{"@id":"https:\/\/waracomunicaciones.com\/?p=547#primaryimage"},"image":{"@id":"https:\/\/waracomunicaciones.com\/?p=547#primaryimage"},"thumbnailUrl":"https:\/\/waracomunicaciones.com\/wp-content\/uploads\/2025\/08\/CONHEKA.webp","datePublished":"2025-08-15T12:41:36+00:00","dateModified":"2025-08-15T12:50:54+00:00","breadcrumb":{"@id":"https:\/\/waracomunicaciones.com\/?p=547#breadcrumb"},"inLanguage":"es","potentialAction":[{"@type":"ReadAction","target":["https:\/\/waracomunicaciones.com\/?p=547"]}]},{"@type":"ImageObject","inLanguage":"es","@id":"https:\/\/waracomunicaciones.com\/?p=547#primaryimage","url":"https:\/\/waracomunicaciones.com\/wp-content\/uploads\/2025\/08\/CONHEKA.webp","contentUrl":"https:\/\/waracomunicaciones.com\/wp-content\/uploads\/2025\/08\/CONHEKA.webp","width":1000,"height":592},{"@type":"BreadcrumbList","@id":"https:\/\/waracomunicaciones.com\/?p=547#breadcrumb","itemListElement":[{"@type":"ListItem","position":1,"name":"Portada","item":"https:\/\/waracomunicaciones.com\/"},{"@type":"ListItem","position":2,"name":"Santiago Valenzuela denuncia irregularidades en la distribuci\u00f3n del desayuno escolar en Montero: \u201cTodo est\u00e1 manipulado\u201d"}]},{"@type":"WebSite","@id":"https:\/\/waracomunicaciones.com\/#website","url":"https:\/\/waracomunicaciones.com\/","name":"Wara Comunicaciones","description":"","publisher":{"@id":"https:\/\/waracomunicaciones.com\/#organization"},"potentialAction":[{"@type":"SearchAction","target":{"@type":"EntryPoint","urlTemplate":"https:\/\/waracomunicaciones.com\/?s={search_term_string}"},"query-input":{"@type":"PropertyValueSpecification","valueRequired":true,"valueName":"search_term_string"}}],"inLanguage":"es"},{"@type":"Organization","@id":"https:\/\/waracomunicaciones.com\/#organization","name":"Wara Comunicaciones","url":"https:\/\/waracomunicaciones.com\/","logo":{"@type":"ImageObject","inLanguage":"es","@id":"https:\/\/waracomunicaciones.com\/#\/schema\/logo\/image\/","url":"https:\/\/waracomunicaciones.com\/wp-content\/uploads\/2025\/07\/logo.png","contentUrl":"https:\/\/waracomunicaciones.com\/wp-content\/uploads\/2025\/07\/logo.png","width":400,"height":164,"caption":"Wara Comunicaciones"},"image":{"@id":"https:\/\/waracomunicaciones.com\/#\/schema\/logo\/image\/"},"sameAs":["https:\/\/www.facebook.com\/waracomunicaciones2017"]},{"@type":"Person","@id":"https:\/\/waracomunicaciones.com\/#\/schema\/person\/e9db934bc91575cc71fe584c5973244a","name":"admin","image":{"@type":"ImageObject","inLanguage":"es","@id":"https:\/\/waracomunicaciones.com\/#\/schema\/person\/image\/","url":"https:\/\/secure.gravatar.com\/avatar\/bf27e9186df568254093afa216f887fece17605302c6ff12f3980422fffa52e6?s=96&d=mm&r=g","contentUrl":"https:\/\/secure.gravatar.com\/avatar\/bf27e9186df568254093afa216f887fece17605302c6ff12f3980422fffa52e6?s=96&d=mm&r=g","caption":"admin"},"sameAs":["https:\/\/waracomunicaciones.com\/wp"],"url":"https:\/\/waracomunicaciones.com\/?author=1"}]}},"_links":{"self":[{"href":"https:\/\/waracomunicaciones.com\/index.php?rest_route=\/wp\/v2\/posts\/547","targetHints":{"allow":["GET"]}}],"collection":[{"href":"https:\/\/waracomunicaciones.com\/index.php?rest_route=\/wp\/v2\/posts"}],"about":[{"href":"https:\/\/waracomunicaciones.com\/index.php?rest_route=\/wp\/v2\/types\/post"}],"author":[{"embeddable":true,"href":"https:\/\/waracomunicaciones.com\/index.php?rest_route=\/wp\/v2\/users\/1"}],"replies":[{"embeddable":true,"href":"https:\/\/waracomunicaciones.com\/index.php?rest_route=%2Fwp%2Fv2%2Fcomments&post=547"}],"version-history":[{"count":2,"href":"https:\/\/waracomunicaciones.com\/index.php?rest_route=\/wp\/v2\/posts\/547\/revisions"}],"predecessor-version":[{"id":551,"href":"https:\/\/waracomunicaciones.com\/index.php?rest_route=\/wp\/v2\/posts\/547\/revisions\/551"}],"wp:featuredmedia":[{"embeddable":true,"href":"https:\/\/waracomunicaciones.com\/index.php?rest_route=\/wp\/v2\/media\/550"}],"wp:attachment":[{"href":"https:\/\/waracomunicaciones.com\/index.php?rest_route=%2Fwp%2Fv2%2Fmedia&parent=547"}],"wp:term":[{"taxonomy":"category","embeddable":true,"href":"https:\/\/waracomunicaciones.com\/index.php?rest_route=%2Fwp%2Fv2%2Fcategories&post=547"},{"taxonomy":"post_tag","embeddable":true,"href":"https:\/\/waracomunicaciones.com\/index.php?rest_route=%2Fwp%2Fv2%2Ftags&post=547"}],"curies":[{"name":"wp","href":"https:\/\/api.w.org\/{rel}","templated":true}]}}