{"id":54,"date":"2025-07-15T10:04:36","date_gmt":"2025-07-15T14:04:36","guid":{"rendered":"https:\/\/waracomunicaciones.com\/wp\/?p=54"},"modified":"2025-07-24T02:04:33","modified_gmt":"2025-07-24T06:04:33","slug":"deisy-choque-defiende-la-candidatura-del-mas-en-montero-y-arremete-contra-la-oposicion-la-gente-sabe-quienes-vendieron-el-pais","status":"publish","type":"post","link":"https:\/\/waracomunicaciones.com\/?p=54","title":{"rendered":"Deisy Choque defiende la candidatura del MAS en Montero y arremete contra la oposici\u00f3n: \u201cLa gente sabe qui\u00e9nes vendieron el pa\u00eds\u201d"},"content":{"rendered":"\n<figure class=\"wp-block-image size-full\"><img loading=\"lazy\" decoding=\"async\" width=\"600\" height=\"450\" src=\"https:\/\/waracomunicaciones.com\/wp\/wp-content\/uploads\/2025\/07\/mas.jpg\" alt=\"\" class=\"wp-image-57\" srcset=\"https:\/\/waracomunicaciones.com\/wp-content\/uploads\/2025\/07\/mas.jpg 600w, https:\/\/waracomunicaciones.com\/wp-content\/uploads\/2025\/07\/mas-300x225.jpg 300w\" sizes=\"auto, (max-width: 600px) 100vw, 600px\" \/><\/figure>\n\n\n<div class=\"itemIntroText\">\n<p><em><i>Montero, 14 de julio de 2025<\/i><\/em>\u00a0\u2014 La diputada Daisy Choque se pronunci\u00f3 con firmeza sobre el panorama electoral en la circunscripci\u00f3n 57, correspondiente a Montero, luego de conocerse oficialmente la lista de candidatos donde figura\u00a0<strong><b>Shirley Maldonado \u00c1lvarez<\/b><\/strong>\u00a0como representante del Movimiento al Socialismo \u2013 Instrumento Pol\u00edtico por la Soberan\u00eda de los Pueblos (MAS-IPSP), aunque sin suplente confirmado.<\/p>\n<\/div>\n<p><!--more--><\/p>\n<div class=\"itemFullText\">\n<p>En declaraciones a W<em><i>ara Comunicaciones<\/i><\/em>, Choque explic\u00f3 que el suplente fue observado por el Tribunal Electoral, y que actualmente las organizaciones sociales est\u00e1n evaluando una nueva figura para acompa\u00f1ar la f\u00f3rmula. \u201cQueremos que no sea un dedazo, sino alguien que represente de verdad a este municipio que ha sido fuertemente golpeado por la deslealtad de su actual diputado, Dani Daniel, quien les dio la espalda durante toda su gesti\u00f3n\u201d, dijo.<\/p>\n<p>Aunque reconoci\u00f3 que el contexto electoral ha cambiado respecto a a\u00f1os anteriores \u2014donde el MAS dominaba con holgura en Montero\u2014, Choque se mostr\u00f3 confiada en que su partido volver\u00e1 a imponerse. \u201cHoy m\u00e1s que nunca estamos seguros de que nuestra gente no va a apostar por quienes privatizaron nuestras empresas, por quienes se beneficiaron personalmente del Estado\u201d, asegur\u00f3. En ese sentido, acus\u00f3 a antiguos ministros y figuras opositoras de haberse apropiado de empresas estatales a precios irrisorios. \u201cPusieron el precio como ministros y luego se compraron ellos mismos. Eso la gente no lo olvida\u201d.<\/p>\n<p>La diputada tambi\u00e9n se refiri\u00f3 a las promesas electorales de algunos candidatos opositores, calific\u00e1ndolas como \u00abfalsas ilusiones\u00bb y \u201cdiscursos emocionales de 100 d\u00edas carajo\u201d. Subray\u00f3 que mientras algunos critican la crisis econ\u00f3mica, contin\u00faan invirtiendo sumas millonarias en inmuebles y proyectos privados. \u201cSi de verdad estamos tan mal, \u00bfc\u00f3mo es que ellos siguen invirtiendo? Y si no hay seguridad jur\u00eddica, \u00bfpor qu\u00e9 siguen comprando?\u201d, cuestion\u00f3.<\/p>\n<p>Choque comparti\u00f3 su interpretaci\u00f3n de las \u00faltimas encuestas, se\u00f1alando una ca\u00edda en la intenci\u00f3n de voto para varios candidatos opositores, incluido el expresidente Jorge Tuto Quiroga y otras figuras emergentes. \u201cSe incrementa el n\u00famero de indecisos, votos nulos y gente que no quiere votar. Eso quiere decir que a\u00fan nada est\u00e1 definido, y que la poblaci\u00f3n sigue buscando propuestas reales\u201d, explic\u00f3.<\/p>\n<p>A su juicio, el MAS mantiene una base s\u00f3lida, y destac\u00f3 la figura de\u00a0<strong><b>Eduardo del Castillo<\/b><\/strong>\u00a0como un candidato en ascenso que genera esperanza entre sectores j\u00f3venes y populares. \u201c\u00c9l no ha bajado en las encuestas. La complementariedad entre experiencia y juventud, entre oriente y occidente, puede marcar la diferencia\u201d, sostuvo.<\/p>\n<p>Finalmente, Choque volvi\u00f3 a cargar contra Evo Morales, a quien acus\u00f3 de haberse convertido en el verdadero \u201cjefe de bancada\u201d de la oposici\u00f3n, incluyendo a Creemos y Comunidad Ciudadana. \u201cSi este gobierno no ha avanzado m\u00e1s, es porque Morales ha liderado una coalici\u00f3n para bloquear todos los proyectos desde la Asamblea. Y cuando hablamos de proyectos no es solo de cr\u00e9ditos, hablamos de toda la estructura que mueve el Estado\u201d, afirm\u00f3.<\/p>\n<p>La entrevista concluy\u00f3 con un llamado a la ciudadan\u00eda a emitir un voto informado este 17 de agosto. \u201cHoy m\u00e1s que nunca se necesita an\u00e1lisis, no fanatismo. Que el pueblo decida, pero con toda la verdad sobre la mesa\u201d, finaliz\u00f3 la diputada.<\/p>\n<\/div><div style=\"margin-top: 0px; margin-bottom: 0px;\" class=\"sharethis-inline-reaction-buttons\" ><\/div>","protected":false},"excerpt":{"rendered":"<p>Montero, 14 de julio de 2025\u00a0\u2014 La diputada Daisy Choque se pronunci\u00f3 con firmeza sobre el panorama electoral en la circunscripci\u00f3n 57, correspondiente a Montero, luego de conocerse oficialmente la lista de candidatos donde figura\u00a0Shirley Maldonado \u00c1lvarez\u00a0como representante del Movimiento al Socialismo \u2013 Instrumento Pol\u00edtico por la Soberan\u00eda de los Pueblos (MAS-IPSP), aunque sin suplente [&hellip;]<\/p>\n","protected":false},"author":1,"featured_media":57,"comment_status":"open","ping_status":"open","sticky":false,"template":"","format":"standard","meta":{"footnotes":""},"categories":[5],"tags":[12,9,8,13],"class_list":["post-54","post","type-post","status-publish","format-standard","has-post-thumbnail","hentry","category-local","tag-deisy-choque","tag-mas","tag-politica","tag-shirley-maldonado"],"yoast_head":"<!-- This site is optimized with the Yoast SEO Premium plugin v25.5 (Yoast SEO v27.1.1) - https:\/\/yoast.com\/product\/yoast-seo-premium-wordpress\/ -->\n<title>Deisy Choque defiende la candidatura del MAS en Montero y arremete contra la oposici\u00f3n: \u201cLa gente sabe qui\u00e9nes vendieron el pa\u00eds\u201d - Wara Comunicaciones<\/title>\n<meta name=\"robots\" content=\"index, follow, max-snippet:-1, max-image-preview:large, max-video-preview:-1\" \/>\n<link rel=\"canonical\" href=\"https:\/\/waracomunicaciones.com\/?p=54\" \/>\n<meta property=\"og:locale\" content=\"es_ES\" \/>\n<meta property=\"og:type\" content=\"article\" \/>\n<meta property=\"og:title\" content=\"Deisy Choque defiende la candidatura del MAS en Montero y arremete contra la oposici\u00f3n: \u201cLa gente sabe qui\u00e9nes vendieron el pa\u00eds\u201d\" \/>\n<meta property=\"og:description\" content=\"Montero, 14 de julio de 2025\u00a0\u2014 La diputada Daisy Choque se pronunci\u00f3 con firmeza sobre el panorama electoral en la circunscripci\u00f3n 57, correspondiente a Montero, luego de conocerse oficialmente la lista de candidatos donde figura\u00a0Shirley Maldonado \u00c1lvarez\u00a0como representante del Movimiento al Socialismo \u2013 Instrumento Pol\u00edtico por la Soberan\u00eda de los Pueblos (MAS-IPSP), aunque sin suplente [&hellip;]\" \/>\n<meta property=\"og:url\" content=\"https:\/\/waracomunicaciones.com\/?p=54\" \/>\n<meta property=\"og:site_name\" content=\"Wara Comunicaciones\" \/>\n<meta property=\"article:publisher\" content=\"https:\/\/www.facebook.com\/waracomunicaciones2017\" \/>\n<meta property=\"article:published_time\" content=\"2025-07-15T14:04:36+00:00\" \/>\n<meta property=\"article:modified_time\" content=\"2025-07-24T06:04:33+00:00\" \/>\n<meta property=\"og:image\" content=\"https:\/\/waracomunicaciones.com\/wp-content\/uploads\/2025\/07\/mas.jpg\" \/>\n\t<meta property=\"og:image:width\" content=\"600\" \/>\n\t<meta property=\"og:image:height\" content=\"450\" \/>\n\t<meta property=\"og:image:type\" content=\"image\/jpeg\" \/>\n<meta name=\"author\" content=\"admin\" \/>\n<meta name=\"twitter:card\" content=\"summary_large_image\" \/>\n<meta name=\"twitter:label1\" content=\"Escrito por\" \/>\n\t<meta name=\"twitter:data1\" content=\"admin\" \/>\n\t<meta name=\"twitter:label2\" content=\"Tiempo de lectura\" \/>\n\t<meta name=\"twitter:data2\" content=\"3 minutos\" \/>\n<script type=\"application\/ld+json\" class=\"yoast-schema-graph\">{\"@context\":\"https:\/\/schema.org\",\"@graph\":[{\"@type\":\"Article\",\"@id\":\"https:\/\/waracomunicaciones.com\/?p=54#article\",\"isPartOf\":{\"@id\":\"https:\/\/waracomunicaciones.com\/?p=54\"},\"author\":{\"name\":\"admin\",\"@id\":\"https:\/\/waracomunicaciones.com\/#\/schema\/person\/e9db934bc91575cc71fe584c5973244a\"},\"headline\":\"Deisy Choque defiende la candidatura del MAS en Montero y arremete contra la oposici\u00f3n: \u201cLa gente sabe qui\u00e9nes vendieron el pa\u00eds\u201d\",\"datePublished\":\"2025-07-15T14:04:36+00:00\",\"dateModified\":\"2025-07-24T06:04:33+00:00\",\"mainEntityOfPage\":{\"@id\":\"https:\/\/waracomunicaciones.com\/?p=54\"},\"wordCount\":563,\"commentCount\":0,\"publisher\":{\"@id\":\"https:\/\/waracomunicaciones.com\/#organization\"},\"image\":{\"@id\":\"https:\/\/waracomunicaciones.com\/?p=54#primaryimage\"},\"thumbnailUrl\":\"https:\/\/waracomunicaciones.com\/wp-content\/uploads\/2025\/07\/mas.jpg\",\"keywords\":[\"Deisy Choque\",\"MAS\",\"Pol\u00edtica\",\"Shirley Maldonado\"],\"articleSection\":[\"LOCAL\"],\"inLanguage\":\"es\",\"potentialAction\":[{\"@type\":\"CommentAction\",\"name\":\"Comment\",\"target\":[\"https:\/\/waracomunicaciones.com\/?p=54#respond\"]}]},{\"@type\":\"WebPage\",\"@id\":\"https:\/\/waracomunicaciones.com\/?p=54\",\"url\":\"https:\/\/waracomunicaciones.com\/?p=54\",\"name\":\"Deisy Choque defiende la candidatura del MAS en Montero y arremete contra la oposici\u00f3n: \u201cLa gente sabe qui\u00e9nes vendieron el pa\u00eds\u201d - Wara Comunicaciones\",\"isPartOf\":{\"@id\":\"https:\/\/waracomunicaciones.com\/#website\"},\"primaryImageOfPage\":{\"@id\":\"https:\/\/waracomunicaciones.com\/?p=54#primaryimage\"},\"image\":{\"@id\":\"https:\/\/waracomunicaciones.com\/?p=54#primaryimage\"},\"thumbnailUrl\":\"https:\/\/waracomunicaciones.com\/wp-content\/uploads\/2025\/07\/mas.jpg\",\"datePublished\":\"2025-07-15T14:04:36+00:00\",\"dateModified\":\"2025-07-24T06:04:33+00:00\",\"breadcrumb\":{\"@id\":\"https:\/\/waracomunicaciones.com\/?p=54#breadcrumb\"},\"inLanguage\":\"es\",\"potentialAction\":[{\"@type\":\"ReadAction\",\"target\":[\"https:\/\/waracomunicaciones.com\/?p=54\"]}]},{\"@type\":\"ImageObject\",\"inLanguage\":\"es\",\"@id\":\"https:\/\/waracomunicaciones.com\/?p=54#primaryimage\",\"url\":\"https:\/\/waracomunicaciones.com\/wp-content\/uploads\/2025\/07\/mas.jpg\",\"contentUrl\":\"https:\/\/waracomunicaciones.com\/wp-content\/uploads\/2025\/07\/mas.jpg\",\"width\":600,\"height\":450},{\"@type\":\"BreadcrumbList\",\"@id\":\"https:\/\/waracomunicaciones.com\/?p=54#breadcrumb\",\"itemListElement\":[{\"@type\":\"ListItem\",\"position\":1,\"name\":\"Portada\",\"item\":\"https:\/\/waracomunicaciones.com\/\"},{\"@type\":\"ListItem\",\"position\":2,\"name\":\"Deisy Choque defiende la candidatura del MAS en Montero y arremete contra la oposici\u00f3n: \u201cLa gente sabe qui\u00e9nes vendieron el pa\u00eds\u201d\"}]},{\"@type\":\"WebSite\",\"@id\":\"https:\/\/waracomunicaciones.com\/#website\",\"url\":\"https:\/\/waracomunicaciones.com\/\",\"name\":\"Wara Comunicaciones\",\"description\":\"\",\"publisher\":{\"@id\":\"https:\/\/waracomunicaciones.com\/#organization\"},\"potentialAction\":[{\"@type\":\"SearchAction\",\"target\":{\"@type\":\"EntryPoint\",\"urlTemplate\":\"https:\/\/waracomunicaciones.com\/?s={search_term_string}\"},\"query-input\":{\"@type\":\"PropertyValueSpecification\",\"valueRequired\":true,\"valueName\":\"search_term_string\"}}],\"inLanguage\":\"es\"},{\"@type\":\"Organization\",\"@id\":\"https:\/\/waracomunicaciones.com\/#organization\",\"name\":\"Wara Comunicaciones\",\"url\":\"https:\/\/waracomunicaciones.com\/\",\"logo\":{\"@type\":\"ImageObject\",\"inLanguage\":\"es\",\"@id\":\"https:\/\/waracomunicaciones.com\/#\/schema\/logo\/image\/\",\"url\":\"https:\/\/waracomunicaciones.com\/wp-content\/uploads\/2025\/07\/logo.png\",\"contentUrl\":\"https:\/\/waracomunicaciones.com\/wp-content\/uploads\/2025\/07\/logo.png\",\"width\":400,\"height\":164,\"caption\":\"Wara Comunicaciones\"},\"image\":{\"@id\":\"https:\/\/waracomunicaciones.com\/#\/schema\/logo\/image\/\"},\"sameAs\":[\"https:\/\/www.facebook.com\/waracomunicaciones2017\"]},{\"@type\":\"Person\",\"@id\":\"https:\/\/waracomunicaciones.com\/#\/schema\/person\/e9db934bc91575cc71fe584c5973244a\",\"name\":\"admin\",\"image\":{\"@type\":\"ImageObject\",\"inLanguage\":\"es\",\"@id\":\"https:\/\/waracomunicaciones.com\/#\/schema\/person\/image\/\",\"url\":\"https:\/\/secure.gravatar.com\/avatar\/bf27e9186df568254093afa216f887fece17605302c6ff12f3980422fffa52e6?s=96&d=mm&r=g\",\"contentUrl\":\"https:\/\/secure.gravatar.com\/avatar\/bf27e9186df568254093afa216f887fece17605302c6ff12f3980422fffa52e6?s=96&d=mm&r=g\",\"caption\":\"admin\"},\"sameAs\":[\"https:\/\/waracomunicaciones.com\/wp\"],\"url\":\"https:\/\/waracomunicaciones.com\/?author=1\"}]}<\/script>\n<!-- \/ Yoast SEO Premium plugin. -->","yoast_head_json":{"title":"Deisy Choque defiende la candidatura del MAS en Montero y arremete contra la oposici\u00f3n: \u201cLa gente sabe qui\u00e9nes vendieron el pa\u00eds\u201d - Wara Comunicaciones","robots":{"index":"index","follow":"follow","max-snippet":"max-snippet:-1","max-image-preview":"max-image-preview:large","max-video-preview":"max-video-preview:-1"},"canonical":"https:\/\/waracomunicaciones.com\/?p=54","og_locale":"es_ES","og_type":"article","og_title":"Deisy Choque defiende la candidatura del MAS en Montero y arremete contra la oposici\u00f3n: \u201cLa gente sabe qui\u00e9nes vendieron el pa\u00eds\u201d","og_description":"Montero, 14 de julio de 2025\u00a0\u2014 La diputada Daisy Choque se pronunci\u00f3 con firmeza sobre el panorama electoral en la circunscripci\u00f3n 57, correspondiente a Montero, luego de conocerse oficialmente la lista de candidatos donde figura\u00a0Shirley Maldonado \u00c1lvarez\u00a0como representante del Movimiento al Socialismo \u2013 Instrumento Pol\u00edtico por la Soberan\u00eda de los Pueblos (MAS-IPSP), aunque sin suplente [&hellip;]","og_url":"https:\/\/waracomunicaciones.com\/?p=54","og_site_name":"Wara Comunicaciones","article_publisher":"https:\/\/www.facebook.com\/waracomunicaciones2017","article_published_time":"2025-07-15T14:04:36+00:00","article_modified_time":"2025-07-24T06:04:33+00:00","og_image":[{"width":600,"height":450,"url":"https:\/\/waracomunicaciones.com\/wp-content\/uploads\/2025\/07\/mas.jpg","type":"image\/jpeg"}],"author":"admin","twitter_card":"summary_large_image","twitter_misc":{"Escrito por":"admin","Tiempo de lectura":"3 minutos"},"schema":{"@context":"https:\/\/schema.org","@graph":[{"@type":"Article","@id":"https:\/\/waracomunicaciones.com\/?p=54#article","isPartOf":{"@id":"https:\/\/waracomunicaciones.com\/?p=54"},"author":{"name":"admin","@id":"https:\/\/waracomunicaciones.com\/#\/schema\/person\/e9db934bc91575cc71fe584c5973244a"},"headline":"Deisy Choque defiende la candidatura del MAS en Montero y arremete contra la oposici\u00f3n: \u201cLa gente sabe qui\u00e9nes vendieron el pa\u00eds\u201d","datePublished":"2025-07-15T14:04:36+00:00","dateModified":"2025-07-24T06:04:33+00:00","mainEntityOfPage":{"@id":"https:\/\/waracomunicaciones.com\/?p=54"},"wordCount":563,"commentCount":0,"publisher":{"@id":"https:\/\/waracomunicaciones.com\/#organization"},"image":{"@id":"https:\/\/waracomunicaciones.com\/?p=54#primaryimage"},"thumbnailUrl":"https:\/\/waracomunicaciones.com\/wp-content\/uploads\/2025\/07\/mas.jpg","keywords":["Deisy Choque","MAS","Pol\u00edtica","Shirley Maldonado"],"articleSection":["LOCAL"],"inLanguage":"es","potentialAction":[{"@type":"CommentAction","name":"Comment","target":["https:\/\/waracomunicaciones.com\/?p=54#respond"]}]},{"@type":"WebPage","@id":"https:\/\/waracomunicaciones.com\/?p=54","url":"https:\/\/waracomunicaciones.com\/?p=54","name":"Deisy Choque defiende la candidatura del MAS en Montero y arremete contra la oposici\u00f3n: \u201cLa gente sabe qui\u00e9nes vendieron el pa\u00eds\u201d - Wara Comunicaciones","isPartOf":{"@id":"https:\/\/waracomunicaciones.com\/#website"},"primaryImageOfPage":{"@id":"https:\/\/waracomunicaciones.com\/?p=54#primaryimage"},"image":{"@id":"https:\/\/waracomunicaciones.com\/?p=54#primaryimage"},"thumbnailUrl":"https:\/\/waracomunicaciones.com\/wp-content\/uploads\/2025\/07\/mas.jpg","datePublished":"2025-07-15T14:04:36+00:00","dateModified":"2025-07-24T06:04:33+00:00","breadcrumb":{"@id":"https:\/\/waracomunicaciones.com\/?p=54#breadcrumb"},"inLanguage":"es","potentialAction":[{"@type":"ReadAction","target":["https:\/\/waracomunicaciones.com\/?p=54"]}]},{"@type":"ImageObject","inLanguage":"es","@id":"https:\/\/waracomunicaciones.com\/?p=54#primaryimage","url":"https:\/\/waracomunicaciones.com\/wp-content\/uploads\/2025\/07\/mas.jpg","contentUrl":"https:\/\/waracomunicaciones.com\/wp-content\/uploads\/2025\/07\/mas.jpg","width":600,"height":450},{"@type":"BreadcrumbList","@id":"https:\/\/waracomunicaciones.com\/?p=54#breadcrumb","itemListElement":[{"@type":"ListItem","position":1,"name":"Portada","item":"https:\/\/waracomunicaciones.com\/"},{"@type":"ListItem","position":2,"name":"Deisy Choque defiende la candidatura del MAS en Montero y arremete contra la oposici\u00f3n: \u201cLa gente sabe qui\u00e9nes vendieron el pa\u00eds\u201d"}]},{"@type":"WebSite","@id":"https:\/\/waracomunicaciones.com\/#website","url":"https:\/\/waracomunicaciones.com\/","name":"Wara Comunicaciones","description":"","publisher":{"@id":"https:\/\/waracomunicaciones.com\/#organization"},"potentialAction":[{"@type":"SearchAction","target":{"@type":"EntryPoint","urlTemplate":"https:\/\/waracomunicaciones.com\/?s={search_term_string}"},"query-input":{"@type":"PropertyValueSpecification","valueRequired":true,"valueName":"search_term_string"}}],"inLanguage":"es"},{"@type":"Organization","@id":"https:\/\/waracomunicaciones.com\/#organization","name":"Wara Comunicaciones","url":"https:\/\/waracomunicaciones.com\/","logo":{"@type":"ImageObject","inLanguage":"es","@id":"https:\/\/waracomunicaciones.com\/#\/schema\/logo\/image\/","url":"https:\/\/waracomunicaciones.com\/wp-content\/uploads\/2025\/07\/logo.png","contentUrl":"https:\/\/waracomunicaciones.com\/wp-content\/uploads\/2025\/07\/logo.png","width":400,"height":164,"caption":"Wara Comunicaciones"},"image":{"@id":"https:\/\/waracomunicaciones.com\/#\/schema\/logo\/image\/"},"sameAs":["https:\/\/www.facebook.com\/waracomunicaciones2017"]},{"@type":"Person","@id":"https:\/\/waracomunicaciones.com\/#\/schema\/person\/e9db934bc91575cc71fe584c5973244a","name":"admin","image":{"@type":"ImageObject","inLanguage":"es","@id":"https:\/\/waracomunicaciones.com\/#\/schema\/person\/image\/","url":"https:\/\/secure.gravatar.com\/avatar\/bf27e9186df568254093afa216f887fece17605302c6ff12f3980422fffa52e6?s=96&d=mm&r=g","contentUrl":"https:\/\/secure.gravatar.com\/avatar\/bf27e9186df568254093afa216f887fece17605302c6ff12f3980422fffa52e6?s=96&d=mm&r=g","caption":"admin"},"sameAs":["https:\/\/waracomunicaciones.com\/wp"],"url":"https:\/\/waracomunicaciones.com\/?author=1"}]}},"_links":{"self":[{"href":"https:\/\/waracomunicaciones.com\/index.php?rest_route=\/wp\/v2\/posts\/54","targetHints":{"allow":["GET"]}}],"collection":[{"href":"https:\/\/waracomunicaciones.com\/index.php?rest_route=\/wp\/v2\/posts"}],"about":[{"href":"https:\/\/waracomunicaciones.com\/index.php?rest_route=\/wp\/v2\/types\/post"}],"author":[{"embeddable":true,"href":"https:\/\/waracomunicaciones.com\/index.php?rest_route=\/wp\/v2\/users\/1"}],"replies":[{"embeddable":true,"href":"https:\/\/waracomunicaciones.com\/index.php?rest_route=%2Fwp%2Fv2%2Fcomments&post=54"}],"version-history":[{"count":2,"href":"https:\/\/waracomunicaciones.com\/index.php?rest_route=\/wp\/v2\/posts\/54\/revisions"}],"predecessor-version":[{"id":58,"href":"https:\/\/waracomunicaciones.com\/index.php?rest_route=\/wp\/v2\/posts\/54\/revisions\/58"}],"wp:featuredmedia":[{"embeddable":true,"href":"https:\/\/waracomunicaciones.com\/index.php?rest_route=\/wp\/v2\/media\/57"}],"wp:attachment":[{"href":"https:\/\/waracomunicaciones.com\/index.php?rest_route=%2Fwp%2Fv2%2Fmedia&parent=54"}],"wp:term":[{"taxonomy":"category","embeddable":true,"href":"https:\/\/waracomunicaciones.com\/index.php?rest_route=%2Fwp%2Fv2%2Fcategories&post=54"},{"taxonomy":"post_tag","embeddable":true,"href":"https:\/\/waracomunicaciones.com\/index.php?rest_route=%2Fwp%2Fv2%2Ftags&post=54"}],"curies":[{"name":"wp","href":"https:\/\/api.w.org\/{rel}","templated":true}]}}