{"id":518,"date":"2025-08-14T01:08:28","date_gmt":"2025-08-14T05:08:28","guid":{"rendered":"https:\/\/waracomunicaciones.com\/?p=518"},"modified":"2025-08-14T01:50:09","modified_gmt":"2025-08-14T05:50:09","slug":"foro-debate-en-la-c-57-solo-tres-de-seis-candidatos-asisten-y-exponen-sus-propuestas-economicas","status":"publish","type":"post","link":"https:\/\/waracomunicaciones.com\/?p=518","title":{"rendered":"Foro Debate en la C-57: Solo Tres de Seis Candidatos Asisten y Exponen sus Propuestas Econ\u00f3micas"},"content":{"rendered":"\n<figure class=\"wp-block-image size-full\"><img loading=\"lazy\" decoding=\"async\" width=\"1000\" height=\"562\" src=\"https:\/\/waracomunicaciones.com\/wp-content\/uploads\/2025\/08\/JAIMEU.webp\" alt=\"\" class=\"wp-image-519\" srcset=\"https:\/\/waracomunicaciones.com\/wp-content\/uploads\/2025\/08\/JAIMEU.webp 1000w, https:\/\/waracomunicaciones.com\/wp-content\/uploads\/2025\/08\/JAIMEU-300x169.webp 300w, https:\/\/waracomunicaciones.com\/wp-content\/uploads\/2025\/08\/JAIMEU-768x432.webp 768w\" sizes=\"auto, (max-width: 1000px) 100vw, 1000px\" \/><figcaption class=\"wp-element-caption\"><em>El candidato a diputado por la C-57 por APB Sumante Jaime Uscamayta expone su propuesta electoral -Foto Facebook<\/em><\/figcaption><\/figure>\n\n\n<p><strong><b>Montero, <\/b><\/strong>\u00a0\u2014 En un ambiente de di\u00e1logo pol\u00edtico con baja participaci\u00f3n, solo tres de los seis candidatos a diputados por la Circunscripci\u00f3n 57 asistieron al foro debate organizado por la carrera de ingenier\u00eda Agr\u00edcola de la Facultad Integral del Norte &#8211; FINOR. Entre los asistentes estuvieron Maico Moreno (Alianza Libre), Fabiola Alba (Alianza Fuerzo del Pueblo) y Jaime Uscamayta (APB S\u00famate), quienes coincidieron en criticar la ausencia de sus contrincantes, especialmente de los candidatos del Movimiento al Socialismo (MAS).<!--more--><\/p>\n<p>Maico Moreno lament\u00f3 la reiterada ausencia de postulantes del oficialismo: \u201cSeguramente no vienen porque no tienen respuestas sobre c\u00f3mo salir de esta crisis econ\u00f3mica, ellos son responsables de estos 20 a\u00f1os de decadencia en Bolivia\u201d, afirm\u00f3. Moreno tambi\u00e9n critic\u00f3 la falta de propuestas concretas de otras alianzas opositoras, en alusi\u00f3n a la candidata Kelly Velarde (Alianza Unidad), quien tampoco asisti\u00f3. \u201cHablan de 100 d\u00edas, pero no te explican c\u00f3mo van a resolver el problema econ\u00f3mico del pa\u00eds\u201d, remarc\u00f3.<\/p>\n<p>El candidato cerrar\u00e1 su campa\u00f1a este mi\u00e9rcoles por la noche con un acto en la plaza de Yapacan\u00ed, donde anunci\u00f3 m\u00fasica, premios \u2014incluida una motocicleta\u2014 y un \u00faltimo contacto directo con la ciudadan\u00eda.<\/p>\n<p>Por su parte, <strong><b>Fabiola Alba<\/b><\/strong>, abogada y pedagoga de profesi\u00f3n, enfoc\u00f3 su participaci\u00f3n en propuestas de desarrollo agroindustrial y apoyo a los sectores m\u00e1s vulnerables. \u201cBolivia est\u00e1 en terapia intensiva, pero podemos salir adelante. Hay que apoyar al productor, al microempresario, al comerciante, al mototaxista. Hay que liberar las importaciones e incentivar alianzas estrat\u00e9gicas para atraer inversiones\u201d, afirm\u00f3.<\/p>\n<p>Alba tambi\u00e9n se comprometi\u00f3 a realizar control y fiscalizaci\u00f3n, no solo en Montero, sino en todo el norte integrado, y a luchar por la transparencia en las gestiones municipales. \u201cTiene que haber auditor\u00edas y cero corrupci\u00f3n\u201d, recalc\u00f3.<\/p>\n<p>Desde la vereda de APB S\u00famate, el candidato <strong><b>Jaime Uscamayta<\/b><\/strong>\u00a0present\u00f3 una propuesta econ\u00f3mica centrada en la eliminaci\u00f3n de subsidios y la activaci\u00f3n productiva sin endeudamiento externo. \u201cNuestra propuesta estrella es la venta anticipada de bonos de litio por 10 mil millones de d\u00f3lares para estabilizar la econom\u00eda, garantizar combustible sin subsidio y sin colas, y combatir la inflaci\u00f3n\u201d, explic\u00f3. Tambi\u00e9n hizo duras cr\u00edticas al MAS y a otros bloques, acus\u00e1ndolos de financiar campa\u00f1as con prebendas y de recurrir a chantajes con funcionarios p\u00fablicos.<\/p>\n<p>Uscamayta cerrar\u00e1 su campa\u00f1a esta noche en Montero, en el Paseo Universitario, donde presentar\u00e1 sus propuestas junto a n\u00fameros musicales y regalos para los asistentes.<\/p>\n<p>A pesar del entusiasmo de los candidatos presentes, la jornada estuvo marcada por la desilusi\u00f3n de los organizadores ante la inasistencia de la mitad de los postulantes. \u201cEs lamentable que sigan esquivando estos espacios democr\u00e1ticos. Aqu\u00ed se exponen ideas, no se regalan cosas\u201d, se\u00f1al\u00f3 uno de los moderadores del foro.<\/p>\n<p>Con el cierre de campa\u00f1a en marcha, la atenci\u00f3n ahora se enfoca en las elecciones del <strong><b>domingo 17 de agosto<\/b><\/strong>, cuando la poblaci\u00f3n de la C-57 decidir\u00e1 a su nuevo representante en la Asamblea Legislativa Plurinacional.<\/p><div style=\"margin-top: 0px; margin-bottom: 0px;\" class=\"sharethis-inline-reaction-buttons\" ><\/div>","protected":false},"excerpt":{"rendered":"<p>Montero, \u00a0\u2014 En un ambiente de di\u00e1logo pol\u00edtico con baja participaci\u00f3n, solo tres de los seis candidatos a diputados por la Circunscripci\u00f3n 57 asistieron al foro debate organizado por la carrera de ingenier\u00eda Agr\u00edcola de la Facultad Integral del Norte &#8211; FINOR. Entre los asistentes estuvieron Maico Moreno (Alianza Libre), Fabiola Alba (Alianza Fuerzo del [&hellip;]<\/p>\n","protected":false},"author":1,"featured_media":519,"comment_status":"open","ping_status":"open","sticky":false,"template":"","format":"standard","meta":{"footnotes":""},"categories":[42],"tags":[57,143,11,142,10,28],"class_list":["post-518","post","type-post","status-publish","format-standard","has-post-thumbnail","hentry","category-politica","tag-c-57","tag-debate","tag-elecciones-nacionales-2025","tag-foro-debate","tag-jaime-uscamayta","tag-maico-moreno-vaca"],"yoast_head":"<!-- This site is optimized with the Yoast SEO Premium plugin v25.5 (Yoast SEO v27.1.1) - https:\/\/yoast.com\/product\/yoast-seo-premium-wordpress\/ -->\n<title>Foro Debate en la C-57: Solo Tres de Seis Candidatos Asisten y Exponen sus Propuestas Econ\u00f3micas - Wara Comunicaciones<\/title>\n<meta name=\"robots\" content=\"index, follow, max-snippet:-1, max-image-preview:large, max-video-preview:-1\" \/>\n<link rel=\"canonical\" href=\"https:\/\/waracomunicaciones.com\/?p=518\" \/>\n<meta property=\"og:locale\" content=\"es_ES\" \/>\n<meta property=\"og:type\" content=\"article\" \/>\n<meta property=\"og:title\" content=\"Foro Debate en la C-57: Solo Tres de Seis Candidatos Asisten y Exponen sus Propuestas Econ\u00f3micas\" \/>\n<meta property=\"og:description\" content=\"Montero, \u00a0\u2014 En un ambiente de di\u00e1logo pol\u00edtico con baja participaci\u00f3n, solo tres de los seis candidatos a diputados por la Circunscripci\u00f3n 57 asistieron al foro debate organizado por la carrera de ingenier\u00eda Agr\u00edcola de la Facultad Integral del Norte &#8211; FINOR. Entre los asistentes estuvieron Maico Moreno (Alianza Libre), Fabiola Alba (Alianza Fuerzo del [&hellip;]\" \/>\n<meta property=\"og:url\" content=\"https:\/\/waracomunicaciones.com\/?p=518\" \/>\n<meta property=\"og:site_name\" content=\"Wara Comunicaciones\" \/>\n<meta property=\"article:publisher\" content=\"https:\/\/www.facebook.com\/waracomunicaciones2017\" \/>\n<meta property=\"article:published_time\" content=\"2025-08-14T05:08:28+00:00\" \/>\n<meta property=\"article:modified_time\" content=\"2025-08-14T05:50:09+00:00\" \/>\n<meta property=\"og:image\" content=\"https:\/\/waracomunicaciones.com\/wp-content\/uploads\/2025\/08\/JAIMEU.webp\" \/>\n\t<meta property=\"og:image:width\" content=\"1000\" \/>\n\t<meta property=\"og:image:height\" content=\"562\" \/>\n\t<meta property=\"og:image:type\" content=\"image\/webp\" \/>\n<meta name=\"author\" content=\"admin\" \/>\n<meta name=\"twitter:card\" content=\"summary_large_image\" \/>\n<meta name=\"twitter:label1\" content=\"Escrito por\" \/>\n\t<meta name=\"twitter:data1\" content=\"admin\" \/>\n\t<meta name=\"twitter:label2\" content=\"Tiempo de lectura\" \/>\n\t<meta name=\"twitter:data2\" content=\"3 minutos\" \/>\n<script type=\"application\/ld+json\" class=\"yoast-schema-graph\">{\"@context\":\"https:\/\/schema.org\",\"@graph\":[{\"@type\":\"Article\",\"@id\":\"https:\/\/waracomunicaciones.com\/?p=518#article\",\"isPartOf\":{\"@id\":\"https:\/\/waracomunicaciones.com\/?p=518\"},\"author\":{\"name\":\"admin\",\"@id\":\"https:\/\/waracomunicaciones.com\/#\/schema\/person\/e9db934bc91575cc71fe584c5973244a\"},\"headline\":\"Foro Debate en la C-57: Solo Tres de Seis Candidatos Asisten y Exponen sus Propuestas Econ\u00f3micas\",\"datePublished\":\"2025-08-14T05:08:28+00:00\",\"dateModified\":\"2025-08-14T05:50:09+00:00\",\"mainEntityOfPage\":{\"@id\":\"https:\/\/waracomunicaciones.com\/?p=518\"},\"wordCount\":557,\"commentCount\":0,\"publisher\":{\"@id\":\"https:\/\/waracomunicaciones.com\/#organization\"},\"image\":{\"@id\":\"https:\/\/waracomunicaciones.com\/?p=518#primaryimage\"},\"thumbnailUrl\":\"https:\/\/waracomunicaciones.com\/wp-content\/uploads\/2025\/08\/JAIMEU.webp\",\"keywords\":[\"C-57\",\"Debate\",\"Elecciones Nacionales 2025\",\"Foro Debate\",\"Jaime Uscamayta\",\"Maico Moreno Vaca\"],\"articleSection\":[\"Pol\u00edtica\"],\"inLanguage\":\"es\",\"potentialAction\":[{\"@type\":\"CommentAction\",\"name\":\"Comment\",\"target\":[\"https:\/\/waracomunicaciones.com\/?p=518#respond\"]}]},{\"@type\":\"WebPage\",\"@id\":\"https:\/\/waracomunicaciones.com\/?p=518\",\"url\":\"https:\/\/waracomunicaciones.com\/?p=518\",\"name\":\"Foro Debate en la C-57: Solo Tres de Seis Candidatos Asisten y Exponen sus Propuestas Econ\u00f3micas - Wara Comunicaciones\",\"isPartOf\":{\"@id\":\"https:\/\/waracomunicaciones.com\/#website\"},\"primaryImageOfPage\":{\"@id\":\"https:\/\/waracomunicaciones.com\/?p=518#primaryimage\"},\"image\":{\"@id\":\"https:\/\/waracomunicaciones.com\/?p=518#primaryimage\"},\"thumbnailUrl\":\"https:\/\/waracomunicaciones.com\/wp-content\/uploads\/2025\/08\/JAIMEU.webp\",\"datePublished\":\"2025-08-14T05:08:28+00:00\",\"dateModified\":\"2025-08-14T05:50:09+00:00\",\"breadcrumb\":{\"@id\":\"https:\/\/waracomunicaciones.com\/?p=518#breadcrumb\"},\"inLanguage\":\"es\",\"potentialAction\":[{\"@type\":\"ReadAction\",\"target\":[\"https:\/\/waracomunicaciones.com\/?p=518\"]}]},{\"@type\":\"ImageObject\",\"inLanguage\":\"es\",\"@id\":\"https:\/\/waracomunicaciones.com\/?p=518#primaryimage\",\"url\":\"https:\/\/waracomunicaciones.com\/wp-content\/uploads\/2025\/08\/JAIMEU.webp\",\"contentUrl\":\"https:\/\/waracomunicaciones.com\/wp-content\/uploads\/2025\/08\/JAIMEU.webp\",\"width\":1000,\"height\":562},{\"@type\":\"BreadcrumbList\",\"@id\":\"https:\/\/waracomunicaciones.com\/?p=518#breadcrumb\",\"itemListElement\":[{\"@type\":\"ListItem\",\"position\":1,\"name\":\"Portada\",\"item\":\"https:\/\/waracomunicaciones.com\/\"},{\"@type\":\"ListItem\",\"position\":2,\"name\":\"Foro Debate en la C-57: Solo Tres de Seis Candidatos Asisten y Exponen sus Propuestas Econ\u00f3micas\"}]},{\"@type\":\"WebSite\",\"@id\":\"https:\/\/waracomunicaciones.com\/#website\",\"url\":\"https:\/\/waracomunicaciones.com\/\",\"name\":\"Wara Comunicaciones\",\"description\":\"\",\"publisher\":{\"@id\":\"https:\/\/waracomunicaciones.com\/#organization\"},\"potentialAction\":[{\"@type\":\"SearchAction\",\"target\":{\"@type\":\"EntryPoint\",\"urlTemplate\":\"https:\/\/waracomunicaciones.com\/?s={search_term_string}\"},\"query-input\":{\"@type\":\"PropertyValueSpecification\",\"valueRequired\":true,\"valueName\":\"search_term_string\"}}],\"inLanguage\":\"es\"},{\"@type\":\"Organization\",\"@id\":\"https:\/\/waracomunicaciones.com\/#organization\",\"name\":\"Wara Comunicaciones\",\"url\":\"https:\/\/waracomunicaciones.com\/\",\"logo\":{\"@type\":\"ImageObject\",\"inLanguage\":\"es\",\"@id\":\"https:\/\/waracomunicaciones.com\/#\/schema\/logo\/image\/\",\"url\":\"https:\/\/waracomunicaciones.com\/wp-content\/uploads\/2025\/07\/logo.png\",\"contentUrl\":\"https:\/\/waracomunicaciones.com\/wp-content\/uploads\/2025\/07\/logo.png\",\"width\":400,\"height\":164,\"caption\":\"Wara Comunicaciones\"},\"image\":{\"@id\":\"https:\/\/waracomunicaciones.com\/#\/schema\/logo\/image\/\"},\"sameAs\":[\"https:\/\/www.facebook.com\/waracomunicaciones2017\"]},{\"@type\":\"Person\",\"@id\":\"https:\/\/waracomunicaciones.com\/#\/schema\/person\/e9db934bc91575cc71fe584c5973244a\",\"name\":\"admin\",\"image\":{\"@type\":\"ImageObject\",\"inLanguage\":\"es\",\"@id\":\"https:\/\/waracomunicaciones.com\/#\/schema\/person\/image\/\",\"url\":\"https:\/\/secure.gravatar.com\/avatar\/bf27e9186df568254093afa216f887fece17605302c6ff12f3980422fffa52e6?s=96&d=mm&r=g\",\"contentUrl\":\"https:\/\/secure.gravatar.com\/avatar\/bf27e9186df568254093afa216f887fece17605302c6ff12f3980422fffa52e6?s=96&d=mm&r=g\",\"caption\":\"admin\"},\"sameAs\":[\"https:\/\/waracomunicaciones.com\/wp\"],\"url\":\"https:\/\/waracomunicaciones.com\/?author=1\"}]}<\/script>\n<!-- \/ Yoast SEO Premium plugin. -->","yoast_head_json":{"title":"Foro Debate en la C-57: Solo Tres de Seis Candidatos Asisten y Exponen sus Propuestas Econ\u00f3micas - Wara Comunicaciones","robots":{"index":"index","follow":"follow","max-snippet":"max-snippet:-1","max-image-preview":"max-image-preview:large","max-video-preview":"max-video-preview:-1"},"canonical":"https:\/\/waracomunicaciones.com\/?p=518","og_locale":"es_ES","og_type":"article","og_title":"Foro Debate en la C-57: Solo Tres de Seis Candidatos Asisten y Exponen sus Propuestas Econ\u00f3micas","og_description":"Montero, \u00a0\u2014 En un ambiente de di\u00e1logo pol\u00edtico con baja participaci\u00f3n, solo tres de los seis candidatos a diputados por la Circunscripci\u00f3n 57 asistieron al foro debate organizado por la carrera de ingenier\u00eda Agr\u00edcola de la Facultad Integral del Norte &#8211; FINOR. Entre los asistentes estuvieron Maico Moreno (Alianza Libre), Fabiola Alba (Alianza Fuerzo del [&hellip;]","og_url":"https:\/\/waracomunicaciones.com\/?p=518","og_site_name":"Wara Comunicaciones","article_publisher":"https:\/\/www.facebook.com\/waracomunicaciones2017","article_published_time":"2025-08-14T05:08:28+00:00","article_modified_time":"2025-08-14T05:50:09+00:00","og_image":[{"width":1000,"height":562,"url":"https:\/\/waracomunicaciones.com\/wp-content\/uploads\/2025\/08\/JAIMEU.webp","type":"image\/webp"}],"author":"admin","twitter_card":"summary_large_image","twitter_misc":{"Escrito por":"admin","Tiempo de lectura":"3 minutos"},"schema":{"@context":"https:\/\/schema.org","@graph":[{"@type":"Article","@id":"https:\/\/waracomunicaciones.com\/?p=518#article","isPartOf":{"@id":"https:\/\/waracomunicaciones.com\/?p=518"},"author":{"name":"admin","@id":"https:\/\/waracomunicaciones.com\/#\/schema\/person\/e9db934bc91575cc71fe584c5973244a"},"headline":"Foro Debate en la C-57: Solo Tres de Seis Candidatos Asisten y Exponen sus Propuestas Econ\u00f3micas","datePublished":"2025-08-14T05:08:28+00:00","dateModified":"2025-08-14T05:50:09+00:00","mainEntityOfPage":{"@id":"https:\/\/waracomunicaciones.com\/?p=518"},"wordCount":557,"commentCount":0,"publisher":{"@id":"https:\/\/waracomunicaciones.com\/#organization"},"image":{"@id":"https:\/\/waracomunicaciones.com\/?p=518#primaryimage"},"thumbnailUrl":"https:\/\/waracomunicaciones.com\/wp-content\/uploads\/2025\/08\/JAIMEU.webp","keywords":["C-57","Debate","Elecciones Nacionales 2025","Foro Debate","Jaime Uscamayta","Maico Moreno Vaca"],"articleSection":["Pol\u00edtica"],"inLanguage":"es","potentialAction":[{"@type":"CommentAction","name":"Comment","target":["https:\/\/waracomunicaciones.com\/?p=518#respond"]}]},{"@type":"WebPage","@id":"https:\/\/waracomunicaciones.com\/?p=518","url":"https:\/\/waracomunicaciones.com\/?p=518","name":"Foro Debate en la C-57: Solo Tres de Seis Candidatos Asisten y Exponen sus Propuestas Econ\u00f3micas - Wara Comunicaciones","isPartOf":{"@id":"https:\/\/waracomunicaciones.com\/#website"},"primaryImageOfPage":{"@id":"https:\/\/waracomunicaciones.com\/?p=518#primaryimage"},"image":{"@id":"https:\/\/waracomunicaciones.com\/?p=518#primaryimage"},"thumbnailUrl":"https:\/\/waracomunicaciones.com\/wp-content\/uploads\/2025\/08\/JAIMEU.webp","datePublished":"2025-08-14T05:08:28+00:00","dateModified":"2025-08-14T05:50:09+00:00","breadcrumb":{"@id":"https:\/\/waracomunicaciones.com\/?p=518#breadcrumb"},"inLanguage":"es","potentialAction":[{"@type":"ReadAction","target":["https:\/\/waracomunicaciones.com\/?p=518"]}]},{"@type":"ImageObject","inLanguage":"es","@id":"https:\/\/waracomunicaciones.com\/?p=518#primaryimage","url":"https:\/\/waracomunicaciones.com\/wp-content\/uploads\/2025\/08\/JAIMEU.webp","contentUrl":"https:\/\/waracomunicaciones.com\/wp-content\/uploads\/2025\/08\/JAIMEU.webp","width":1000,"height":562},{"@type":"BreadcrumbList","@id":"https:\/\/waracomunicaciones.com\/?p=518#breadcrumb","itemListElement":[{"@type":"ListItem","position":1,"name":"Portada","item":"https:\/\/waracomunicaciones.com\/"},{"@type":"ListItem","position":2,"name":"Foro Debate en la C-57: Solo Tres de Seis Candidatos Asisten y Exponen sus Propuestas Econ\u00f3micas"}]},{"@type":"WebSite","@id":"https:\/\/waracomunicaciones.com\/#website","url":"https:\/\/waracomunicaciones.com\/","name":"Wara Comunicaciones","description":"","publisher":{"@id":"https:\/\/waracomunicaciones.com\/#organization"},"potentialAction":[{"@type":"SearchAction","target":{"@type":"EntryPoint","urlTemplate":"https:\/\/waracomunicaciones.com\/?s={search_term_string}"},"query-input":{"@type":"PropertyValueSpecification","valueRequired":true,"valueName":"search_term_string"}}],"inLanguage":"es"},{"@type":"Organization","@id":"https:\/\/waracomunicaciones.com\/#organization","name":"Wara Comunicaciones","url":"https:\/\/waracomunicaciones.com\/","logo":{"@type":"ImageObject","inLanguage":"es","@id":"https:\/\/waracomunicaciones.com\/#\/schema\/logo\/image\/","url":"https:\/\/waracomunicaciones.com\/wp-content\/uploads\/2025\/07\/logo.png","contentUrl":"https:\/\/waracomunicaciones.com\/wp-content\/uploads\/2025\/07\/logo.png","width":400,"height":164,"caption":"Wara Comunicaciones"},"image":{"@id":"https:\/\/waracomunicaciones.com\/#\/schema\/logo\/image\/"},"sameAs":["https:\/\/www.facebook.com\/waracomunicaciones2017"]},{"@type":"Person","@id":"https:\/\/waracomunicaciones.com\/#\/schema\/person\/e9db934bc91575cc71fe584c5973244a","name":"admin","image":{"@type":"ImageObject","inLanguage":"es","@id":"https:\/\/waracomunicaciones.com\/#\/schema\/person\/image\/","url":"https:\/\/secure.gravatar.com\/avatar\/bf27e9186df568254093afa216f887fece17605302c6ff12f3980422fffa52e6?s=96&d=mm&r=g","contentUrl":"https:\/\/secure.gravatar.com\/avatar\/bf27e9186df568254093afa216f887fece17605302c6ff12f3980422fffa52e6?s=96&d=mm&r=g","caption":"admin"},"sameAs":["https:\/\/waracomunicaciones.com\/wp"],"url":"https:\/\/waracomunicaciones.com\/?author=1"}]}},"_links":{"self":[{"href":"https:\/\/waracomunicaciones.com\/index.php?rest_route=\/wp\/v2\/posts\/518","targetHints":{"allow":["GET"]}}],"collection":[{"href":"https:\/\/waracomunicaciones.com\/index.php?rest_route=\/wp\/v2\/posts"}],"about":[{"href":"https:\/\/waracomunicaciones.com\/index.php?rest_route=\/wp\/v2\/types\/post"}],"author":[{"embeddable":true,"href":"https:\/\/waracomunicaciones.com\/index.php?rest_route=\/wp\/v2\/users\/1"}],"replies":[{"embeddable":true,"href":"https:\/\/waracomunicaciones.com\/index.php?rest_route=%2Fwp%2Fv2%2Fcomments&post=518"}],"version-history":[{"count":1,"href":"https:\/\/waracomunicaciones.com\/index.php?rest_route=\/wp\/v2\/posts\/518\/revisions"}],"predecessor-version":[{"id":520,"href":"https:\/\/waracomunicaciones.com\/index.php?rest_route=\/wp\/v2\/posts\/518\/revisions\/520"}],"wp:featuredmedia":[{"embeddable":true,"href":"https:\/\/waracomunicaciones.com\/index.php?rest_route=\/wp\/v2\/media\/519"}],"wp:attachment":[{"href":"https:\/\/waracomunicaciones.com\/index.php?rest_route=%2Fwp%2Fv2%2Fmedia&parent=518"}],"wp:term":[{"taxonomy":"category","embeddable":true,"href":"https:\/\/waracomunicaciones.com\/index.php?rest_route=%2Fwp%2Fv2%2Fcategories&post=518"},{"taxonomy":"post_tag","embeddable":true,"href":"https:\/\/waracomunicaciones.com\/index.php?rest_route=%2Fwp%2Fv2%2Ftags&post=518"}],"curies":[{"name":"wp","href":"https:\/\/api.w.org\/{rel}","templated":true}]}}