{"id":514,"date":"2025-08-14T00:58:57","date_gmt":"2025-08-14T04:58:57","guid":{"rendered":"https:\/\/waracomunicaciones.com\/?p=514"},"modified":"2025-08-14T01:00:19","modified_gmt":"2025-08-14T05:00:19","slug":"cosmol-rl-mejora-servicios-y-fortalece-su-gestion-comercial-a-un-ano-y-ocho-meses-de-nueva-administracion","status":"publish","type":"post","link":"https:\/\/waracomunicaciones.com\/?p=514","title":{"rendered":"Cosmol RL mejora servicios y fortalece su gesti\u00f3n comercial a un a\u00f1o y ocho meses de nueva administraci\u00f3n"},"content":{"rendered":"\n<figure class=\"wp-block-image size-full\"><img loading=\"lazy\" decoding=\"async\" width=\"1000\" height=\"667\" src=\"https:\/\/waracomunicaciones.com\/wp-content\/uploads\/2025\/08\/COSMOL2-1.webp\" alt=\"\" class=\"wp-image-515\" srcset=\"https:\/\/waracomunicaciones.com\/wp-content\/uploads\/2025\/08\/COSMOL2-1.webp 1000w, https:\/\/waracomunicaciones.com\/wp-content\/uploads\/2025\/08\/COSMOL2-1-300x200.webp 300w, https:\/\/waracomunicaciones.com\/wp-content\/uploads\/2025\/08\/COSMOL2-1-768x512.webp 768w\" sizes=\"auto, (max-width: 1000px) 100vw, 1000px\" \/><\/figure>\n\n\n<p><strong><b>Montero, <\/b><\/strong>\u2014 La Cooperativa de Servicios P\u00fablicos Cosmol RL, a trav\u00e9s de su Gerencia Comercial, present\u00f3 un informe alentador sobre los avances operativos y tecnol\u00f3gicos logrados en el \u00faltimo a\u00f1o y ocho meses de gesti\u00f3n. <!--more-->Alejandro Salazar, gerente comercial de la instituci\u00f3n, destac\u00f3 las acciones emprendidas para mejorar la atenci\u00f3n al usuario, ampliar la cobertura de servicios y facilitar los procesos de pago a los socios, en una entrevista con el periodista Tom\u00e1s Coca.<\/p>\n<p>Salazar asegur\u00f3 que el trabajo no se detuvo:<\/p>\n<p>\u201cHemos estado trabajando silenciosamente, pero con resultados visibles. Hoy visitamos barrio por barrio, promoviendo el servicio de limpieza de c\u00e1maras s\u00e9pticas a un costo de 180 bolivianos por metro c\u00fabico, que puede pagarse en tres cuotas mensuales en la factura, lo que representa una gran ventaja para el usuario y un compromiso con el medio ambiente\u201d, explic\u00f3.<\/p>\n<p><strong><b>Innovaci\u00f3n tecnol\u00f3gica y canales de pago<\/b><\/strong><\/p>\n<p>Entre los avances m\u00e1s destacados, Salazar subray\u00f3 la implementaci\u00f3n de <strong><b>dos plataformas virtuales<\/b><\/strong>\u00a0para el pago de servicios:<\/p>\n<ul>\n<li><b><\/b><strong><b>Multipago<\/b><\/strong>, con versi\u00f3n m\u00f3vil y web.<\/li>\n<li><b><\/b><strong><b>Pago al Paso 24\/7<\/b><\/strong>, una herramienta v\u00eda <strong><b>WhatsApp <\/b><\/strong>que permite a los usuarios pagar sin salir de casa.<\/li>\n<\/ul>\n<p>\u201cM\u00e1s del 90% de las personas tienen WhatsApp. Esto les evita gastos de transporte y tiempo para venir hasta nuestras oficinas. Pensamos en la comodidad de la gente\u201d, afirm\u00f3 Salazar.<\/p>\n<p><strong><b>Seguridad y prevenci\u00f3n: protectores de medidores<\/b><\/strong><\/p>\n<p>Ante los constantes robos de medidores, Cosmol tambi\u00e9n ha implementado una soluci\u00f3n pr\u00e1ctica: <strong><b>protectores met\u00e1licos para medidores<\/b><\/strong>\u00a0a un precio de 137 bolivianos, tambi\u00e9n pagaderos en tres meses. Esta medida no solo protege la infraestructura, sino que tambi\u00e9n evita p\u00e9rdidas econ\u00f3micas a los usuarios, quienes son responsables de estos equipos seg\u00fan normativa vigente.<\/p>\n<p><strong><b>Salud financiera y recuperaci\u00f3n institucional<\/b><\/strong><\/p>\n<p>Consultado sobre la situaci\u00f3n financiera de la cooperativa, Salazar aclar\u00f3 que, aunque su \u00e1rea es la comercial y no la administrativa, los <strong><b>cambios en la calidad del servicio, la inversi\u00f3n y la confianza recuperada de la poblaci\u00f3n<\/b><\/strong>\u00a0son evidencia de una mejora real.<\/p>\n<p>\u201cSe est\u00e1n cumpliendo con las obligaciones arrastradas, se han hecho inversiones importantes como el nuevo pozo en el Naranjal, el recambio de ca\u00f1er\u00edas en Montero Guabir\u00e1 y nuevas ampliaciones. Adem\u00e1s, somos la \u00fanica EPSA del pa\u00eds con equipo propio de electrofusi\u00f3n, lo que reduce costos y mejora la eficiencia\u201d, subray\u00f3.<\/p>\n<p>Agreg\u00f3 que Cosmol es actualmente <strong><b>la \u00fanica cooperativa a nivel nacional que realiza el ciclo completo del tratamiento de lodos fecales<\/b><\/strong>, reutilizando los residuos como abono para proyectos de reforestaci\u00f3n en alianza con la alcald\u00eda.<\/p>\n<p>\u201cEsto ya no es solo gesti\u00f3n de residuos, es una econom\u00eda circular que devuelve a la tierra lo que le pertenece. Ya hemos comenzado la reforestaci\u00f3n con el abono producido en nuestra planta\u201d, dijo Salazar con orgullo.<\/p>\n<p><strong><b>Pr\u00f3xima Asamblea y perspectiva electoral<\/b><\/strong><\/p>\n<p>De cara a la pr\u00f3xima asamblea, Salazar asegur\u00f3 que la nueva administraci\u00f3n est\u00e1 comprometida con la <strong><b>transparencia y la entrega oportuna de memorias institucionales<\/b><\/strong>\u00a0para que los socios puedan evaluar con informaci\u00f3n clara y anticipada.<\/p>\n<p>\u201cLa percepci\u00f3n de la gente ha cambiado. Hoy la poblaci\u00f3n vuelve a confiar en Cosmol, las cooperativas hermanas nos visitan, y hemos recibido incluso delegaciones del Per\u00fa. Todo esto refleja que vamos por buen camino\u201d, finaliz\u00f3.<\/p><div style=\"margin-top: 0px; margin-bottom: 0px;\" class=\"sharethis-inline-reaction-buttons\" ><\/div>","protected":false},"excerpt":{"rendered":"<p>Montero, \u2014 La Cooperativa de Servicios P\u00fablicos Cosmol RL, a trav\u00e9s de su Gerencia Comercial, present\u00f3 un informe alentador sobre los avances operativos y tecnol\u00f3gicos logrados en el \u00faltimo a\u00f1o y ocho meses de gesti\u00f3n.<\/p>\n","protected":false},"author":1,"featured_media":515,"comment_status":"open","ping_status":"open","sticky":false,"template":"","format":"standard","meta":{"footnotes":""},"categories":[5],"tags":[147,148,146,19],"class_list":["post-514","post","type-post","status-publish","format-standard","has-post-thumbnail","hentry","category-local","tag-agua-potable","tag-alejandro-salazar","tag-cosmol","tag-montero"],"yoast_head":"<!-- This site is optimized with the Yoast SEO Premium plugin v25.5 (Yoast SEO v27.1.1) - https:\/\/yoast.com\/product\/yoast-seo-premium-wordpress\/ -->\n<title>Cosmol RL mejora servicios y fortalece su gesti\u00f3n comercial a un a\u00f1o y ocho meses de nueva administraci\u00f3n - Wara Comunicaciones<\/title>\n<meta name=\"robots\" content=\"index, follow, max-snippet:-1, max-image-preview:large, max-video-preview:-1\" \/>\n<link rel=\"canonical\" href=\"https:\/\/waracomunicaciones.com\/?p=514\" \/>\n<meta property=\"og:locale\" content=\"es_ES\" \/>\n<meta property=\"og:type\" content=\"article\" \/>\n<meta property=\"og:title\" content=\"Cosmol RL mejora servicios y fortalece su gesti\u00f3n comercial a un a\u00f1o y ocho meses de nueva administraci\u00f3n\" \/>\n<meta property=\"og:description\" content=\"Montero, \u2014 La Cooperativa de Servicios P\u00fablicos Cosmol RL, a trav\u00e9s de su Gerencia Comercial, present\u00f3 un informe alentador sobre los avances operativos y tecnol\u00f3gicos logrados en el \u00faltimo a\u00f1o y ocho meses de gesti\u00f3n.\" \/>\n<meta property=\"og:url\" content=\"https:\/\/waracomunicaciones.com\/?p=514\" \/>\n<meta property=\"og:site_name\" content=\"Wara Comunicaciones\" \/>\n<meta property=\"article:publisher\" content=\"https:\/\/www.facebook.com\/waracomunicaciones2017\" \/>\n<meta property=\"article:published_time\" content=\"2025-08-14T04:58:57+00:00\" \/>\n<meta property=\"article:modified_time\" content=\"2025-08-14T05:00:19+00:00\" \/>\n<meta property=\"og:image\" content=\"https:\/\/waracomunicaciones.com\/wp-content\/uploads\/2025\/08\/COSMOL2-1.webp\" \/>\n\t<meta property=\"og:image:width\" content=\"1000\" \/>\n\t<meta property=\"og:image:height\" content=\"667\" \/>\n\t<meta property=\"og:image:type\" content=\"image\/webp\" \/>\n<meta name=\"author\" content=\"admin\" \/>\n<meta name=\"twitter:card\" content=\"summary_large_image\" \/>\n<meta name=\"twitter:label1\" content=\"Escrito por\" \/>\n\t<meta name=\"twitter:data1\" content=\"admin\" \/>\n\t<meta name=\"twitter:label2\" content=\"Tiempo de lectura\" \/>\n\t<meta name=\"twitter:data2\" content=\"3 minutos\" \/>\n<script type=\"application\/ld+json\" class=\"yoast-schema-graph\">{\"@context\":\"https:\/\/schema.org\",\"@graph\":[{\"@type\":\"Article\",\"@id\":\"https:\/\/waracomunicaciones.com\/?p=514#article\",\"isPartOf\":{\"@id\":\"https:\/\/waracomunicaciones.com\/?p=514\"},\"author\":{\"name\":\"admin\",\"@id\":\"https:\/\/waracomunicaciones.com\/#\/schema\/person\/e9db934bc91575cc71fe584c5973244a\"},\"headline\":\"Cosmol RL mejora servicios y fortalece su gesti\u00f3n comercial a un a\u00f1o y ocho meses de nueva administraci\u00f3n\",\"datePublished\":\"2025-08-14T04:58:57+00:00\",\"dateModified\":\"2025-08-14T05:00:19+00:00\",\"mainEntityOfPage\":{\"@id\":\"https:\/\/waracomunicaciones.com\/?p=514\"},\"wordCount\":588,\"commentCount\":0,\"publisher\":{\"@id\":\"https:\/\/waracomunicaciones.com\/#organization\"},\"image\":{\"@id\":\"https:\/\/waracomunicaciones.com\/?p=514#primaryimage\"},\"thumbnailUrl\":\"https:\/\/waracomunicaciones.com\/wp-content\/uploads\/2025\/08\/COSMOL2-1.webp\",\"keywords\":[\"Agua Potable\",\"Alejandro Salazar\",\"COSMOL\",\"Montero\"],\"articleSection\":[\"LOCAL\"],\"inLanguage\":\"es\",\"potentialAction\":[{\"@type\":\"CommentAction\",\"name\":\"Comment\",\"target\":[\"https:\/\/waracomunicaciones.com\/?p=514#respond\"]}]},{\"@type\":\"WebPage\",\"@id\":\"https:\/\/waracomunicaciones.com\/?p=514\",\"url\":\"https:\/\/waracomunicaciones.com\/?p=514\",\"name\":\"Cosmol RL mejora servicios y fortalece su gesti\u00f3n comercial a un a\u00f1o y ocho meses de nueva administraci\u00f3n - Wara Comunicaciones\",\"isPartOf\":{\"@id\":\"https:\/\/waracomunicaciones.com\/#website\"},\"primaryImageOfPage\":{\"@id\":\"https:\/\/waracomunicaciones.com\/?p=514#primaryimage\"},\"image\":{\"@id\":\"https:\/\/waracomunicaciones.com\/?p=514#primaryimage\"},\"thumbnailUrl\":\"https:\/\/waracomunicaciones.com\/wp-content\/uploads\/2025\/08\/COSMOL2-1.webp\",\"datePublished\":\"2025-08-14T04:58:57+00:00\",\"dateModified\":\"2025-08-14T05:00:19+00:00\",\"breadcrumb\":{\"@id\":\"https:\/\/waracomunicaciones.com\/?p=514#breadcrumb\"},\"inLanguage\":\"es\",\"potentialAction\":[{\"@type\":\"ReadAction\",\"target\":[\"https:\/\/waracomunicaciones.com\/?p=514\"]}]},{\"@type\":\"ImageObject\",\"inLanguage\":\"es\",\"@id\":\"https:\/\/waracomunicaciones.com\/?p=514#primaryimage\",\"url\":\"https:\/\/waracomunicaciones.com\/wp-content\/uploads\/2025\/08\/COSMOL2-1.webp\",\"contentUrl\":\"https:\/\/waracomunicaciones.com\/wp-content\/uploads\/2025\/08\/COSMOL2-1.webp\",\"width\":1000,\"height\":667},{\"@type\":\"BreadcrumbList\",\"@id\":\"https:\/\/waracomunicaciones.com\/?p=514#breadcrumb\",\"itemListElement\":[{\"@type\":\"ListItem\",\"position\":1,\"name\":\"Portada\",\"item\":\"https:\/\/waracomunicaciones.com\/\"},{\"@type\":\"ListItem\",\"position\":2,\"name\":\"Cosmol RL mejora servicios y fortalece su gesti\u00f3n comercial a un a\u00f1o y ocho meses de nueva administraci\u00f3n\"}]},{\"@type\":\"WebSite\",\"@id\":\"https:\/\/waracomunicaciones.com\/#website\",\"url\":\"https:\/\/waracomunicaciones.com\/\",\"name\":\"Wara Comunicaciones\",\"description\":\"\",\"publisher\":{\"@id\":\"https:\/\/waracomunicaciones.com\/#organization\"},\"potentialAction\":[{\"@type\":\"SearchAction\",\"target\":{\"@type\":\"EntryPoint\",\"urlTemplate\":\"https:\/\/waracomunicaciones.com\/?s={search_term_string}\"},\"query-input\":{\"@type\":\"PropertyValueSpecification\",\"valueRequired\":true,\"valueName\":\"search_term_string\"}}],\"inLanguage\":\"es\"},{\"@type\":\"Organization\",\"@id\":\"https:\/\/waracomunicaciones.com\/#organization\",\"name\":\"Wara Comunicaciones\",\"url\":\"https:\/\/waracomunicaciones.com\/\",\"logo\":{\"@type\":\"ImageObject\",\"inLanguage\":\"es\",\"@id\":\"https:\/\/waracomunicaciones.com\/#\/schema\/logo\/image\/\",\"url\":\"https:\/\/waracomunicaciones.com\/wp-content\/uploads\/2025\/07\/logo.png\",\"contentUrl\":\"https:\/\/waracomunicaciones.com\/wp-content\/uploads\/2025\/07\/logo.png\",\"width\":400,\"height\":164,\"caption\":\"Wara Comunicaciones\"},\"image\":{\"@id\":\"https:\/\/waracomunicaciones.com\/#\/schema\/logo\/image\/\"},\"sameAs\":[\"https:\/\/www.facebook.com\/waracomunicaciones2017\"]},{\"@type\":\"Person\",\"@id\":\"https:\/\/waracomunicaciones.com\/#\/schema\/person\/e9db934bc91575cc71fe584c5973244a\",\"name\":\"admin\",\"image\":{\"@type\":\"ImageObject\",\"inLanguage\":\"es\",\"@id\":\"https:\/\/waracomunicaciones.com\/#\/schema\/person\/image\/\",\"url\":\"https:\/\/secure.gravatar.com\/avatar\/bf27e9186df568254093afa216f887fece17605302c6ff12f3980422fffa52e6?s=96&d=mm&r=g\",\"contentUrl\":\"https:\/\/secure.gravatar.com\/avatar\/bf27e9186df568254093afa216f887fece17605302c6ff12f3980422fffa52e6?s=96&d=mm&r=g\",\"caption\":\"admin\"},\"sameAs\":[\"https:\/\/waracomunicaciones.com\/wp\"],\"url\":\"https:\/\/waracomunicaciones.com\/?author=1\"}]}<\/script>\n<!-- \/ Yoast SEO Premium plugin. -->","yoast_head_json":{"title":"Cosmol RL mejora servicios y fortalece su gesti\u00f3n comercial a un a\u00f1o y ocho meses de nueva administraci\u00f3n - Wara Comunicaciones","robots":{"index":"index","follow":"follow","max-snippet":"max-snippet:-1","max-image-preview":"max-image-preview:large","max-video-preview":"max-video-preview:-1"},"canonical":"https:\/\/waracomunicaciones.com\/?p=514","og_locale":"es_ES","og_type":"article","og_title":"Cosmol RL mejora servicios y fortalece su gesti\u00f3n comercial a un a\u00f1o y ocho meses de nueva administraci\u00f3n","og_description":"Montero, \u2014 La Cooperativa de Servicios P\u00fablicos Cosmol RL, a trav\u00e9s de su Gerencia Comercial, present\u00f3 un informe alentador sobre los avances operativos y tecnol\u00f3gicos logrados en el \u00faltimo a\u00f1o y ocho meses de gesti\u00f3n.","og_url":"https:\/\/waracomunicaciones.com\/?p=514","og_site_name":"Wara Comunicaciones","article_publisher":"https:\/\/www.facebook.com\/waracomunicaciones2017","article_published_time":"2025-08-14T04:58:57+00:00","article_modified_time":"2025-08-14T05:00:19+00:00","og_image":[{"width":1000,"height":667,"url":"https:\/\/waracomunicaciones.com\/wp-content\/uploads\/2025\/08\/COSMOL2-1.webp","type":"image\/webp"}],"author":"admin","twitter_card":"summary_large_image","twitter_misc":{"Escrito por":"admin","Tiempo de lectura":"3 minutos"},"schema":{"@context":"https:\/\/schema.org","@graph":[{"@type":"Article","@id":"https:\/\/waracomunicaciones.com\/?p=514#article","isPartOf":{"@id":"https:\/\/waracomunicaciones.com\/?p=514"},"author":{"name":"admin","@id":"https:\/\/waracomunicaciones.com\/#\/schema\/person\/e9db934bc91575cc71fe584c5973244a"},"headline":"Cosmol RL mejora servicios y fortalece su gesti\u00f3n comercial a un a\u00f1o y ocho meses de nueva administraci\u00f3n","datePublished":"2025-08-14T04:58:57+00:00","dateModified":"2025-08-14T05:00:19+00:00","mainEntityOfPage":{"@id":"https:\/\/waracomunicaciones.com\/?p=514"},"wordCount":588,"commentCount":0,"publisher":{"@id":"https:\/\/waracomunicaciones.com\/#organization"},"image":{"@id":"https:\/\/waracomunicaciones.com\/?p=514#primaryimage"},"thumbnailUrl":"https:\/\/waracomunicaciones.com\/wp-content\/uploads\/2025\/08\/COSMOL2-1.webp","keywords":["Agua Potable","Alejandro Salazar","COSMOL","Montero"],"articleSection":["LOCAL"],"inLanguage":"es","potentialAction":[{"@type":"CommentAction","name":"Comment","target":["https:\/\/waracomunicaciones.com\/?p=514#respond"]}]},{"@type":"WebPage","@id":"https:\/\/waracomunicaciones.com\/?p=514","url":"https:\/\/waracomunicaciones.com\/?p=514","name":"Cosmol RL mejora servicios y fortalece su gesti\u00f3n comercial a un a\u00f1o y ocho meses de nueva administraci\u00f3n - Wara Comunicaciones","isPartOf":{"@id":"https:\/\/waracomunicaciones.com\/#website"},"primaryImageOfPage":{"@id":"https:\/\/waracomunicaciones.com\/?p=514#primaryimage"},"image":{"@id":"https:\/\/waracomunicaciones.com\/?p=514#primaryimage"},"thumbnailUrl":"https:\/\/waracomunicaciones.com\/wp-content\/uploads\/2025\/08\/COSMOL2-1.webp","datePublished":"2025-08-14T04:58:57+00:00","dateModified":"2025-08-14T05:00:19+00:00","breadcrumb":{"@id":"https:\/\/waracomunicaciones.com\/?p=514#breadcrumb"},"inLanguage":"es","potentialAction":[{"@type":"ReadAction","target":["https:\/\/waracomunicaciones.com\/?p=514"]}]},{"@type":"ImageObject","inLanguage":"es","@id":"https:\/\/waracomunicaciones.com\/?p=514#primaryimage","url":"https:\/\/waracomunicaciones.com\/wp-content\/uploads\/2025\/08\/COSMOL2-1.webp","contentUrl":"https:\/\/waracomunicaciones.com\/wp-content\/uploads\/2025\/08\/COSMOL2-1.webp","width":1000,"height":667},{"@type":"BreadcrumbList","@id":"https:\/\/waracomunicaciones.com\/?p=514#breadcrumb","itemListElement":[{"@type":"ListItem","position":1,"name":"Portada","item":"https:\/\/waracomunicaciones.com\/"},{"@type":"ListItem","position":2,"name":"Cosmol RL mejora servicios y fortalece su gesti\u00f3n comercial a un a\u00f1o y ocho meses de nueva administraci\u00f3n"}]},{"@type":"WebSite","@id":"https:\/\/waracomunicaciones.com\/#website","url":"https:\/\/waracomunicaciones.com\/","name":"Wara Comunicaciones","description":"","publisher":{"@id":"https:\/\/waracomunicaciones.com\/#organization"},"potentialAction":[{"@type":"SearchAction","target":{"@type":"EntryPoint","urlTemplate":"https:\/\/waracomunicaciones.com\/?s={search_term_string}"},"query-input":{"@type":"PropertyValueSpecification","valueRequired":true,"valueName":"search_term_string"}}],"inLanguage":"es"},{"@type":"Organization","@id":"https:\/\/waracomunicaciones.com\/#organization","name":"Wara Comunicaciones","url":"https:\/\/waracomunicaciones.com\/","logo":{"@type":"ImageObject","inLanguage":"es","@id":"https:\/\/waracomunicaciones.com\/#\/schema\/logo\/image\/","url":"https:\/\/waracomunicaciones.com\/wp-content\/uploads\/2025\/07\/logo.png","contentUrl":"https:\/\/waracomunicaciones.com\/wp-content\/uploads\/2025\/07\/logo.png","width":400,"height":164,"caption":"Wara Comunicaciones"},"image":{"@id":"https:\/\/waracomunicaciones.com\/#\/schema\/logo\/image\/"},"sameAs":["https:\/\/www.facebook.com\/waracomunicaciones2017"]},{"@type":"Person","@id":"https:\/\/waracomunicaciones.com\/#\/schema\/person\/e9db934bc91575cc71fe584c5973244a","name":"admin","image":{"@type":"ImageObject","inLanguage":"es","@id":"https:\/\/waracomunicaciones.com\/#\/schema\/person\/image\/","url":"https:\/\/secure.gravatar.com\/avatar\/bf27e9186df568254093afa216f887fece17605302c6ff12f3980422fffa52e6?s=96&d=mm&r=g","contentUrl":"https:\/\/secure.gravatar.com\/avatar\/bf27e9186df568254093afa216f887fece17605302c6ff12f3980422fffa52e6?s=96&d=mm&r=g","caption":"admin"},"sameAs":["https:\/\/waracomunicaciones.com\/wp"],"url":"https:\/\/waracomunicaciones.com\/?author=1"}]}},"_links":{"self":[{"href":"https:\/\/waracomunicaciones.com\/index.php?rest_route=\/wp\/v2\/posts\/514","targetHints":{"allow":["GET"]}}],"collection":[{"href":"https:\/\/waracomunicaciones.com\/index.php?rest_route=\/wp\/v2\/posts"}],"about":[{"href":"https:\/\/waracomunicaciones.com\/index.php?rest_route=\/wp\/v2\/types\/post"}],"author":[{"embeddable":true,"href":"https:\/\/waracomunicaciones.com\/index.php?rest_route=\/wp\/v2\/users\/1"}],"replies":[{"embeddable":true,"href":"https:\/\/waracomunicaciones.com\/index.php?rest_route=%2Fwp%2Fv2%2Fcomments&post=514"}],"version-history":[{"count":2,"href":"https:\/\/waracomunicaciones.com\/index.php?rest_route=\/wp\/v2\/posts\/514\/revisions"}],"predecessor-version":[{"id":517,"href":"https:\/\/waracomunicaciones.com\/index.php?rest_route=\/wp\/v2\/posts\/514\/revisions\/517"}],"wp:featuredmedia":[{"embeddable":true,"href":"https:\/\/waracomunicaciones.com\/index.php?rest_route=\/wp\/v2\/media\/515"}],"wp:attachment":[{"href":"https:\/\/waracomunicaciones.com\/index.php?rest_route=%2Fwp%2Fv2%2Fmedia&parent=514"}],"wp:term":[{"taxonomy":"category","embeddable":true,"href":"https:\/\/waracomunicaciones.com\/index.php?rest_route=%2Fwp%2Fv2%2Fcategories&post=514"},{"taxonomy":"post_tag","embeddable":true,"href":"https:\/\/waracomunicaciones.com\/index.php?rest_route=%2Fwp%2Fv2%2Ftags&post=514"}],"curies":[{"name":"wp","href":"https:\/\/api.w.org\/{rel}","templated":true}]}}