{"id":511,"date":"2025-08-14T00:43:50","date_gmt":"2025-08-14T04:43:50","guid":{"rendered":"https:\/\/waracomunicaciones.com\/?p=511"},"modified":"2025-08-14T01:14:44","modified_gmt":"2025-08-14T05:14:44","slug":"foro-de-la-carrera-de-ingenieria-agricola-refleja-desinteres-de-candidatos-solo-3-de-6-postulantes-a-diputado-por-la-c-57-se-presentaron","status":"publish","type":"post","link":"https:\/\/waracomunicaciones.com\/?p=511","title":{"rendered":"Foro de la Carrera de Ingenier\u00eda Agr\u00edcola refleja desinter\u00e9s de candidatos: solo 3 de 6 postulantes a diputado por la C-57 se presentaron"},"content":{"rendered":"\n<figure class=\"wp-block-image size-full\"><img loading=\"lazy\" decoding=\"async\" width=\"1000\" height=\"750\" src=\"https:\/\/waracomunicaciones.com\/wp-content\/uploads\/2025\/08\/foro.webp\" alt=\"\" class=\"wp-image-512\" srcset=\"https:\/\/waracomunicaciones.com\/wp-content\/uploads\/2025\/08\/foro.webp 1000w, https:\/\/waracomunicaciones.com\/wp-content\/uploads\/2025\/08\/foro-300x225.webp 300w, https:\/\/waracomunicaciones.com\/wp-content\/uploads\/2025\/08\/foro-768x576.webp 768w\" sizes=\"auto, (max-width: 1000px) 100vw, 1000px\" \/><figcaption class=\"wp-element-caption\"><em>Miaco Moreno (Alianza Libre), Jaime Uscamayta (APBE S\u00famate) y Fabiola Alba Su\u00e1rez (Alianza Fuerza Pueblo) &#8211; Foto Facebook<\/em><\/figcaption><\/figure>\n\n\n<p><strong><b>Montero, <\/b><\/strong>\u00a0\u2014 Un foro de debate organizado por la Carrera de Ingenier\u00eda Agr\u00edcola de la Universidad del Norte, bajo la direcci\u00f3n de la ingeniera Ana Isabel Ortiz, evidenci\u00f3 nuevamente el bajo compromiso de algunos candidatos con la ciudadan\u00eda. De los seis postulantes convocados a debatir ideas y propuestas para la Circunscripci\u00f3n 57, solo tres hicieron acto de presencia, pese a haber confirmado su participaci\u00f3n previamente.<!--more--><\/p>\n<p>La ingeniera Ortiz expres\u00f3 su decepci\u00f3n ante el incumplimiento: \u201cSe llam\u00f3 uno por uno a los seis candidatos, todos confirmaron. Sin embargo, lamentablemente, solo asistieron tres. Es una falta de respeto a los estudiantes, al sector mototaxi, a los medios y, sobre todo, a la poblaci\u00f3n del norte integrado que espera propuestas claras\u201d, afirm\u00f3.<\/p>\n<p>Entre los candidatos ausentes se encontraba Vilma Guti\u00e9rrez (Alianza Popular), se\u00f1alada por varios sectores como una representante de renovaci\u00f3n en la pol\u00edtica nacional. \u201cEs lamentable que no haya participado. No respetar estos espacios es burlarse del pueblo\u201d, expres\u00f3 un comentarista radial durante la cobertura del evento.<\/p>\n<p>El foro fue transmitido por radio y seguido por oyentes de Montero, Yapacan\u00ed, Portachuelo y otros municipios del norte cruce\u00f1o. Para muchos ciudadanos, estas instancias son vitales en medio de una creciente incertidumbre electoral. La crisis econ\u00f3mica, la escasez de combustible y el aumento del d\u00f3lar fueron algunos de los temas m\u00e1s mencionados por los asistentes, que reclaman propuestas concretas y factibles.<\/p>\n<p>En una reflexi\u00f3n paralela, el exdiputado y analista pol\u00edtico <strong><b>Edwin Tupa<\/b><\/strong>\u00a0expres\u00f3 su frustraci\u00f3n por la falta de renovaci\u00f3n real en el escenario pol\u00edtico:<\/p>\n<p>\u201cEstamos viendo las mismas caras de hace 20 a\u00f1os: Tuto, Samuel, Manfred, Evo. La gente est\u00e1 cansada. Los nuevos, como Rodrigo Paz o Lara, no logran consolidarse del todo, y del lado del MAS tampoco hay renovaci\u00f3n estructural\u201d, se\u00f1al\u00f3.<\/p>\n<p>Tupa tambi\u00e9n expres\u00f3 que a\u00fan no ha decidido su voto:<\/p>\n<p>\u201cMuchos votar\u00e1n por pasi\u00f3n ideol\u00f3gica, pero otros est\u00e1n buscando a alguien que realmente proponga soluciones a los problemas del d\u00f3lar, del combustible. Nadie nos convence. Yo mismo no s\u00e9 por qui\u00e9n votar\u201d, confes\u00f3.<\/p>\n<p>Consultado sobre su posible retorno a la pol\u00edtica, Edwin Tupa no descart\u00f3 su participaci\u00f3n en las pr\u00f3ximas elecciones subnacionales, previstas para marzo de 2026.<\/p>\n<p>\u201cTenemos una agrupaci\u00f3n local organizada. No s\u00e9 si yo ser\u00e9 candidato, pero como colectivo seremos protagonistas. Montero necesita gesti\u00f3n seria, no m\u00e1s parches\u201d, afirm\u00f3.<\/p>\n<p>En medio de esta incertidumbre, la ciudadan\u00eda sigue observando con atenci\u00f3n y escepticismo a los candidatos que no dan la cara. Como apunt\u00f3 un universitario presente en el foro:<\/p>\n<p>\u201cNo vinieron porque no tienen respuestas. Pero este domingo, la gente decidir\u00e1 qui\u00e9n se gana su confianza\u201d.<\/p><div style=\"margin-top: 0px; margin-bottom: 0px;\" class=\"sharethis-inline-reaction-buttons\" ><\/div>","protected":false},"excerpt":{"rendered":"<p>Montero, \u00a0\u2014 Un foro de debate organizado por la Carrera de Ingenier\u00eda Agr\u00edcola de la Universidad del Norte, bajo la direcci\u00f3n de la ingeniera Ana Isabel Ortiz, evidenci\u00f3 nuevamente el bajo compromiso de algunos candidatos con la ciudadan\u00eda. De los seis postulantes convocados a debatir ideas y propuestas para la Circunscripci\u00f3n 57, solo tres hicieron [&hellip;]<\/p>\n","protected":false},"author":1,"featured_media":512,"comment_status":"open","ping_status":"open","sticky":false,"template":"","format":"standard","meta":{"footnotes":""},"categories":[42],"tags":[57,143,11,142,10,28],"class_list":["post-511","post","type-post","status-publish","format-standard","has-post-thumbnail","hentry","category-politica","tag-c-57","tag-debate","tag-elecciones-nacionales-2025","tag-foro-debate","tag-jaime-uscamayta","tag-maico-moreno-vaca"],"yoast_head":"<!-- This site is optimized with the Yoast SEO Premium plugin v25.5 (Yoast SEO v27.1.1) - https:\/\/yoast.com\/product\/yoast-seo-premium-wordpress\/ -->\n<title>Foro de la Carrera de Ingenier\u00eda Agr\u00edcola refleja desinter\u00e9s de candidatos: solo 3 de 6 postulantes a diputado por la C-57 se presentaron - Wara Comunicaciones<\/title>\n<meta name=\"robots\" content=\"index, follow, max-snippet:-1, max-image-preview:large, max-video-preview:-1\" \/>\n<link rel=\"canonical\" href=\"https:\/\/waracomunicaciones.com\/?p=511\" \/>\n<meta property=\"og:locale\" content=\"es_ES\" \/>\n<meta property=\"og:type\" content=\"article\" \/>\n<meta property=\"og:title\" content=\"Foro de la Carrera de Ingenier\u00eda Agr\u00edcola refleja desinter\u00e9s de candidatos: solo 3 de 6 postulantes a diputado por la C-57 se presentaron\" \/>\n<meta property=\"og:description\" content=\"Montero, \u00a0\u2014 Un foro de debate organizado por la Carrera de Ingenier\u00eda Agr\u00edcola de la Universidad del Norte, bajo la direcci\u00f3n de la ingeniera Ana Isabel Ortiz, evidenci\u00f3 nuevamente el bajo compromiso de algunos candidatos con la ciudadan\u00eda. De los seis postulantes convocados a debatir ideas y propuestas para la Circunscripci\u00f3n 57, solo tres hicieron [&hellip;]\" \/>\n<meta property=\"og:url\" content=\"https:\/\/waracomunicaciones.com\/?p=511\" \/>\n<meta property=\"og:site_name\" content=\"Wara Comunicaciones\" \/>\n<meta property=\"article:publisher\" content=\"https:\/\/www.facebook.com\/waracomunicaciones2017\" \/>\n<meta property=\"article:published_time\" content=\"2025-08-14T04:43:50+00:00\" \/>\n<meta property=\"article:modified_time\" content=\"2025-08-14T05:14:44+00:00\" \/>\n<meta property=\"og:image\" content=\"https:\/\/waracomunicaciones.com\/wp-content\/uploads\/2025\/08\/foro.webp\" \/>\n\t<meta property=\"og:image:width\" content=\"1000\" \/>\n\t<meta property=\"og:image:height\" content=\"750\" \/>\n\t<meta property=\"og:image:type\" content=\"image\/webp\" \/>\n<meta name=\"author\" content=\"admin\" \/>\n<meta name=\"twitter:card\" content=\"summary_large_image\" \/>\n<meta name=\"twitter:label1\" content=\"Escrito por\" \/>\n\t<meta name=\"twitter:data1\" content=\"admin\" \/>\n\t<meta name=\"twitter:label2\" content=\"Tiempo de lectura\" \/>\n\t<meta name=\"twitter:data2\" content=\"3 minutos\" \/>\n<script type=\"application\/ld+json\" class=\"yoast-schema-graph\">{\"@context\":\"https:\/\/schema.org\",\"@graph\":[{\"@type\":\"Article\",\"@id\":\"https:\/\/waracomunicaciones.com\/?p=511#article\",\"isPartOf\":{\"@id\":\"https:\/\/waracomunicaciones.com\/?p=511\"},\"author\":{\"name\":\"admin\",\"@id\":\"https:\/\/waracomunicaciones.com\/#\/schema\/person\/e9db934bc91575cc71fe584c5973244a\"},\"headline\":\"Foro de la Carrera de Ingenier\u00eda Agr\u00edcola refleja desinter\u00e9s de candidatos: solo 3 de 6 postulantes a diputado por la C-57 se presentaron\",\"datePublished\":\"2025-08-14T04:43:50+00:00\",\"dateModified\":\"2025-08-14T05:14:44+00:00\",\"mainEntityOfPage\":{\"@id\":\"https:\/\/waracomunicaciones.com\/?p=511\"},\"wordCount\":508,\"commentCount\":0,\"publisher\":{\"@id\":\"https:\/\/waracomunicaciones.com\/#organization\"},\"image\":{\"@id\":\"https:\/\/waracomunicaciones.com\/?p=511#primaryimage\"},\"thumbnailUrl\":\"https:\/\/waracomunicaciones.com\/wp-content\/uploads\/2025\/08\/foro.webp\",\"keywords\":[\"C-57\",\"Debate\",\"Elecciones Nacionales 2025\",\"Foro Debate\",\"Jaime Uscamayta\",\"Maico Moreno Vaca\"],\"articleSection\":[\"Pol\u00edtica\"],\"inLanguage\":\"es\",\"potentialAction\":[{\"@type\":\"CommentAction\",\"name\":\"Comment\",\"target\":[\"https:\/\/waracomunicaciones.com\/?p=511#respond\"]}]},{\"@type\":\"WebPage\",\"@id\":\"https:\/\/waracomunicaciones.com\/?p=511\",\"url\":\"https:\/\/waracomunicaciones.com\/?p=511\",\"name\":\"Foro de la Carrera de Ingenier\u00eda Agr\u00edcola refleja desinter\u00e9s de candidatos: solo 3 de 6 postulantes a diputado por la C-57 se presentaron - Wara Comunicaciones\",\"isPartOf\":{\"@id\":\"https:\/\/waracomunicaciones.com\/#website\"},\"primaryImageOfPage\":{\"@id\":\"https:\/\/waracomunicaciones.com\/?p=511#primaryimage\"},\"image\":{\"@id\":\"https:\/\/waracomunicaciones.com\/?p=511#primaryimage\"},\"thumbnailUrl\":\"https:\/\/waracomunicaciones.com\/wp-content\/uploads\/2025\/08\/foro.webp\",\"datePublished\":\"2025-08-14T04:43:50+00:00\",\"dateModified\":\"2025-08-14T05:14:44+00:00\",\"breadcrumb\":{\"@id\":\"https:\/\/waracomunicaciones.com\/?p=511#breadcrumb\"},\"inLanguage\":\"es\",\"potentialAction\":[{\"@type\":\"ReadAction\",\"target\":[\"https:\/\/waracomunicaciones.com\/?p=511\"]}]},{\"@type\":\"ImageObject\",\"inLanguage\":\"es\",\"@id\":\"https:\/\/waracomunicaciones.com\/?p=511#primaryimage\",\"url\":\"https:\/\/waracomunicaciones.com\/wp-content\/uploads\/2025\/08\/foro.webp\",\"contentUrl\":\"https:\/\/waracomunicaciones.com\/wp-content\/uploads\/2025\/08\/foro.webp\",\"width\":1000,\"height\":750},{\"@type\":\"BreadcrumbList\",\"@id\":\"https:\/\/waracomunicaciones.com\/?p=511#breadcrumb\",\"itemListElement\":[{\"@type\":\"ListItem\",\"position\":1,\"name\":\"Portada\",\"item\":\"https:\/\/waracomunicaciones.com\/\"},{\"@type\":\"ListItem\",\"position\":2,\"name\":\"Foro de la Carrera de Ingenier\u00eda Agr\u00edcola refleja desinter\u00e9s de candidatos: solo 3 de 6 postulantes a diputado por la C-57 se presentaron\"}]},{\"@type\":\"WebSite\",\"@id\":\"https:\/\/waracomunicaciones.com\/#website\",\"url\":\"https:\/\/waracomunicaciones.com\/\",\"name\":\"Wara Comunicaciones\",\"description\":\"\",\"publisher\":{\"@id\":\"https:\/\/waracomunicaciones.com\/#organization\"},\"potentialAction\":[{\"@type\":\"SearchAction\",\"target\":{\"@type\":\"EntryPoint\",\"urlTemplate\":\"https:\/\/waracomunicaciones.com\/?s={search_term_string}\"},\"query-input\":{\"@type\":\"PropertyValueSpecification\",\"valueRequired\":true,\"valueName\":\"search_term_string\"}}],\"inLanguage\":\"es\"},{\"@type\":\"Organization\",\"@id\":\"https:\/\/waracomunicaciones.com\/#organization\",\"name\":\"Wara Comunicaciones\",\"url\":\"https:\/\/waracomunicaciones.com\/\",\"logo\":{\"@type\":\"ImageObject\",\"inLanguage\":\"es\",\"@id\":\"https:\/\/waracomunicaciones.com\/#\/schema\/logo\/image\/\",\"url\":\"https:\/\/waracomunicaciones.com\/wp-content\/uploads\/2025\/07\/logo.png\",\"contentUrl\":\"https:\/\/waracomunicaciones.com\/wp-content\/uploads\/2025\/07\/logo.png\",\"width\":400,\"height\":164,\"caption\":\"Wara Comunicaciones\"},\"image\":{\"@id\":\"https:\/\/waracomunicaciones.com\/#\/schema\/logo\/image\/\"},\"sameAs\":[\"https:\/\/www.facebook.com\/waracomunicaciones2017\"]},{\"@type\":\"Person\",\"@id\":\"https:\/\/waracomunicaciones.com\/#\/schema\/person\/e9db934bc91575cc71fe584c5973244a\",\"name\":\"admin\",\"image\":{\"@type\":\"ImageObject\",\"inLanguage\":\"es\",\"@id\":\"https:\/\/waracomunicaciones.com\/#\/schema\/person\/image\/\",\"url\":\"https:\/\/secure.gravatar.com\/avatar\/bf27e9186df568254093afa216f887fece17605302c6ff12f3980422fffa52e6?s=96&d=mm&r=g\",\"contentUrl\":\"https:\/\/secure.gravatar.com\/avatar\/bf27e9186df568254093afa216f887fece17605302c6ff12f3980422fffa52e6?s=96&d=mm&r=g\",\"caption\":\"admin\"},\"sameAs\":[\"https:\/\/waracomunicaciones.com\/wp\"],\"url\":\"https:\/\/waracomunicaciones.com\/?author=1\"}]}<\/script>\n<!-- \/ Yoast SEO Premium plugin. -->","yoast_head_json":{"title":"Foro de la Carrera de Ingenier\u00eda Agr\u00edcola refleja desinter\u00e9s de candidatos: solo 3 de 6 postulantes a diputado por la C-57 se presentaron - Wara Comunicaciones","robots":{"index":"index","follow":"follow","max-snippet":"max-snippet:-1","max-image-preview":"max-image-preview:large","max-video-preview":"max-video-preview:-1"},"canonical":"https:\/\/waracomunicaciones.com\/?p=511","og_locale":"es_ES","og_type":"article","og_title":"Foro de la Carrera de Ingenier\u00eda Agr\u00edcola refleja desinter\u00e9s de candidatos: solo 3 de 6 postulantes a diputado por la C-57 se presentaron","og_description":"Montero, \u00a0\u2014 Un foro de debate organizado por la Carrera de Ingenier\u00eda Agr\u00edcola de la Universidad del Norte, bajo la direcci\u00f3n de la ingeniera Ana Isabel Ortiz, evidenci\u00f3 nuevamente el bajo compromiso de algunos candidatos con la ciudadan\u00eda. De los seis postulantes convocados a debatir ideas y propuestas para la Circunscripci\u00f3n 57, solo tres hicieron [&hellip;]","og_url":"https:\/\/waracomunicaciones.com\/?p=511","og_site_name":"Wara Comunicaciones","article_publisher":"https:\/\/www.facebook.com\/waracomunicaciones2017","article_published_time":"2025-08-14T04:43:50+00:00","article_modified_time":"2025-08-14T05:14:44+00:00","og_image":[{"width":1000,"height":750,"url":"https:\/\/waracomunicaciones.com\/wp-content\/uploads\/2025\/08\/foro.webp","type":"image\/webp"}],"author":"admin","twitter_card":"summary_large_image","twitter_misc":{"Escrito por":"admin","Tiempo de lectura":"3 minutos"},"schema":{"@context":"https:\/\/schema.org","@graph":[{"@type":"Article","@id":"https:\/\/waracomunicaciones.com\/?p=511#article","isPartOf":{"@id":"https:\/\/waracomunicaciones.com\/?p=511"},"author":{"name":"admin","@id":"https:\/\/waracomunicaciones.com\/#\/schema\/person\/e9db934bc91575cc71fe584c5973244a"},"headline":"Foro de la Carrera de Ingenier\u00eda Agr\u00edcola refleja desinter\u00e9s de candidatos: solo 3 de 6 postulantes a diputado por la C-57 se presentaron","datePublished":"2025-08-14T04:43:50+00:00","dateModified":"2025-08-14T05:14:44+00:00","mainEntityOfPage":{"@id":"https:\/\/waracomunicaciones.com\/?p=511"},"wordCount":508,"commentCount":0,"publisher":{"@id":"https:\/\/waracomunicaciones.com\/#organization"},"image":{"@id":"https:\/\/waracomunicaciones.com\/?p=511#primaryimage"},"thumbnailUrl":"https:\/\/waracomunicaciones.com\/wp-content\/uploads\/2025\/08\/foro.webp","keywords":["C-57","Debate","Elecciones Nacionales 2025","Foro Debate","Jaime Uscamayta","Maico Moreno Vaca"],"articleSection":["Pol\u00edtica"],"inLanguage":"es","potentialAction":[{"@type":"CommentAction","name":"Comment","target":["https:\/\/waracomunicaciones.com\/?p=511#respond"]}]},{"@type":"WebPage","@id":"https:\/\/waracomunicaciones.com\/?p=511","url":"https:\/\/waracomunicaciones.com\/?p=511","name":"Foro de la Carrera de Ingenier\u00eda Agr\u00edcola refleja desinter\u00e9s de candidatos: solo 3 de 6 postulantes a diputado por la C-57 se presentaron - Wara Comunicaciones","isPartOf":{"@id":"https:\/\/waracomunicaciones.com\/#website"},"primaryImageOfPage":{"@id":"https:\/\/waracomunicaciones.com\/?p=511#primaryimage"},"image":{"@id":"https:\/\/waracomunicaciones.com\/?p=511#primaryimage"},"thumbnailUrl":"https:\/\/waracomunicaciones.com\/wp-content\/uploads\/2025\/08\/foro.webp","datePublished":"2025-08-14T04:43:50+00:00","dateModified":"2025-08-14T05:14:44+00:00","breadcrumb":{"@id":"https:\/\/waracomunicaciones.com\/?p=511#breadcrumb"},"inLanguage":"es","potentialAction":[{"@type":"ReadAction","target":["https:\/\/waracomunicaciones.com\/?p=511"]}]},{"@type":"ImageObject","inLanguage":"es","@id":"https:\/\/waracomunicaciones.com\/?p=511#primaryimage","url":"https:\/\/waracomunicaciones.com\/wp-content\/uploads\/2025\/08\/foro.webp","contentUrl":"https:\/\/waracomunicaciones.com\/wp-content\/uploads\/2025\/08\/foro.webp","width":1000,"height":750},{"@type":"BreadcrumbList","@id":"https:\/\/waracomunicaciones.com\/?p=511#breadcrumb","itemListElement":[{"@type":"ListItem","position":1,"name":"Portada","item":"https:\/\/waracomunicaciones.com\/"},{"@type":"ListItem","position":2,"name":"Foro de la Carrera de Ingenier\u00eda Agr\u00edcola refleja desinter\u00e9s de candidatos: solo 3 de 6 postulantes a diputado por la C-57 se presentaron"}]},{"@type":"WebSite","@id":"https:\/\/waracomunicaciones.com\/#website","url":"https:\/\/waracomunicaciones.com\/","name":"Wara Comunicaciones","description":"","publisher":{"@id":"https:\/\/waracomunicaciones.com\/#organization"},"potentialAction":[{"@type":"SearchAction","target":{"@type":"EntryPoint","urlTemplate":"https:\/\/waracomunicaciones.com\/?s={search_term_string}"},"query-input":{"@type":"PropertyValueSpecification","valueRequired":true,"valueName":"search_term_string"}}],"inLanguage":"es"},{"@type":"Organization","@id":"https:\/\/waracomunicaciones.com\/#organization","name":"Wara Comunicaciones","url":"https:\/\/waracomunicaciones.com\/","logo":{"@type":"ImageObject","inLanguage":"es","@id":"https:\/\/waracomunicaciones.com\/#\/schema\/logo\/image\/","url":"https:\/\/waracomunicaciones.com\/wp-content\/uploads\/2025\/07\/logo.png","contentUrl":"https:\/\/waracomunicaciones.com\/wp-content\/uploads\/2025\/07\/logo.png","width":400,"height":164,"caption":"Wara Comunicaciones"},"image":{"@id":"https:\/\/waracomunicaciones.com\/#\/schema\/logo\/image\/"},"sameAs":["https:\/\/www.facebook.com\/waracomunicaciones2017"]},{"@type":"Person","@id":"https:\/\/waracomunicaciones.com\/#\/schema\/person\/e9db934bc91575cc71fe584c5973244a","name":"admin","image":{"@type":"ImageObject","inLanguage":"es","@id":"https:\/\/waracomunicaciones.com\/#\/schema\/person\/image\/","url":"https:\/\/secure.gravatar.com\/avatar\/bf27e9186df568254093afa216f887fece17605302c6ff12f3980422fffa52e6?s=96&d=mm&r=g","contentUrl":"https:\/\/secure.gravatar.com\/avatar\/bf27e9186df568254093afa216f887fece17605302c6ff12f3980422fffa52e6?s=96&d=mm&r=g","caption":"admin"},"sameAs":["https:\/\/waracomunicaciones.com\/wp"],"url":"https:\/\/waracomunicaciones.com\/?author=1"}]}},"_links":{"self":[{"href":"https:\/\/waracomunicaciones.com\/index.php?rest_route=\/wp\/v2\/posts\/511","targetHints":{"allow":["GET"]}}],"collection":[{"href":"https:\/\/waracomunicaciones.com\/index.php?rest_route=\/wp\/v2\/posts"}],"about":[{"href":"https:\/\/waracomunicaciones.com\/index.php?rest_route=\/wp\/v2\/types\/post"}],"author":[{"embeddable":true,"href":"https:\/\/waracomunicaciones.com\/index.php?rest_route=\/wp\/v2\/users\/1"}],"replies":[{"embeddable":true,"href":"https:\/\/waracomunicaciones.com\/index.php?rest_route=%2Fwp%2Fv2%2Fcomments&post=511"}],"version-history":[{"count":2,"href":"https:\/\/waracomunicaciones.com\/index.php?rest_route=\/wp\/v2\/posts\/511\/revisions"}],"predecessor-version":[{"id":522,"href":"https:\/\/waracomunicaciones.com\/index.php?rest_route=\/wp\/v2\/posts\/511\/revisions\/522"}],"wp:featuredmedia":[{"embeddable":true,"href":"https:\/\/waracomunicaciones.com\/index.php?rest_route=\/wp\/v2\/media\/512"}],"wp:attachment":[{"href":"https:\/\/waracomunicaciones.com\/index.php?rest_route=%2Fwp%2Fv2%2Fmedia&parent=511"}],"wp:term":[{"taxonomy":"category","embeddable":true,"href":"https:\/\/waracomunicaciones.com\/index.php?rest_route=%2Fwp%2Fv2%2Fcategories&post=511"},{"taxonomy":"post_tag","embeddable":true,"href":"https:\/\/waracomunicaciones.com\/index.php?rest_route=%2Fwp%2Fv2%2Ftags&post=511"}],"curies":[{"name":"wp","href":"https:\/\/api.w.org\/{rel}","templated":true}]}}