{"id":51,"date":"2025-07-15T09:42:07","date_gmt":"2025-07-15T13:42:07","guid":{"rendered":"https:\/\/waracomunicaciones.com\/wp\/?p=51"},"modified":"2025-07-24T01:25:19","modified_gmt":"2025-07-24T05:25:19","slug":"diputada-deisy-choque-no-es-un-fracaso-del-mas-es-el-resultado-de-una-crisis-heredada-y-una-asamblea-dividida","status":"publish","type":"post","link":"https:\/\/waracomunicaciones.com\/?p=51","title":{"rendered":"Diputada Deisy Choque: \u201cNo es un fracaso del MAS, es el resultado de una crisis heredada y una Asamblea dividida\u201d"},"content":{"rendered":"\n<figure class=\"wp-block-image size-full\"><img loading=\"lazy\" decoding=\"async\" width=\"600\" height=\"333\" src=\"https:\/\/waracomunicaciones.com\/wp\/wp-content\/uploads\/2025\/07\/gggggg.jpg\" alt=\"\" class=\"wp-image-52\" srcset=\"https:\/\/waracomunicaciones.com\/wp-content\/uploads\/2025\/07\/gggggg.jpg 600w, https:\/\/waracomunicaciones.com\/wp-content\/uploads\/2025\/07\/gggggg-300x167.jpg 300w\" sizes=\"auto, (max-width: 600px) 100vw, 600px\" \/><\/figure>\n\n\n<div class=\"itemIntroText\">\n<p><em><i>La Paz,\u00a0<\/i><\/em>\u00a0\u2014 En una extensa entrevista con\u00a0<em><i>Wara Comunicaciones<\/i><\/em>, la diputada Deisy Choque ofreci\u00f3 un diagn\u00f3stico profundo sobre la actual situaci\u00f3n pol\u00edtica y econ\u00f3mica del pa\u00eds, y defendi\u00f3 la gesti\u00f3n del presidente Luis Arce frente a las crecientes cr\u00edticas y comparaciones con experiencias del pasado como la de la UDP en los a\u00f1os 80.<\/p>\n<\/div>\n<p><!--more--><\/p>\n<div class=\"itemFullText\">\n<p>La parlamentaria reconoci\u00f3 que Bolivia atraviesa momentos complejos, pero rechaz\u00f3 categ\u00f3ricamente que esto sea producto de un fracaso del Movimiento al Socialismo (MAS). A su juicio, la ra\u00edz de la crisis actual est\u00e1 en una combinaci\u00f3n de factores estructurales, decisiones pasadas no corregidas a tiempo, y una Asamblea Legislativa fragmentada que ha obstaculizado la gobernabilidad.<\/p>\n<p>\u201cDesde el inicio de nuestra gesti\u00f3n sab\u00edamos que asum\u00edamos el pa\u00eds en una situaci\u00f3n cr\u00edtica. Recibimos una reserva internacional que hab\u00eda ca\u00eddo de 15 mil millones en 2015 a poco m\u00e1s de 3 mil millones. Ese vac\u00edo no se repone en un a\u00f1o ni con discursos; se requiere planificaci\u00f3n, inversi\u00f3n y, sobre todo, voluntad pol\u00edtica\u201d, se\u00f1al\u00f3 Choque.<\/p>\n<p>Uno de los temas centrales abordados por la diputada fue el agotamiento del modelo basado en las exportaciones de gas. Seg\u00fan explic\u00f3, tras a\u00f1os de ingresos millonarios, no se tomaron las medidas necesarias para renovar contratos petroleros ni diversificar la econom\u00eda. \u201cNos hubiera gustado que en la gesti\u00f3n de Evo Morales se haya planificado esa transici\u00f3n. Nosotros hoy estamos dejando la estructura para que entre 2026 y 2027 empiecen a verse resultados, pero la bonanza ya no es la misma\u201d, afirm\u00f3.<\/p>\n<p>Choque tambi\u00e9n responsabiliz\u00f3 a la divisi\u00f3n interna del MAS, especialmente al bloque \u00abevista\u00bb, por haber debilitado al gobierno desde dentro, al punto de actuar \u2014seg\u00fan ella\u2014 como aliados de la oposici\u00f3n. \u201cLo que vivimos se parece a la UDP porque tenemos un Parlamento que no tiene mayor\u00eda, y porque los bloqueos, los paros, las trabas legislativas, vienen tambi\u00e9n de quienes dicen ser de nuestra propia casa. Esa es la mayor traici\u00f3n\u201d, enfatiz\u00f3.<\/p>\n<p>En cuanto a los temas econ\u00f3micos que preocupan a la ciudadan\u00eda \u2014como la escasez de d\u00f3lares, el alza de precios o el combustible\u2014, la diputada destac\u00f3 que muchos de estos fen\u00f3menos no son exclusivos de Bolivia, y que el pa\u00eds todav\u00eda mantiene niveles de inflaci\u00f3n m\u00e1s bajos que sus vecinos. \u201cHoy la carne en Argentina cuesta m\u00e1s de 300 bolivianos, el aceite est\u00e1 tres veces m\u00e1s caro en Per\u00fa y Argentina. Aqu\u00ed intentamos controlar precios, pero mantenerlos bajos tambi\u00e9n genera un contrabando brutal que afecta nuestra producci\u00f3n\u201d, explic\u00f3.<\/p>\n<p>Sobre la percepci\u00f3n electoral y las encuestas que muestran un desgaste del MAS, Choque fue clara: \u201cEs cierto que la gente quiere soluciones inmediatas, pero tambi\u00e9n se est\u00e1 dando cuenta de que los parlamentarios de Creemos, Comunidad Ciudadana y el bloque evista han sido responsables directos del estancamiento. La Asamblea ha cerrado la posibilidad de una buena gesti\u00f3n. Muchos de estos legisladores no son padres de la patria, ni siquiera llegan a padrastros\u201d, lanz\u00f3.<\/p>\n<p>Finalmente, alert\u00f3 que, de cara al pr\u00f3ximo ciclo electoral, el pa\u00eds podr\u00eda enfrentar una Asamblea a\u00fan m\u00e1s dividida, lo cual har\u00eda \u201cimposible gobernar si no se consolida una gran coalici\u00f3n\u201d. \u201cQuien crea que ganar la presidencia lo es todo, se equivoca. La Asamblea es la llave para construir o para bloquear el futuro del pa\u00eds\u201d, concluy\u00f3.<\/p>\n<p>La diputada deja as\u00ed una visi\u00f3n cr\u00edtica y autocr\u00edtica de la realidad nacional, pero insiste en que el MAS no ha fracasado, sino que ha resistido una tormenta que fue provocada mucho antes de asumir el gobierno en 2020.<\/p>\n<\/div><div style=\"margin-top: 0px; margin-bottom: 0px;\" class=\"sharethis-inline-reaction-buttons\" ><\/div>","protected":false},"excerpt":{"rendered":"<p>La Paz,\u00a0\u00a0\u2014 En una extensa entrevista con\u00a0Wara Comunicaciones, la diputada Deisy Choque ofreci\u00f3 un diagn\u00f3stico profundo sobre la actual situaci\u00f3n pol\u00edtica y econ\u00f3mica del pa\u00eds, y defendi\u00f3 la gesti\u00f3n del presidente Luis Arce frente a las crecientes cr\u00edticas y comparaciones con experiencias del pasado como la de la UDP en los a\u00f1os 80.<\/p>\n","protected":false},"author":1,"featured_media":52,"comment_status":"open","ping_status":"open","sticky":false,"template":"","format":"standard","meta":{"footnotes":""},"categories":[4],"tags":[12,8],"class_list":["post-51","post","type-post","status-publish","format-standard","has-post-thumbnail","hentry","category-nacional","tag-deisy-choque","tag-politica"],"yoast_head":"<!-- This site is optimized with the Yoast SEO Premium plugin v25.5 (Yoast SEO v27.1.1) - https:\/\/yoast.com\/product\/yoast-seo-premium-wordpress\/ -->\n<title>Diputada Deisy Choque: \u201cNo es un fracaso del MAS, es el resultado de una crisis heredada y una Asamblea dividida\u201d - Wara Comunicaciones<\/title>\n<meta name=\"robots\" content=\"index, follow, max-snippet:-1, max-image-preview:large, max-video-preview:-1\" \/>\n<link rel=\"canonical\" href=\"https:\/\/waracomunicaciones.com\/?p=51\" \/>\n<meta property=\"og:locale\" content=\"es_ES\" \/>\n<meta property=\"og:type\" content=\"article\" \/>\n<meta property=\"og:title\" content=\"Diputada Deisy Choque: \u201cNo es un fracaso del MAS, es el resultado de una crisis heredada y una Asamblea dividida\u201d\" \/>\n<meta property=\"og:description\" content=\"La Paz,\u00a0\u00a0\u2014 En una extensa entrevista con\u00a0Wara Comunicaciones, la diputada Deisy Choque ofreci\u00f3 un diagn\u00f3stico profundo sobre la actual situaci\u00f3n pol\u00edtica y econ\u00f3mica del pa\u00eds, y defendi\u00f3 la gesti\u00f3n del presidente Luis Arce frente a las crecientes cr\u00edticas y comparaciones con experiencias del pasado como la de la UDP en los a\u00f1os 80.\" \/>\n<meta property=\"og:url\" content=\"https:\/\/waracomunicaciones.com\/?p=51\" \/>\n<meta property=\"og:site_name\" content=\"Wara Comunicaciones\" \/>\n<meta property=\"article:publisher\" content=\"https:\/\/www.facebook.com\/waracomunicaciones2017\" \/>\n<meta property=\"article:published_time\" content=\"2025-07-15T13:42:07+00:00\" \/>\n<meta property=\"article:modified_time\" content=\"2025-07-24T05:25:19+00:00\" \/>\n<meta property=\"og:image\" content=\"https:\/\/waracomunicaciones.com\/wp-content\/uploads\/2025\/07\/gggggg.jpg\" \/>\n\t<meta property=\"og:image:width\" content=\"600\" \/>\n\t<meta property=\"og:image:height\" content=\"333\" \/>\n\t<meta property=\"og:image:type\" content=\"image\/jpeg\" \/>\n<meta name=\"author\" content=\"admin\" \/>\n<meta name=\"twitter:card\" content=\"summary_large_image\" \/>\n<meta name=\"twitter:label1\" content=\"Escrito por\" \/>\n\t<meta name=\"twitter:data1\" content=\"admin\" \/>\n\t<meta name=\"twitter:label2\" content=\"Tiempo de lectura\" \/>\n\t<meta name=\"twitter:data2\" content=\"3 minutos\" \/>\n<script type=\"application\/ld+json\" class=\"yoast-schema-graph\">{\"@context\":\"https:\/\/schema.org\",\"@graph\":[{\"@type\":\"Article\",\"@id\":\"https:\/\/waracomunicaciones.com\/?p=51#article\",\"isPartOf\":{\"@id\":\"https:\/\/waracomunicaciones.com\/?p=51\"},\"author\":{\"name\":\"admin\",\"@id\":\"https:\/\/waracomunicaciones.com\/#\/schema\/person\/e9db934bc91575cc71fe584c5973244a\"},\"headline\":\"Diputada Deisy Choque: \u201cNo es un fracaso del MAS, es el resultado de una crisis heredada y una Asamblea dividida\u201d\",\"datePublished\":\"2025-07-15T13:42:07+00:00\",\"dateModified\":\"2025-07-24T05:25:19+00:00\",\"mainEntityOfPage\":{\"@id\":\"https:\/\/waracomunicaciones.com\/?p=51\"},\"wordCount\":652,\"commentCount\":0,\"publisher\":{\"@id\":\"https:\/\/waracomunicaciones.com\/#organization\"},\"image\":{\"@id\":\"https:\/\/waracomunicaciones.com\/?p=51#primaryimage\"},\"thumbnailUrl\":\"https:\/\/waracomunicaciones.com\/wp-content\/uploads\/2025\/07\/gggggg.jpg\",\"keywords\":[\"Deisy Choque\",\"Pol\u00edtica\"],\"articleSection\":[\"NACIONAL\"],\"inLanguage\":\"es\",\"potentialAction\":[{\"@type\":\"CommentAction\",\"name\":\"Comment\",\"target\":[\"https:\/\/waracomunicaciones.com\/?p=51#respond\"]}]},{\"@type\":\"WebPage\",\"@id\":\"https:\/\/waracomunicaciones.com\/?p=51\",\"url\":\"https:\/\/waracomunicaciones.com\/?p=51\",\"name\":\"Diputada Deisy Choque: \u201cNo es un fracaso del MAS, es el resultado de una crisis heredada y una Asamblea dividida\u201d - Wara Comunicaciones\",\"isPartOf\":{\"@id\":\"https:\/\/waracomunicaciones.com\/#website\"},\"primaryImageOfPage\":{\"@id\":\"https:\/\/waracomunicaciones.com\/?p=51#primaryimage\"},\"image\":{\"@id\":\"https:\/\/waracomunicaciones.com\/?p=51#primaryimage\"},\"thumbnailUrl\":\"https:\/\/waracomunicaciones.com\/wp-content\/uploads\/2025\/07\/gggggg.jpg\",\"datePublished\":\"2025-07-15T13:42:07+00:00\",\"dateModified\":\"2025-07-24T05:25:19+00:00\",\"breadcrumb\":{\"@id\":\"https:\/\/waracomunicaciones.com\/?p=51#breadcrumb\"},\"inLanguage\":\"es\",\"potentialAction\":[{\"@type\":\"ReadAction\",\"target\":[\"https:\/\/waracomunicaciones.com\/?p=51\"]}]},{\"@type\":\"ImageObject\",\"inLanguage\":\"es\",\"@id\":\"https:\/\/waracomunicaciones.com\/?p=51#primaryimage\",\"url\":\"https:\/\/waracomunicaciones.com\/wp-content\/uploads\/2025\/07\/gggggg.jpg\",\"contentUrl\":\"https:\/\/waracomunicaciones.com\/wp-content\/uploads\/2025\/07\/gggggg.jpg\",\"width\":600,\"height\":333},{\"@type\":\"BreadcrumbList\",\"@id\":\"https:\/\/waracomunicaciones.com\/?p=51#breadcrumb\",\"itemListElement\":[{\"@type\":\"ListItem\",\"position\":1,\"name\":\"Portada\",\"item\":\"https:\/\/waracomunicaciones.com\/\"},{\"@type\":\"ListItem\",\"position\":2,\"name\":\"Diputada Deisy Choque: \u201cNo es un fracaso del MAS, es el resultado de una crisis heredada y una Asamblea dividida\u201d\"}]},{\"@type\":\"WebSite\",\"@id\":\"https:\/\/waracomunicaciones.com\/#website\",\"url\":\"https:\/\/waracomunicaciones.com\/\",\"name\":\"Wara Comunicaciones\",\"description\":\"\",\"publisher\":{\"@id\":\"https:\/\/waracomunicaciones.com\/#organization\"},\"potentialAction\":[{\"@type\":\"SearchAction\",\"target\":{\"@type\":\"EntryPoint\",\"urlTemplate\":\"https:\/\/waracomunicaciones.com\/?s={search_term_string}\"},\"query-input\":{\"@type\":\"PropertyValueSpecification\",\"valueRequired\":true,\"valueName\":\"search_term_string\"}}],\"inLanguage\":\"es\"},{\"@type\":\"Organization\",\"@id\":\"https:\/\/waracomunicaciones.com\/#organization\",\"name\":\"Wara Comunicaciones\",\"url\":\"https:\/\/waracomunicaciones.com\/\",\"logo\":{\"@type\":\"ImageObject\",\"inLanguage\":\"es\",\"@id\":\"https:\/\/waracomunicaciones.com\/#\/schema\/logo\/image\/\",\"url\":\"https:\/\/waracomunicaciones.com\/wp-content\/uploads\/2025\/07\/logo.png\",\"contentUrl\":\"https:\/\/waracomunicaciones.com\/wp-content\/uploads\/2025\/07\/logo.png\",\"width\":400,\"height\":164,\"caption\":\"Wara Comunicaciones\"},\"image\":{\"@id\":\"https:\/\/waracomunicaciones.com\/#\/schema\/logo\/image\/\"},\"sameAs\":[\"https:\/\/www.facebook.com\/waracomunicaciones2017\"]},{\"@type\":\"Person\",\"@id\":\"https:\/\/waracomunicaciones.com\/#\/schema\/person\/e9db934bc91575cc71fe584c5973244a\",\"name\":\"admin\",\"image\":{\"@type\":\"ImageObject\",\"inLanguage\":\"es\",\"@id\":\"https:\/\/waracomunicaciones.com\/#\/schema\/person\/image\/\",\"url\":\"https:\/\/secure.gravatar.com\/avatar\/bf27e9186df568254093afa216f887fece17605302c6ff12f3980422fffa52e6?s=96&d=mm&r=g\",\"contentUrl\":\"https:\/\/secure.gravatar.com\/avatar\/bf27e9186df568254093afa216f887fece17605302c6ff12f3980422fffa52e6?s=96&d=mm&r=g\",\"caption\":\"admin\"},\"sameAs\":[\"https:\/\/waracomunicaciones.com\/wp\"],\"url\":\"https:\/\/waracomunicaciones.com\/?author=1\"}]}<\/script>\n<!-- \/ Yoast SEO Premium plugin. -->","yoast_head_json":{"title":"Diputada Deisy Choque: \u201cNo es un fracaso del MAS, es el resultado de una crisis heredada y una Asamblea dividida\u201d - Wara Comunicaciones","robots":{"index":"index","follow":"follow","max-snippet":"max-snippet:-1","max-image-preview":"max-image-preview:large","max-video-preview":"max-video-preview:-1"},"canonical":"https:\/\/waracomunicaciones.com\/?p=51","og_locale":"es_ES","og_type":"article","og_title":"Diputada Deisy Choque: \u201cNo es un fracaso del MAS, es el resultado de una crisis heredada y una Asamblea dividida\u201d","og_description":"La Paz,\u00a0\u00a0\u2014 En una extensa entrevista con\u00a0Wara Comunicaciones, la diputada Deisy Choque ofreci\u00f3 un diagn\u00f3stico profundo sobre la actual situaci\u00f3n pol\u00edtica y econ\u00f3mica del pa\u00eds, y defendi\u00f3 la gesti\u00f3n del presidente Luis Arce frente a las crecientes cr\u00edticas y comparaciones con experiencias del pasado como la de la UDP en los a\u00f1os 80.","og_url":"https:\/\/waracomunicaciones.com\/?p=51","og_site_name":"Wara Comunicaciones","article_publisher":"https:\/\/www.facebook.com\/waracomunicaciones2017","article_published_time":"2025-07-15T13:42:07+00:00","article_modified_time":"2025-07-24T05:25:19+00:00","og_image":[{"width":600,"height":333,"url":"https:\/\/waracomunicaciones.com\/wp-content\/uploads\/2025\/07\/gggggg.jpg","type":"image\/jpeg"}],"author":"admin","twitter_card":"summary_large_image","twitter_misc":{"Escrito por":"admin","Tiempo de lectura":"3 minutos"},"schema":{"@context":"https:\/\/schema.org","@graph":[{"@type":"Article","@id":"https:\/\/waracomunicaciones.com\/?p=51#article","isPartOf":{"@id":"https:\/\/waracomunicaciones.com\/?p=51"},"author":{"name":"admin","@id":"https:\/\/waracomunicaciones.com\/#\/schema\/person\/e9db934bc91575cc71fe584c5973244a"},"headline":"Diputada Deisy Choque: \u201cNo es un fracaso del MAS, es el resultado de una crisis heredada y una Asamblea dividida\u201d","datePublished":"2025-07-15T13:42:07+00:00","dateModified":"2025-07-24T05:25:19+00:00","mainEntityOfPage":{"@id":"https:\/\/waracomunicaciones.com\/?p=51"},"wordCount":652,"commentCount":0,"publisher":{"@id":"https:\/\/waracomunicaciones.com\/#organization"},"image":{"@id":"https:\/\/waracomunicaciones.com\/?p=51#primaryimage"},"thumbnailUrl":"https:\/\/waracomunicaciones.com\/wp-content\/uploads\/2025\/07\/gggggg.jpg","keywords":["Deisy Choque","Pol\u00edtica"],"articleSection":["NACIONAL"],"inLanguage":"es","potentialAction":[{"@type":"CommentAction","name":"Comment","target":["https:\/\/waracomunicaciones.com\/?p=51#respond"]}]},{"@type":"WebPage","@id":"https:\/\/waracomunicaciones.com\/?p=51","url":"https:\/\/waracomunicaciones.com\/?p=51","name":"Diputada Deisy Choque: \u201cNo es un fracaso del MAS, es el resultado de una crisis heredada y una Asamblea dividida\u201d - Wara Comunicaciones","isPartOf":{"@id":"https:\/\/waracomunicaciones.com\/#website"},"primaryImageOfPage":{"@id":"https:\/\/waracomunicaciones.com\/?p=51#primaryimage"},"image":{"@id":"https:\/\/waracomunicaciones.com\/?p=51#primaryimage"},"thumbnailUrl":"https:\/\/waracomunicaciones.com\/wp-content\/uploads\/2025\/07\/gggggg.jpg","datePublished":"2025-07-15T13:42:07+00:00","dateModified":"2025-07-24T05:25:19+00:00","breadcrumb":{"@id":"https:\/\/waracomunicaciones.com\/?p=51#breadcrumb"},"inLanguage":"es","potentialAction":[{"@type":"ReadAction","target":["https:\/\/waracomunicaciones.com\/?p=51"]}]},{"@type":"ImageObject","inLanguage":"es","@id":"https:\/\/waracomunicaciones.com\/?p=51#primaryimage","url":"https:\/\/waracomunicaciones.com\/wp-content\/uploads\/2025\/07\/gggggg.jpg","contentUrl":"https:\/\/waracomunicaciones.com\/wp-content\/uploads\/2025\/07\/gggggg.jpg","width":600,"height":333},{"@type":"BreadcrumbList","@id":"https:\/\/waracomunicaciones.com\/?p=51#breadcrumb","itemListElement":[{"@type":"ListItem","position":1,"name":"Portada","item":"https:\/\/waracomunicaciones.com\/"},{"@type":"ListItem","position":2,"name":"Diputada Deisy Choque: \u201cNo es un fracaso del MAS, es el resultado de una crisis heredada y una Asamblea dividida\u201d"}]},{"@type":"WebSite","@id":"https:\/\/waracomunicaciones.com\/#website","url":"https:\/\/waracomunicaciones.com\/","name":"Wara Comunicaciones","description":"","publisher":{"@id":"https:\/\/waracomunicaciones.com\/#organization"},"potentialAction":[{"@type":"SearchAction","target":{"@type":"EntryPoint","urlTemplate":"https:\/\/waracomunicaciones.com\/?s={search_term_string}"},"query-input":{"@type":"PropertyValueSpecification","valueRequired":true,"valueName":"search_term_string"}}],"inLanguage":"es"},{"@type":"Organization","@id":"https:\/\/waracomunicaciones.com\/#organization","name":"Wara Comunicaciones","url":"https:\/\/waracomunicaciones.com\/","logo":{"@type":"ImageObject","inLanguage":"es","@id":"https:\/\/waracomunicaciones.com\/#\/schema\/logo\/image\/","url":"https:\/\/waracomunicaciones.com\/wp-content\/uploads\/2025\/07\/logo.png","contentUrl":"https:\/\/waracomunicaciones.com\/wp-content\/uploads\/2025\/07\/logo.png","width":400,"height":164,"caption":"Wara Comunicaciones"},"image":{"@id":"https:\/\/waracomunicaciones.com\/#\/schema\/logo\/image\/"},"sameAs":["https:\/\/www.facebook.com\/waracomunicaciones2017"]},{"@type":"Person","@id":"https:\/\/waracomunicaciones.com\/#\/schema\/person\/e9db934bc91575cc71fe584c5973244a","name":"admin","image":{"@type":"ImageObject","inLanguage":"es","@id":"https:\/\/waracomunicaciones.com\/#\/schema\/person\/image\/","url":"https:\/\/secure.gravatar.com\/avatar\/bf27e9186df568254093afa216f887fece17605302c6ff12f3980422fffa52e6?s=96&d=mm&r=g","contentUrl":"https:\/\/secure.gravatar.com\/avatar\/bf27e9186df568254093afa216f887fece17605302c6ff12f3980422fffa52e6?s=96&d=mm&r=g","caption":"admin"},"sameAs":["https:\/\/waracomunicaciones.com\/wp"],"url":"https:\/\/waracomunicaciones.com\/?author=1"}]}},"_links":{"self":[{"href":"https:\/\/waracomunicaciones.com\/index.php?rest_route=\/wp\/v2\/posts\/51","targetHints":{"allow":["GET"]}}],"collection":[{"href":"https:\/\/waracomunicaciones.com\/index.php?rest_route=\/wp\/v2\/posts"}],"about":[{"href":"https:\/\/waracomunicaciones.com\/index.php?rest_route=\/wp\/v2\/types\/post"}],"author":[{"embeddable":true,"href":"https:\/\/waracomunicaciones.com\/index.php?rest_route=\/wp\/v2\/users\/1"}],"replies":[{"embeddable":true,"href":"https:\/\/waracomunicaciones.com\/index.php?rest_route=%2Fwp%2Fv2%2Fcomments&post=51"}],"version-history":[{"count":1,"href":"https:\/\/waracomunicaciones.com\/index.php?rest_route=\/wp\/v2\/posts\/51\/revisions"}],"predecessor-version":[{"id":53,"href":"https:\/\/waracomunicaciones.com\/index.php?rest_route=\/wp\/v2\/posts\/51\/revisions\/53"}],"wp:featuredmedia":[{"embeddable":true,"href":"https:\/\/waracomunicaciones.com\/index.php?rest_route=\/wp\/v2\/media\/52"}],"wp:attachment":[{"href":"https:\/\/waracomunicaciones.com\/index.php?rest_route=%2Fwp%2Fv2%2Fmedia&parent=51"}],"wp:term":[{"taxonomy":"category","embeddable":true,"href":"https:\/\/waracomunicaciones.com\/index.php?rest_route=%2Fwp%2Fv2%2Fcategories&post=51"},{"taxonomy":"post_tag","embeddable":true,"href":"https:\/\/waracomunicaciones.com\/index.php?rest_route=%2Fwp%2Fv2%2Ftags&post=51"}],"curies":[{"name":"wp","href":"https:\/\/api.w.org\/{rel}","templated":true}]}}