{"id":508,"date":"2025-08-14T00:21:27","date_gmt":"2025-08-14T04:21:27","guid":{"rendered":"https:\/\/waracomunicaciones.com\/?p=508"},"modified":"2025-08-14T00:21:28","modified_gmt":"2025-08-14T04:21:28","slug":"padres-de-familia-de-montero-exigen-mayor-presupuesto-y-cumplimiento-en-desayuno-escolar","status":"publish","type":"post","link":"https:\/\/waracomunicaciones.com\/?p=508","title":{"rendered":"Padres de Familia de Montero Exigen Mayor Presupuesto y Cumplimiento en Desayuno Escolar"},"content":{"rendered":"\n<figure class=\"wp-block-image size-full\"><img loading=\"lazy\" decoding=\"async\" width=\"1000\" height=\"796\" src=\"https:\/\/waracomunicaciones.com\/wp-content\/uploads\/2025\/08\/junta.webp\" alt=\"\" class=\"wp-image-509\" srcset=\"https:\/\/waracomunicaciones.com\/wp-content\/uploads\/2025\/08\/junta.webp 1000w, https:\/\/waracomunicaciones.com\/wp-content\/uploads\/2025\/08\/junta-300x239.webp 300w, https:\/\/waracomunicaciones.com\/wp-content\/uploads\/2025\/08\/junta-768x611.webp 768w\" sizes=\"auto, (max-width: 1000px) 100vw, 1000px\" \/><figcaption class=\"wp-element-caption\"><em>Padres de Familia de diferentes unidades educativas, marchan para exigir a la Gobernaci\u00f3n el desembolso del dinero para el desayuno escolar &#8211; Foto Facebook<\/em><\/figcaption><\/figure>\n\n\n<p><strong><b>Montero, <\/b><\/strong>\u00a0\u2014 En una entrevista radial sostenida esta ma\u00f1ana, Alejandra Rivero Parra, presidenta de la Junta Distrital de Padres y Madres de Familia del Distrito Educativo de Montero, expres\u00f3 su preocupaci\u00f3n y molestia por el incumplimiento del compromiso asumido respecto a la entrega del desayuno escolar, as\u00ed como por la falta de participaci\u00f3n en la planificaci\u00f3n presupuestaria municipal para el 2026.<!--more--><\/p>\n<p>Seg\u00fan Rivero, luego de la suspensi\u00f3n anticipada de clases, las autoridades educativas se comprometieron a reponer la semana perdida de desayuno escolar al inicio del segundo semestre. Sin embargo, dicha compensaci\u00f3n no se concret\u00f3 debido al vencimiento del contrato con la empresa anterior. La nueva adjudicaci\u00f3n fue otorgada nuevamente a Catering Chiquitana, quien comenzar\u00eda a repartir el desayuno a partir del 14 de agosto.<\/p>\n<p>La presidenta explic\u00f3 que el nuevo contrato incluye la semana adeudada, por lo que el servicio estar\u00eda asegurado hasta el 30 de octubre. Aun as\u00ed, reconoci\u00f3 que se requieren gestiones adicionales para cubrir el periodo restante hasta la conclusi\u00f3n del a\u00f1o escolar. \u201cEstamos esperando reunirnos con el gobernador antes del martes para gestionar los recursos que completar\u00edan la cobertura hasta diciembre\u201d, se\u00f1al\u00f3.<\/p>\n<p>Rivero tambi\u00e9n se refiri\u00f3 a la deuda de 600.000 bolivianos que la Gobernaci\u00f3n mantiene con el municipio de Montero, parte de un monto mayor adeudado a 54 municipios del departamento. Como medida de presi\u00f3n, padres de familia realizaron una marcha pac\u00edfica hacia la Subgobernaci\u00f3n. \u201cA veces, si no presionamos, no hay resultados\u201d, enfatiz\u00f3.<\/p>\n<p>En cuanto a la planificaci\u00f3n del presupuesto operativo anual (POA) para el pr\u00f3ximo a\u00f1o, Rivero reconoci\u00f3 que las juntas escolares no fueron tomadas en cuenta de forma adecuada por los presidentes de las OTB, lo cual impidi\u00f3 su participaci\u00f3n activa en a\u00f1os anteriores. Sin embargo, asegur\u00f3 que ahora est\u00e1n mejor informados y organizados. \u201cVamos a exigir un incremento en el presupuesto del desayuno escolar para el 2026. Los 11 millones actuales ya no alcanzan, necesitamos al menos 15 o 20 millones\u201d, afirm\u00f3.<\/p>\n<p>Finalmente, Rivero no descart\u00f3 futuras movilizaciones, incluso a nivel municipal, para garantizar una mejora en la calidad y cobertura del desayuno escolar. \u201cEste es un derecho de los estudiantes, y como padres de familia vamos a luchar para que se cumpla\u201d, concluy\u00f3.<\/p>\n<p><strong><b>Resumen de puntos clave:<\/b><\/strong><\/p>\n<ul>\n<li>El desayuno escolar se reanuda este 14 de agosto con una nueva empresa adjudicada.<\/li>\n<li>Se incluye la semana adeudada en el nuevo contrato, v\u00e1lido hasta el 30 de octubre.<\/li>\n<li>Padres exigen que el gobierno municipal gestione fondos para completar la cobertura hasta diciembre.<\/li>\n<li>La Junta de Padres exige ser incluida en la elaboraci\u00f3n del POA 2026 y busca un incremento del presupuesto a m\u00e1s de 15 millones.<\/li>\n<li>No se descartan nuevas movilizaciones para lograr sus objetivos.<\/li>\n<\/ul><div style=\"margin-top: 0px; margin-bottom: 0px;\" class=\"sharethis-inline-reaction-buttons\" ><\/div>","protected":false},"excerpt":{"rendered":"<p>Montero, \u00a0\u2014 En una entrevista radial sostenida esta ma\u00f1ana, Alejandra Rivero Parra, presidenta de la Junta Distrital de Padres y Madres de Familia del Distrito Educativo de Montero, expres\u00f3 su preocupaci\u00f3n y molestia por el incumplimiento del compromiso asumido respecto a la entrega del desayuno escolar, as\u00ed como por la falta de participaci\u00f3n en la [&hellip;]<\/p>\n","protected":false},"author":1,"featured_media":509,"comment_status":"open","ping_status":"open","sticky":false,"template":"","format":"standard","meta":{"footnotes":""},"categories":[44],"tags":[141,73,140],"class_list":["post-508","post","type-post","status-publish","format-standard","has-post-thumbnail","hentry","category-educacion","tag-alejandra-rivero-parra","tag-desayuno-escolar","tag-junta-escolar"],"yoast_head":"<!-- This site is optimized with the Yoast SEO Premium plugin v25.5 (Yoast SEO v27.1.1) - https:\/\/yoast.com\/product\/yoast-seo-premium-wordpress\/ -->\n<title>Padres de Familia de Montero Exigen Mayor Presupuesto y Cumplimiento en Desayuno Escolar - Wara Comunicaciones<\/title>\n<meta name=\"robots\" content=\"index, follow, max-snippet:-1, max-image-preview:large, max-video-preview:-1\" \/>\n<link rel=\"canonical\" href=\"https:\/\/waracomunicaciones.com\/?p=508\" \/>\n<meta property=\"og:locale\" content=\"es_ES\" \/>\n<meta property=\"og:type\" content=\"article\" \/>\n<meta property=\"og:title\" content=\"Padres de Familia de Montero Exigen Mayor Presupuesto y Cumplimiento en Desayuno Escolar\" \/>\n<meta property=\"og:description\" content=\"Montero, \u00a0\u2014 En una entrevista radial sostenida esta ma\u00f1ana, Alejandra Rivero Parra, presidenta de la Junta Distrital de Padres y Madres de Familia del Distrito Educativo de Montero, expres\u00f3 su preocupaci\u00f3n y molestia por el incumplimiento del compromiso asumido respecto a la entrega del desayuno escolar, as\u00ed como por la falta de participaci\u00f3n en la [&hellip;]\" \/>\n<meta property=\"og:url\" content=\"https:\/\/waracomunicaciones.com\/?p=508\" \/>\n<meta property=\"og:site_name\" content=\"Wara Comunicaciones\" \/>\n<meta property=\"article:publisher\" content=\"https:\/\/www.facebook.com\/waracomunicaciones2017\" \/>\n<meta property=\"article:published_time\" content=\"2025-08-14T04:21:27+00:00\" \/>\n<meta property=\"article:modified_time\" content=\"2025-08-14T04:21:28+00:00\" \/>\n<meta property=\"og:image\" content=\"https:\/\/waracomunicaciones.com\/wp-content\/uploads\/2025\/08\/junta.webp\" \/>\n\t<meta property=\"og:image:width\" content=\"1000\" \/>\n\t<meta property=\"og:image:height\" content=\"796\" \/>\n\t<meta property=\"og:image:type\" content=\"image\/webp\" \/>\n<meta name=\"author\" content=\"admin\" \/>\n<meta name=\"twitter:card\" content=\"summary_large_image\" \/>\n<meta name=\"twitter:label1\" content=\"Escrito por\" \/>\n\t<meta name=\"twitter:data1\" content=\"admin\" \/>\n\t<meta name=\"twitter:label2\" content=\"Tiempo de lectura\" \/>\n\t<meta name=\"twitter:data2\" content=\"3 minutos\" \/>\n<script type=\"application\/ld+json\" class=\"yoast-schema-graph\">{\"@context\":\"https:\/\/schema.org\",\"@graph\":[{\"@type\":\"Article\",\"@id\":\"https:\/\/waracomunicaciones.com\/?p=508#article\",\"isPartOf\":{\"@id\":\"https:\/\/waracomunicaciones.com\/?p=508\"},\"author\":{\"name\":\"admin\",\"@id\":\"https:\/\/waracomunicaciones.com\/#\/schema\/person\/e9db934bc91575cc71fe584c5973244a\"},\"headline\":\"Padres de Familia de Montero Exigen Mayor Presupuesto y Cumplimiento en Desayuno Escolar\",\"datePublished\":\"2025-08-14T04:21:27+00:00\",\"dateModified\":\"2025-08-14T04:21:28+00:00\",\"mainEntityOfPage\":{\"@id\":\"https:\/\/waracomunicaciones.com\/?p=508\"},\"wordCount\":496,\"commentCount\":0,\"publisher\":{\"@id\":\"https:\/\/waracomunicaciones.com\/#organization\"},\"image\":{\"@id\":\"https:\/\/waracomunicaciones.com\/?p=508#primaryimage\"},\"thumbnailUrl\":\"https:\/\/waracomunicaciones.com\/wp-content\/uploads\/2025\/08\/junta.webp\",\"keywords\":[\"Alejandra Rivero Parra\",\"Desayuno Escolar\",\"Junta Escolar\"],\"articleSection\":[\"Educaci\u00f3n\"],\"inLanguage\":\"es\",\"potentialAction\":[{\"@type\":\"CommentAction\",\"name\":\"Comment\",\"target\":[\"https:\/\/waracomunicaciones.com\/?p=508#respond\"]}]},{\"@type\":\"WebPage\",\"@id\":\"https:\/\/waracomunicaciones.com\/?p=508\",\"url\":\"https:\/\/waracomunicaciones.com\/?p=508\",\"name\":\"Padres de Familia de Montero Exigen Mayor Presupuesto y Cumplimiento en Desayuno Escolar - Wara Comunicaciones\",\"isPartOf\":{\"@id\":\"https:\/\/waracomunicaciones.com\/#website\"},\"primaryImageOfPage\":{\"@id\":\"https:\/\/waracomunicaciones.com\/?p=508#primaryimage\"},\"image\":{\"@id\":\"https:\/\/waracomunicaciones.com\/?p=508#primaryimage\"},\"thumbnailUrl\":\"https:\/\/waracomunicaciones.com\/wp-content\/uploads\/2025\/08\/junta.webp\",\"datePublished\":\"2025-08-14T04:21:27+00:00\",\"dateModified\":\"2025-08-14T04:21:28+00:00\",\"breadcrumb\":{\"@id\":\"https:\/\/waracomunicaciones.com\/?p=508#breadcrumb\"},\"inLanguage\":\"es\",\"potentialAction\":[{\"@type\":\"ReadAction\",\"target\":[\"https:\/\/waracomunicaciones.com\/?p=508\"]}]},{\"@type\":\"ImageObject\",\"inLanguage\":\"es\",\"@id\":\"https:\/\/waracomunicaciones.com\/?p=508#primaryimage\",\"url\":\"https:\/\/waracomunicaciones.com\/wp-content\/uploads\/2025\/08\/junta.webp\",\"contentUrl\":\"https:\/\/waracomunicaciones.com\/wp-content\/uploads\/2025\/08\/junta.webp\",\"width\":1000,\"height\":796},{\"@type\":\"BreadcrumbList\",\"@id\":\"https:\/\/waracomunicaciones.com\/?p=508#breadcrumb\",\"itemListElement\":[{\"@type\":\"ListItem\",\"position\":1,\"name\":\"Portada\",\"item\":\"https:\/\/waracomunicaciones.com\/\"},{\"@type\":\"ListItem\",\"position\":2,\"name\":\"Padres de Familia de Montero Exigen Mayor Presupuesto y Cumplimiento en Desayuno Escolar\"}]},{\"@type\":\"WebSite\",\"@id\":\"https:\/\/waracomunicaciones.com\/#website\",\"url\":\"https:\/\/waracomunicaciones.com\/\",\"name\":\"Wara Comunicaciones\",\"description\":\"\",\"publisher\":{\"@id\":\"https:\/\/waracomunicaciones.com\/#organization\"},\"potentialAction\":[{\"@type\":\"SearchAction\",\"target\":{\"@type\":\"EntryPoint\",\"urlTemplate\":\"https:\/\/waracomunicaciones.com\/?s={search_term_string}\"},\"query-input\":{\"@type\":\"PropertyValueSpecification\",\"valueRequired\":true,\"valueName\":\"search_term_string\"}}],\"inLanguage\":\"es\"},{\"@type\":\"Organization\",\"@id\":\"https:\/\/waracomunicaciones.com\/#organization\",\"name\":\"Wara Comunicaciones\",\"url\":\"https:\/\/waracomunicaciones.com\/\",\"logo\":{\"@type\":\"ImageObject\",\"inLanguage\":\"es\",\"@id\":\"https:\/\/waracomunicaciones.com\/#\/schema\/logo\/image\/\",\"url\":\"https:\/\/waracomunicaciones.com\/wp-content\/uploads\/2025\/07\/logo.png\",\"contentUrl\":\"https:\/\/waracomunicaciones.com\/wp-content\/uploads\/2025\/07\/logo.png\",\"width\":400,\"height\":164,\"caption\":\"Wara Comunicaciones\"},\"image\":{\"@id\":\"https:\/\/waracomunicaciones.com\/#\/schema\/logo\/image\/\"},\"sameAs\":[\"https:\/\/www.facebook.com\/waracomunicaciones2017\"]},{\"@type\":\"Person\",\"@id\":\"https:\/\/waracomunicaciones.com\/#\/schema\/person\/e9db934bc91575cc71fe584c5973244a\",\"name\":\"admin\",\"image\":{\"@type\":\"ImageObject\",\"inLanguage\":\"es\",\"@id\":\"https:\/\/waracomunicaciones.com\/#\/schema\/person\/image\/\",\"url\":\"https:\/\/secure.gravatar.com\/avatar\/bf27e9186df568254093afa216f887fece17605302c6ff12f3980422fffa52e6?s=96&d=mm&r=g\",\"contentUrl\":\"https:\/\/secure.gravatar.com\/avatar\/bf27e9186df568254093afa216f887fece17605302c6ff12f3980422fffa52e6?s=96&d=mm&r=g\",\"caption\":\"admin\"},\"sameAs\":[\"https:\/\/waracomunicaciones.com\/wp\"],\"url\":\"https:\/\/waracomunicaciones.com\/?author=1\"}]}<\/script>\n<!-- \/ Yoast SEO Premium plugin. -->","yoast_head_json":{"title":"Padres de Familia de Montero Exigen Mayor Presupuesto y Cumplimiento en Desayuno Escolar - Wara Comunicaciones","robots":{"index":"index","follow":"follow","max-snippet":"max-snippet:-1","max-image-preview":"max-image-preview:large","max-video-preview":"max-video-preview:-1"},"canonical":"https:\/\/waracomunicaciones.com\/?p=508","og_locale":"es_ES","og_type":"article","og_title":"Padres de Familia de Montero Exigen Mayor Presupuesto y Cumplimiento en Desayuno Escolar","og_description":"Montero, \u00a0\u2014 En una entrevista radial sostenida esta ma\u00f1ana, Alejandra Rivero Parra, presidenta de la Junta Distrital de Padres y Madres de Familia del Distrito Educativo de Montero, expres\u00f3 su preocupaci\u00f3n y molestia por el incumplimiento del compromiso asumido respecto a la entrega del desayuno escolar, as\u00ed como por la falta de participaci\u00f3n en la [&hellip;]","og_url":"https:\/\/waracomunicaciones.com\/?p=508","og_site_name":"Wara Comunicaciones","article_publisher":"https:\/\/www.facebook.com\/waracomunicaciones2017","article_published_time":"2025-08-14T04:21:27+00:00","article_modified_time":"2025-08-14T04:21:28+00:00","og_image":[{"width":1000,"height":796,"url":"https:\/\/waracomunicaciones.com\/wp-content\/uploads\/2025\/08\/junta.webp","type":"image\/webp"}],"author":"admin","twitter_card":"summary_large_image","twitter_misc":{"Escrito por":"admin","Tiempo de lectura":"3 minutos"},"schema":{"@context":"https:\/\/schema.org","@graph":[{"@type":"Article","@id":"https:\/\/waracomunicaciones.com\/?p=508#article","isPartOf":{"@id":"https:\/\/waracomunicaciones.com\/?p=508"},"author":{"name":"admin","@id":"https:\/\/waracomunicaciones.com\/#\/schema\/person\/e9db934bc91575cc71fe584c5973244a"},"headline":"Padres de Familia de Montero Exigen Mayor Presupuesto y Cumplimiento en Desayuno Escolar","datePublished":"2025-08-14T04:21:27+00:00","dateModified":"2025-08-14T04:21:28+00:00","mainEntityOfPage":{"@id":"https:\/\/waracomunicaciones.com\/?p=508"},"wordCount":496,"commentCount":0,"publisher":{"@id":"https:\/\/waracomunicaciones.com\/#organization"},"image":{"@id":"https:\/\/waracomunicaciones.com\/?p=508#primaryimage"},"thumbnailUrl":"https:\/\/waracomunicaciones.com\/wp-content\/uploads\/2025\/08\/junta.webp","keywords":["Alejandra Rivero Parra","Desayuno Escolar","Junta Escolar"],"articleSection":["Educaci\u00f3n"],"inLanguage":"es","potentialAction":[{"@type":"CommentAction","name":"Comment","target":["https:\/\/waracomunicaciones.com\/?p=508#respond"]}]},{"@type":"WebPage","@id":"https:\/\/waracomunicaciones.com\/?p=508","url":"https:\/\/waracomunicaciones.com\/?p=508","name":"Padres de Familia de Montero Exigen Mayor Presupuesto y Cumplimiento en Desayuno Escolar - Wara Comunicaciones","isPartOf":{"@id":"https:\/\/waracomunicaciones.com\/#website"},"primaryImageOfPage":{"@id":"https:\/\/waracomunicaciones.com\/?p=508#primaryimage"},"image":{"@id":"https:\/\/waracomunicaciones.com\/?p=508#primaryimage"},"thumbnailUrl":"https:\/\/waracomunicaciones.com\/wp-content\/uploads\/2025\/08\/junta.webp","datePublished":"2025-08-14T04:21:27+00:00","dateModified":"2025-08-14T04:21:28+00:00","breadcrumb":{"@id":"https:\/\/waracomunicaciones.com\/?p=508#breadcrumb"},"inLanguage":"es","potentialAction":[{"@type":"ReadAction","target":["https:\/\/waracomunicaciones.com\/?p=508"]}]},{"@type":"ImageObject","inLanguage":"es","@id":"https:\/\/waracomunicaciones.com\/?p=508#primaryimage","url":"https:\/\/waracomunicaciones.com\/wp-content\/uploads\/2025\/08\/junta.webp","contentUrl":"https:\/\/waracomunicaciones.com\/wp-content\/uploads\/2025\/08\/junta.webp","width":1000,"height":796},{"@type":"BreadcrumbList","@id":"https:\/\/waracomunicaciones.com\/?p=508#breadcrumb","itemListElement":[{"@type":"ListItem","position":1,"name":"Portada","item":"https:\/\/waracomunicaciones.com\/"},{"@type":"ListItem","position":2,"name":"Padres de Familia de Montero Exigen Mayor Presupuesto y Cumplimiento en Desayuno Escolar"}]},{"@type":"WebSite","@id":"https:\/\/waracomunicaciones.com\/#website","url":"https:\/\/waracomunicaciones.com\/","name":"Wara Comunicaciones","description":"","publisher":{"@id":"https:\/\/waracomunicaciones.com\/#organization"},"potentialAction":[{"@type":"SearchAction","target":{"@type":"EntryPoint","urlTemplate":"https:\/\/waracomunicaciones.com\/?s={search_term_string}"},"query-input":{"@type":"PropertyValueSpecification","valueRequired":true,"valueName":"search_term_string"}}],"inLanguage":"es"},{"@type":"Organization","@id":"https:\/\/waracomunicaciones.com\/#organization","name":"Wara Comunicaciones","url":"https:\/\/waracomunicaciones.com\/","logo":{"@type":"ImageObject","inLanguage":"es","@id":"https:\/\/waracomunicaciones.com\/#\/schema\/logo\/image\/","url":"https:\/\/waracomunicaciones.com\/wp-content\/uploads\/2025\/07\/logo.png","contentUrl":"https:\/\/waracomunicaciones.com\/wp-content\/uploads\/2025\/07\/logo.png","width":400,"height":164,"caption":"Wara Comunicaciones"},"image":{"@id":"https:\/\/waracomunicaciones.com\/#\/schema\/logo\/image\/"},"sameAs":["https:\/\/www.facebook.com\/waracomunicaciones2017"]},{"@type":"Person","@id":"https:\/\/waracomunicaciones.com\/#\/schema\/person\/e9db934bc91575cc71fe584c5973244a","name":"admin","image":{"@type":"ImageObject","inLanguage":"es","@id":"https:\/\/waracomunicaciones.com\/#\/schema\/person\/image\/","url":"https:\/\/secure.gravatar.com\/avatar\/bf27e9186df568254093afa216f887fece17605302c6ff12f3980422fffa52e6?s=96&d=mm&r=g","contentUrl":"https:\/\/secure.gravatar.com\/avatar\/bf27e9186df568254093afa216f887fece17605302c6ff12f3980422fffa52e6?s=96&d=mm&r=g","caption":"admin"},"sameAs":["https:\/\/waracomunicaciones.com\/wp"],"url":"https:\/\/waracomunicaciones.com\/?author=1"}]}},"_links":{"self":[{"href":"https:\/\/waracomunicaciones.com\/index.php?rest_route=\/wp\/v2\/posts\/508","targetHints":{"allow":["GET"]}}],"collection":[{"href":"https:\/\/waracomunicaciones.com\/index.php?rest_route=\/wp\/v2\/posts"}],"about":[{"href":"https:\/\/waracomunicaciones.com\/index.php?rest_route=\/wp\/v2\/types\/post"}],"author":[{"embeddable":true,"href":"https:\/\/waracomunicaciones.com\/index.php?rest_route=\/wp\/v2\/users\/1"}],"replies":[{"embeddable":true,"href":"https:\/\/waracomunicaciones.com\/index.php?rest_route=%2Fwp%2Fv2%2Fcomments&post=508"}],"version-history":[{"count":1,"href":"https:\/\/waracomunicaciones.com\/index.php?rest_route=\/wp\/v2\/posts\/508\/revisions"}],"predecessor-version":[{"id":510,"href":"https:\/\/waracomunicaciones.com\/index.php?rest_route=\/wp\/v2\/posts\/508\/revisions\/510"}],"wp:featuredmedia":[{"embeddable":true,"href":"https:\/\/waracomunicaciones.com\/index.php?rest_route=\/wp\/v2\/media\/509"}],"wp:attachment":[{"href":"https:\/\/waracomunicaciones.com\/index.php?rest_route=%2Fwp%2Fv2%2Fmedia&parent=508"}],"wp:term":[{"taxonomy":"category","embeddable":true,"href":"https:\/\/waracomunicaciones.com\/index.php?rest_route=%2Fwp%2Fv2%2Fcategories&post=508"},{"taxonomy":"post_tag","embeddable":true,"href":"https:\/\/waracomunicaciones.com\/index.php?rest_route=%2Fwp%2Fv2%2Ftags&post=508"}],"curies":[{"name":"wp","href":"https:\/\/api.w.org\/{rel}","templated":true}]}}