{"id":504,"date":"2025-08-13T04:54:46","date_gmt":"2025-08-13T08:54:46","guid":{"rendered":"https:\/\/waracomunicaciones.com\/?p=504"},"modified":"2025-08-13T06:33:33","modified_gmt":"2025-08-13T10:33:33","slug":"subgobernador-juan-carlos-maciel-aclara-situacion-de-deuda-por-desayuno-escolar-el-desembolso-depende-del-gobierno-nacional","status":"publish","type":"post","link":"https:\/\/waracomunicaciones.com\/?p=504","title":{"rendered":"Subgobernador Juan Carlos Maciel aclara situaci\u00f3n de deuda por desayuno escolar: \u00abEl desembolso depende del Gobierno Nacional\u00bb"},"content":{"rendered":"\n<figure class=\"wp-block-image size-full\"><img loading=\"lazy\" decoding=\"async\" width=\"1000\" height=\"563\" src=\"https:\/\/waracomunicaciones.com\/wp-content\/uploads\/2025\/08\/ffddfdfds.webp\" alt=\"\" class=\"wp-image-505\" srcset=\"https:\/\/waracomunicaciones.com\/wp-content\/uploads\/2025\/08\/ffddfdfds.webp 1000w, https:\/\/waracomunicaciones.com\/wp-content\/uploads\/2025\/08\/ffddfdfds-300x169.webp 300w, https:\/\/waracomunicaciones.com\/wp-content\/uploads\/2025\/08\/ffddfdfds-768x432.webp 768w\" sizes=\"auto, (max-width: 1000px) 100vw, 1000px\" \/><\/figure>\n\n\n<p><strong><b>Montero, &#8211;<\/b><\/strong>\u00a0Ante la creciente incertidumbre sobre el financiamiento del desayuno escolar en el municipio de Montero, el subgobernador de la provincia Obispo Santistevan, <strong><b>Juan Carlos Maciel<\/b><\/strong>, aclar\u00f3 que la <strong><b>Gobernaci\u00f3n de Santa Cruz a\u00fan no ha desembolsado los recursos comprometidos<\/b><\/strong>\u00a0debido a que est\u00e1 a la espera de un fideicomiso gestionado ante el Gobierno Nacional.<!--more--><\/p>\n<p>Maciel explic\u00f3 que la deuda con Montero asciende a aproximadamente <strong><b>1.200.000 bolivianos<\/b><\/strong>, correspondientes a la gesti\u00f3n 2025, adem\u00e1s de una parte pendiente del a\u00f1o anterior. Esta situaci\u00f3n no afecta \u00fanicamente a Montero, sino tambi\u00e9n a otros municipios de la provincia.<\/p>\n<p>\u201cSe firm\u00f3 un acuerdo con los alcaldes a trav\u00e9s de AMDECRUZ, y se est\u00e1 solicitando un fideicomiso al Gobierno Nacional. Una vez se desembolse ese cr\u00e9dito, la Gobernaci\u00f3n podr\u00e1 transferir los recursos comprometidos para la alimentaci\u00f3n complementaria\u201d, inform\u00f3 el subgobernador.<\/p>\n<p><strong><b>La situaci\u00f3n financiera y los mitos sobre el desayuno escolar<\/b><\/strong><\/p>\n<p>el municipio de Montero tiene asignado un presupuesto de <strong><b>11 millones de bolivianos<\/b><\/strong>, los recursos del nivel departamental son un <strong><b>complemento necesario<\/b><\/strong>, especialmente para mejorar la calidad y duraci\u00f3n del desayuno escolar.<\/p>\n<p>\u201cNo comparto la posici\u00f3n del anterior alcalde Baptista que dec\u00eda que lo que da la Gobernaci\u00f3n son migajas. Hay una ley \u2014la 622\u2014 que establece claramente que la Gobernaci\u00f3n debe coadyuvar con la alimentaci\u00f3n escolar. No se trata de caridad, es una obligaci\u00f3n legal\u201d, sostuvo.<\/p>\n<p>En ese sentido, se\u00f1al\u00f3 que en municipios peque\u00f1os, el aporte de la Gobernaci\u00f3n es muchas veces la base del desayuno escolar, y recalc\u00f3 que a pesar de la crisis, <strong><b>el municipio de Montero ha garantizado este servicio educativo<\/b><\/strong>\u00a0para los estudiantes.<\/p>\n<p><strong><b>Otros avances de la Su gobernaci\u00f3n en la provincia<\/b><\/strong><\/p>\n<p>Adem\u00e1s del tema alimentario, Maciel inform\u00f3 sobre diversos proyectos en ejecuci\u00f3n:<\/p>\n<ul>\n<li><b><\/b><strong><b>Instalaci\u00f3n de un nuevo pozo de agua<\/b><\/strong>en el distrito 2 de Montero.<\/li>\n<li><b><\/b><strong><b>Apoyo a unidades educativas<\/b><\/strong>con obras y recursos para el desarrollo de actividades.<\/li>\n<li><b><\/b><strong><b>Sistemas de riego y mantenimiento de caminos<\/b><\/strong><\/li>\n<li><b><\/b><strong><b>Ripiado de caminos<\/b><\/strong>, con una inversi\u00f3n superior al medio mill\u00f3n de bolivianos.<\/li>\n<\/ul>\n<p>\u201cA pesar de las dificultades con el combustible, que nos obliga a hacer colas por d\u00edas para cargar di\u00e9sel, seguimos cumpliendo. Estamos siendo transparentes con los alcaldes y productores, y trabajando con convenios para avanzar en beneficio de los cinco municipios de la provincia\u201d, concluy\u00f3.<\/p>\n<p>Maciel reiter\u00f3 su compromiso de seguir gestionando a pesar de la crisis econ\u00f3mica que afecta a los tres niveles del Estado y agradeci\u00f3 el espacio para informar de manera clara y directa a la poblaci\u00f3n.<\/p><div style=\"margin-top: 0px; margin-bottom: 0px;\" class=\"sharethis-inline-reaction-buttons\" ><\/div>","protected":false},"excerpt":{"rendered":"<p>Montero, &#8211;\u00a0Ante la creciente incertidumbre sobre el financiamiento del desayuno escolar en el municipio de Montero, el subgobernador de la provincia Obispo Santistevan, Juan Carlos Maciel, aclar\u00f3 que la Gobernaci\u00f3n de Santa Cruz a\u00fan no ha desembolsado los recursos comprometidos\u00a0debido a que est\u00e1 a la espera de un fideicomiso gestionado ante el Gobierno Nacional.<\/p>\n","protected":false},"author":1,"featured_media":505,"comment_status":"open","ping_status":"open","sticky":false,"template":"","format":"standard","meta":{"footnotes":""},"categories":[44],"tags":[73,139,19],"class_list":["post-504","post","type-post","status-publish","format-standard","has-post-thumbnail","hentry","category-educacion","tag-desayuno-escolar","tag-juan-carlos-maciel","tag-montero"],"yoast_head":"<!-- This site is optimized with the Yoast SEO Premium plugin v25.5 (Yoast SEO v27.1.1) - https:\/\/yoast.com\/product\/yoast-seo-premium-wordpress\/ -->\n<title>Subgobernador Juan Carlos Maciel aclara situaci\u00f3n de deuda por desayuno escolar: &quot;El desembolso depende del Gobierno Nacional&quot; - Wara Comunicaciones<\/title>\n<meta name=\"robots\" content=\"index, follow, max-snippet:-1, max-image-preview:large, max-video-preview:-1\" \/>\n<link rel=\"canonical\" href=\"https:\/\/waracomunicaciones.com\/?p=504\" \/>\n<meta property=\"og:locale\" content=\"es_ES\" \/>\n<meta property=\"og:type\" content=\"article\" \/>\n<meta property=\"og:title\" content=\"Subgobernador Juan Carlos Maciel aclara situaci\u00f3n de deuda por desayuno escolar: &quot;El desembolso depende del Gobierno Nacional&quot;\" \/>\n<meta property=\"og:description\" content=\"Montero, &#8211;\u00a0Ante la creciente incertidumbre sobre el financiamiento del desayuno escolar en el municipio de Montero, el subgobernador de la provincia Obispo Santistevan, Juan Carlos Maciel, aclar\u00f3 que la Gobernaci\u00f3n de Santa Cruz a\u00fan no ha desembolsado los recursos comprometidos\u00a0debido a que est\u00e1 a la espera de un fideicomiso gestionado ante el Gobierno Nacional.\" \/>\n<meta property=\"og:url\" content=\"https:\/\/waracomunicaciones.com\/?p=504\" \/>\n<meta property=\"og:site_name\" content=\"Wara Comunicaciones\" \/>\n<meta property=\"article:publisher\" content=\"https:\/\/www.facebook.com\/waracomunicaciones2017\" \/>\n<meta property=\"article:published_time\" content=\"2025-08-13T08:54:46+00:00\" \/>\n<meta property=\"article:modified_time\" content=\"2025-08-13T10:33:33+00:00\" \/>\n<meta property=\"og:image\" content=\"https:\/\/waracomunicaciones.com\/wp-content\/uploads\/2025\/08\/ffddfdfds.webp\" \/>\n\t<meta property=\"og:image:width\" content=\"1000\" \/>\n\t<meta property=\"og:image:height\" content=\"563\" \/>\n\t<meta property=\"og:image:type\" content=\"image\/webp\" \/>\n<meta name=\"author\" content=\"admin\" \/>\n<meta name=\"twitter:card\" content=\"summary_large_image\" \/>\n<meta name=\"twitter:label1\" content=\"Escrito por\" \/>\n\t<meta name=\"twitter:data1\" content=\"admin\" \/>\n\t<meta name=\"twitter:label2\" content=\"Tiempo de lectura\" \/>\n\t<meta name=\"twitter:data2\" content=\"3 minutos\" \/>\n<script type=\"application\/ld+json\" class=\"yoast-schema-graph\">{\"@context\":\"https:\/\/schema.org\",\"@graph\":[{\"@type\":\"Article\",\"@id\":\"https:\/\/waracomunicaciones.com\/?p=504#article\",\"isPartOf\":{\"@id\":\"https:\/\/waracomunicaciones.com\/?p=504\"},\"author\":{\"name\":\"admin\",\"@id\":\"https:\/\/waracomunicaciones.com\/#\/schema\/person\/e9db934bc91575cc71fe584c5973244a\"},\"headline\":\"Subgobernador Juan Carlos Maciel aclara situaci\u00f3n de deuda por desayuno escolar: \u00abEl desembolso depende del Gobierno Nacional\u00bb\",\"datePublished\":\"2025-08-13T08:54:46+00:00\",\"dateModified\":\"2025-08-13T10:33:33+00:00\",\"mainEntityOfPage\":{\"@id\":\"https:\/\/waracomunicaciones.com\/?p=504\"},\"wordCount\":454,\"commentCount\":0,\"publisher\":{\"@id\":\"https:\/\/waracomunicaciones.com\/#organization\"},\"image\":{\"@id\":\"https:\/\/waracomunicaciones.com\/?p=504#primaryimage\"},\"thumbnailUrl\":\"https:\/\/waracomunicaciones.com\/wp-content\/uploads\/2025\/08\/ffddfdfds.webp\",\"keywords\":[\"Desayuno Escolar\",\"Juan Carlos Maciel\",\"Montero\"],\"articleSection\":[\"Educaci\u00f3n\"],\"inLanguage\":\"es\",\"potentialAction\":[{\"@type\":\"CommentAction\",\"name\":\"Comment\",\"target\":[\"https:\/\/waracomunicaciones.com\/?p=504#respond\"]}]},{\"@type\":\"WebPage\",\"@id\":\"https:\/\/waracomunicaciones.com\/?p=504\",\"url\":\"https:\/\/waracomunicaciones.com\/?p=504\",\"name\":\"Subgobernador Juan Carlos Maciel aclara situaci\u00f3n de deuda por desayuno escolar: \\\"El desembolso depende del Gobierno Nacional\\\" - Wara Comunicaciones\",\"isPartOf\":{\"@id\":\"https:\/\/waracomunicaciones.com\/#website\"},\"primaryImageOfPage\":{\"@id\":\"https:\/\/waracomunicaciones.com\/?p=504#primaryimage\"},\"image\":{\"@id\":\"https:\/\/waracomunicaciones.com\/?p=504#primaryimage\"},\"thumbnailUrl\":\"https:\/\/waracomunicaciones.com\/wp-content\/uploads\/2025\/08\/ffddfdfds.webp\",\"datePublished\":\"2025-08-13T08:54:46+00:00\",\"dateModified\":\"2025-08-13T10:33:33+00:00\",\"breadcrumb\":{\"@id\":\"https:\/\/waracomunicaciones.com\/?p=504#breadcrumb\"},\"inLanguage\":\"es\",\"potentialAction\":[{\"@type\":\"ReadAction\",\"target\":[\"https:\/\/waracomunicaciones.com\/?p=504\"]}]},{\"@type\":\"ImageObject\",\"inLanguage\":\"es\",\"@id\":\"https:\/\/waracomunicaciones.com\/?p=504#primaryimage\",\"url\":\"https:\/\/waracomunicaciones.com\/wp-content\/uploads\/2025\/08\/ffddfdfds.webp\",\"contentUrl\":\"https:\/\/waracomunicaciones.com\/wp-content\/uploads\/2025\/08\/ffddfdfds.webp\",\"width\":1000,\"height\":563},{\"@type\":\"BreadcrumbList\",\"@id\":\"https:\/\/waracomunicaciones.com\/?p=504#breadcrumb\",\"itemListElement\":[{\"@type\":\"ListItem\",\"position\":1,\"name\":\"Portada\",\"item\":\"https:\/\/waracomunicaciones.com\/\"},{\"@type\":\"ListItem\",\"position\":2,\"name\":\"Subgobernador Juan Carlos Maciel aclara situaci\u00f3n de deuda por desayuno escolar: \u00abEl desembolso depende del Gobierno Nacional\u00bb\"}]},{\"@type\":\"WebSite\",\"@id\":\"https:\/\/waracomunicaciones.com\/#website\",\"url\":\"https:\/\/waracomunicaciones.com\/\",\"name\":\"Wara Comunicaciones\",\"description\":\"\",\"publisher\":{\"@id\":\"https:\/\/waracomunicaciones.com\/#organization\"},\"potentialAction\":[{\"@type\":\"SearchAction\",\"target\":{\"@type\":\"EntryPoint\",\"urlTemplate\":\"https:\/\/waracomunicaciones.com\/?s={search_term_string}\"},\"query-input\":{\"@type\":\"PropertyValueSpecification\",\"valueRequired\":true,\"valueName\":\"search_term_string\"}}],\"inLanguage\":\"es\"},{\"@type\":\"Organization\",\"@id\":\"https:\/\/waracomunicaciones.com\/#organization\",\"name\":\"Wara Comunicaciones\",\"url\":\"https:\/\/waracomunicaciones.com\/\",\"logo\":{\"@type\":\"ImageObject\",\"inLanguage\":\"es\",\"@id\":\"https:\/\/waracomunicaciones.com\/#\/schema\/logo\/image\/\",\"url\":\"https:\/\/waracomunicaciones.com\/wp-content\/uploads\/2025\/07\/logo.png\",\"contentUrl\":\"https:\/\/waracomunicaciones.com\/wp-content\/uploads\/2025\/07\/logo.png\",\"width\":400,\"height\":164,\"caption\":\"Wara Comunicaciones\"},\"image\":{\"@id\":\"https:\/\/waracomunicaciones.com\/#\/schema\/logo\/image\/\"},\"sameAs\":[\"https:\/\/www.facebook.com\/waracomunicaciones2017\"]},{\"@type\":\"Person\",\"@id\":\"https:\/\/waracomunicaciones.com\/#\/schema\/person\/e9db934bc91575cc71fe584c5973244a\",\"name\":\"admin\",\"image\":{\"@type\":\"ImageObject\",\"inLanguage\":\"es\",\"@id\":\"https:\/\/waracomunicaciones.com\/#\/schema\/person\/image\/\",\"url\":\"https:\/\/secure.gravatar.com\/avatar\/bf27e9186df568254093afa216f887fece17605302c6ff12f3980422fffa52e6?s=96&d=mm&r=g\",\"contentUrl\":\"https:\/\/secure.gravatar.com\/avatar\/bf27e9186df568254093afa216f887fece17605302c6ff12f3980422fffa52e6?s=96&d=mm&r=g\",\"caption\":\"admin\"},\"sameAs\":[\"https:\/\/waracomunicaciones.com\/wp\"],\"url\":\"https:\/\/waracomunicaciones.com\/?author=1\"}]}<\/script>\n<!-- \/ Yoast SEO Premium plugin. -->","yoast_head_json":{"title":"Subgobernador Juan Carlos Maciel aclara situaci\u00f3n de deuda por desayuno escolar: \"El desembolso depende del Gobierno Nacional\" - Wara Comunicaciones","robots":{"index":"index","follow":"follow","max-snippet":"max-snippet:-1","max-image-preview":"max-image-preview:large","max-video-preview":"max-video-preview:-1"},"canonical":"https:\/\/waracomunicaciones.com\/?p=504","og_locale":"es_ES","og_type":"article","og_title":"Subgobernador Juan Carlos Maciel aclara situaci\u00f3n de deuda por desayuno escolar: \"El desembolso depende del Gobierno Nacional\"","og_description":"Montero, &#8211;\u00a0Ante la creciente incertidumbre sobre el financiamiento del desayuno escolar en el municipio de Montero, el subgobernador de la provincia Obispo Santistevan, Juan Carlos Maciel, aclar\u00f3 que la Gobernaci\u00f3n de Santa Cruz a\u00fan no ha desembolsado los recursos comprometidos\u00a0debido a que est\u00e1 a la espera de un fideicomiso gestionado ante el Gobierno Nacional.","og_url":"https:\/\/waracomunicaciones.com\/?p=504","og_site_name":"Wara Comunicaciones","article_publisher":"https:\/\/www.facebook.com\/waracomunicaciones2017","article_published_time":"2025-08-13T08:54:46+00:00","article_modified_time":"2025-08-13T10:33:33+00:00","og_image":[{"width":1000,"height":563,"url":"https:\/\/waracomunicaciones.com\/wp-content\/uploads\/2025\/08\/ffddfdfds.webp","type":"image\/webp"}],"author":"admin","twitter_card":"summary_large_image","twitter_misc":{"Escrito por":"admin","Tiempo de lectura":"3 minutos"},"schema":{"@context":"https:\/\/schema.org","@graph":[{"@type":"Article","@id":"https:\/\/waracomunicaciones.com\/?p=504#article","isPartOf":{"@id":"https:\/\/waracomunicaciones.com\/?p=504"},"author":{"name":"admin","@id":"https:\/\/waracomunicaciones.com\/#\/schema\/person\/e9db934bc91575cc71fe584c5973244a"},"headline":"Subgobernador Juan Carlos Maciel aclara situaci\u00f3n de deuda por desayuno escolar: \u00abEl desembolso depende del Gobierno Nacional\u00bb","datePublished":"2025-08-13T08:54:46+00:00","dateModified":"2025-08-13T10:33:33+00:00","mainEntityOfPage":{"@id":"https:\/\/waracomunicaciones.com\/?p=504"},"wordCount":454,"commentCount":0,"publisher":{"@id":"https:\/\/waracomunicaciones.com\/#organization"},"image":{"@id":"https:\/\/waracomunicaciones.com\/?p=504#primaryimage"},"thumbnailUrl":"https:\/\/waracomunicaciones.com\/wp-content\/uploads\/2025\/08\/ffddfdfds.webp","keywords":["Desayuno Escolar","Juan Carlos Maciel","Montero"],"articleSection":["Educaci\u00f3n"],"inLanguage":"es","potentialAction":[{"@type":"CommentAction","name":"Comment","target":["https:\/\/waracomunicaciones.com\/?p=504#respond"]}]},{"@type":"WebPage","@id":"https:\/\/waracomunicaciones.com\/?p=504","url":"https:\/\/waracomunicaciones.com\/?p=504","name":"Subgobernador Juan Carlos Maciel aclara situaci\u00f3n de deuda por desayuno escolar: \"El desembolso depende del Gobierno Nacional\" - Wara Comunicaciones","isPartOf":{"@id":"https:\/\/waracomunicaciones.com\/#website"},"primaryImageOfPage":{"@id":"https:\/\/waracomunicaciones.com\/?p=504#primaryimage"},"image":{"@id":"https:\/\/waracomunicaciones.com\/?p=504#primaryimage"},"thumbnailUrl":"https:\/\/waracomunicaciones.com\/wp-content\/uploads\/2025\/08\/ffddfdfds.webp","datePublished":"2025-08-13T08:54:46+00:00","dateModified":"2025-08-13T10:33:33+00:00","breadcrumb":{"@id":"https:\/\/waracomunicaciones.com\/?p=504#breadcrumb"},"inLanguage":"es","potentialAction":[{"@type":"ReadAction","target":["https:\/\/waracomunicaciones.com\/?p=504"]}]},{"@type":"ImageObject","inLanguage":"es","@id":"https:\/\/waracomunicaciones.com\/?p=504#primaryimage","url":"https:\/\/waracomunicaciones.com\/wp-content\/uploads\/2025\/08\/ffddfdfds.webp","contentUrl":"https:\/\/waracomunicaciones.com\/wp-content\/uploads\/2025\/08\/ffddfdfds.webp","width":1000,"height":563},{"@type":"BreadcrumbList","@id":"https:\/\/waracomunicaciones.com\/?p=504#breadcrumb","itemListElement":[{"@type":"ListItem","position":1,"name":"Portada","item":"https:\/\/waracomunicaciones.com\/"},{"@type":"ListItem","position":2,"name":"Subgobernador Juan Carlos Maciel aclara situaci\u00f3n de deuda por desayuno escolar: \u00abEl desembolso depende del Gobierno Nacional\u00bb"}]},{"@type":"WebSite","@id":"https:\/\/waracomunicaciones.com\/#website","url":"https:\/\/waracomunicaciones.com\/","name":"Wara Comunicaciones","description":"","publisher":{"@id":"https:\/\/waracomunicaciones.com\/#organization"},"potentialAction":[{"@type":"SearchAction","target":{"@type":"EntryPoint","urlTemplate":"https:\/\/waracomunicaciones.com\/?s={search_term_string}"},"query-input":{"@type":"PropertyValueSpecification","valueRequired":true,"valueName":"search_term_string"}}],"inLanguage":"es"},{"@type":"Organization","@id":"https:\/\/waracomunicaciones.com\/#organization","name":"Wara Comunicaciones","url":"https:\/\/waracomunicaciones.com\/","logo":{"@type":"ImageObject","inLanguage":"es","@id":"https:\/\/waracomunicaciones.com\/#\/schema\/logo\/image\/","url":"https:\/\/waracomunicaciones.com\/wp-content\/uploads\/2025\/07\/logo.png","contentUrl":"https:\/\/waracomunicaciones.com\/wp-content\/uploads\/2025\/07\/logo.png","width":400,"height":164,"caption":"Wara Comunicaciones"},"image":{"@id":"https:\/\/waracomunicaciones.com\/#\/schema\/logo\/image\/"},"sameAs":["https:\/\/www.facebook.com\/waracomunicaciones2017"]},{"@type":"Person","@id":"https:\/\/waracomunicaciones.com\/#\/schema\/person\/e9db934bc91575cc71fe584c5973244a","name":"admin","image":{"@type":"ImageObject","inLanguage":"es","@id":"https:\/\/waracomunicaciones.com\/#\/schema\/person\/image\/","url":"https:\/\/secure.gravatar.com\/avatar\/bf27e9186df568254093afa216f887fece17605302c6ff12f3980422fffa52e6?s=96&d=mm&r=g","contentUrl":"https:\/\/secure.gravatar.com\/avatar\/bf27e9186df568254093afa216f887fece17605302c6ff12f3980422fffa52e6?s=96&d=mm&r=g","caption":"admin"},"sameAs":["https:\/\/waracomunicaciones.com\/wp"],"url":"https:\/\/waracomunicaciones.com\/?author=1"}]}},"_links":{"self":[{"href":"https:\/\/waracomunicaciones.com\/index.php?rest_route=\/wp\/v2\/posts\/504","targetHints":{"allow":["GET"]}}],"collection":[{"href":"https:\/\/waracomunicaciones.com\/index.php?rest_route=\/wp\/v2\/posts"}],"about":[{"href":"https:\/\/waracomunicaciones.com\/index.php?rest_route=\/wp\/v2\/types\/post"}],"author":[{"embeddable":true,"href":"https:\/\/waracomunicaciones.com\/index.php?rest_route=\/wp\/v2\/users\/1"}],"replies":[{"embeddable":true,"href":"https:\/\/waracomunicaciones.com\/index.php?rest_route=%2Fwp%2Fv2%2Fcomments&post=504"}],"version-history":[{"count":1,"href":"https:\/\/waracomunicaciones.com\/index.php?rest_route=\/wp\/v2\/posts\/504\/revisions"}],"predecessor-version":[{"id":506,"href":"https:\/\/waracomunicaciones.com\/index.php?rest_route=\/wp\/v2\/posts\/504\/revisions\/506"}],"wp:featuredmedia":[{"embeddable":true,"href":"https:\/\/waracomunicaciones.com\/index.php?rest_route=\/wp\/v2\/media\/505"}],"wp:attachment":[{"href":"https:\/\/waracomunicaciones.com\/index.php?rest_route=%2Fwp%2Fv2%2Fmedia&parent=504"}],"wp:term":[{"taxonomy":"category","embeddable":true,"href":"https:\/\/waracomunicaciones.com\/index.php?rest_route=%2Fwp%2Fv2%2Fcategories&post=504"},{"taxonomy":"post_tag","embeddable":true,"href":"https:\/\/waracomunicaciones.com\/index.php?rest_route=%2Fwp%2Fv2%2Ftags&post=504"}],"curies":[{"name":"wp","href":"https:\/\/api.w.org\/{rel}","templated":true}]}}