{"id":492,"date":"2025-08-12T17:37:21","date_gmt":"2025-08-12T21:37:21","guid":{"rendered":"https:\/\/waracomunicaciones.com\/?p=492"},"modified":"2025-08-12T17:37:22","modified_gmt":"2025-08-12T21:37:22","slug":"maico-moreno-cierra-campana-en-portachuelo-con-un-llamado-a-reactivar-la-economia-y-devolver-libertades","status":"publish","type":"post","link":"https:\/\/waracomunicaciones.com\/?p=492","title":{"rendered":"Maico Moreno cierra campa\u00f1a en Portachuelo con un llamado a reactivar la econom\u00eda y devolver libertades"},"content":{"rendered":"\n<figure class=\"wp-block-image size-full\"><img loading=\"lazy\" decoding=\"async\" width=\"1000\" height=\"667\" src=\"https:\/\/waracomunicaciones.com\/wp-content\/uploads\/2025\/08\/IMG-20250812-WA0034.webp\" alt=\"\" class=\"wp-image-493\" srcset=\"https:\/\/waracomunicaciones.com\/wp-content\/uploads\/2025\/08\/IMG-20250812-WA0034.webp 1000w, https:\/\/waracomunicaciones.com\/wp-content\/uploads\/2025\/08\/IMG-20250812-WA0034-300x200.webp 300w, https:\/\/waracomunicaciones.com\/wp-content\/uploads\/2025\/08\/IMG-20250812-WA0034-768x512.webp 768w\" sizes=\"auto, (max-width: 1000px) 100vw, 1000px\" \/><figcaption class=\"wp-element-caption\"><em>Cierre de campa\u00f1a en Portachuelo<\/em><\/figcaption><\/figure>\n\n\n<p><strong><b>Portachuelo, <\/b><\/strong>\u00a0\u2014 En un ambiente de cercan\u00eda con la ciudadan\u00eda, el candidato a diputado por la circunscripci\u00f3n 57 (C-57) de la Alianza Libre, <strong><b>Maico Moreno<\/b><\/strong>, cerr\u00f3 su campa\u00f1a electoral en la plaza principal de Portachuelo, con un mensaje enfocado en la <strong><b>reactivaci\u00f3n econ\u00f3mica<\/b><\/strong>, el <strong><b>fortalecimiento de la producci\u00f3n regional<\/b><\/strong>\u00a0y la <strong><b>recuperaci\u00f3n de libertades econ\u00f3micas<\/b><\/strong>.<!--more--><\/p>\n<p>Durante su discurso ante vecinos, comerciantes y profesionales del municipio, Moreno se\u00f1al\u00f3 que su principal compromiso es con las familias trabajadoras del Norte Cruce\u00f1o.<\/p>\n<p>\u201cQueremos romper con la concentraci\u00f3n de poder que ahoga a nuestros productores. Cada boliviano debe tener la libertad de salir adelante desde su tierra\u201d, manifest\u00f3.<\/p>\n<p>El candidato asegur\u00f3 que su propuesta legislativa busca <strong><b>devolver el protagonismo al ciudadano<\/b><\/strong>, mediante pol\u00edticas p\u00fablicas que impulsen el emprendimiento, fortalezcan la producci\u00f3n local y generen oportunidades econ\u00f3micas sostenibles.<\/p>\n<p>\u201cEl desarrollo no puede seguir dependiendo de decisiones centralizadas. Debemos liberar el potencial de nuestras regiones\u201d, a\u00f1adi\u00f3 Moreno.<\/p>\n<p>Con el acto de cierre en Portachuelo, la Alianza Libre concluye una etapa de campa\u00f1a centrada en el contacto directo con la poblaci\u00f3n, y se prepara para las elecciones del pr\u00f3ximo <strong><b>domingo 17 de agosto<\/b><\/strong>, donde esperan consolidar el respaldo de los votantes del norte del departamento.<\/p>\n\n\n<figure class=\"wp-block-gallery has-nested-images columns-default is-cropped wp-block-gallery-1 is-layout-flex wp-block-gallery-is-layout-flex\">\n<figure class=\"wp-block-image size-large\"><img loading=\"lazy\" decoding=\"async\" width=\"1000\" height=\"714\" data-id=\"495\" src=\"https:\/\/waracomunicaciones.com\/wp-content\/uploads\/2025\/08\/IMG-20250812-WA0037.webp\" alt=\"\" class=\"wp-image-495\" srcset=\"https:\/\/waracomunicaciones.com\/wp-content\/uploads\/2025\/08\/IMG-20250812-WA0037.webp 1000w, https:\/\/waracomunicaciones.com\/wp-content\/uploads\/2025\/08\/IMG-20250812-WA0037-300x214.webp 300w, https:\/\/waracomunicaciones.com\/wp-content\/uploads\/2025\/08\/IMG-20250812-WA0037-768x548.webp 768w\" sizes=\"auto, (max-width: 1000px) 100vw, 1000px\" \/><\/figure>\n\n\n\n<figure class=\"wp-block-image size-large\"><img loading=\"lazy\" decoding=\"async\" width=\"1000\" height=\"715\" data-id=\"496\" src=\"https:\/\/waracomunicaciones.com\/wp-content\/uploads\/2025\/08\/IMG-20250812-WA0036.webp\" alt=\"\" class=\"wp-image-496\" srcset=\"https:\/\/waracomunicaciones.com\/wp-content\/uploads\/2025\/08\/IMG-20250812-WA0036.webp 1000w, https:\/\/waracomunicaciones.com\/wp-content\/uploads\/2025\/08\/IMG-20250812-WA0036-300x215.webp 300w, https:\/\/waracomunicaciones.com\/wp-content\/uploads\/2025\/08\/IMG-20250812-WA0036-768x549.webp 768w\" sizes=\"auto, (max-width: 1000px) 100vw, 1000px\" \/><\/figure>\n\n\n\n<figure class=\"wp-block-image size-large\"><img loading=\"lazy\" decoding=\"async\" width=\"887\" height=\"634\" data-id=\"494\" src=\"https:\/\/waracomunicaciones.com\/wp-content\/uploads\/2025\/08\/IMG-20250812-WA0035.webp\" alt=\"\" class=\"wp-image-494\" srcset=\"https:\/\/waracomunicaciones.com\/wp-content\/uploads\/2025\/08\/IMG-20250812-WA0035.webp 887w, https:\/\/waracomunicaciones.com\/wp-content\/uploads\/2025\/08\/IMG-20250812-WA0035-300x214.webp 300w, https:\/\/waracomunicaciones.com\/wp-content\/uploads\/2025\/08\/IMG-20250812-WA0035-768x549.webp 768w\" sizes=\"auto, (max-width: 887px) 100vw, 887px\" \/><\/figure>\n\n\n\n<figure class=\"wp-block-image size-large\"><img loading=\"lazy\" decoding=\"async\" width=\"992\" height=\"709\" data-id=\"497\" src=\"https:\/\/waracomunicaciones.com\/wp-content\/uploads\/2025\/08\/IMG-20250812-WA0032.webp\" alt=\"\" class=\"wp-image-497\" srcset=\"https:\/\/waracomunicaciones.com\/wp-content\/uploads\/2025\/08\/IMG-20250812-WA0032.webp 992w, https:\/\/waracomunicaciones.com\/wp-content\/uploads\/2025\/08\/IMG-20250812-WA0032-300x214.webp 300w, https:\/\/waracomunicaciones.com\/wp-content\/uploads\/2025\/08\/IMG-20250812-WA0032-768x549.webp 768w\" sizes=\"auto, (max-width: 992px) 100vw, 992px\" \/><\/figure>\n\n\n\n<figure class=\"wp-block-image size-large\"><img loading=\"lazy\" decoding=\"async\" width=\"1000\" height=\"714\" data-id=\"498\" src=\"https:\/\/waracomunicaciones.com\/wp-content\/uploads\/2025\/08\/IMG-20250812-WA0033.webp\" alt=\"\" class=\"wp-image-498\" srcset=\"https:\/\/waracomunicaciones.com\/wp-content\/uploads\/2025\/08\/IMG-20250812-WA0033.webp 1000w, https:\/\/waracomunicaciones.com\/wp-content\/uploads\/2025\/08\/IMG-20250812-WA0033-300x214.webp 300w, https:\/\/waracomunicaciones.com\/wp-content\/uploads\/2025\/08\/IMG-20250812-WA0033-768x548.webp 768w\" sizes=\"auto, (max-width: 1000px) 100vw, 1000px\" \/><\/figure>\n<\/figure>\n<div style=\"margin-top: 0px; margin-bottom: 0px;\" class=\"sharethis-inline-reaction-buttons\" ><\/div>","protected":false},"excerpt":{"rendered":"<p>Portachuelo, \u00a0\u2014 En un ambiente de cercan\u00eda con la ciudadan\u00eda, el candidato a diputado por la circunscripci\u00f3n 57 (C-57) de la Alianza Libre, Maico Moreno, cerr\u00f3 su campa\u00f1a electoral en la plaza principal de Portachuelo, con un mensaje enfocado en la reactivaci\u00f3n econ\u00f3mica, el fortalecimiento de la producci\u00f3n regional\u00a0y la recuperaci\u00f3n de libertades econ\u00f3micas.<\/p>\n","protected":false},"author":1,"featured_media":493,"comment_status":"open","ping_status":"open","sticky":false,"template":"","format":"standard","meta":{"footnotes":""},"categories":[42],"tags":[31,57,11,28],"class_list":["post-492","post","type-post","status-publish","format-standard","has-post-thumbnail","hentry","category-politica","tag-alianza-libre","tag-c-57","tag-elecciones-nacionales-2025","tag-maico-moreno-vaca"],"yoast_head":"<!-- This site is optimized with the Yoast SEO Premium plugin v25.5 (Yoast SEO v27.1.1) - https:\/\/yoast.com\/product\/yoast-seo-premium-wordpress\/ -->\n<title>Maico Moreno cierra campa\u00f1a en Portachuelo con un llamado a reactivar la econom\u00eda y devolver libertades - Wara Comunicaciones<\/title>\n<meta name=\"robots\" content=\"index, follow, max-snippet:-1, max-image-preview:large, max-video-preview:-1\" \/>\n<link rel=\"canonical\" href=\"https:\/\/waracomunicaciones.com\/?p=492\" \/>\n<meta property=\"og:locale\" content=\"es_ES\" \/>\n<meta property=\"og:type\" content=\"article\" \/>\n<meta property=\"og:title\" content=\"Maico Moreno cierra campa\u00f1a en Portachuelo con un llamado a reactivar la econom\u00eda y devolver libertades\" \/>\n<meta property=\"og:description\" content=\"Portachuelo, \u00a0\u2014 En un ambiente de cercan\u00eda con la ciudadan\u00eda, el candidato a diputado por la circunscripci\u00f3n 57 (C-57) de la Alianza Libre, Maico Moreno, cerr\u00f3 su campa\u00f1a electoral en la plaza principal de Portachuelo, con un mensaje enfocado en la reactivaci\u00f3n econ\u00f3mica, el fortalecimiento de la producci\u00f3n regional\u00a0y la recuperaci\u00f3n de libertades econ\u00f3micas.\" \/>\n<meta property=\"og:url\" content=\"https:\/\/waracomunicaciones.com\/?p=492\" \/>\n<meta property=\"og:site_name\" content=\"Wara Comunicaciones\" \/>\n<meta property=\"article:publisher\" content=\"https:\/\/www.facebook.com\/waracomunicaciones2017\" \/>\n<meta property=\"article:published_time\" content=\"2025-08-12T21:37:21+00:00\" \/>\n<meta property=\"article:modified_time\" content=\"2025-08-12T21:37:22+00:00\" \/>\n<meta property=\"og:image\" content=\"https:\/\/waracomunicaciones.com\/wp-content\/uploads\/2025\/08\/IMG-20250812-WA0034.webp\" \/>\n\t<meta property=\"og:image:width\" content=\"1000\" \/>\n\t<meta property=\"og:image:height\" content=\"667\" \/>\n\t<meta property=\"og:image:type\" content=\"image\/webp\" \/>\n<meta name=\"author\" content=\"admin\" \/>\n<meta name=\"twitter:card\" content=\"summary_large_image\" \/>\n<meta name=\"twitter:label1\" content=\"Escrito por\" \/>\n\t<meta name=\"twitter:data1\" content=\"admin\" \/>\n\t<meta name=\"twitter:label2\" content=\"Tiempo de lectura\" \/>\n\t<meta name=\"twitter:data2\" content=\"3 minutos\" \/>\n<script type=\"application\/ld+json\" class=\"yoast-schema-graph\">{\"@context\":\"https:\/\/schema.org\",\"@graph\":[{\"@type\":\"Article\",\"@id\":\"https:\/\/waracomunicaciones.com\/?p=492#article\",\"isPartOf\":{\"@id\":\"https:\/\/waracomunicaciones.com\/?p=492\"},\"author\":{\"name\":\"admin\",\"@id\":\"https:\/\/waracomunicaciones.com\/#\/schema\/person\/e9db934bc91575cc71fe584c5973244a\"},\"headline\":\"Maico Moreno cierra campa\u00f1a en Portachuelo con un llamado a reactivar la econom\u00eda y devolver libertades\",\"datePublished\":\"2025-08-12T21:37:21+00:00\",\"dateModified\":\"2025-08-12T21:37:22+00:00\",\"mainEntityOfPage\":{\"@id\":\"https:\/\/waracomunicaciones.com\/?p=492\"},\"wordCount\":239,\"commentCount\":0,\"publisher\":{\"@id\":\"https:\/\/waracomunicaciones.com\/#organization\"},\"image\":{\"@id\":\"https:\/\/waracomunicaciones.com\/?p=492#primaryimage\"},\"thumbnailUrl\":\"https:\/\/waracomunicaciones.com\/wp-content\/uploads\/2025\/08\/IMG-20250812-WA0034.webp\",\"keywords\":[\"Alianza Libre\",\"C-57\",\"Elecciones Nacionales 2025\",\"Maico Moreno Vaca\"],\"articleSection\":[\"Pol\u00edtica\"],\"inLanguage\":\"es\",\"potentialAction\":[{\"@type\":\"CommentAction\",\"name\":\"Comment\",\"target\":[\"https:\/\/waracomunicaciones.com\/?p=492#respond\"]}]},{\"@type\":\"WebPage\",\"@id\":\"https:\/\/waracomunicaciones.com\/?p=492\",\"url\":\"https:\/\/waracomunicaciones.com\/?p=492\",\"name\":\"Maico Moreno cierra campa\u00f1a en Portachuelo con un llamado a reactivar la econom\u00eda y devolver libertades - Wara Comunicaciones\",\"isPartOf\":{\"@id\":\"https:\/\/waracomunicaciones.com\/#website\"},\"primaryImageOfPage\":{\"@id\":\"https:\/\/waracomunicaciones.com\/?p=492#primaryimage\"},\"image\":{\"@id\":\"https:\/\/waracomunicaciones.com\/?p=492#primaryimage\"},\"thumbnailUrl\":\"https:\/\/waracomunicaciones.com\/wp-content\/uploads\/2025\/08\/IMG-20250812-WA0034.webp\",\"datePublished\":\"2025-08-12T21:37:21+00:00\",\"dateModified\":\"2025-08-12T21:37:22+00:00\",\"breadcrumb\":{\"@id\":\"https:\/\/waracomunicaciones.com\/?p=492#breadcrumb\"},\"inLanguage\":\"es\",\"potentialAction\":[{\"@type\":\"ReadAction\",\"target\":[\"https:\/\/waracomunicaciones.com\/?p=492\"]}]},{\"@type\":\"ImageObject\",\"inLanguage\":\"es\",\"@id\":\"https:\/\/waracomunicaciones.com\/?p=492#primaryimage\",\"url\":\"https:\/\/waracomunicaciones.com\/wp-content\/uploads\/2025\/08\/IMG-20250812-WA0034.webp\",\"contentUrl\":\"https:\/\/waracomunicaciones.com\/wp-content\/uploads\/2025\/08\/IMG-20250812-WA0034.webp\",\"width\":1000,\"height\":667},{\"@type\":\"BreadcrumbList\",\"@id\":\"https:\/\/waracomunicaciones.com\/?p=492#breadcrumb\",\"itemListElement\":[{\"@type\":\"ListItem\",\"position\":1,\"name\":\"Portada\",\"item\":\"https:\/\/waracomunicaciones.com\/\"},{\"@type\":\"ListItem\",\"position\":2,\"name\":\"Maico Moreno cierra campa\u00f1a en Portachuelo con un llamado a reactivar la econom\u00eda y devolver libertades\"}]},{\"@type\":\"WebSite\",\"@id\":\"https:\/\/waracomunicaciones.com\/#website\",\"url\":\"https:\/\/waracomunicaciones.com\/\",\"name\":\"Wara Comunicaciones\",\"description\":\"\",\"publisher\":{\"@id\":\"https:\/\/waracomunicaciones.com\/#organization\"},\"potentialAction\":[{\"@type\":\"SearchAction\",\"target\":{\"@type\":\"EntryPoint\",\"urlTemplate\":\"https:\/\/waracomunicaciones.com\/?s={search_term_string}\"},\"query-input\":{\"@type\":\"PropertyValueSpecification\",\"valueRequired\":true,\"valueName\":\"search_term_string\"}}],\"inLanguage\":\"es\"},{\"@type\":\"Organization\",\"@id\":\"https:\/\/waracomunicaciones.com\/#organization\",\"name\":\"Wara Comunicaciones\",\"url\":\"https:\/\/waracomunicaciones.com\/\",\"logo\":{\"@type\":\"ImageObject\",\"inLanguage\":\"es\",\"@id\":\"https:\/\/waracomunicaciones.com\/#\/schema\/logo\/image\/\",\"url\":\"https:\/\/waracomunicaciones.com\/wp-content\/uploads\/2025\/07\/logo.png\",\"contentUrl\":\"https:\/\/waracomunicaciones.com\/wp-content\/uploads\/2025\/07\/logo.png\",\"width\":400,\"height\":164,\"caption\":\"Wara Comunicaciones\"},\"image\":{\"@id\":\"https:\/\/waracomunicaciones.com\/#\/schema\/logo\/image\/\"},\"sameAs\":[\"https:\/\/www.facebook.com\/waracomunicaciones2017\"]},{\"@type\":\"Person\",\"@id\":\"https:\/\/waracomunicaciones.com\/#\/schema\/person\/e9db934bc91575cc71fe584c5973244a\",\"name\":\"admin\",\"image\":{\"@type\":\"ImageObject\",\"inLanguage\":\"es\",\"@id\":\"https:\/\/waracomunicaciones.com\/#\/schema\/person\/image\/\",\"url\":\"https:\/\/secure.gravatar.com\/avatar\/bf27e9186df568254093afa216f887fece17605302c6ff12f3980422fffa52e6?s=96&d=mm&r=g\",\"contentUrl\":\"https:\/\/secure.gravatar.com\/avatar\/bf27e9186df568254093afa216f887fece17605302c6ff12f3980422fffa52e6?s=96&d=mm&r=g\",\"caption\":\"admin\"},\"sameAs\":[\"https:\/\/waracomunicaciones.com\/wp\"],\"url\":\"https:\/\/waracomunicaciones.com\/?author=1\"}]}<\/script>\n<!-- \/ Yoast SEO Premium plugin. -->","yoast_head_json":{"title":"Maico Moreno cierra campa\u00f1a en Portachuelo con un llamado a reactivar la econom\u00eda y devolver libertades - Wara Comunicaciones","robots":{"index":"index","follow":"follow","max-snippet":"max-snippet:-1","max-image-preview":"max-image-preview:large","max-video-preview":"max-video-preview:-1"},"canonical":"https:\/\/waracomunicaciones.com\/?p=492","og_locale":"es_ES","og_type":"article","og_title":"Maico Moreno cierra campa\u00f1a en Portachuelo con un llamado a reactivar la econom\u00eda y devolver libertades","og_description":"Portachuelo, \u00a0\u2014 En un ambiente de cercan\u00eda con la ciudadan\u00eda, el candidato a diputado por la circunscripci\u00f3n 57 (C-57) de la Alianza Libre, Maico Moreno, cerr\u00f3 su campa\u00f1a electoral en la plaza principal de Portachuelo, con un mensaje enfocado en la reactivaci\u00f3n econ\u00f3mica, el fortalecimiento de la producci\u00f3n regional\u00a0y la recuperaci\u00f3n de libertades econ\u00f3micas.","og_url":"https:\/\/waracomunicaciones.com\/?p=492","og_site_name":"Wara Comunicaciones","article_publisher":"https:\/\/www.facebook.com\/waracomunicaciones2017","article_published_time":"2025-08-12T21:37:21+00:00","article_modified_time":"2025-08-12T21:37:22+00:00","og_image":[{"width":1000,"height":667,"url":"https:\/\/waracomunicaciones.com\/wp-content\/uploads\/2025\/08\/IMG-20250812-WA0034.webp","type":"image\/webp"}],"author":"admin","twitter_card":"summary_large_image","twitter_misc":{"Escrito por":"admin","Tiempo de lectura":"3 minutos"},"schema":{"@context":"https:\/\/schema.org","@graph":[{"@type":"Article","@id":"https:\/\/waracomunicaciones.com\/?p=492#article","isPartOf":{"@id":"https:\/\/waracomunicaciones.com\/?p=492"},"author":{"name":"admin","@id":"https:\/\/waracomunicaciones.com\/#\/schema\/person\/e9db934bc91575cc71fe584c5973244a"},"headline":"Maico Moreno cierra campa\u00f1a en Portachuelo con un llamado a reactivar la econom\u00eda y devolver libertades","datePublished":"2025-08-12T21:37:21+00:00","dateModified":"2025-08-12T21:37:22+00:00","mainEntityOfPage":{"@id":"https:\/\/waracomunicaciones.com\/?p=492"},"wordCount":239,"commentCount":0,"publisher":{"@id":"https:\/\/waracomunicaciones.com\/#organization"},"image":{"@id":"https:\/\/waracomunicaciones.com\/?p=492#primaryimage"},"thumbnailUrl":"https:\/\/waracomunicaciones.com\/wp-content\/uploads\/2025\/08\/IMG-20250812-WA0034.webp","keywords":["Alianza Libre","C-57","Elecciones Nacionales 2025","Maico Moreno Vaca"],"articleSection":["Pol\u00edtica"],"inLanguage":"es","potentialAction":[{"@type":"CommentAction","name":"Comment","target":["https:\/\/waracomunicaciones.com\/?p=492#respond"]}]},{"@type":"WebPage","@id":"https:\/\/waracomunicaciones.com\/?p=492","url":"https:\/\/waracomunicaciones.com\/?p=492","name":"Maico Moreno cierra campa\u00f1a en Portachuelo con un llamado a reactivar la econom\u00eda y devolver libertades - Wara Comunicaciones","isPartOf":{"@id":"https:\/\/waracomunicaciones.com\/#website"},"primaryImageOfPage":{"@id":"https:\/\/waracomunicaciones.com\/?p=492#primaryimage"},"image":{"@id":"https:\/\/waracomunicaciones.com\/?p=492#primaryimage"},"thumbnailUrl":"https:\/\/waracomunicaciones.com\/wp-content\/uploads\/2025\/08\/IMG-20250812-WA0034.webp","datePublished":"2025-08-12T21:37:21+00:00","dateModified":"2025-08-12T21:37:22+00:00","breadcrumb":{"@id":"https:\/\/waracomunicaciones.com\/?p=492#breadcrumb"},"inLanguage":"es","potentialAction":[{"@type":"ReadAction","target":["https:\/\/waracomunicaciones.com\/?p=492"]}]},{"@type":"ImageObject","inLanguage":"es","@id":"https:\/\/waracomunicaciones.com\/?p=492#primaryimage","url":"https:\/\/waracomunicaciones.com\/wp-content\/uploads\/2025\/08\/IMG-20250812-WA0034.webp","contentUrl":"https:\/\/waracomunicaciones.com\/wp-content\/uploads\/2025\/08\/IMG-20250812-WA0034.webp","width":1000,"height":667},{"@type":"BreadcrumbList","@id":"https:\/\/waracomunicaciones.com\/?p=492#breadcrumb","itemListElement":[{"@type":"ListItem","position":1,"name":"Portada","item":"https:\/\/waracomunicaciones.com\/"},{"@type":"ListItem","position":2,"name":"Maico Moreno cierra campa\u00f1a en Portachuelo con un llamado a reactivar la econom\u00eda y devolver libertades"}]},{"@type":"WebSite","@id":"https:\/\/waracomunicaciones.com\/#website","url":"https:\/\/waracomunicaciones.com\/","name":"Wara Comunicaciones","description":"","publisher":{"@id":"https:\/\/waracomunicaciones.com\/#organization"},"potentialAction":[{"@type":"SearchAction","target":{"@type":"EntryPoint","urlTemplate":"https:\/\/waracomunicaciones.com\/?s={search_term_string}"},"query-input":{"@type":"PropertyValueSpecification","valueRequired":true,"valueName":"search_term_string"}}],"inLanguage":"es"},{"@type":"Organization","@id":"https:\/\/waracomunicaciones.com\/#organization","name":"Wara Comunicaciones","url":"https:\/\/waracomunicaciones.com\/","logo":{"@type":"ImageObject","inLanguage":"es","@id":"https:\/\/waracomunicaciones.com\/#\/schema\/logo\/image\/","url":"https:\/\/waracomunicaciones.com\/wp-content\/uploads\/2025\/07\/logo.png","contentUrl":"https:\/\/waracomunicaciones.com\/wp-content\/uploads\/2025\/07\/logo.png","width":400,"height":164,"caption":"Wara Comunicaciones"},"image":{"@id":"https:\/\/waracomunicaciones.com\/#\/schema\/logo\/image\/"},"sameAs":["https:\/\/www.facebook.com\/waracomunicaciones2017"]},{"@type":"Person","@id":"https:\/\/waracomunicaciones.com\/#\/schema\/person\/e9db934bc91575cc71fe584c5973244a","name":"admin","image":{"@type":"ImageObject","inLanguage":"es","@id":"https:\/\/waracomunicaciones.com\/#\/schema\/person\/image\/","url":"https:\/\/secure.gravatar.com\/avatar\/bf27e9186df568254093afa216f887fece17605302c6ff12f3980422fffa52e6?s=96&d=mm&r=g","contentUrl":"https:\/\/secure.gravatar.com\/avatar\/bf27e9186df568254093afa216f887fece17605302c6ff12f3980422fffa52e6?s=96&d=mm&r=g","caption":"admin"},"sameAs":["https:\/\/waracomunicaciones.com\/wp"],"url":"https:\/\/waracomunicaciones.com\/?author=1"}]}},"_links":{"self":[{"href":"https:\/\/waracomunicaciones.com\/index.php?rest_route=\/wp\/v2\/posts\/492","targetHints":{"allow":["GET"]}}],"collection":[{"href":"https:\/\/waracomunicaciones.com\/index.php?rest_route=\/wp\/v2\/posts"}],"about":[{"href":"https:\/\/waracomunicaciones.com\/index.php?rest_route=\/wp\/v2\/types\/post"}],"author":[{"embeddable":true,"href":"https:\/\/waracomunicaciones.com\/index.php?rest_route=\/wp\/v2\/users\/1"}],"replies":[{"embeddable":true,"href":"https:\/\/waracomunicaciones.com\/index.php?rest_route=%2Fwp%2Fv2%2Fcomments&post=492"}],"version-history":[{"count":1,"href":"https:\/\/waracomunicaciones.com\/index.php?rest_route=\/wp\/v2\/posts\/492\/revisions"}],"predecessor-version":[{"id":499,"href":"https:\/\/waracomunicaciones.com\/index.php?rest_route=\/wp\/v2\/posts\/492\/revisions\/499"}],"wp:featuredmedia":[{"embeddable":true,"href":"https:\/\/waracomunicaciones.com\/index.php?rest_route=\/wp\/v2\/media\/493"}],"wp:attachment":[{"href":"https:\/\/waracomunicaciones.com\/index.php?rest_route=%2Fwp%2Fv2%2Fmedia&parent=492"}],"wp:term":[{"taxonomy":"category","embeddable":true,"href":"https:\/\/waracomunicaciones.com\/index.php?rest_route=%2Fwp%2Fv2%2Fcategories&post=492"},{"taxonomy":"post_tag","embeddable":true,"href":"https:\/\/waracomunicaciones.com\/index.php?rest_route=%2Fwp%2Fv2%2Ftags&post=492"}],"curies":[{"name":"wp","href":"https:\/\/api.w.org\/{rel}","templated":true}]}}