{"id":485,"date":"2025-08-12T17:28:56","date_gmt":"2025-08-12T21:28:56","guid":{"rendered":"https:\/\/waracomunicaciones.com\/?p=485"},"modified":"2025-08-12T17:29:22","modified_gmt":"2025-08-12T21:29:22","slug":"cierre-de-campana-de-la-alianza-unidad-en-montero-reune-a-miles-de-simpatizantes","status":"publish","type":"post","link":"https:\/\/waracomunicaciones.com\/?p=485","title":{"rendered":"Cierre de campa\u00f1a de la Alianza Unidad en Montero re\u00fane a miles de simpatizantes"},"content":{"rendered":"\n<figure class=\"wp-block-image size-full\"><img loading=\"lazy\" decoding=\"async\" width=\"1000\" height=\"667\" src=\"https:\/\/waracomunicaciones.com\/wp-content\/uploads\/2025\/08\/dsdsdfggf.webp\" alt=\"\" class=\"wp-image-486\" srcset=\"https:\/\/waracomunicaciones.com\/wp-content\/uploads\/2025\/08\/dsdsdfggf.webp 1000w, https:\/\/waracomunicaciones.com\/wp-content\/uploads\/2025\/08\/dsdsdfggf-300x200.webp 300w, https:\/\/waracomunicaciones.com\/wp-content\/uploads\/2025\/08\/dsdsdfggf-768x512.webp 768w\" sizes=\"auto, (max-width: 1000px) 100vw, 1000px\" \/><figcaption class=\"wp-element-caption\"><em>Cierre de Campa\u00f1a de Alianza Unidad en Montero &#8211; Foto Facebook <a href=\"https:\/\/www.facebook.com\/profile.php?id=61563283268248&amp;__cft__[0]=AZXcXmSNgVoVRvFoHRS9wXz0k5lYWEgZULfvpjIxMdcuOHqxyibHiP4DVmruYgrv4ZuH7ojLM-oQNutt_tOJdnAwp2SOIxIU1GRXTElqJ_nFpJp1XNAKhNNEpTLjopEhWTGVEp1aXR8gQzmkXlSe4O7PMmnoC1lv59aaVWVokAzCkYfV2zxEW284cPybtoY0g3EgOp3OPwsl-WVrpQAM8v2p&amp;__tn__=-UC*F\">Sibtick Fotograf\u00eda<\/a><\/em><\/figcaption><\/figure>\n\n\n<p><strong><b>Montero, <\/b><\/strong>\u00a0\u2014 En un ambiente de entusiasmo y esperanza democr\u00e1tica, la Alianza Unidad cerr\u00f3 su campa\u00f1a electoral en el municipio de Montero con una masiva concentraci\u00f3n que recorri\u00f3 desde la Rotonda Norte hasta la plaza principal, finalizando en su casa de campa\u00f1a con un mitin encabezado por sus principales candidatos.<!--more--><\/p>\n<p>Julio L\u00f3pez, jefe de campa\u00f1a en Montero, expres\u00f3 su satisfacci\u00f3n por el respaldo ciudadano al proyecto pol\u00edtico liderado por <strong><b>Samuel Luria Medina<\/b><\/strong>, candidato presidencial de la alianza, junto a <strong><b>Kelly Velarde<\/b><\/strong>, candidata a diputada por la circunscripci\u00f3n \u00a0(C-57), y <strong><b>Andr\u00e9s Medina<\/b><\/strong>, aspirante a diputado plurinominal.<\/p>\n<p>\u201cEstamos muy contentos, querido Tom\u00e1s Coca, porque somos parte de esa palabra tan importante que es democracia. Y en democracia tenemos todo el derecho de elegir y ser elegidos\u201d, declar\u00f3 L\u00f3pez en entrevista con medios locales.<\/p>\n<p>L\u00f3pez destac\u00f3 que la campa\u00f1a se desarroll\u00f3 principalmente con una estrategia de contacto directo con la poblaci\u00f3n, realizando visitas \u201cpuerta a puerta\u201d en los nueve distritos de Montero. Sin embargo, reconoci\u00f3 las limitaciones econ\u00f3micas que impidieron una presencia masiva en medios tradicionales como radio y televisi\u00f3n.<\/p>\n<p>\u201cPedimos mil disculpas por no haber podido llegar a todos los hogares por esos medios. La crisis nos ha golpeado a todos, pero eso no detuvo nuestro compromiso con la gente\u201d, afirm\u00f3.<\/p>\n<p>Seg\u00fan L\u00f3pez, entre 10.000 y 15.000 personas se dieron cita en el evento final de campa\u00f1a, lo que, seg\u00fan sus palabras, demuestra \u201cel poder de convocatoria y el respaldo popular\u201d hacia los candidatos de la Alianza Unidad.<\/p>\n<p>Por su parte, el presidente del Concejo Municipal, <strong><b>Willan Perales<\/b><\/strong>, se mostr\u00f3 optimista y asegur\u00f3 que la victoria de Samuel se concretar\u00e1 en primera vuelta:<\/p>\n<p>\u201cSon 11 encuestas que lo sit\u00faan en primer lugar. La suerte est\u00e1 echada, no habr\u00e1 segunda vuelta. El pueblo ya decidi\u00f3\u201d, sostuvo.<\/p>\n<p>Tambi\u00e9n particip\u00f3 la concejal <strong><b>Ana Bel Siles<\/b><\/strong>, quien subray\u00f3 la confianza de la poblaci\u00f3n en la juventud y liderazgo de la candidata Kelly Velarde:<\/p>\n<p>\u201cMontero quiere cambio, y qu\u00e9 mejor que con una mujer joven, con experiencia y principios. Samuel, como empresario exitoso, ha demostrado capacidad, y ahora queremos que esa experiencia llegue al gobierno\u201d.<\/p>\n<p>El cierre de campa\u00f1a concluy\u00f3 con llamados a la participaci\u00f3n ciudadana para las elecciones del pr\u00f3ximo <strong><b>domingo 17 de agosto<\/b><\/strong>, jornada en la que se definir\u00e1n los nuevos representantes del pa\u00eds. Los organizadores coincidieron en que esta elecci\u00f3n representa una oportunidad para \u201cenderezar a Bolivia por la ruta del cambio\u201d a trav\u00e9s del consenso y la unidad.<\/p>\n\n\n<figure class=\"wp-block-gallery has-nested-images columns-default is-cropped wp-block-gallery-1 is-layout-flex wp-block-gallery-is-layout-flex\">\n<figure class=\"wp-block-image size-large\"><img loading=\"lazy\" decoding=\"async\" width=\"1000\" height=\"667\" data-id=\"487\" src=\"https:\/\/waracomunicaciones.com\/wp-content\/uploads\/2025\/08\/ddsdsdsds.webp\" alt=\"\" class=\"wp-image-487\" srcset=\"https:\/\/waracomunicaciones.com\/wp-content\/uploads\/2025\/08\/ddsdsdsds.webp 1000w, https:\/\/waracomunicaciones.com\/wp-content\/uploads\/2025\/08\/ddsdsdsds-300x200.webp 300w, https:\/\/waracomunicaciones.com\/wp-content\/uploads\/2025\/08\/ddsdsdsds-768x512.webp 768w\" sizes=\"auto, (max-width: 1000px) 100vw, 1000px\" \/><\/figure>\n\n\n\n<figure class=\"wp-block-image size-large\"><img loading=\"lazy\" decoding=\"async\" width=\"1000\" height=\"667\" data-id=\"488\" src=\"https:\/\/waracomunicaciones.com\/wp-content\/uploads\/2025\/08\/dsddsdd.webp\" alt=\"\" class=\"wp-image-488\" srcset=\"https:\/\/waracomunicaciones.com\/wp-content\/uploads\/2025\/08\/dsddsdd.webp 1000w, https:\/\/waracomunicaciones.com\/wp-content\/uploads\/2025\/08\/dsddsdd-300x200.webp 300w, https:\/\/waracomunicaciones.com\/wp-content\/uploads\/2025\/08\/dsddsdd-768x512.webp 768w\" sizes=\"auto, (max-width: 1000px) 100vw, 1000px\" \/><\/figure>\n\n\n\n<figure class=\"wp-block-image size-large\"><img loading=\"lazy\" decoding=\"async\" width=\"1000\" height=\"667\" data-id=\"489\" src=\"https:\/\/waracomunicaciones.com\/wp-content\/uploads\/2025\/08\/ffffhh.webp\" alt=\"\" class=\"wp-image-489\" srcset=\"https:\/\/waracomunicaciones.com\/wp-content\/uploads\/2025\/08\/ffffhh.webp 1000w, https:\/\/waracomunicaciones.com\/wp-content\/uploads\/2025\/08\/ffffhh-300x200.webp 300w, https:\/\/waracomunicaciones.com\/wp-content\/uploads\/2025\/08\/ffffhh-768x512.webp 768w\" sizes=\"auto, (max-width: 1000px) 100vw, 1000px\" \/><\/figure>\n\n\n\n<figure class=\"wp-block-image size-large\"><img loading=\"lazy\" decoding=\"async\" width=\"1000\" height=\"667\" data-id=\"490\" src=\"https:\/\/waracomunicaciones.com\/wp-content\/uploads\/2025\/08\/assaassa.webp\" alt=\"\" class=\"wp-image-490\" srcset=\"https:\/\/waracomunicaciones.com\/wp-content\/uploads\/2025\/08\/assaassa.webp 1000w, https:\/\/waracomunicaciones.com\/wp-content\/uploads\/2025\/08\/assaassa-300x200.webp 300w, https:\/\/waracomunicaciones.com\/wp-content\/uploads\/2025\/08\/assaassa-768x512.webp 768w\" sizes=\"auto, (max-width: 1000px) 100vw, 1000px\" \/><\/figure>\n<\/figure>\n<div style=\"margin-top: 0px; margin-bottom: 0px;\" class=\"sharethis-inline-reaction-buttons\" ><\/div>","protected":false},"excerpt":{"rendered":"<p>Montero, \u00a0\u2014 En un ambiente de entusiasmo y esperanza democr\u00e1tica, la Alianza Unidad cerr\u00f3 su campa\u00f1a electoral en el municipio de Montero con una masiva concentraci\u00f3n que recorri\u00f3 desde la Rotonda Norte hasta la plaza principal, finalizando en su casa de campa\u00f1a con un mitin encabezado por sus principales candidatos.<\/p>\n","protected":false},"author":1,"featured_media":486,"comment_status":"open","ping_status":"open","sticky":false,"template":"","format":"standard","meta":{"footnotes":""},"categories":[42],"tags":[122,57,11,32],"class_list":["post-485","post","type-post","status-publish","format-standard","has-post-thumbnail","hentry","category-politica","tag-alianza-unidad","tag-c-57","tag-elecciones-nacionales-2025","tag-kelly-velarde"],"yoast_head":"<!-- This site is optimized with the Yoast SEO Premium plugin v25.5 (Yoast SEO v27.1.1) - https:\/\/yoast.com\/product\/yoast-seo-premium-wordpress\/ -->\n<title>Cierre de campa\u00f1a de la Alianza Unidad en Montero re\u00fane a miles de simpatizantes - Wara Comunicaciones<\/title>\n<meta name=\"robots\" content=\"index, follow, max-snippet:-1, max-image-preview:large, max-video-preview:-1\" \/>\n<link rel=\"canonical\" href=\"https:\/\/waracomunicaciones.com\/?p=485\" \/>\n<meta property=\"og:locale\" content=\"es_ES\" \/>\n<meta property=\"og:type\" content=\"article\" \/>\n<meta property=\"og:title\" content=\"Cierre de campa\u00f1a de la Alianza Unidad en Montero re\u00fane a miles de simpatizantes\" \/>\n<meta property=\"og:description\" content=\"Montero, \u00a0\u2014 En un ambiente de entusiasmo y esperanza democr\u00e1tica, la Alianza Unidad cerr\u00f3 su campa\u00f1a electoral en el municipio de Montero con una masiva concentraci\u00f3n que recorri\u00f3 desde la Rotonda Norte hasta la plaza principal, finalizando en su casa de campa\u00f1a con un mitin encabezado por sus principales candidatos.\" \/>\n<meta property=\"og:url\" content=\"https:\/\/waracomunicaciones.com\/?p=485\" \/>\n<meta property=\"og:site_name\" content=\"Wara Comunicaciones\" \/>\n<meta property=\"article:publisher\" content=\"https:\/\/www.facebook.com\/waracomunicaciones2017\" \/>\n<meta property=\"article:published_time\" content=\"2025-08-12T21:28:56+00:00\" \/>\n<meta property=\"article:modified_time\" content=\"2025-08-12T21:29:22+00:00\" \/>\n<meta property=\"og:image\" content=\"https:\/\/waracomunicaciones.com\/wp-content\/uploads\/2025\/08\/dsdsdfggf.webp\" \/>\n\t<meta property=\"og:image:width\" content=\"1000\" \/>\n\t<meta property=\"og:image:height\" content=\"667\" \/>\n\t<meta property=\"og:image:type\" content=\"image\/webp\" \/>\n<meta name=\"author\" content=\"admin\" \/>\n<meta name=\"twitter:card\" content=\"summary_large_image\" \/>\n<meta name=\"twitter:label1\" content=\"Escrito por\" \/>\n\t<meta name=\"twitter:data1\" content=\"admin\" \/>\n\t<meta name=\"twitter:label2\" content=\"Tiempo de lectura\" \/>\n\t<meta name=\"twitter:data2\" content=\"4 minutos\" \/>\n<script type=\"application\/ld+json\" class=\"yoast-schema-graph\">{\"@context\":\"https:\/\/schema.org\",\"@graph\":[{\"@type\":\"Article\",\"@id\":\"https:\/\/waracomunicaciones.com\/?p=485#article\",\"isPartOf\":{\"@id\":\"https:\/\/waracomunicaciones.com\/?p=485\"},\"author\":{\"name\":\"admin\",\"@id\":\"https:\/\/waracomunicaciones.com\/#\/schema\/person\/e9db934bc91575cc71fe584c5973244a\"},\"headline\":\"Cierre de campa\u00f1a de la Alianza Unidad en Montero re\u00fane a miles de simpatizantes\",\"datePublished\":\"2025-08-12T21:28:56+00:00\",\"dateModified\":\"2025-08-12T21:29:22+00:00\",\"mainEntityOfPage\":{\"@id\":\"https:\/\/waracomunicaciones.com\/?p=485\"},\"wordCount\":462,\"commentCount\":0,\"publisher\":{\"@id\":\"https:\/\/waracomunicaciones.com\/#organization\"},\"image\":{\"@id\":\"https:\/\/waracomunicaciones.com\/?p=485#primaryimage\"},\"thumbnailUrl\":\"https:\/\/waracomunicaciones.com\/wp-content\/uploads\/2025\/08\/dsdsdfggf.webp\",\"keywords\":[\"Alianza Unidad\",\"C-57\",\"Elecciones Nacionales 2025\",\"Kelly Velarde\"],\"articleSection\":[\"Pol\u00edtica\"],\"inLanguage\":\"es\",\"potentialAction\":[{\"@type\":\"CommentAction\",\"name\":\"Comment\",\"target\":[\"https:\/\/waracomunicaciones.com\/?p=485#respond\"]}]},{\"@type\":\"WebPage\",\"@id\":\"https:\/\/waracomunicaciones.com\/?p=485\",\"url\":\"https:\/\/waracomunicaciones.com\/?p=485\",\"name\":\"Cierre de campa\u00f1a de la Alianza Unidad en Montero re\u00fane a miles de simpatizantes - Wara Comunicaciones\",\"isPartOf\":{\"@id\":\"https:\/\/waracomunicaciones.com\/#website\"},\"primaryImageOfPage\":{\"@id\":\"https:\/\/waracomunicaciones.com\/?p=485#primaryimage\"},\"image\":{\"@id\":\"https:\/\/waracomunicaciones.com\/?p=485#primaryimage\"},\"thumbnailUrl\":\"https:\/\/waracomunicaciones.com\/wp-content\/uploads\/2025\/08\/dsdsdfggf.webp\",\"datePublished\":\"2025-08-12T21:28:56+00:00\",\"dateModified\":\"2025-08-12T21:29:22+00:00\",\"breadcrumb\":{\"@id\":\"https:\/\/waracomunicaciones.com\/?p=485#breadcrumb\"},\"inLanguage\":\"es\",\"potentialAction\":[{\"@type\":\"ReadAction\",\"target\":[\"https:\/\/waracomunicaciones.com\/?p=485\"]}]},{\"@type\":\"ImageObject\",\"inLanguage\":\"es\",\"@id\":\"https:\/\/waracomunicaciones.com\/?p=485#primaryimage\",\"url\":\"https:\/\/waracomunicaciones.com\/wp-content\/uploads\/2025\/08\/dsdsdfggf.webp\",\"contentUrl\":\"https:\/\/waracomunicaciones.com\/wp-content\/uploads\/2025\/08\/dsdsdfggf.webp\",\"width\":1000,\"height\":667},{\"@type\":\"BreadcrumbList\",\"@id\":\"https:\/\/waracomunicaciones.com\/?p=485#breadcrumb\",\"itemListElement\":[{\"@type\":\"ListItem\",\"position\":1,\"name\":\"Portada\",\"item\":\"https:\/\/waracomunicaciones.com\/\"},{\"@type\":\"ListItem\",\"position\":2,\"name\":\"Cierre de campa\u00f1a de la Alianza Unidad en Montero re\u00fane a miles de simpatizantes\"}]},{\"@type\":\"WebSite\",\"@id\":\"https:\/\/waracomunicaciones.com\/#website\",\"url\":\"https:\/\/waracomunicaciones.com\/\",\"name\":\"Wara Comunicaciones\",\"description\":\"\",\"publisher\":{\"@id\":\"https:\/\/waracomunicaciones.com\/#organization\"},\"potentialAction\":[{\"@type\":\"SearchAction\",\"target\":{\"@type\":\"EntryPoint\",\"urlTemplate\":\"https:\/\/waracomunicaciones.com\/?s={search_term_string}\"},\"query-input\":{\"@type\":\"PropertyValueSpecification\",\"valueRequired\":true,\"valueName\":\"search_term_string\"}}],\"inLanguage\":\"es\"},{\"@type\":\"Organization\",\"@id\":\"https:\/\/waracomunicaciones.com\/#organization\",\"name\":\"Wara Comunicaciones\",\"url\":\"https:\/\/waracomunicaciones.com\/\",\"logo\":{\"@type\":\"ImageObject\",\"inLanguage\":\"es\",\"@id\":\"https:\/\/waracomunicaciones.com\/#\/schema\/logo\/image\/\",\"url\":\"https:\/\/waracomunicaciones.com\/wp-content\/uploads\/2025\/07\/logo.png\",\"contentUrl\":\"https:\/\/waracomunicaciones.com\/wp-content\/uploads\/2025\/07\/logo.png\",\"width\":400,\"height\":164,\"caption\":\"Wara Comunicaciones\"},\"image\":{\"@id\":\"https:\/\/waracomunicaciones.com\/#\/schema\/logo\/image\/\"},\"sameAs\":[\"https:\/\/www.facebook.com\/waracomunicaciones2017\"]},{\"@type\":\"Person\",\"@id\":\"https:\/\/waracomunicaciones.com\/#\/schema\/person\/e9db934bc91575cc71fe584c5973244a\",\"name\":\"admin\",\"image\":{\"@type\":\"ImageObject\",\"inLanguage\":\"es\",\"@id\":\"https:\/\/waracomunicaciones.com\/#\/schema\/person\/image\/\",\"url\":\"https:\/\/secure.gravatar.com\/avatar\/bf27e9186df568254093afa216f887fece17605302c6ff12f3980422fffa52e6?s=96&d=mm&r=g\",\"contentUrl\":\"https:\/\/secure.gravatar.com\/avatar\/bf27e9186df568254093afa216f887fece17605302c6ff12f3980422fffa52e6?s=96&d=mm&r=g\",\"caption\":\"admin\"},\"sameAs\":[\"https:\/\/waracomunicaciones.com\/wp\"],\"url\":\"https:\/\/waracomunicaciones.com\/?author=1\"}]}<\/script>\n<!-- \/ Yoast SEO Premium plugin. -->","yoast_head_json":{"title":"Cierre de campa\u00f1a de la Alianza Unidad en Montero re\u00fane a miles de simpatizantes - Wara Comunicaciones","robots":{"index":"index","follow":"follow","max-snippet":"max-snippet:-1","max-image-preview":"max-image-preview:large","max-video-preview":"max-video-preview:-1"},"canonical":"https:\/\/waracomunicaciones.com\/?p=485","og_locale":"es_ES","og_type":"article","og_title":"Cierre de campa\u00f1a de la Alianza Unidad en Montero re\u00fane a miles de simpatizantes","og_description":"Montero, \u00a0\u2014 En un ambiente de entusiasmo y esperanza democr\u00e1tica, la Alianza Unidad cerr\u00f3 su campa\u00f1a electoral en el municipio de Montero con una masiva concentraci\u00f3n que recorri\u00f3 desde la Rotonda Norte hasta la plaza principal, finalizando en su casa de campa\u00f1a con un mitin encabezado por sus principales candidatos.","og_url":"https:\/\/waracomunicaciones.com\/?p=485","og_site_name":"Wara Comunicaciones","article_publisher":"https:\/\/www.facebook.com\/waracomunicaciones2017","article_published_time":"2025-08-12T21:28:56+00:00","article_modified_time":"2025-08-12T21:29:22+00:00","og_image":[{"width":1000,"height":667,"url":"https:\/\/waracomunicaciones.com\/wp-content\/uploads\/2025\/08\/dsdsdfggf.webp","type":"image\/webp"}],"author":"admin","twitter_card":"summary_large_image","twitter_misc":{"Escrito por":"admin","Tiempo de lectura":"4 minutos"},"schema":{"@context":"https:\/\/schema.org","@graph":[{"@type":"Article","@id":"https:\/\/waracomunicaciones.com\/?p=485#article","isPartOf":{"@id":"https:\/\/waracomunicaciones.com\/?p=485"},"author":{"name":"admin","@id":"https:\/\/waracomunicaciones.com\/#\/schema\/person\/e9db934bc91575cc71fe584c5973244a"},"headline":"Cierre de campa\u00f1a de la Alianza Unidad en Montero re\u00fane a miles de simpatizantes","datePublished":"2025-08-12T21:28:56+00:00","dateModified":"2025-08-12T21:29:22+00:00","mainEntityOfPage":{"@id":"https:\/\/waracomunicaciones.com\/?p=485"},"wordCount":462,"commentCount":0,"publisher":{"@id":"https:\/\/waracomunicaciones.com\/#organization"},"image":{"@id":"https:\/\/waracomunicaciones.com\/?p=485#primaryimage"},"thumbnailUrl":"https:\/\/waracomunicaciones.com\/wp-content\/uploads\/2025\/08\/dsdsdfggf.webp","keywords":["Alianza Unidad","C-57","Elecciones Nacionales 2025","Kelly Velarde"],"articleSection":["Pol\u00edtica"],"inLanguage":"es","potentialAction":[{"@type":"CommentAction","name":"Comment","target":["https:\/\/waracomunicaciones.com\/?p=485#respond"]}]},{"@type":"WebPage","@id":"https:\/\/waracomunicaciones.com\/?p=485","url":"https:\/\/waracomunicaciones.com\/?p=485","name":"Cierre de campa\u00f1a de la Alianza Unidad en Montero re\u00fane a miles de simpatizantes - Wara Comunicaciones","isPartOf":{"@id":"https:\/\/waracomunicaciones.com\/#website"},"primaryImageOfPage":{"@id":"https:\/\/waracomunicaciones.com\/?p=485#primaryimage"},"image":{"@id":"https:\/\/waracomunicaciones.com\/?p=485#primaryimage"},"thumbnailUrl":"https:\/\/waracomunicaciones.com\/wp-content\/uploads\/2025\/08\/dsdsdfggf.webp","datePublished":"2025-08-12T21:28:56+00:00","dateModified":"2025-08-12T21:29:22+00:00","breadcrumb":{"@id":"https:\/\/waracomunicaciones.com\/?p=485#breadcrumb"},"inLanguage":"es","potentialAction":[{"@type":"ReadAction","target":["https:\/\/waracomunicaciones.com\/?p=485"]}]},{"@type":"ImageObject","inLanguage":"es","@id":"https:\/\/waracomunicaciones.com\/?p=485#primaryimage","url":"https:\/\/waracomunicaciones.com\/wp-content\/uploads\/2025\/08\/dsdsdfggf.webp","contentUrl":"https:\/\/waracomunicaciones.com\/wp-content\/uploads\/2025\/08\/dsdsdfggf.webp","width":1000,"height":667},{"@type":"BreadcrumbList","@id":"https:\/\/waracomunicaciones.com\/?p=485#breadcrumb","itemListElement":[{"@type":"ListItem","position":1,"name":"Portada","item":"https:\/\/waracomunicaciones.com\/"},{"@type":"ListItem","position":2,"name":"Cierre de campa\u00f1a de la Alianza Unidad en Montero re\u00fane a miles de simpatizantes"}]},{"@type":"WebSite","@id":"https:\/\/waracomunicaciones.com\/#website","url":"https:\/\/waracomunicaciones.com\/","name":"Wara Comunicaciones","description":"","publisher":{"@id":"https:\/\/waracomunicaciones.com\/#organization"},"potentialAction":[{"@type":"SearchAction","target":{"@type":"EntryPoint","urlTemplate":"https:\/\/waracomunicaciones.com\/?s={search_term_string}"},"query-input":{"@type":"PropertyValueSpecification","valueRequired":true,"valueName":"search_term_string"}}],"inLanguage":"es"},{"@type":"Organization","@id":"https:\/\/waracomunicaciones.com\/#organization","name":"Wara Comunicaciones","url":"https:\/\/waracomunicaciones.com\/","logo":{"@type":"ImageObject","inLanguage":"es","@id":"https:\/\/waracomunicaciones.com\/#\/schema\/logo\/image\/","url":"https:\/\/waracomunicaciones.com\/wp-content\/uploads\/2025\/07\/logo.png","contentUrl":"https:\/\/waracomunicaciones.com\/wp-content\/uploads\/2025\/07\/logo.png","width":400,"height":164,"caption":"Wara Comunicaciones"},"image":{"@id":"https:\/\/waracomunicaciones.com\/#\/schema\/logo\/image\/"},"sameAs":["https:\/\/www.facebook.com\/waracomunicaciones2017"]},{"@type":"Person","@id":"https:\/\/waracomunicaciones.com\/#\/schema\/person\/e9db934bc91575cc71fe584c5973244a","name":"admin","image":{"@type":"ImageObject","inLanguage":"es","@id":"https:\/\/waracomunicaciones.com\/#\/schema\/person\/image\/","url":"https:\/\/secure.gravatar.com\/avatar\/bf27e9186df568254093afa216f887fece17605302c6ff12f3980422fffa52e6?s=96&d=mm&r=g","contentUrl":"https:\/\/secure.gravatar.com\/avatar\/bf27e9186df568254093afa216f887fece17605302c6ff12f3980422fffa52e6?s=96&d=mm&r=g","caption":"admin"},"sameAs":["https:\/\/waracomunicaciones.com\/wp"],"url":"https:\/\/waracomunicaciones.com\/?author=1"}]}},"_links":{"self":[{"href":"https:\/\/waracomunicaciones.com\/index.php?rest_route=\/wp\/v2\/posts\/485","targetHints":{"allow":["GET"]}}],"collection":[{"href":"https:\/\/waracomunicaciones.com\/index.php?rest_route=\/wp\/v2\/posts"}],"about":[{"href":"https:\/\/waracomunicaciones.com\/index.php?rest_route=\/wp\/v2\/types\/post"}],"author":[{"embeddable":true,"href":"https:\/\/waracomunicaciones.com\/index.php?rest_route=\/wp\/v2\/users\/1"}],"replies":[{"embeddable":true,"href":"https:\/\/waracomunicaciones.com\/index.php?rest_route=%2Fwp%2Fv2%2Fcomments&post=485"}],"version-history":[{"count":1,"href":"https:\/\/waracomunicaciones.com\/index.php?rest_route=\/wp\/v2\/posts\/485\/revisions"}],"predecessor-version":[{"id":491,"href":"https:\/\/waracomunicaciones.com\/index.php?rest_route=\/wp\/v2\/posts\/485\/revisions\/491"}],"wp:featuredmedia":[{"embeddable":true,"href":"https:\/\/waracomunicaciones.com\/index.php?rest_route=\/wp\/v2\/media\/486"}],"wp:attachment":[{"href":"https:\/\/waracomunicaciones.com\/index.php?rest_route=%2Fwp%2Fv2%2Fmedia&parent=485"}],"wp:term":[{"taxonomy":"category","embeddable":true,"href":"https:\/\/waracomunicaciones.com\/index.php?rest_route=%2Fwp%2Fv2%2Fcategories&post=485"},{"taxonomy":"post_tag","embeddable":true,"href":"https:\/\/waracomunicaciones.com\/index.php?rest_route=%2Fwp%2Fv2%2Ftags&post=485"}],"curies":[{"name":"wp","href":"https:\/\/api.w.org\/{rel}","templated":true}]}}