{"id":48,"date":"2025-07-15T00:50:46","date_gmt":"2025-07-15T04:50:46","guid":{"rendered":"https:\/\/waracomunicaciones.com\/wp\/?p=48"},"modified":"2025-07-24T02:05:33","modified_gmt":"2025-07-24T06:05:33","slug":"jaime-uscamayta-denuncia-uso-politico-de-recursos-municipales-y-advierte-sobre-venta-de-humo-en-la-c57","status":"publish","type":"post","link":"https:\/\/waracomunicaciones.com\/?p=48","title":{"rendered":"Jaime Uscamayta denuncia uso pol\u00edtico de recursos municipales y advierte sobre \u201cventa de humo\u201d en la C57"},"content":{"rendered":"\n<figure class=\"wp-block-image size-full\"><img loading=\"lazy\" decoding=\"async\" width=\"600\" height=\"400\" src=\"https:\/\/waracomunicaciones.com\/wp\/wp-content\/uploads\/2025\/07\/e9c724eeb5636d1c1c1a2c2e85d40377_L.jpg\" alt=\"\" class=\"wp-image-49\" srcset=\"https:\/\/waracomunicaciones.com\/wp-content\/uploads\/2025\/07\/e9c724eeb5636d1c1c1a2c2e85d40377_L.jpg 600w, https:\/\/waracomunicaciones.com\/wp-content\/uploads\/2025\/07\/e9c724eeb5636d1c1c1a2c2e85d40377_L-300x200.jpg 300w\" sizes=\"auto, (max-width: 600px) 100vw, 600px\" \/><\/figure>\n\n\n<div class=\"itemIntroText\">\n<p><strong><b>Montero,\u00a0<\/b><\/strong>\u00a0\u2014 En una entrevista radial con Tom\u00e1s Coca, el candidato a diputado por la Circunscripci\u00f3n 57 (C-57), Jaime Uscamayta, de la alianza\u00a0<em><i>Autonom\u00eda para Bolivia (APB) S\u00famate<\/i><\/em>, analiz\u00f3 el escenario electoral tras la salida de Franklin Garbizo, y apunt\u00f3 directamente contra lo que considera las principales amenazas a su candidatura: el uso indebido de recursos municipales por parte de la candidata oficialista y la falta de preparaci\u00f3n de otros postulantes.<\/p>\n<\/div>\n<p><!--more--><\/p>\n<div class=\"itemFullText\">\n<p>Uscamayta identific\u00f3 a dos contendientes principales:<\/p>\n<p>\u201cEl primero es el aparato del Gobierno Aut\u00f3nomo Municipal de Montero, que est\u00e1 promocionando la candidatura de Kelly Velarde, obligando a funcionarios a participar en actividades pol\u00edticas, hacer aportes y hasta a publicar contenidos en redes sociales. Muchos de ellos me conocen y se esconden cuando me ven, porque saben que est\u00e1n siendo presionados. Yo les digo: hagan su trabajo, pero recuerden que el voto es secreto\u201d, expres\u00f3 el candidato.<\/p>\n<p>En cuanto a la otra candidata, Vilma Guti\u00e9rrez Fuentes, respaldada por Andr\u00f3nico Rodr\u00edguez, Uscamayta fue cr\u00edtico respecto a su preparaci\u00f3n pol\u00edtica:<\/p>\n<p>\u201cVeo muchas limitaciones. Esta elecci\u00f3n no es como antes, ya no basta con ser del color azul. Hoy el electorado exige propuestas reales y conocimiento. No se trata de vender humo con f\u00e1bricas de chocolate o proyectos que no son competencia de un diputado\u201d, dijo, en referencia a promesas que consider\u00f3 improcedentes para el rol legislativo.<\/p>\n<p>Uscamayta enfatiz\u00f3 que su campa\u00f1a se basa en propuestas viables y dentro de las atribuciones parlamentarias, como la fiscalizaci\u00f3n y la legislaci\u00f3n. Mencion\u00f3 proyectos concretos como el desarrollo del\u00a0<em><i>Campo V\u00edbora<\/i><\/em>\u00a0en Yapacan\u00ed, la gesti\u00f3n de\u00a0<em><i>bonos de carbono<\/i><\/em>\u00a0en San Carlos y Buenavista, y la reactivaci\u00f3n del\u00a0<em><i>proyecto de alcantarillado<\/i><\/em>\u00a0para Montero.<\/p>\n<p>\u201cNo podemos seguir dependiendo del IDH o de transferencias del gobierno central. Hay que generar recursos propios y fortalecer a los municipios con herramientas modernas y sostenibles\u201d, explic\u00f3.<\/p>\n<p>Adem\u00e1s, denunci\u00f3 hechos de violencia pol\u00edtica recientes en Yapacan\u00ed:<\/p>\n<p>\u201cLo que pas\u00f3 este fin de semana ha sido grave. Dos grupos de poder, uno ligado a Evo y otro a Andr\u00f3nico, est\u00e1n enfrent\u00e1ndose por intereses que no son claros para el pueblo. No queremos mencionar directamente, pero todos sabemos a qu\u00e9 negocio me refiero. Eso debe parar\u201d, alert\u00f3.<\/p>\n<p>Finalmente, Uscamayta hizo un llamado a la reflexi\u00f3n de los votantes de Montero, Yapacan\u00ed, Buenavista, San Juan y Portachuelo:<\/p>\n<p>\u201cEste es el momento del cambio. El norte integrado no puede volver a equivocarse. El cambio llegar\u00e1 con Manfred Reyes Villa como presidente y conmigo como su diputado en la C -57\u201d.<\/p>\n<p>La contienda electoral en la C57 se perfila como una de las m\u00e1s intensas del norte cruce\u00f1o, con d\u00edas decisivos por delante en una regi\u00f3n marcada por tensiones, promesas y contrastes.<\/p>\n<\/div><div style=\"margin-top: 0px; margin-bottom: 0px;\" class=\"sharethis-inline-reaction-buttons\" ><\/div>","protected":false},"excerpt":{"rendered":"<p>Montero,\u00a0\u00a0\u2014 En una entrevista radial con Tom\u00e1s Coca, el candidato a diputado por la Circunscripci\u00f3n 57 (C-57), Jaime Uscamayta, de la alianza\u00a0Autonom\u00eda para Bolivia (APB) S\u00famate, analiz\u00f3 el escenario electoral tras la salida de Franklin Garbizo, y apunt\u00f3 directamente contra lo que considera las principales amenazas a su candidatura: el uso indebido de recursos municipales [&hellip;]<\/p>\n","protected":false},"author":1,"featured_media":49,"comment_status":"open","ping_status":"open","sticky":false,"template":"","format":"standard","meta":{"footnotes":""},"categories":[5],"tags":[11,10,8],"class_list":["post-48","post","type-post","status-publish","format-standard","has-post-thumbnail","hentry","category-local","tag-elecciones-nacionales-2025","tag-jaime-uscamayta","tag-politica"],"yoast_head":"<!-- This site is optimized with the Yoast SEO Premium plugin v25.5 (Yoast SEO v27.1.1) - https:\/\/yoast.com\/product\/yoast-seo-premium-wordpress\/ -->\n<title>Jaime Uscamayta denuncia uso pol\u00edtico de recursos municipales y advierte sobre \u201cventa de humo\u201d en la C57 - Wara Comunicaciones<\/title>\n<meta name=\"robots\" content=\"index, follow, max-snippet:-1, max-image-preview:large, max-video-preview:-1\" \/>\n<link rel=\"canonical\" href=\"https:\/\/waracomunicaciones.com\/?p=48\" \/>\n<meta property=\"og:locale\" content=\"es_ES\" \/>\n<meta property=\"og:type\" content=\"article\" \/>\n<meta property=\"og:title\" content=\"Jaime Uscamayta denuncia uso pol\u00edtico de recursos municipales y advierte sobre \u201cventa de humo\u201d en la C57\" \/>\n<meta property=\"og:description\" content=\"Montero,\u00a0\u00a0\u2014 En una entrevista radial con Tom\u00e1s Coca, el candidato a diputado por la Circunscripci\u00f3n 57 (C-57), Jaime Uscamayta, de la alianza\u00a0Autonom\u00eda para Bolivia (APB) S\u00famate, analiz\u00f3 el escenario electoral tras la salida de Franklin Garbizo, y apunt\u00f3 directamente contra lo que considera las principales amenazas a su candidatura: el uso indebido de recursos municipales [&hellip;]\" \/>\n<meta property=\"og:url\" content=\"https:\/\/waracomunicaciones.com\/?p=48\" \/>\n<meta property=\"og:site_name\" content=\"Wara Comunicaciones\" \/>\n<meta property=\"article:publisher\" content=\"https:\/\/www.facebook.com\/waracomunicaciones2017\" \/>\n<meta property=\"article:published_time\" content=\"2025-07-15T04:50:46+00:00\" \/>\n<meta property=\"article:modified_time\" content=\"2025-07-24T06:05:33+00:00\" \/>\n<meta property=\"og:image\" content=\"https:\/\/waracomunicaciones.com\/wp-content\/uploads\/2025\/07\/e9c724eeb5636d1c1c1a2c2e85d40377_L.jpg\" \/>\n\t<meta property=\"og:image:width\" content=\"600\" \/>\n\t<meta property=\"og:image:height\" content=\"400\" \/>\n\t<meta property=\"og:image:type\" content=\"image\/jpeg\" \/>\n<meta name=\"author\" content=\"admin\" \/>\n<meta name=\"twitter:card\" content=\"summary_large_image\" \/>\n<meta name=\"twitter:label1\" content=\"Escrito por\" \/>\n\t<meta name=\"twitter:data1\" content=\"admin\" \/>\n\t<meta name=\"twitter:label2\" content=\"Tiempo de lectura\" \/>\n\t<meta name=\"twitter:data2\" content=\"3 minutos\" \/>\n<script type=\"application\/ld+json\" class=\"yoast-schema-graph\">{\"@context\":\"https:\/\/schema.org\",\"@graph\":[{\"@type\":\"Article\",\"@id\":\"https:\/\/waracomunicaciones.com\/?p=48#article\",\"isPartOf\":{\"@id\":\"https:\/\/waracomunicaciones.com\/?p=48\"},\"author\":{\"name\":\"admin\",\"@id\":\"https:\/\/waracomunicaciones.com\/#\/schema\/person\/e9db934bc91575cc71fe584c5973244a\"},\"headline\":\"Jaime Uscamayta denuncia uso pol\u00edtico de recursos municipales y advierte sobre \u201cventa de humo\u201d en la C57\",\"datePublished\":\"2025-07-15T04:50:46+00:00\",\"dateModified\":\"2025-07-24T06:05:33+00:00\",\"mainEntityOfPage\":{\"@id\":\"https:\/\/waracomunicaciones.com\/?p=48\"},\"wordCount\":493,\"commentCount\":0,\"publisher\":{\"@id\":\"https:\/\/waracomunicaciones.com\/#organization\"},\"image\":{\"@id\":\"https:\/\/waracomunicaciones.com\/?p=48#primaryimage\"},\"thumbnailUrl\":\"https:\/\/waracomunicaciones.com\/wp-content\/uploads\/2025\/07\/e9c724eeb5636d1c1c1a2c2e85d40377_L.jpg\",\"keywords\":[\"Elecciones Nacionales 2025\",\"Jaime Uscamayta\",\"Pol\u00edtica\"],\"articleSection\":[\"LOCAL\"],\"inLanguage\":\"es\",\"potentialAction\":[{\"@type\":\"CommentAction\",\"name\":\"Comment\",\"target\":[\"https:\/\/waracomunicaciones.com\/?p=48#respond\"]}]},{\"@type\":\"WebPage\",\"@id\":\"https:\/\/waracomunicaciones.com\/?p=48\",\"url\":\"https:\/\/waracomunicaciones.com\/?p=48\",\"name\":\"Jaime Uscamayta denuncia uso pol\u00edtico de recursos municipales y advierte sobre \u201cventa de humo\u201d en la C57 - Wara Comunicaciones\",\"isPartOf\":{\"@id\":\"https:\/\/waracomunicaciones.com\/#website\"},\"primaryImageOfPage\":{\"@id\":\"https:\/\/waracomunicaciones.com\/?p=48#primaryimage\"},\"image\":{\"@id\":\"https:\/\/waracomunicaciones.com\/?p=48#primaryimage\"},\"thumbnailUrl\":\"https:\/\/waracomunicaciones.com\/wp-content\/uploads\/2025\/07\/e9c724eeb5636d1c1c1a2c2e85d40377_L.jpg\",\"datePublished\":\"2025-07-15T04:50:46+00:00\",\"dateModified\":\"2025-07-24T06:05:33+00:00\",\"breadcrumb\":{\"@id\":\"https:\/\/waracomunicaciones.com\/?p=48#breadcrumb\"},\"inLanguage\":\"es\",\"potentialAction\":[{\"@type\":\"ReadAction\",\"target\":[\"https:\/\/waracomunicaciones.com\/?p=48\"]}]},{\"@type\":\"ImageObject\",\"inLanguage\":\"es\",\"@id\":\"https:\/\/waracomunicaciones.com\/?p=48#primaryimage\",\"url\":\"https:\/\/waracomunicaciones.com\/wp-content\/uploads\/2025\/07\/e9c724eeb5636d1c1c1a2c2e85d40377_L.jpg\",\"contentUrl\":\"https:\/\/waracomunicaciones.com\/wp-content\/uploads\/2025\/07\/e9c724eeb5636d1c1c1a2c2e85d40377_L.jpg\",\"width\":600,\"height\":400},{\"@type\":\"BreadcrumbList\",\"@id\":\"https:\/\/waracomunicaciones.com\/?p=48#breadcrumb\",\"itemListElement\":[{\"@type\":\"ListItem\",\"position\":1,\"name\":\"Portada\",\"item\":\"https:\/\/waracomunicaciones.com\/\"},{\"@type\":\"ListItem\",\"position\":2,\"name\":\"Jaime Uscamayta denuncia uso pol\u00edtico de recursos municipales y advierte sobre \u201cventa de humo\u201d en la C57\"}]},{\"@type\":\"WebSite\",\"@id\":\"https:\/\/waracomunicaciones.com\/#website\",\"url\":\"https:\/\/waracomunicaciones.com\/\",\"name\":\"Wara Comunicaciones\",\"description\":\"\",\"publisher\":{\"@id\":\"https:\/\/waracomunicaciones.com\/#organization\"},\"potentialAction\":[{\"@type\":\"SearchAction\",\"target\":{\"@type\":\"EntryPoint\",\"urlTemplate\":\"https:\/\/waracomunicaciones.com\/?s={search_term_string}\"},\"query-input\":{\"@type\":\"PropertyValueSpecification\",\"valueRequired\":true,\"valueName\":\"search_term_string\"}}],\"inLanguage\":\"es\"},{\"@type\":\"Organization\",\"@id\":\"https:\/\/waracomunicaciones.com\/#organization\",\"name\":\"Wara Comunicaciones\",\"url\":\"https:\/\/waracomunicaciones.com\/\",\"logo\":{\"@type\":\"ImageObject\",\"inLanguage\":\"es\",\"@id\":\"https:\/\/waracomunicaciones.com\/#\/schema\/logo\/image\/\",\"url\":\"https:\/\/waracomunicaciones.com\/wp-content\/uploads\/2025\/07\/logo.png\",\"contentUrl\":\"https:\/\/waracomunicaciones.com\/wp-content\/uploads\/2025\/07\/logo.png\",\"width\":400,\"height\":164,\"caption\":\"Wara Comunicaciones\"},\"image\":{\"@id\":\"https:\/\/waracomunicaciones.com\/#\/schema\/logo\/image\/\"},\"sameAs\":[\"https:\/\/www.facebook.com\/waracomunicaciones2017\"]},{\"@type\":\"Person\",\"@id\":\"https:\/\/waracomunicaciones.com\/#\/schema\/person\/e9db934bc91575cc71fe584c5973244a\",\"name\":\"admin\",\"image\":{\"@type\":\"ImageObject\",\"inLanguage\":\"es\",\"@id\":\"https:\/\/waracomunicaciones.com\/#\/schema\/person\/image\/\",\"url\":\"https:\/\/secure.gravatar.com\/avatar\/bf27e9186df568254093afa216f887fece17605302c6ff12f3980422fffa52e6?s=96&d=mm&r=g\",\"contentUrl\":\"https:\/\/secure.gravatar.com\/avatar\/bf27e9186df568254093afa216f887fece17605302c6ff12f3980422fffa52e6?s=96&d=mm&r=g\",\"caption\":\"admin\"},\"sameAs\":[\"https:\/\/waracomunicaciones.com\/wp\"],\"url\":\"https:\/\/waracomunicaciones.com\/?author=1\"}]}<\/script>\n<!-- \/ Yoast SEO Premium plugin. -->","yoast_head_json":{"title":"Jaime Uscamayta denuncia uso pol\u00edtico de recursos municipales y advierte sobre \u201cventa de humo\u201d en la C57 - Wara Comunicaciones","robots":{"index":"index","follow":"follow","max-snippet":"max-snippet:-1","max-image-preview":"max-image-preview:large","max-video-preview":"max-video-preview:-1"},"canonical":"https:\/\/waracomunicaciones.com\/?p=48","og_locale":"es_ES","og_type":"article","og_title":"Jaime Uscamayta denuncia uso pol\u00edtico de recursos municipales y advierte sobre \u201cventa de humo\u201d en la C57","og_description":"Montero,\u00a0\u00a0\u2014 En una entrevista radial con Tom\u00e1s Coca, el candidato a diputado por la Circunscripci\u00f3n 57 (C-57), Jaime Uscamayta, de la alianza\u00a0Autonom\u00eda para Bolivia (APB) S\u00famate, analiz\u00f3 el escenario electoral tras la salida de Franklin Garbizo, y apunt\u00f3 directamente contra lo que considera las principales amenazas a su candidatura: el uso indebido de recursos municipales [&hellip;]","og_url":"https:\/\/waracomunicaciones.com\/?p=48","og_site_name":"Wara Comunicaciones","article_publisher":"https:\/\/www.facebook.com\/waracomunicaciones2017","article_published_time":"2025-07-15T04:50:46+00:00","article_modified_time":"2025-07-24T06:05:33+00:00","og_image":[{"width":600,"height":400,"url":"https:\/\/waracomunicaciones.com\/wp-content\/uploads\/2025\/07\/e9c724eeb5636d1c1c1a2c2e85d40377_L.jpg","type":"image\/jpeg"}],"author":"admin","twitter_card":"summary_large_image","twitter_misc":{"Escrito por":"admin","Tiempo de lectura":"3 minutos"},"schema":{"@context":"https:\/\/schema.org","@graph":[{"@type":"Article","@id":"https:\/\/waracomunicaciones.com\/?p=48#article","isPartOf":{"@id":"https:\/\/waracomunicaciones.com\/?p=48"},"author":{"name":"admin","@id":"https:\/\/waracomunicaciones.com\/#\/schema\/person\/e9db934bc91575cc71fe584c5973244a"},"headline":"Jaime Uscamayta denuncia uso pol\u00edtico de recursos municipales y advierte sobre \u201cventa de humo\u201d en la C57","datePublished":"2025-07-15T04:50:46+00:00","dateModified":"2025-07-24T06:05:33+00:00","mainEntityOfPage":{"@id":"https:\/\/waracomunicaciones.com\/?p=48"},"wordCount":493,"commentCount":0,"publisher":{"@id":"https:\/\/waracomunicaciones.com\/#organization"},"image":{"@id":"https:\/\/waracomunicaciones.com\/?p=48#primaryimage"},"thumbnailUrl":"https:\/\/waracomunicaciones.com\/wp-content\/uploads\/2025\/07\/e9c724eeb5636d1c1c1a2c2e85d40377_L.jpg","keywords":["Elecciones Nacionales 2025","Jaime Uscamayta","Pol\u00edtica"],"articleSection":["LOCAL"],"inLanguage":"es","potentialAction":[{"@type":"CommentAction","name":"Comment","target":["https:\/\/waracomunicaciones.com\/?p=48#respond"]}]},{"@type":"WebPage","@id":"https:\/\/waracomunicaciones.com\/?p=48","url":"https:\/\/waracomunicaciones.com\/?p=48","name":"Jaime Uscamayta denuncia uso pol\u00edtico de recursos municipales y advierte sobre \u201cventa de humo\u201d en la C57 - Wara Comunicaciones","isPartOf":{"@id":"https:\/\/waracomunicaciones.com\/#website"},"primaryImageOfPage":{"@id":"https:\/\/waracomunicaciones.com\/?p=48#primaryimage"},"image":{"@id":"https:\/\/waracomunicaciones.com\/?p=48#primaryimage"},"thumbnailUrl":"https:\/\/waracomunicaciones.com\/wp-content\/uploads\/2025\/07\/e9c724eeb5636d1c1c1a2c2e85d40377_L.jpg","datePublished":"2025-07-15T04:50:46+00:00","dateModified":"2025-07-24T06:05:33+00:00","breadcrumb":{"@id":"https:\/\/waracomunicaciones.com\/?p=48#breadcrumb"},"inLanguage":"es","potentialAction":[{"@type":"ReadAction","target":["https:\/\/waracomunicaciones.com\/?p=48"]}]},{"@type":"ImageObject","inLanguage":"es","@id":"https:\/\/waracomunicaciones.com\/?p=48#primaryimage","url":"https:\/\/waracomunicaciones.com\/wp-content\/uploads\/2025\/07\/e9c724eeb5636d1c1c1a2c2e85d40377_L.jpg","contentUrl":"https:\/\/waracomunicaciones.com\/wp-content\/uploads\/2025\/07\/e9c724eeb5636d1c1c1a2c2e85d40377_L.jpg","width":600,"height":400},{"@type":"BreadcrumbList","@id":"https:\/\/waracomunicaciones.com\/?p=48#breadcrumb","itemListElement":[{"@type":"ListItem","position":1,"name":"Portada","item":"https:\/\/waracomunicaciones.com\/"},{"@type":"ListItem","position":2,"name":"Jaime Uscamayta denuncia uso pol\u00edtico de recursos municipales y advierte sobre \u201cventa de humo\u201d en la C57"}]},{"@type":"WebSite","@id":"https:\/\/waracomunicaciones.com\/#website","url":"https:\/\/waracomunicaciones.com\/","name":"Wara Comunicaciones","description":"","publisher":{"@id":"https:\/\/waracomunicaciones.com\/#organization"},"potentialAction":[{"@type":"SearchAction","target":{"@type":"EntryPoint","urlTemplate":"https:\/\/waracomunicaciones.com\/?s={search_term_string}"},"query-input":{"@type":"PropertyValueSpecification","valueRequired":true,"valueName":"search_term_string"}}],"inLanguage":"es"},{"@type":"Organization","@id":"https:\/\/waracomunicaciones.com\/#organization","name":"Wara Comunicaciones","url":"https:\/\/waracomunicaciones.com\/","logo":{"@type":"ImageObject","inLanguage":"es","@id":"https:\/\/waracomunicaciones.com\/#\/schema\/logo\/image\/","url":"https:\/\/waracomunicaciones.com\/wp-content\/uploads\/2025\/07\/logo.png","contentUrl":"https:\/\/waracomunicaciones.com\/wp-content\/uploads\/2025\/07\/logo.png","width":400,"height":164,"caption":"Wara Comunicaciones"},"image":{"@id":"https:\/\/waracomunicaciones.com\/#\/schema\/logo\/image\/"},"sameAs":["https:\/\/www.facebook.com\/waracomunicaciones2017"]},{"@type":"Person","@id":"https:\/\/waracomunicaciones.com\/#\/schema\/person\/e9db934bc91575cc71fe584c5973244a","name":"admin","image":{"@type":"ImageObject","inLanguage":"es","@id":"https:\/\/waracomunicaciones.com\/#\/schema\/person\/image\/","url":"https:\/\/secure.gravatar.com\/avatar\/bf27e9186df568254093afa216f887fece17605302c6ff12f3980422fffa52e6?s=96&d=mm&r=g","contentUrl":"https:\/\/secure.gravatar.com\/avatar\/bf27e9186df568254093afa216f887fece17605302c6ff12f3980422fffa52e6?s=96&d=mm&r=g","caption":"admin"},"sameAs":["https:\/\/waracomunicaciones.com\/wp"],"url":"https:\/\/waracomunicaciones.com\/?author=1"}]}},"_links":{"self":[{"href":"https:\/\/waracomunicaciones.com\/index.php?rest_route=\/wp\/v2\/posts\/48","targetHints":{"allow":["GET"]}}],"collection":[{"href":"https:\/\/waracomunicaciones.com\/index.php?rest_route=\/wp\/v2\/posts"}],"about":[{"href":"https:\/\/waracomunicaciones.com\/index.php?rest_route=\/wp\/v2\/types\/post"}],"author":[{"embeddable":true,"href":"https:\/\/waracomunicaciones.com\/index.php?rest_route=\/wp\/v2\/users\/1"}],"replies":[{"embeddable":true,"href":"https:\/\/waracomunicaciones.com\/index.php?rest_route=%2Fwp%2Fv2%2Fcomments&post=48"}],"version-history":[{"count":1,"href":"https:\/\/waracomunicaciones.com\/index.php?rest_route=\/wp\/v2\/posts\/48\/revisions"}],"predecessor-version":[{"id":50,"href":"https:\/\/waracomunicaciones.com\/index.php?rest_route=\/wp\/v2\/posts\/48\/revisions\/50"}],"wp:featuredmedia":[{"embeddable":true,"href":"https:\/\/waracomunicaciones.com\/index.php?rest_route=\/wp\/v2\/media\/49"}],"wp:attachment":[{"href":"https:\/\/waracomunicaciones.com\/index.php?rest_route=%2Fwp%2Fv2%2Fmedia&parent=48"}],"wp:term":[{"taxonomy":"category","embeddable":true,"href":"https:\/\/waracomunicaciones.com\/index.php?rest_route=%2Fwp%2Fv2%2Fcategories&post=48"},{"taxonomy":"post_tag","embeddable":true,"href":"https:\/\/waracomunicaciones.com\/index.php?rest_route=%2Fwp%2Fv2%2Ftags&post=48"}],"curies":[{"name":"wp","href":"https:\/\/api.w.org\/{rel}","templated":true}]}}