{"id":476,"date":"2025-08-12T08:23:04","date_gmt":"2025-08-12T12:23:04","guid":{"rendered":"https:\/\/waracomunicaciones.com\/?p=476"},"modified":"2025-08-12T08:24:03","modified_gmt":"2025-08-12T12:24:03","slug":"leonardo-vargas-del-copelme-team-le-entrega-a-bolivia-su-primer-oro-mundial-en-karate","status":"publish","type":"post","link":"https:\/\/waracomunicaciones.com\/?p=476","title":{"rendered":"Leonardo Vargas, del Copelme Team, le entrega a Bolivia su primer oro mundial en karate"},"content":{"rendered":"\n<figure class=\"wp-block-image size-large\"><img loading=\"lazy\" decoding=\"async\" width=\"1024\" height=\"825\" src=\"https:\/\/waracomunicaciones.com\/wp-content\/uploads\/2025\/08\/ffdff-1024x825.webp\" alt=\"\" class=\"wp-image-477\" srcset=\"https:\/\/waracomunicaciones.com\/wp-content\/uploads\/2025\/08\/ffdff-1024x825.webp 1024w, https:\/\/waracomunicaciones.com\/wp-content\/uploads\/2025\/08\/ffdff-300x242.webp 300w, https:\/\/waracomunicaciones.com\/wp-content\/uploads\/2025\/08\/ffdff-768x619.webp 768w, https:\/\/waracomunicaciones.com\/wp-content\/uploads\/2025\/08\/ffdff.webp 1200w\" sizes=\"auto, (max-width: 1024px) 100vw, 1024px\" \/><figcaption class=\"wp-element-caption\"><em>El cochabambino Leonardo Vargas gan\u00f3 los cinco combates que disput\u00f3 en M\u00e9xico (Foto: FBK)<\/em><\/figcaption><\/figure>\n\n\n<p>Leonardo Vargas, destacado deportista del Copelme Team, hizo historia este domingo al conquistar la medalla de oro en la Liga Mundial Juvenil de Karate, celebrada en Monterrey, M\u00e9xico. Con un desempe\u00f1o impecable, gan\u00f3 los cinco combates que disput\u00f3, convirti\u00e9ndose en el primer boliviano en lograr un t\u00edtulo mundial en esta disciplina.<!--more--><\/p>\n<p>Vargas compite en la categor\u00eda kumite individual masculino cadete -57 kg y su camino al oro fue contundente. Tras eliminar por 2-1 al principal sembrado del torneo, el mexicano Sebasti\u00e1n Fierro, en cuartos de final venci\u00f3 al peruano Amir Macedo con un claro 8-0, y en semifinales se impuso al guatemalteco Juan Rold\u00e1n por 5-0.<\/p>\n<p>En la final de su llave enfrent\u00f3 al costarricense Nicol\u00e1s Jim\u00e9nez, a quien derrot\u00f3 por 2-0, accediendo as\u00ed al combate definitivo por la medalla de oro. Su \u00faltimo duelo fue ante el eslovaco Simon Kovacik \u2014ganador de la llave opuesta, que contaba con 10 competidores\u2014 en una contienda re\u00f1ida que se defini\u00f3 por apenas un punto: 4-3 a favor del boliviano.<\/p>\n<p>Con este hist\u00f3rico triunfo, Vargas no solo inscribe su nombre en lo m\u00e1s alto del karate mundial juvenil, sino que tambi\u00e9n abre un nuevo cap\u00edtulo para el deporte boliviano.<\/p>\n<p>Dentro de dos semanas, el joven cochabambino de 15 a\u00f1os viajar\u00e1 a Asunci\u00f3n, Paraguay, para representar a Bolivia en el Campeonato Panamericano de Karate, donde alberga firmes expectativas de volver a subirse al podio.<\/p><div style=\"margin-top: 0px; margin-bottom: 0px;\" class=\"sharethis-inline-reaction-buttons\" ><\/div>","protected":false},"excerpt":{"rendered":"<p>Leonardo Vargas, destacado deportista del Copelme Team, hizo historia este domingo al conquistar la medalla de oro en la Liga Mundial Juvenil de Karate, celebrada en Monterrey, M\u00e9xico. Con un desempe\u00f1o impecable, gan\u00f3 los cinco combates que disput\u00f3, convirti\u00e9ndose en el primer boliviano en lograr un t\u00edtulo mundial en esta disciplina.<\/p>\n","protected":false},"author":1,"featured_media":477,"comment_status":"open","ping_status":"open","sticky":false,"template":"","format":"standard","meta":{"footnotes":""},"categories":[36],"tags":[137,138],"class_list":["post-476","post","type-post","status-publish","format-standard","has-post-thumbnail","hentry","category-polideportivo","tag-karate","tag-leonardo-vargas"],"yoast_head":"<!-- This site is optimized with the Yoast SEO Premium plugin v25.5 (Yoast SEO v27.1.1) - https:\/\/yoast.com\/product\/yoast-seo-premium-wordpress\/ -->\n<title>Leonardo Vargas, del Copelme Team, le entrega a Bolivia su primer oro mundial en karate - Wara Comunicaciones<\/title>\n<meta name=\"robots\" content=\"index, follow, max-snippet:-1, max-image-preview:large, max-video-preview:-1\" \/>\n<link rel=\"canonical\" href=\"https:\/\/waracomunicaciones.com\/?p=476\" \/>\n<meta property=\"og:locale\" content=\"es_ES\" \/>\n<meta property=\"og:type\" content=\"article\" \/>\n<meta property=\"og:title\" content=\"Leonardo Vargas, del Copelme Team, le entrega a Bolivia su primer oro mundial en karate\" \/>\n<meta property=\"og:description\" content=\"Leonardo Vargas, destacado deportista del Copelme Team, hizo historia este domingo al conquistar la medalla de oro en la Liga Mundial Juvenil de Karate, celebrada en Monterrey, M\u00e9xico. Con un desempe\u00f1o impecable, gan\u00f3 los cinco combates que disput\u00f3, convirti\u00e9ndose en el primer boliviano en lograr un t\u00edtulo mundial en esta disciplina.\" \/>\n<meta property=\"og:url\" content=\"https:\/\/waracomunicaciones.com\/?p=476\" \/>\n<meta property=\"og:site_name\" content=\"Wara Comunicaciones\" \/>\n<meta property=\"article:publisher\" content=\"https:\/\/www.facebook.com\/waracomunicaciones2017\" \/>\n<meta property=\"article:published_time\" content=\"2025-08-12T12:23:04+00:00\" \/>\n<meta property=\"article:modified_time\" content=\"2025-08-12T12:24:03+00:00\" \/>\n<meta property=\"og:image\" content=\"https:\/\/waracomunicaciones.com\/wp-content\/uploads\/2025\/08\/ffdff.webp\" \/>\n\t<meta property=\"og:image:width\" content=\"1200\" \/>\n\t<meta property=\"og:image:height\" content=\"967\" \/>\n\t<meta property=\"og:image:type\" content=\"image\/webp\" \/>\n<meta name=\"author\" content=\"admin\" \/>\n<meta name=\"twitter:card\" content=\"summary_large_image\" \/>\n<meta name=\"twitter:label1\" content=\"Escrito por\" \/>\n\t<meta name=\"twitter:data1\" content=\"admin\" \/>\n\t<meta name=\"twitter:label2\" content=\"Tiempo de lectura\" \/>\n\t<meta name=\"twitter:data2\" content=\"2 minutos\" \/>\n<script type=\"application\/ld+json\" class=\"yoast-schema-graph\">{\"@context\":\"https:\/\/schema.org\",\"@graph\":[{\"@type\":\"Article\",\"@id\":\"https:\/\/waracomunicaciones.com\/?p=476#article\",\"isPartOf\":{\"@id\":\"https:\/\/waracomunicaciones.com\/?p=476\"},\"author\":{\"name\":\"admin\",\"@id\":\"https:\/\/waracomunicaciones.com\/#\/schema\/person\/e9db934bc91575cc71fe584c5973244a\"},\"headline\":\"Leonardo Vargas, del Copelme Team, le entrega a Bolivia su primer oro mundial en karate\",\"datePublished\":\"2025-08-12T12:23:04+00:00\",\"dateModified\":\"2025-08-12T12:24:03+00:00\",\"mainEntityOfPage\":{\"@id\":\"https:\/\/waracomunicaciones.com\/?p=476\"},\"wordCount\":274,\"commentCount\":0,\"publisher\":{\"@id\":\"https:\/\/waracomunicaciones.com\/#organization\"},\"image\":{\"@id\":\"https:\/\/waracomunicaciones.com\/?p=476#primaryimage\"},\"thumbnailUrl\":\"https:\/\/waracomunicaciones.com\/wp-content\/uploads\/2025\/08\/ffdff.webp\",\"keywords\":[\"Karate\",\"Leonardo Vargas\"],\"articleSection\":[\"Polideportivo\"],\"inLanguage\":\"es\",\"potentialAction\":[{\"@type\":\"CommentAction\",\"name\":\"Comment\",\"target\":[\"https:\/\/waracomunicaciones.com\/?p=476#respond\"]}]},{\"@type\":\"WebPage\",\"@id\":\"https:\/\/waracomunicaciones.com\/?p=476\",\"url\":\"https:\/\/waracomunicaciones.com\/?p=476\",\"name\":\"Leonardo Vargas, del Copelme Team, le entrega a Bolivia su primer oro mundial en karate - Wara Comunicaciones\",\"isPartOf\":{\"@id\":\"https:\/\/waracomunicaciones.com\/#website\"},\"primaryImageOfPage\":{\"@id\":\"https:\/\/waracomunicaciones.com\/?p=476#primaryimage\"},\"image\":{\"@id\":\"https:\/\/waracomunicaciones.com\/?p=476#primaryimage\"},\"thumbnailUrl\":\"https:\/\/waracomunicaciones.com\/wp-content\/uploads\/2025\/08\/ffdff.webp\",\"datePublished\":\"2025-08-12T12:23:04+00:00\",\"dateModified\":\"2025-08-12T12:24:03+00:00\",\"breadcrumb\":{\"@id\":\"https:\/\/waracomunicaciones.com\/?p=476#breadcrumb\"},\"inLanguage\":\"es\",\"potentialAction\":[{\"@type\":\"ReadAction\",\"target\":[\"https:\/\/waracomunicaciones.com\/?p=476\"]}]},{\"@type\":\"ImageObject\",\"inLanguage\":\"es\",\"@id\":\"https:\/\/waracomunicaciones.com\/?p=476#primaryimage\",\"url\":\"https:\/\/waracomunicaciones.com\/wp-content\/uploads\/2025\/08\/ffdff.webp\",\"contentUrl\":\"https:\/\/waracomunicaciones.com\/wp-content\/uploads\/2025\/08\/ffdff.webp\",\"width\":1200,\"height\":967},{\"@type\":\"BreadcrumbList\",\"@id\":\"https:\/\/waracomunicaciones.com\/?p=476#breadcrumb\",\"itemListElement\":[{\"@type\":\"ListItem\",\"position\":1,\"name\":\"Portada\",\"item\":\"https:\/\/waracomunicaciones.com\/\"},{\"@type\":\"ListItem\",\"position\":2,\"name\":\"Leonardo Vargas, del Copelme Team, le entrega a Bolivia su primer oro mundial en karate\"}]},{\"@type\":\"WebSite\",\"@id\":\"https:\/\/waracomunicaciones.com\/#website\",\"url\":\"https:\/\/waracomunicaciones.com\/\",\"name\":\"Wara Comunicaciones\",\"description\":\"\",\"publisher\":{\"@id\":\"https:\/\/waracomunicaciones.com\/#organization\"},\"potentialAction\":[{\"@type\":\"SearchAction\",\"target\":{\"@type\":\"EntryPoint\",\"urlTemplate\":\"https:\/\/waracomunicaciones.com\/?s={search_term_string}\"},\"query-input\":{\"@type\":\"PropertyValueSpecification\",\"valueRequired\":true,\"valueName\":\"search_term_string\"}}],\"inLanguage\":\"es\"},{\"@type\":\"Organization\",\"@id\":\"https:\/\/waracomunicaciones.com\/#organization\",\"name\":\"Wara Comunicaciones\",\"url\":\"https:\/\/waracomunicaciones.com\/\",\"logo\":{\"@type\":\"ImageObject\",\"inLanguage\":\"es\",\"@id\":\"https:\/\/waracomunicaciones.com\/#\/schema\/logo\/image\/\",\"url\":\"https:\/\/waracomunicaciones.com\/wp-content\/uploads\/2025\/07\/logo.png\",\"contentUrl\":\"https:\/\/waracomunicaciones.com\/wp-content\/uploads\/2025\/07\/logo.png\",\"width\":400,\"height\":164,\"caption\":\"Wara Comunicaciones\"},\"image\":{\"@id\":\"https:\/\/waracomunicaciones.com\/#\/schema\/logo\/image\/\"},\"sameAs\":[\"https:\/\/www.facebook.com\/waracomunicaciones2017\"]},{\"@type\":\"Person\",\"@id\":\"https:\/\/waracomunicaciones.com\/#\/schema\/person\/e9db934bc91575cc71fe584c5973244a\",\"name\":\"admin\",\"image\":{\"@type\":\"ImageObject\",\"inLanguage\":\"es\",\"@id\":\"https:\/\/waracomunicaciones.com\/#\/schema\/person\/image\/\",\"url\":\"https:\/\/secure.gravatar.com\/avatar\/bf27e9186df568254093afa216f887fece17605302c6ff12f3980422fffa52e6?s=96&d=mm&r=g\",\"contentUrl\":\"https:\/\/secure.gravatar.com\/avatar\/bf27e9186df568254093afa216f887fece17605302c6ff12f3980422fffa52e6?s=96&d=mm&r=g\",\"caption\":\"admin\"},\"sameAs\":[\"https:\/\/waracomunicaciones.com\/wp\"],\"url\":\"https:\/\/waracomunicaciones.com\/?author=1\"}]}<\/script>\n<!-- \/ Yoast SEO Premium plugin. -->","yoast_head_json":{"title":"Leonardo Vargas, del Copelme Team, le entrega a Bolivia su primer oro mundial en karate - Wara Comunicaciones","robots":{"index":"index","follow":"follow","max-snippet":"max-snippet:-1","max-image-preview":"max-image-preview:large","max-video-preview":"max-video-preview:-1"},"canonical":"https:\/\/waracomunicaciones.com\/?p=476","og_locale":"es_ES","og_type":"article","og_title":"Leonardo Vargas, del Copelme Team, le entrega a Bolivia su primer oro mundial en karate","og_description":"Leonardo Vargas, destacado deportista del Copelme Team, hizo historia este domingo al conquistar la medalla de oro en la Liga Mundial Juvenil de Karate, celebrada en Monterrey, M\u00e9xico. Con un desempe\u00f1o impecable, gan\u00f3 los cinco combates que disput\u00f3, convirti\u00e9ndose en el primer boliviano en lograr un t\u00edtulo mundial en esta disciplina.","og_url":"https:\/\/waracomunicaciones.com\/?p=476","og_site_name":"Wara Comunicaciones","article_publisher":"https:\/\/www.facebook.com\/waracomunicaciones2017","article_published_time":"2025-08-12T12:23:04+00:00","article_modified_time":"2025-08-12T12:24:03+00:00","og_image":[{"width":1200,"height":967,"url":"https:\/\/waracomunicaciones.com\/wp-content\/uploads\/2025\/08\/ffdff.webp","type":"image\/webp"}],"author":"admin","twitter_card":"summary_large_image","twitter_misc":{"Escrito por":"admin","Tiempo de lectura":"2 minutos"},"schema":{"@context":"https:\/\/schema.org","@graph":[{"@type":"Article","@id":"https:\/\/waracomunicaciones.com\/?p=476#article","isPartOf":{"@id":"https:\/\/waracomunicaciones.com\/?p=476"},"author":{"name":"admin","@id":"https:\/\/waracomunicaciones.com\/#\/schema\/person\/e9db934bc91575cc71fe584c5973244a"},"headline":"Leonardo Vargas, del Copelme Team, le entrega a Bolivia su primer oro mundial en karate","datePublished":"2025-08-12T12:23:04+00:00","dateModified":"2025-08-12T12:24:03+00:00","mainEntityOfPage":{"@id":"https:\/\/waracomunicaciones.com\/?p=476"},"wordCount":274,"commentCount":0,"publisher":{"@id":"https:\/\/waracomunicaciones.com\/#organization"},"image":{"@id":"https:\/\/waracomunicaciones.com\/?p=476#primaryimage"},"thumbnailUrl":"https:\/\/waracomunicaciones.com\/wp-content\/uploads\/2025\/08\/ffdff.webp","keywords":["Karate","Leonardo Vargas"],"articleSection":["Polideportivo"],"inLanguage":"es","potentialAction":[{"@type":"CommentAction","name":"Comment","target":["https:\/\/waracomunicaciones.com\/?p=476#respond"]}]},{"@type":"WebPage","@id":"https:\/\/waracomunicaciones.com\/?p=476","url":"https:\/\/waracomunicaciones.com\/?p=476","name":"Leonardo Vargas, del Copelme Team, le entrega a Bolivia su primer oro mundial en karate - Wara Comunicaciones","isPartOf":{"@id":"https:\/\/waracomunicaciones.com\/#website"},"primaryImageOfPage":{"@id":"https:\/\/waracomunicaciones.com\/?p=476#primaryimage"},"image":{"@id":"https:\/\/waracomunicaciones.com\/?p=476#primaryimage"},"thumbnailUrl":"https:\/\/waracomunicaciones.com\/wp-content\/uploads\/2025\/08\/ffdff.webp","datePublished":"2025-08-12T12:23:04+00:00","dateModified":"2025-08-12T12:24:03+00:00","breadcrumb":{"@id":"https:\/\/waracomunicaciones.com\/?p=476#breadcrumb"},"inLanguage":"es","potentialAction":[{"@type":"ReadAction","target":["https:\/\/waracomunicaciones.com\/?p=476"]}]},{"@type":"ImageObject","inLanguage":"es","@id":"https:\/\/waracomunicaciones.com\/?p=476#primaryimage","url":"https:\/\/waracomunicaciones.com\/wp-content\/uploads\/2025\/08\/ffdff.webp","contentUrl":"https:\/\/waracomunicaciones.com\/wp-content\/uploads\/2025\/08\/ffdff.webp","width":1200,"height":967},{"@type":"BreadcrumbList","@id":"https:\/\/waracomunicaciones.com\/?p=476#breadcrumb","itemListElement":[{"@type":"ListItem","position":1,"name":"Portada","item":"https:\/\/waracomunicaciones.com\/"},{"@type":"ListItem","position":2,"name":"Leonardo Vargas, del Copelme Team, le entrega a Bolivia su primer oro mundial en karate"}]},{"@type":"WebSite","@id":"https:\/\/waracomunicaciones.com\/#website","url":"https:\/\/waracomunicaciones.com\/","name":"Wara Comunicaciones","description":"","publisher":{"@id":"https:\/\/waracomunicaciones.com\/#organization"},"potentialAction":[{"@type":"SearchAction","target":{"@type":"EntryPoint","urlTemplate":"https:\/\/waracomunicaciones.com\/?s={search_term_string}"},"query-input":{"@type":"PropertyValueSpecification","valueRequired":true,"valueName":"search_term_string"}}],"inLanguage":"es"},{"@type":"Organization","@id":"https:\/\/waracomunicaciones.com\/#organization","name":"Wara Comunicaciones","url":"https:\/\/waracomunicaciones.com\/","logo":{"@type":"ImageObject","inLanguage":"es","@id":"https:\/\/waracomunicaciones.com\/#\/schema\/logo\/image\/","url":"https:\/\/waracomunicaciones.com\/wp-content\/uploads\/2025\/07\/logo.png","contentUrl":"https:\/\/waracomunicaciones.com\/wp-content\/uploads\/2025\/07\/logo.png","width":400,"height":164,"caption":"Wara Comunicaciones"},"image":{"@id":"https:\/\/waracomunicaciones.com\/#\/schema\/logo\/image\/"},"sameAs":["https:\/\/www.facebook.com\/waracomunicaciones2017"]},{"@type":"Person","@id":"https:\/\/waracomunicaciones.com\/#\/schema\/person\/e9db934bc91575cc71fe584c5973244a","name":"admin","image":{"@type":"ImageObject","inLanguage":"es","@id":"https:\/\/waracomunicaciones.com\/#\/schema\/person\/image\/","url":"https:\/\/secure.gravatar.com\/avatar\/bf27e9186df568254093afa216f887fece17605302c6ff12f3980422fffa52e6?s=96&d=mm&r=g","contentUrl":"https:\/\/secure.gravatar.com\/avatar\/bf27e9186df568254093afa216f887fece17605302c6ff12f3980422fffa52e6?s=96&d=mm&r=g","caption":"admin"},"sameAs":["https:\/\/waracomunicaciones.com\/wp"],"url":"https:\/\/waracomunicaciones.com\/?author=1"}]}},"_links":{"self":[{"href":"https:\/\/waracomunicaciones.com\/index.php?rest_route=\/wp\/v2\/posts\/476","targetHints":{"allow":["GET"]}}],"collection":[{"href":"https:\/\/waracomunicaciones.com\/index.php?rest_route=\/wp\/v2\/posts"}],"about":[{"href":"https:\/\/waracomunicaciones.com\/index.php?rest_route=\/wp\/v2\/types\/post"}],"author":[{"embeddable":true,"href":"https:\/\/waracomunicaciones.com\/index.php?rest_route=\/wp\/v2\/users\/1"}],"replies":[{"embeddable":true,"href":"https:\/\/waracomunicaciones.com\/index.php?rest_route=%2Fwp%2Fv2%2Fcomments&post=476"}],"version-history":[{"count":1,"href":"https:\/\/waracomunicaciones.com\/index.php?rest_route=\/wp\/v2\/posts\/476\/revisions"}],"predecessor-version":[{"id":478,"href":"https:\/\/waracomunicaciones.com\/index.php?rest_route=\/wp\/v2\/posts\/476\/revisions\/478"}],"wp:featuredmedia":[{"embeddable":true,"href":"https:\/\/waracomunicaciones.com\/index.php?rest_route=\/wp\/v2\/media\/477"}],"wp:attachment":[{"href":"https:\/\/waracomunicaciones.com\/index.php?rest_route=%2Fwp%2Fv2%2Fmedia&parent=476"}],"wp:term":[{"taxonomy":"category","embeddable":true,"href":"https:\/\/waracomunicaciones.com\/index.php?rest_route=%2Fwp%2Fv2%2Fcategories&post=476"},{"taxonomy":"post_tag","embeddable":true,"href":"https:\/\/waracomunicaciones.com\/index.php?rest_route=%2Fwp%2Fv2%2Ftags&post=476"}],"curies":[{"name":"wp","href":"https:\/\/api.w.org\/{rel}","templated":true}]}}