{"id":471,"date":"2025-08-11T09:54:28","date_gmt":"2025-08-11T13:54:28","guid":{"rendered":"https:\/\/waracomunicaciones.com\/?p=471"},"modified":"2025-08-11T09:56:29","modified_gmt":"2025-08-11T13:56:29","slug":"maico-moreno-vamos-a-trabajar-por-todos-los-municipios-sin-discriminacion-politica","status":"publish","type":"post","link":"https:\/\/waracomunicaciones.com\/?p=471","title":{"rendered":"Maico Moreno: \u201cVamos a trabajar por todos los municipios sin discriminaci\u00f3n pol\u00edtica\u201d"},"content":{"rendered":"\n<figure class=\"wp-block-image size-full\"><img loading=\"lazy\" decoding=\"async\" width=\"1000\" height=\"667\" src=\"https:\/\/waracomunicaciones.com\/wp-content\/uploads\/2025\/08\/maicooo.webp\" alt=\"\" class=\"wp-image-474\" srcset=\"https:\/\/waracomunicaciones.com\/wp-content\/uploads\/2025\/08\/maicooo.webp 1000w, https:\/\/waracomunicaciones.com\/wp-content\/uploads\/2025\/08\/maicooo-300x200.webp 300w, https:\/\/waracomunicaciones.com\/wp-content\/uploads\/2025\/08\/maicooo-768x512.webp 768w\" sizes=\"auto, (max-width: 1000px) 100vw, 1000px\" \/><figcaption class=\"wp-element-caption\"><em>Jorge Tuto Quiroga junto a Maico Moreno &#8211; Foto Facebook<\/em><\/figcaption><\/figure>\n\n\n<p><strong><b>Montero, <\/b><\/strong>\u00a0\u2013 A pocos d\u00edas de las elecciones nacionales del 17 de agosto, el candidato a diputado uninominal por la Circunscripci\u00f3n 57, Maico Moreno, reafirm\u00f3 su compromiso con todos los municipios de la regi\u00f3n, sin importar el color pol\u00edtico, y asegur\u00f3 que de ser electo legislar\u00e1 con equidad y visi\u00f3n de desarrollo regional.<!--more--><\/p>\n<p>En una entrevista realizada este lunes por la ma\u00f1ana, Moreno se refiri\u00f3 al 22% de indecisos que, seg\u00fan la \u00faltima encuesta difundida por Unitel, a\u00fan no definen su voto en Santa Cruz. \u201cEso nos obliga a redoblar esfuerzos en esta recta final. La gente todav\u00eda est\u00e1 evaluando y nosotros tenemos que llegar con nuestras propuestas claras\u201d, afirm\u00f3.<\/p>\n<p>El candidato detall\u00f3 las actividades programadas para el cierre de campa\u00f1a, incluyendo actos en Portachuelo, Yapacan\u00ed y el gran cierre de Jorge Tuto Quiroga este martes en la ciudad de Santa Cruz. \u201cEstamos cerrando con fuerza. La concentraci\u00f3n en Montero el viernes pasado fue una clara muestra de apoyo\u201d, destac\u00f3.<\/p>\n<p><strong><b>\u201cLa diferencia ser\u00e1 gobernar para todos\u201d<\/b><\/strong><\/p>\n<p>Consultado sobre qu\u00e9 diferencia marcar\u00eda frente a los exdiputados del MAS que representaron la circunscripci\u00f3n en las \u00faltimas gestiones, Moreno fue enf\u00e1tico: \u201cEl MAS discrimin\u00f3 a los municipios opositores. Nosotros vamos a trabajar por todos, hayan votado por Tuto o no, porque la plata es de todos los bolivianos\u201d.<\/p>\n<p>A\u00f1adi\u00f3 que, junto a Tuto Quiroga, se comprometen a implementar una verdadera descentralizaci\u00f3n de los recursos. \u201cQueremos que las regiones tengan autonom\u00eda real, que los municipios puedan decidir su desarrollo sin mendigar presupuesto a La Paz\u201d, asegur\u00f3.<\/p>\n<p><strong><b>Propuestas para los indecisos<\/b><\/strong><\/p>\n<p>Respecto al alto n\u00famero de votantes indecisos, Moreno pidi\u00f3 a la poblaci\u00f3n considerar seriamente las propuestas de fondo. \u201cSi queremos salir del socialismo, no podemos votar por opciones tibias o de centro. Tuto Quiroga representa un cambio real, con un plan liberal, con medidas concretas como la liberaci\u00f3n de exportaciones, el apoyo a productores y la descentralizaci\u00f3n fiscal\u201d, afirm\u00f3.<\/p>\n<p>Critic\u00f3 tambi\u00e9n el manejo de los recursos en los \u00faltimos a\u00f1os por parte del MAS, se\u00f1alando que \u201cse invirti\u00f3 en aeropuertos sin aviones, mientras nuestras regiones siguen abandonadas\u201d.<\/p>\n<p><strong><b>Proyectos para la regi\u00f3n<\/b><\/strong><\/p>\n<p>Entre sus prioridades legislativas y de gesti\u00f3n, Michael Moreno mencion\u00f3 una serie de proyectos clave para la Circunscripci\u00f3n 57, que abarca los municipios de Montero, Yapacan\u00ed, Portachuelo, Buenavista, San Carlos y San Juan de Yapacan\u00ed:<\/p>\n<ul>\n<li><b><\/b><strong><b>Salud y educaci\u00f3n:<\/b><\/strong>Aumento de \u00edtems para m\u00e9dicos, maestros y polic\u00edas. Mejora en infraestructura sanitaria y educativa.<\/li>\n<li><b><\/b><strong><b>Apoyo al sector productivo:<\/b><\/strong>Compra y exportaci\u00f3n de miel y productos l\u00e1cteos, apoyo a lecher\u00edas, insumos para peque\u00f1os productores.<\/li>\n<li><b><\/b><strong><b>Turismo:<\/b><\/strong>Desarrollo de la ruta del caf\u00e9 y el chocolate en Buenavista y Yapacan\u00ed, y la ruta de la ca\u00f1a y el az\u00facar en Montero.<\/li>\n<li><b><\/b><strong><b>Infraestructura vial:<\/b><\/strong>Proyectos de doble v\u00eda Montero-Okinawa, tramo Okinawa-Los Troncos y la carretera Santa Cruz-Buenavista, asegurando el respeto al medio ambiente.<\/li>\n<li><b><\/b><strong><b>Zona industrial:<\/b><\/strong>Propuesta de crear un parque industrial y una zona franca en Montero para atraer inversiones y generar empleo.<\/li>\n<\/ul>\n<p>\u201cQueremos un norte integrado fuerte, productivo, con oportunidades reales para todos. Si la gente nos da su confianza, trabajaremos desde el primer d\u00eda para lograrlo\u201d, concluy\u00f3.<\/p><div style=\"margin-top: 0px; margin-bottom: 0px;\" class=\"sharethis-inline-reaction-buttons\" ><\/div>","protected":false},"excerpt":{"rendered":"<p>Montero, \u00a0\u2013 A pocos d\u00edas de las elecciones nacionales del 17 de agosto, el candidato a diputado uninominal por la Circunscripci\u00f3n 57, Maico Moreno, reafirm\u00f3 su compromiso con todos los municipios de la regi\u00f3n, sin importar el color pol\u00edtico, y asegur\u00f3 que de ser electo legislar\u00e1 con equidad y visi\u00f3n de desarrollo regional.<\/p>\n","protected":false},"author":1,"featured_media":474,"comment_status":"open","ping_status":"open","sticky":false,"template":"","format":"standard","meta":{"footnotes":""},"categories":[42],"tags":[31,57,11,33,28],"class_list":["post-471","post","type-post","status-publish","format-standard","has-post-thumbnail","hentry","category-politica","tag-alianza-libre","tag-c-57","tag-elecciones-nacionales-2025","tag-jorge-tuto-quiroga","tag-maico-moreno-vaca"],"yoast_head":"<!-- This site is optimized with the Yoast SEO Premium plugin v25.5 (Yoast SEO v27.1.1) - https:\/\/yoast.com\/product\/yoast-seo-premium-wordpress\/ -->\n<title>Maico Moreno: \u201cVamos a trabajar por todos los municipios sin discriminaci\u00f3n pol\u00edtica\u201d - Wara Comunicaciones<\/title>\n<meta name=\"robots\" content=\"index, follow, max-snippet:-1, max-image-preview:large, max-video-preview:-1\" \/>\n<link rel=\"canonical\" href=\"https:\/\/waracomunicaciones.com\/?p=471\" \/>\n<meta property=\"og:locale\" content=\"es_ES\" \/>\n<meta property=\"og:type\" content=\"article\" \/>\n<meta property=\"og:title\" content=\"Maico Moreno: \u201cVamos a trabajar por todos los municipios sin discriminaci\u00f3n pol\u00edtica\u201d\" \/>\n<meta property=\"og:description\" content=\"Montero, \u00a0\u2013 A pocos d\u00edas de las elecciones nacionales del 17 de agosto, el candidato a diputado uninominal por la Circunscripci\u00f3n 57, Maico Moreno, reafirm\u00f3 su compromiso con todos los municipios de la regi\u00f3n, sin importar el color pol\u00edtico, y asegur\u00f3 que de ser electo legislar\u00e1 con equidad y visi\u00f3n de desarrollo regional.\" \/>\n<meta property=\"og:url\" content=\"https:\/\/waracomunicaciones.com\/?p=471\" \/>\n<meta property=\"og:site_name\" content=\"Wara Comunicaciones\" \/>\n<meta property=\"article:publisher\" content=\"https:\/\/www.facebook.com\/waracomunicaciones2017\" \/>\n<meta property=\"article:published_time\" content=\"2025-08-11T13:54:28+00:00\" \/>\n<meta property=\"article:modified_time\" content=\"2025-08-11T13:56:29+00:00\" \/>\n<meta property=\"og:image\" content=\"https:\/\/waracomunicaciones.com\/wp-content\/uploads\/2025\/08\/maicooo.webp\" \/>\n\t<meta property=\"og:image:width\" content=\"1000\" \/>\n\t<meta property=\"og:image:height\" content=\"667\" \/>\n\t<meta property=\"og:image:type\" content=\"image\/webp\" \/>\n<meta name=\"author\" content=\"admin\" \/>\n<meta name=\"twitter:card\" content=\"summary_large_image\" \/>\n<meta name=\"twitter:label1\" content=\"Escrito por\" \/>\n\t<meta name=\"twitter:data1\" content=\"admin\" \/>\n\t<meta name=\"twitter:label2\" content=\"Tiempo de lectura\" \/>\n\t<meta name=\"twitter:data2\" content=\"3 minutos\" \/>\n<script type=\"application\/ld+json\" class=\"yoast-schema-graph\">{\"@context\":\"https:\/\/schema.org\",\"@graph\":[{\"@type\":\"Article\",\"@id\":\"https:\/\/waracomunicaciones.com\/?p=471#article\",\"isPartOf\":{\"@id\":\"https:\/\/waracomunicaciones.com\/?p=471\"},\"author\":{\"name\":\"admin\",\"@id\":\"https:\/\/waracomunicaciones.com\/#\/schema\/person\/e9db934bc91575cc71fe584c5973244a\"},\"headline\":\"Maico Moreno: \u201cVamos a trabajar por todos los municipios sin discriminaci\u00f3n pol\u00edtica\u201d\",\"datePublished\":\"2025-08-11T13:54:28+00:00\",\"dateModified\":\"2025-08-11T13:56:29+00:00\",\"mainEntityOfPage\":{\"@id\":\"https:\/\/waracomunicaciones.com\/?p=471\"},\"wordCount\":567,\"commentCount\":0,\"publisher\":{\"@id\":\"https:\/\/waracomunicaciones.com\/#organization\"},\"image\":{\"@id\":\"https:\/\/waracomunicaciones.com\/?p=471#primaryimage\"},\"thumbnailUrl\":\"https:\/\/waracomunicaciones.com\/wp-content\/uploads\/2025\/08\/maicooo.webp\",\"keywords\":[\"Alianza Libre\",\"C-57\",\"Elecciones Nacionales 2025\",\"Jorge Tuto Quiroga\",\"Maico Moreno Vaca\"],\"articleSection\":[\"Pol\u00edtica\"],\"inLanguage\":\"es\",\"potentialAction\":[{\"@type\":\"CommentAction\",\"name\":\"Comment\",\"target\":[\"https:\/\/waracomunicaciones.com\/?p=471#respond\"]}]},{\"@type\":\"WebPage\",\"@id\":\"https:\/\/waracomunicaciones.com\/?p=471\",\"url\":\"https:\/\/waracomunicaciones.com\/?p=471\",\"name\":\"Maico Moreno: \u201cVamos a trabajar por todos los municipios sin discriminaci\u00f3n pol\u00edtica\u201d - Wara Comunicaciones\",\"isPartOf\":{\"@id\":\"https:\/\/waracomunicaciones.com\/#website\"},\"primaryImageOfPage\":{\"@id\":\"https:\/\/waracomunicaciones.com\/?p=471#primaryimage\"},\"image\":{\"@id\":\"https:\/\/waracomunicaciones.com\/?p=471#primaryimage\"},\"thumbnailUrl\":\"https:\/\/waracomunicaciones.com\/wp-content\/uploads\/2025\/08\/maicooo.webp\",\"datePublished\":\"2025-08-11T13:54:28+00:00\",\"dateModified\":\"2025-08-11T13:56:29+00:00\",\"breadcrumb\":{\"@id\":\"https:\/\/waracomunicaciones.com\/?p=471#breadcrumb\"},\"inLanguage\":\"es\",\"potentialAction\":[{\"@type\":\"ReadAction\",\"target\":[\"https:\/\/waracomunicaciones.com\/?p=471\"]}]},{\"@type\":\"ImageObject\",\"inLanguage\":\"es\",\"@id\":\"https:\/\/waracomunicaciones.com\/?p=471#primaryimage\",\"url\":\"https:\/\/waracomunicaciones.com\/wp-content\/uploads\/2025\/08\/maicooo.webp\",\"contentUrl\":\"https:\/\/waracomunicaciones.com\/wp-content\/uploads\/2025\/08\/maicooo.webp\",\"width\":1000,\"height\":667},{\"@type\":\"BreadcrumbList\",\"@id\":\"https:\/\/waracomunicaciones.com\/?p=471#breadcrumb\",\"itemListElement\":[{\"@type\":\"ListItem\",\"position\":1,\"name\":\"Portada\",\"item\":\"https:\/\/waracomunicaciones.com\/\"},{\"@type\":\"ListItem\",\"position\":2,\"name\":\"Maico Moreno: \u201cVamos a trabajar por todos los municipios sin discriminaci\u00f3n pol\u00edtica\u201d\"}]},{\"@type\":\"WebSite\",\"@id\":\"https:\/\/waracomunicaciones.com\/#website\",\"url\":\"https:\/\/waracomunicaciones.com\/\",\"name\":\"Wara Comunicaciones\",\"description\":\"\",\"publisher\":{\"@id\":\"https:\/\/waracomunicaciones.com\/#organization\"},\"potentialAction\":[{\"@type\":\"SearchAction\",\"target\":{\"@type\":\"EntryPoint\",\"urlTemplate\":\"https:\/\/waracomunicaciones.com\/?s={search_term_string}\"},\"query-input\":{\"@type\":\"PropertyValueSpecification\",\"valueRequired\":true,\"valueName\":\"search_term_string\"}}],\"inLanguage\":\"es\"},{\"@type\":\"Organization\",\"@id\":\"https:\/\/waracomunicaciones.com\/#organization\",\"name\":\"Wara Comunicaciones\",\"url\":\"https:\/\/waracomunicaciones.com\/\",\"logo\":{\"@type\":\"ImageObject\",\"inLanguage\":\"es\",\"@id\":\"https:\/\/waracomunicaciones.com\/#\/schema\/logo\/image\/\",\"url\":\"https:\/\/waracomunicaciones.com\/wp-content\/uploads\/2025\/07\/logo.png\",\"contentUrl\":\"https:\/\/waracomunicaciones.com\/wp-content\/uploads\/2025\/07\/logo.png\",\"width\":400,\"height\":164,\"caption\":\"Wara Comunicaciones\"},\"image\":{\"@id\":\"https:\/\/waracomunicaciones.com\/#\/schema\/logo\/image\/\"},\"sameAs\":[\"https:\/\/www.facebook.com\/waracomunicaciones2017\"]},{\"@type\":\"Person\",\"@id\":\"https:\/\/waracomunicaciones.com\/#\/schema\/person\/e9db934bc91575cc71fe584c5973244a\",\"name\":\"admin\",\"image\":{\"@type\":\"ImageObject\",\"inLanguage\":\"es\",\"@id\":\"https:\/\/waracomunicaciones.com\/#\/schema\/person\/image\/\",\"url\":\"https:\/\/secure.gravatar.com\/avatar\/bf27e9186df568254093afa216f887fece17605302c6ff12f3980422fffa52e6?s=96&d=mm&r=g\",\"contentUrl\":\"https:\/\/secure.gravatar.com\/avatar\/bf27e9186df568254093afa216f887fece17605302c6ff12f3980422fffa52e6?s=96&d=mm&r=g\",\"caption\":\"admin\"},\"sameAs\":[\"https:\/\/waracomunicaciones.com\/wp\"],\"url\":\"https:\/\/waracomunicaciones.com\/?author=1\"}]}<\/script>\n<!-- \/ Yoast SEO Premium plugin. -->","yoast_head_json":{"title":"Maico Moreno: \u201cVamos a trabajar por todos los municipios sin discriminaci\u00f3n pol\u00edtica\u201d - Wara Comunicaciones","robots":{"index":"index","follow":"follow","max-snippet":"max-snippet:-1","max-image-preview":"max-image-preview:large","max-video-preview":"max-video-preview:-1"},"canonical":"https:\/\/waracomunicaciones.com\/?p=471","og_locale":"es_ES","og_type":"article","og_title":"Maico Moreno: \u201cVamos a trabajar por todos los municipios sin discriminaci\u00f3n pol\u00edtica\u201d","og_description":"Montero, \u00a0\u2013 A pocos d\u00edas de las elecciones nacionales del 17 de agosto, el candidato a diputado uninominal por la Circunscripci\u00f3n 57, Maico Moreno, reafirm\u00f3 su compromiso con todos los municipios de la regi\u00f3n, sin importar el color pol\u00edtico, y asegur\u00f3 que de ser electo legislar\u00e1 con equidad y visi\u00f3n de desarrollo regional.","og_url":"https:\/\/waracomunicaciones.com\/?p=471","og_site_name":"Wara Comunicaciones","article_publisher":"https:\/\/www.facebook.com\/waracomunicaciones2017","article_published_time":"2025-08-11T13:54:28+00:00","article_modified_time":"2025-08-11T13:56:29+00:00","og_image":[{"width":1000,"height":667,"url":"https:\/\/waracomunicaciones.com\/wp-content\/uploads\/2025\/08\/maicooo.webp","type":"image\/webp"}],"author":"admin","twitter_card":"summary_large_image","twitter_misc":{"Escrito por":"admin","Tiempo de lectura":"3 minutos"},"schema":{"@context":"https:\/\/schema.org","@graph":[{"@type":"Article","@id":"https:\/\/waracomunicaciones.com\/?p=471#article","isPartOf":{"@id":"https:\/\/waracomunicaciones.com\/?p=471"},"author":{"name":"admin","@id":"https:\/\/waracomunicaciones.com\/#\/schema\/person\/e9db934bc91575cc71fe584c5973244a"},"headline":"Maico Moreno: \u201cVamos a trabajar por todos los municipios sin discriminaci\u00f3n pol\u00edtica\u201d","datePublished":"2025-08-11T13:54:28+00:00","dateModified":"2025-08-11T13:56:29+00:00","mainEntityOfPage":{"@id":"https:\/\/waracomunicaciones.com\/?p=471"},"wordCount":567,"commentCount":0,"publisher":{"@id":"https:\/\/waracomunicaciones.com\/#organization"},"image":{"@id":"https:\/\/waracomunicaciones.com\/?p=471#primaryimage"},"thumbnailUrl":"https:\/\/waracomunicaciones.com\/wp-content\/uploads\/2025\/08\/maicooo.webp","keywords":["Alianza Libre","C-57","Elecciones Nacionales 2025","Jorge Tuto Quiroga","Maico Moreno Vaca"],"articleSection":["Pol\u00edtica"],"inLanguage":"es","potentialAction":[{"@type":"CommentAction","name":"Comment","target":["https:\/\/waracomunicaciones.com\/?p=471#respond"]}]},{"@type":"WebPage","@id":"https:\/\/waracomunicaciones.com\/?p=471","url":"https:\/\/waracomunicaciones.com\/?p=471","name":"Maico Moreno: \u201cVamos a trabajar por todos los municipios sin discriminaci\u00f3n pol\u00edtica\u201d - Wara Comunicaciones","isPartOf":{"@id":"https:\/\/waracomunicaciones.com\/#website"},"primaryImageOfPage":{"@id":"https:\/\/waracomunicaciones.com\/?p=471#primaryimage"},"image":{"@id":"https:\/\/waracomunicaciones.com\/?p=471#primaryimage"},"thumbnailUrl":"https:\/\/waracomunicaciones.com\/wp-content\/uploads\/2025\/08\/maicooo.webp","datePublished":"2025-08-11T13:54:28+00:00","dateModified":"2025-08-11T13:56:29+00:00","breadcrumb":{"@id":"https:\/\/waracomunicaciones.com\/?p=471#breadcrumb"},"inLanguage":"es","potentialAction":[{"@type":"ReadAction","target":["https:\/\/waracomunicaciones.com\/?p=471"]}]},{"@type":"ImageObject","inLanguage":"es","@id":"https:\/\/waracomunicaciones.com\/?p=471#primaryimage","url":"https:\/\/waracomunicaciones.com\/wp-content\/uploads\/2025\/08\/maicooo.webp","contentUrl":"https:\/\/waracomunicaciones.com\/wp-content\/uploads\/2025\/08\/maicooo.webp","width":1000,"height":667},{"@type":"BreadcrumbList","@id":"https:\/\/waracomunicaciones.com\/?p=471#breadcrumb","itemListElement":[{"@type":"ListItem","position":1,"name":"Portada","item":"https:\/\/waracomunicaciones.com\/"},{"@type":"ListItem","position":2,"name":"Maico Moreno: \u201cVamos a trabajar por todos los municipios sin discriminaci\u00f3n pol\u00edtica\u201d"}]},{"@type":"WebSite","@id":"https:\/\/waracomunicaciones.com\/#website","url":"https:\/\/waracomunicaciones.com\/","name":"Wara Comunicaciones","description":"","publisher":{"@id":"https:\/\/waracomunicaciones.com\/#organization"},"potentialAction":[{"@type":"SearchAction","target":{"@type":"EntryPoint","urlTemplate":"https:\/\/waracomunicaciones.com\/?s={search_term_string}"},"query-input":{"@type":"PropertyValueSpecification","valueRequired":true,"valueName":"search_term_string"}}],"inLanguage":"es"},{"@type":"Organization","@id":"https:\/\/waracomunicaciones.com\/#organization","name":"Wara Comunicaciones","url":"https:\/\/waracomunicaciones.com\/","logo":{"@type":"ImageObject","inLanguage":"es","@id":"https:\/\/waracomunicaciones.com\/#\/schema\/logo\/image\/","url":"https:\/\/waracomunicaciones.com\/wp-content\/uploads\/2025\/07\/logo.png","contentUrl":"https:\/\/waracomunicaciones.com\/wp-content\/uploads\/2025\/07\/logo.png","width":400,"height":164,"caption":"Wara Comunicaciones"},"image":{"@id":"https:\/\/waracomunicaciones.com\/#\/schema\/logo\/image\/"},"sameAs":["https:\/\/www.facebook.com\/waracomunicaciones2017"]},{"@type":"Person","@id":"https:\/\/waracomunicaciones.com\/#\/schema\/person\/e9db934bc91575cc71fe584c5973244a","name":"admin","image":{"@type":"ImageObject","inLanguage":"es","@id":"https:\/\/waracomunicaciones.com\/#\/schema\/person\/image\/","url":"https:\/\/secure.gravatar.com\/avatar\/bf27e9186df568254093afa216f887fece17605302c6ff12f3980422fffa52e6?s=96&d=mm&r=g","contentUrl":"https:\/\/secure.gravatar.com\/avatar\/bf27e9186df568254093afa216f887fece17605302c6ff12f3980422fffa52e6?s=96&d=mm&r=g","caption":"admin"},"sameAs":["https:\/\/waracomunicaciones.com\/wp"],"url":"https:\/\/waracomunicaciones.com\/?author=1"}]}},"_links":{"self":[{"href":"https:\/\/waracomunicaciones.com\/index.php?rest_route=\/wp\/v2\/posts\/471","targetHints":{"allow":["GET"]}}],"collection":[{"href":"https:\/\/waracomunicaciones.com\/index.php?rest_route=\/wp\/v2\/posts"}],"about":[{"href":"https:\/\/waracomunicaciones.com\/index.php?rest_route=\/wp\/v2\/types\/post"}],"author":[{"embeddable":true,"href":"https:\/\/waracomunicaciones.com\/index.php?rest_route=\/wp\/v2\/users\/1"}],"replies":[{"embeddable":true,"href":"https:\/\/waracomunicaciones.com\/index.php?rest_route=%2Fwp%2Fv2%2Fcomments&post=471"}],"version-history":[{"count":1,"href":"https:\/\/waracomunicaciones.com\/index.php?rest_route=\/wp\/v2\/posts\/471\/revisions"}],"predecessor-version":[{"id":475,"href":"https:\/\/waracomunicaciones.com\/index.php?rest_route=\/wp\/v2\/posts\/471\/revisions\/475"}],"wp:featuredmedia":[{"embeddable":true,"href":"https:\/\/waracomunicaciones.com\/index.php?rest_route=\/wp\/v2\/media\/474"}],"wp:attachment":[{"href":"https:\/\/waracomunicaciones.com\/index.php?rest_route=%2Fwp%2Fv2%2Fmedia&parent=471"}],"wp:term":[{"taxonomy":"category","embeddable":true,"href":"https:\/\/waracomunicaciones.com\/index.php?rest_route=%2Fwp%2Fv2%2Fcategories&post=471"},{"taxonomy":"post_tag","embeddable":true,"href":"https:\/\/waracomunicaciones.com\/index.php?rest_route=%2Fwp%2Fv2%2Ftags&post=471"}],"curies":[{"name":"wp","href":"https:\/\/api.w.org\/{rel}","templated":true}]}}