{"id":45,"date":"2025-07-15T00:47:26","date_gmt":"2025-07-15T04:47:26","guid":{"rendered":"https:\/\/waracomunicaciones.com\/wp\/?p=45"},"modified":"2025-07-24T02:05:05","modified_gmt":"2025-07-24T06:05:05","slug":"candidaturas-definidas-en-la-c57-jaime-uscamayta-critica-comercializacion-en-partidos-tradicionales","status":"publish","type":"post","link":"https:\/\/waracomunicaciones.com\/?p=45","title":{"rendered":"Candidaturas definidas en la C57: Jaime Uscamayta critica \u201ccomercializaci\u00f3n\u201d en partidos tradicionales"},"content":{"rendered":"\n<figure class=\"wp-block-image size-full\"><img loading=\"lazy\" decoding=\"async\" width=\"600\" height=\"270\" src=\"https:\/\/waracomunicaciones.com\/wp\/wp-content\/uploads\/2025\/07\/9415f9bcd76598f9c08127db1641b596_L.jpg\" alt=\"\" class=\"wp-image-46\" srcset=\"https:\/\/waracomunicaciones.com\/wp-content\/uploads\/2025\/07\/9415f9bcd76598f9c08127db1641b596_L.jpg 600w, https:\/\/waracomunicaciones.com\/wp-content\/uploads\/2025\/07\/9415f9bcd76598f9c08127db1641b596_L-300x135.jpg 300w\" sizes=\"auto, (max-width: 600px) 100vw, 600px\" \/><figcaption class=\"wp-element-caption\">Foto de Facebook<\/figcaption><\/figure>\n\n\n<div class=\"itemIntroText\">\n<p><strong><b>Montero,<\/b><\/strong>\u00a0\u2014 A un d\u00eda de haberse oficializado las listas de candidatos habilitados para la Circunscripci\u00f3n 57 (C-57), se han despejado las dudas en torno a qui\u00e9nes estar\u00e1n en carrera rumbo a las elecciones legislativas. La informaci\u00f3n confirma que partidos como El Movimiento de Renovaci\u00f3n Nacional MORENA\u00a0y Acci\u00f3n Democr\u00e1tica Nacionalista (ADN)\u00a0no presentaron candidatos en esta circunscripci\u00f3n, mientras que\u00a0<em><i>Movimiento al Socialismo (MAS)<\/i><\/em>\u00a0y\u00a0<em><i>Unidad C\u00edvica Solidaridad<\/i><\/em>\u00a0(UCS) s\u00f3lo inscribieron candidatos titulares, sin suplentes.<\/p>\n<\/div>\n<p><!--more--><\/p>\n<div class=\"itemFullText\">\n<p>La contienda por la diputaci\u00f3n en la C-57 se centrar\u00e1 entre las candidaturas respaldadas por Samuel Doria Medina, Andr\u00f3nico Rodr\u00edguez, Manfred Reyes Villa y Tuto Quiroga. Notoriamente, se descarta la participaci\u00f3n de Franklin Garbizo, de quien se especulaba ser\u00eda candidato por MORENA, ya que no figura ni como titular ni como suplente en las listas oficiales.<\/p>\n<p>En entrevista con el periodista Tom\u00e1s Coca, el candidato Jaime Uscamayta, que representa a la alianza\u00a0<em><i>Autonom\u00eda para Bolivia (APB) S\u00famate<\/i><\/em>, acompa\u00f1ado por su suplente Guadalupe Jim\u00e9nez Vargas, expres\u00f3 su preocupaci\u00f3n por lo que califica como una \u201ccomercializaci\u00f3n\u201d de las candidaturas en varios partidos tradicionales.<\/p>\n<p>\u201cEstamos viviendo la \u00faltima etapa de los partidos tradicionales que han negociado y vendido candidaturas. En agrupaciones como Morena se ped\u00edan requisitos econ\u00f3micos para garantizar espacios, lo cual ha hecho inviables sus postulaciones\u201d, declar\u00f3 Uscamayta.<\/p>\n<p>Tambi\u00e9n se\u00f1al\u00f3 irregularidades similares en otras agrupaciones:<\/p>\n<p>\u201cEn el caso de Andr\u00f3nico Rodr\u00edguez, tengo una persona cercana que postulaba como plurinominal, pero al final apareci\u00f3 muy por debajo en la lista, en un lugar sin opci\u00f3n real\u201d.<\/p>\n<p>En contraste, resalt\u00f3 que su nominaci\u00f3n por APB se dio sin exigencias econ\u00f3micas, valorando la meritocracia y el compromiso pol\u00edtico:<\/p>\n<p>\u201cA m\u00ed no me pidieron dinero, solo responsabilidad y decisi\u00f3n. Esa es la diferencia con otras agrupaciones que han estado especulando con montos de dinero por las candidaturas\u201d.<\/p>\n<p>La campa\u00f1a electoral en la C- 7 toma fuerza con el inicio de actividades proselitistas, mientras la ciudadan\u00eda analiza las propuestas y perfiles de quienes aspiran representar a la regi\u00f3n en la Asamblea Legislativa Plurinacional.<\/p>\n<\/div><div style=\"margin-top: 0px; margin-bottom: 0px;\" class=\"sharethis-inline-reaction-buttons\" ><\/div>","protected":false},"excerpt":{"rendered":"<p>Montero,\u00a0\u2014 A un d\u00eda de haberse oficializado las listas de candidatos habilitados para la Circunscripci\u00f3n 57 (C-57), se han despejado las dudas en torno a qui\u00e9nes estar\u00e1n en carrera rumbo a las elecciones legislativas. La informaci\u00f3n confirma que partidos como El Movimiento de Renovaci\u00f3n Nacional MORENA\u00a0y Acci\u00f3n Democr\u00e1tica Nacionalista (ADN)\u00a0no presentaron candidatos en esta circunscripci\u00f3n, [&hellip;]<\/p>\n","protected":false},"author":1,"featured_media":46,"comment_status":"open","ping_status":"open","sticky":false,"template":"","format":"standard","meta":{"footnotes":""},"categories":[5],"tags":[11,8],"class_list":["post-45","post","type-post","status-publish","format-standard","has-post-thumbnail","hentry","category-local","tag-elecciones-nacionales-2025","tag-politica"],"yoast_head":"<!-- This site is optimized with the Yoast SEO Premium plugin v25.5 (Yoast SEO v27.1.1) - https:\/\/yoast.com\/product\/yoast-seo-premium-wordpress\/ -->\n<title>Candidaturas definidas en la C57: Jaime Uscamayta critica \u201ccomercializaci\u00f3n\u201d en partidos tradicionales - Wara Comunicaciones<\/title>\n<meta name=\"robots\" content=\"index, follow, max-snippet:-1, max-image-preview:large, max-video-preview:-1\" \/>\n<link rel=\"canonical\" href=\"https:\/\/waracomunicaciones.com\/?p=45\" \/>\n<meta property=\"og:locale\" content=\"es_ES\" \/>\n<meta property=\"og:type\" content=\"article\" \/>\n<meta property=\"og:title\" content=\"Candidaturas definidas en la C57: Jaime Uscamayta critica \u201ccomercializaci\u00f3n\u201d en partidos tradicionales\" \/>\n<meta property=\"og:description\" content=\"Montero,\u00a0\u2014 A un d\u00eda de haberse oficializado las listas de candidatos habilitados para la Circunscripci\u00f3n 57 (C-57), se han despejado las dudas en torno a qui\u00e9nes estar\u00e1n en carrera rumbo a las elecciones legislativas. La informaci\u00f3n confirma que partidos como El Movimiento de Renovaci\u00f3n Nacional MORENA\u00a0y Acci\u00f3n Democr\u00e1tica Nacionalista (ADN)\u00a0no presentaron candidatos en esta circunscripci\u00f3n, [&hellip;]\" \/>\n<meta property=\"og:url\" content=\"https:\/\/waracomunicaciones.com\/?p=45\" \/>\n<meta property=\"og:site_name\" content=\"Wara Comunicaciones\" \/>\n<meta property=\"article:publisher\" content=\"https:\/\/www.facebook.com\/waracomunicaciones2017\" \/>\n<meta property=\"article:published_time\" content=\"2025-07-15T04:47:26+00:00\" \/>\n<meta property=\"article:modified_time\" content=\"2025-07-24T06:05:05+00:00\" \/>\n<meta property=\"og:image\" content=\"https:\/\/waracomunicaciones.com\/wp-content\/uploads\/2025\/07\/9415f9bcd76598f9c08127db1641b596_L.jpg\" \/>\n\t<meta property=\"og:image:width\" content=\"600\" \/>\n\t<meta property=\"og:image:height\" content=\"270\" \/>\n\t<meta property=\"og:image:type\" content=\"image\/jpeg\" \/>\n<meta name=\"author\" content=\"admin\" \/>\n<meta name=\"twitter:card\" content=\"summary_large_image\" \/>\n<meta name=\"twitter:label1\" content=\"Escrito por\" \/>\n\t<meta name=\"twitter:data1\" content=\"admin\" \/>\n\t<meta name=\"twitter:label2\" content=\"Tiempo de lectura\" \/>\n\t<meta name=\"twitter:data2\" content=\"2 minutos\" \/>\n<script type=\"application\/ld+json\" class=\"yoast-schema-graph\">{\"@context\":\"https:\/\/schema.org\",\"@graph\":[{\"@type\":\"Article\",\"@id\":\"https:\/\/waracomunicaciones.com\/?p=45#article\",\"isPartOf\":{\"@id\":\"https:\/\/waracomunicaciones.com\/?p=45\"},\"author\":{\"name\":\"admin\",\"@id\":\"https:\/\/waracomunicaciones.com\/#\/schema\/person\/e9db934bc91575cc71fe584c5973244a\"},\"headline\":\"Candidaturas definidas en la C57: Jaime Uscamayta critica \u201ccomercializaci\u00f3n\u201d en partidos tradicionales\",\"datePublished\":\"2025-07-15T04:47:26+00:00\",\"dateModified\":\"2025-07-24T06:05:05+00:00\",\"mainEntityOfPage\":{\"@id\":\"https:\/\/waracomunicaciones.com\/?p=45\"},\"wordCount\":381,\"commentCount\":0,\"publisher\":{\"@id\":\"https:\/\/waracomunicaciones.com\/#organization\"},\"image\":{\"@id\":\"https:\/\/waracomunicaciones.com\/?p=45#primaryimage\"},\"thumbnailUrl\":\"https:\/\/waracomunicaciones.com\/wp-content\/uploads\/2025\/07\/9415f9bcd76598f9c08127db1641b596_L.jpg\",\"keywords\":[\"Elecciones Nacionales 2025\",\"Pol\u00edtica\"],\"articleSection\":[\"LOCAL\"],\"inLanguage\":\"es\",\"potentialAction\":[{\"@type\":\"CommentAction\",\"name\":\"Comment\",\"target\":[\"https:\/\/waracomunicaciones.com\/?p=45#respond\"]}]},{\"@type\":\"WebPage\",\"@id\":\"https:\/\/waracomunicaciones.com\/?p=45\",\"url\":\"https:\/\/waracomunicaciones.com\/?p=45\",\"name\":\"Candidaturas definidas en la C57: Jaime Uscamayta critica \u201ccomercializaci\u00f3n\u201d en partidos tradicionales - Wara Comunicaciones\",\"isPartOf\":{\"@id\":\"https:\/\/waracomunicaciones.com\/#website\"},\"primaryImageOfPage\":{\"@id\":\"https:\/\/waracomunicaciones.com\/?p=45#primaryimage\"},\"image\":{\"@id\":\"https:\/\/waracomunicaciones.com\/?p=45#primaryimage\"},\"thumbnailUrl\":\"https:\/\/waracomunicaciones.com\/wp-content\/uploads\/2025\/07\/9415f9bcd76598f9c08127db1641b596_L.jpg\",\"datePublished\":\"2025-07-15T04:47:26+00:00\",\"dateModified\":\"2025-07-24T06:05:05+00:00\",\"breadcrumb\":{\"@id\":\"https:\/\/waracomunicaciones.com\/?p=45#breadcrumb\"},\"inLanguage\":\"es\",\"potentialAction\":[{\"@type\":\"ReadAction\",\"target\":[\"https:\/\/waracomunicaciones.com\/?p=45\"]}]},{\"@type\":\"ImageObject\",\"inLanguage\":\"es\",\"@id\":\"https:\/\/waracomunicaciones.com\/?p=45#primaryimage\",\"url\":\"https:\/\/waracomunicaciones.com\/wp-content\/uploads\/2025\/07\/9415f9bcd76598f9c08127db1641b596_L.jpg\",\"contentUrl\":\"https:\/\/waracomunicaciones.com\/wp-content\/uploads\/2025\/07\/9415f9bcd76598f9c08127db1641b596_L.jpg\",\"width\":600,\"height\":270},{\"@type\":\"BreadcrumbList\",\"@id\":\"https:\/\/waracomunicaciones.com\/?p=45#breadcrumb\",\"itemListElement\":[{\"@type\":\"ListItem\",\"position\":1,\"name\":\"Portada\",\"item\":\"https:\/\/waracomunicaciones.com\/\"},{\"@type\":\"ListItem\",\"position\":2,\"name\":\"Candidaturas definidas en la C57: Jaime Uscamayta critica \u201ccomercializaci\u00f3n\u201d en partidos tradicionales\"}]},{\"@type\":\"WebSite\",\"@id\":\"https:\/\/waracomunicaciones.com\/#website\",\"url\":\"https:\/\/waracomunicaciones.com\/\",\"name\":\"Wara Comunicaciones\",\"description\":\"\",\"publisher\":{\"@id\":\"https:\/\/waracomunicaciones.com\/#organization\"},\"potentialAction\":[{\"@type\":\"SearchAction\",\"target\":{\"@type\":\"EntryPoint\",\"urlTemplate\":\"https:\/\/waracomunicaciones.com\/?s={search_term_string}\"},\"query-input\":{\"@type\":\"PropertyValueSpecification\",\"valueRequired\":true,\"valueName\":\"search_term_string\"}}],\"inLanguage\":\"es\"},{\"@type\":\"Organization\",\"@id\":\"https:\/\/waracomunicaciones.com\/#organization\",\"name\":\"Wara Comunicaciones\",\"url\":\"https:\/\/waracomunicaciones.com\/\",\"logo\":{\"@type\":\"ImageObject\",\"inLanguage\":\"es\",\"@id\":\"https:\/\/waracomunicaciones.com\/#\/schema\/logo\/image\/\",\"url\":\"https:\/\/waracomunicaciones.com\/wp-content\/uploads\/2025\/07\/logo.png\",\"contentUrl\":\"https:\/\/waracomunicaciones.com\/wp-content\/uploads\/2025\/07\/logo.png\",\"width\":400,\"height\":164,\"caption\":\"Wara Comunicaciones\"},\"image\":{\"@id\":\"https:\/\/waracomunicaciones.com\/#\/schema\/logo\/image\/\"},\"sameAs\":[\"https:\/\/www.facebook.com\/waracomunicaciones2017\"]},{\"@type\":\"Person\",\"@id\":\"https:\/\/waracomunicaciones.com\/#\/schema\/person\/e9db934bc91575cc71fe584c5973244a\",\"name\":\"admin\",\"image\":{\"@type\":\"ImageObject\",\"inLanguage\":\"es\",\"@id\":\"https:\/\/waracomunicaciones.com\/#\/schema\/person\/image\/\",\"url\":\"https:\/\/secure.gravatar.com\/avatar\/bf27e9186df568254093afa216f887fece17605302c6ff12f3980422fffa52e6?s=96&d=mm&r=g\",\"contentUrl\":\"https:\/\/secure.gravatar.com\/avatar\/bf27e9186df568254093afa216f887fece17605302c6ff12f3980422fffa52e6?s=96&d=mm&r=g\",\"caption\":\"admin\"},\"sameAs\":[\"https:\/\/waracomunicaciones.com\/wp\"],\"url\":\"https:\/\/waracomunicaciones.com\/?author=1\"}]}<\/script>\n<!-- \/ Yoast SEO Premium plugin. -->","yoast_head_json":{"title":"Candidaturas definidas en la C57: Jaime Uscamayta critica \u201ccomercializaci\u00f3n\u201d en partidos tradicionales - Wara Comunicaciones","robots":{"index":"index","follow":"follow","max-snippet":"max-snippet:-1","max-image-preview":"max-image-preview:large","max-video-preview":"max-video-preview:-1"},"canonical":"https:\/\/waracomunicaciones.com\/?p=45","og_locale":"es_ES","og_type":"article","og_title":"Candidaturas definidas en la C57: Jaime Uscamayta critica \u201ccomercializaci\u00f3n\u201d en partidos tradicionales","og_description":"Montero,\u00a0\u2014 A un d\u00eda de haberse oficializado las listas de candidatos habilitados para la Circunscripci\u00f3n 57 (C-57), se han despejado las dudas en torno a qui\u00e9nes estar\u00e1n en carrera rumbo a las elecciones legislativas. La informaci\u00f3n confirma que partidos como El Movimiento de Renovaci\u00f3n Nacional MORENA\u00a0y Acci\u00f3n Democr\u00e1tica Nacionalista (ADN)\u00a0no presentaron candidatos en esta circunscripci\u00f3n, [&hellip;]","og_url":"https:\/\/waracomunicaciones.com\/?p=45","og_site_name":"Wara Comunicaciones","article_publisher":"https:\/\/www.facebook.com\/waracomunicaciones2017","article_published_time":"2025-07-15T04:47:26+00:00","article_modified_time":"2025-07-24T06:05:05+00:00","og_image":[{"width":600,"height":270,"url":"https:\/\/waracomunicaciones.com\/wp-content\/uploads\/2025\/07\/9415f9bcd76598f9c08127db1641b596_L.jpg","type":"image\/jpeg"}],"author":"admin","twitter_card":"summary_large_image","twitter_misc":{"Escrito por":"admin","Tiempo de lectura":"2 minutos"},"schema":{"@context":"https:\/\/schema.org","@graph":[{"@type":"Article","@id":"https:\/\/waracomunicaciones.com\/?p=45#article","isPartOf":{"@id":"https:\/\/waracomunicaciones.com\/?p=45"},"author":{"name":"admin","@id":"https:\/\/waracomunicaciones.com\/#\/schema\/person\/e9db934bc91575cc71fe584c5973244a"},"headline":"Candidaturas definidas en la C57: Jaime Uscamayta critica \u201ccomercializaci\u00f3n\u201d en partidos tradicionales","datePublished":"2025-07-15T04:47:26+00:00","dateModified":"2025-07-24T06:05:05+00:00","mainEntityOfPage":{"@id":"https:\/\/waracomunicaciones.com\/?p=45"},"wordCount":381,"commentCount":0,"publisher":{"@id":"https:\/\/waracomunicaciones.com\/#organization"},"image":{"@id":"https:\/\/waracomunicaciones.com\/?p=45#primaryimage"},"thumbnailUrl":"https:\/\/waracomunicaciones.com\/wp-content\/uploads\/2025\/07\/9415f9bcd76598f9c08127db1641b596_L.jpg","keywords":["Elecciones Nacionales 2025","Pol\u00edtica"],"articleSection":["LOCAL"],"inLanguage":"es","potentialAction":[{"@type":"CommentAction","name":"Comment","target":["https:\/\/waracomunicaciones.com\/?p=45#respond"]}]},{"@type":"WebPage","@id":"https:\/\/waracomunicaciones.com\/?p=45","url":"https:\/\/waracomunicaciones.com\/?p=45","name":"Candidaturas definidas en la C57: Jaime Uscamayta critica \u201ccomercializaci\u00f3n\u201d en partidos tradicionales - Wara Comunicaciones","isPartOf":{"@id":"https:\/\/waracomunicaciones.com\/#website"},"primaryImageOfPage":{"@id":"https:\/\/waracomunicaciones.com\/?p=45#primaryimage"},"image":{"@id":"https:\/\/waracomunicaciones.com\/?p=45#primaryimage"},"thumbnailUrl":"https:\/\/waracomunicaciones.com\/wp-content\/uploads\/2025\/07\/9415f9bcd76598f9c08127db1641b596_L.jpg","datePublished":"2025-07-15T04:47:26+00:00","dateModified":"2025-07-24T06:05:05+00:00","breadcrumb":{"@id":"https:\/\/waracomunicaciones.com\/?p=45#breadcrumb"},"inLanguage":"es","potentialAction":[{"@type":"ReadAction","target":["https:\/\/waracomunicaciones.com\/?p=45"]}]},{"@type":"ImageObject","inLanguage":"es","@id":"https:\/\/waracomunicaciones.com\/?p=45#primaryimage","url":"https:\/\/waracomunicaciones.com\/wp-content\/uploads\/2025\/07\/9415f9bcd76598f9c08127db1641b596_L.jpg","contentUrl":"https:\/\/waracomunicaciones.com\/wp-content\/uploads\/2025\/07\/9415f9bcd76598f9c08127db1641b596_L.jpg","width":600,"height":270},{"@type":"BreadcrumbList","@id":"https:\/\/waracomunicaciones.com\/?p=45#breadcrumb","itemListElement":[{"@type":"ListItem","position":1,"name":"Portada","item":"https:\/\/waracomunicaciones.com\/"},{"@type":"ListItem","position":2,"name":"Candidaturas definidas en la C57: Jaime Uscamayta critica \u201ccomercializaci\u00f3n\u201d en partidos tradicionales"}]},{"@type":"WebSite","@id":"https:\/\/waracomunicaciones.com\/#website","url":"https:\/\/waracomunicaciones.com\/","name":"Wara Comunicaciones","description":"","publisher":{"@id":"https:\/\/waracomunicaciones.com\/#organization"},"potentialAction":[{"@type":"SearchAction","target":{"@type":"EntryPoint","urlTemplate":"https:\/\/waracomunicaciones.com\/?s={search_term_string}"},"query-input":{"@type":"PropertyValueSpecification","valueRequired":true,"valueName":"search_term_string"}}],"inLanguage":"es"},{"@type":"Organization","@id":"https:\/\/waracomunicaciones.com\/#organization","name":"Wara Comunicaciones","url":"https:\/\/waracomunicaciones.com\/","logo":{"@type":"ImageObject","inLanguage":"es","@id":"https:\/\/waracomunicaciones.com\/#\/schema\/logo\/image\/","url":"https:\/\/waracomunicaciones.com\/wp-content\/uploads\/2025\/07\/logo.png","contentUrl":"https:\/\/waracomunicaciones.com\/wp-content\/uploads\/2025\/07\/logo.png","width":400,"height":164,"caption":"Wara Comunicaciones"},"image":{"@id":"https:\/\/waracomunicaciones.com\/#\/schema\/logo\/image\/"},"sameAs":["https:\/\/www.facebook.com\/waracomunicaciones2017"]},{"@type":"Person","@id":"https:\/\/waracomunicaciones.com\/#\/schema\/person\/e9db934bc91575cc71fe584c5973244a","name":"admin","image":{"@type":"ImageObject","inLanguage":"es","@id":"https:\/\/waracomunicaciones.com\/#\/schema\/person\/image\/","url":"https:\/\/secure.gravatar.com\/avatar\/bf27e9186df568254093afa216f887fece17605302c6ff12f3980422fffa52e6?s=96&d=mm&r=g","contentUrl":"https:\/\/secure.gravatar.com\/avatar\/bf27e9186df568254093afa216f887fece17605302c6ff12f3980422fffa52e6?s=96&d=mm&r=g","caption":"admin"},"sameAs":["https:\/\/waracomunicaciones.com\/wp"],"url":"https:\/\/waracomunicaciones.com\/?author=1"}]}},"_links":{"self":[{"href":"https:\/\/waracomunicaciones.com\/index.php?rest_route=\/wp\/v2\/posts\/45","targetHints":{"allow":["GET"]}}],"collection":[{"href":"https:\/\/waracomunicaciones.com\/index.php?rest_route=\/wp\/v2\/posts"}],"about":[{"href":"https:\/\/waracomunicaciones.com\/index.php?rest_route=\/wp\/v2\/types\/post"}],"author":[{"embeddable":true,"href":"https:\/\/waracomunicaciones.com\/index.php?rest_route=\/wp\/v2\/users\/1"}],"replies":[{"embeddable":true,"href":"https:\/\/waracomunicaciones.com\/index.php?rest_route=%2Fwp%2Fv2%2Fcomments&post=45"}],"version-history":[{"count":1,"href":"https:\/\/waracomunicaciones.com\/index.php?rest_route=\/wp\/v2\/posts\/45\/revisions"}],"predecessor-version":[{"id":47,"href":"https:\/\/waracomunicaciones.com\/index.php?rest_route=\/wp\/v2\/posts\/45\/revisions\/47"}],"wp:featuredmedia":[{"embeddable":true,"href":"https:\/\/waracomunicaciones.com\/index.php?rest_route=\/wp\/v2\/media\/46"}],"wp:attachment":[{"href":"https:\/\/waracomunicaciones.com\/index.php?rest_route=%2Fwp%2Fv2%2Fmedia&parent=45"}],"wp:term":[{"taxonomy":"category","embeddable":true,"href":"https:\/\/waracomunicaciones.com\/index.php?rest_route=%2Fwp%2Fv2%2Fcategories&post=45"},{"taxonomy":"post_tag","embeddable":true,"href":"https:\/\/waracomunicaciones.com\/index.php?rest_route=%2Fwp%2Fv2%2Ftags&post=45"}],"curies":[{"name":"wp","href":"https:\/\/api.w.org\/{rel}","templated":true}]}}