{"id":42,"date":"2025-07-14T00:43:14","date_gmt":"2025-07-14T04:43:14","guid":{"rendered":"https:\/\/waracomunicaciones.com\/wp\/?p=42"},"modified":"2025-07-24T19:41:52","modified_gmt":"2025-07-24T23:41:52","slug":"diputada-deisy-choque-el-mas-no-fracaso-lo-que-fracaso-fue-la-asamblea-dividida-y-la-traicion-desde-dentro","status":"publish","type":"post","link":"https:\/\/waracomunicaciones.com\/?p=42","title":{"rendered":"Diputada Deisy Choque: \u201cEl MAS no fracas\u00f3, lo que fracas\u00f3 fue la Asamblea dividida y la traici\u00f3n desde dentro\u201d"},"content":{"rendered":"\n<figure class=\"wp-block-image size-full\"><img loading=\"lazy\" decoding=\"async\" width=\"600\" height=\"335\" src=\"https:\/\/waracomunicaciones.com\/wp\/wp-content\/uploads\/2025\/07\/4695cb3b19cbf906e45dac0da0913068_L.jpg\" alt=\"\" class=\"wp-image-43\" srcset=\"https:\/\/waracomunicaciones.com\/wp-content\/uploads\/2025\/07\/4695cb3b19cbf906e45dac0da0913068_L.jpg 600w, https:\/\/waracomunicaciones.com\/wp-content\/uploads\/2025\/07\/4695cb3b19cbf906e45dac0da0913068_L-300x168.jpg 300w\" sizes=\"auto, (max-width: 600px) 100vw, 600px\" \/><figcaption class=\"wp-element-caption\">Diputados del ala \u00abevista\u00bb del MAS. | APG<\/figcaption><\/figure>\n\n\n<div class=\"itemIntroText\">\n<p><em><i>La Paz,<\/i><\/em>\u00a0\u2014 En un tono firme y reflexivo, la diputada Daisy Choque, representante del Movimiento al Socialismo (MAS), defendi\u00f3 la gesti\u00f3n del gobierno de Luis Arce y cuestion\u00f3 duramente la fractura interna del partido y el rol de la oposici\u00f3n, al tiempo que descart\u00f3 la idea de un supuesto fracaso de la izquierda en Bolivia.<\/p>\n<\/div>\n<p><!--more--><\/p>\n<div class=\"itemFullText\">\n<p>Durante su entrevista con el programa Agenda Matinal de\u00a0<em><i>Wara Comunicaciones<\/i><\/em>, Choque sostuvo que no se trata de un fracaso ideol\u00f3gico, sino de una crisis institucional propiciada, en gran medida, por divisiones internas y por una oposici\u00f3n \u2014seg\u00fan sus palabras\u2014 articulada en torno al expresidente Evo Morales. \u201cTanto Creemos como Comunidad Ciudadana han encontrado una oportunidad de ser gobierno sujetados en la bancada \u2018evista\u2019, con Evo Morales como jefe de bancada de facto. Eso ha debilitado la gesti\u00f3n y nos ha dejado con una minor\u00eda\u201d, asegur\u00f3.<\/p>\n<p>La diputada enfatiz\u00f3 que, desde su perspectiva, el MAS ha resistido ataques m\u00faltiples tanto a nivel nacional como internacional, enfrentando incluso escenarios extremos como bloqueos prolongados, paros regionales y hasta un intento de golpe de Estado. \u201cAun as\u00ed, se ha resistido. Yo me siento orgullosa de los logros que ha tenido el MAS. El problema ha sido una Asamblea Legislativa que no ha estado a la altura del momento hist\u00f3rico que vive el pa\u00eds\u201d, afirm\u00f3.<\/p>\n<p>Respecto al declive en la percepci\u00f3n p\u00fablica hacia la izquierda, Choque indic\u00f3 que es un fen\u00f3meno com\u00fan con el desgaste del poder, pero tambi\u00e9n critic\u00f3 a quienes juzgan la coyuntura sin recordar el contexto previo. \u201cNuestros j\u00f3venes no saben lo que sucedi\u00f3 a\u00f1os atr\u00e1s. Se quedan con lo inmediato y se olvidan de lo que se ha logrado. La oposici\u00f3n ha aprovechado eso para crecer, pero no tiene una propuesta clara. No hay a\u00fan un respaldo s\u00f3lido a la derecha\u201d, se\u00f1al\u00f3, haciendo referencia a recientes encuestas que muestran un alto porcentaje de indecisos.<\/p>\n<p>La legisladora advirti\u00f3 que lo m\u00e1s preocupante para el futuro no es qui\u00e9n gane la Presidencia, sino c\u00f3mo quedar\u00e1 conformada la Asamblea. \u201cNadie tendr\u00e1 mayor\u00eda absoluta. Y si no se logra consolidar una coalici\u00f3n o megacoalici\u00f3n, la pr\u00f3xima gesti\u00f3n ser\u00e1 incluso peor que esta. No se puede gobernar con una Asamblea fragmentada, donde cada bancada busca su propio inter\u00e9s y no el bienestar del pa\u00eds\u201d, alert\u00f3.<\/p>\n<p>Finalmente, Choque cuestion\u00f3 duramente a sus colegas parlamentarios, a quienes acus\u00f3 de frenar proyectos fundamentales durante m\u00e1s de dos a\u00f1os y medio. \u201cLa Asamblea no ha acompa\u00f1ado la gesti\u00f3n. Ha sido la llave que cerr\u00f3 las posibilidades de dar condiciones al pueblo. Muchos de estos mal llamados padres de la patria, ni a padrastros llegan\u201d, concluy\u00f3 con contundencia.<\/p>\n<p>La diputada, a pocos meses de concluir su mandato, deja as\u00ed una radiograf\u00eda cr\u00edtica del estado del poder legislativo boliviano y un llamado urgente a la reflexi\u00f3n sobre el rumbo pol\u00edtico del pa\u00eds.<\/p>\n<\/div><div style=\"margin-top: 0px; margin-bottom: 0px;\" class=\"sharethis-inline-reaction-buttons\" ><\/div>","protected":false},"excerpt":{"rendered":"<p>La Paz,\u00a0\u2014 En un tono firme y reflexivo, la diputada Daisy Choque, representante del Movimiento al Socialismo (MAS), defendi\u00f3 la gesti\u00f3n del gobierno de Luis Arce y cuestion\u00f3 duramente la fractura interna del partido y el rol de la oposici\u00f3n, al tiempo que descart\u00f3 la idea de un supuesto fracaso de la izquierda en Bolivia.<\/p>\n","protected":false},"author":1,"featured_media":43,"comment_status":"open","ping_status":"open","sticky":false,"template":"","format":"standard","meta":{"footnotes":""},"categories":[4],"tags":[12,9,8],"class_list":["post-42","post","type-post","status-publish","format-standard","has-post-thumbnail","hentry","category-nacional","tag-deisy-choque","tag-mas","tag-politica"],"yoast_head":"<!-- This site is optimized with the Yoast SEO Premium plugin v25.5 (Yoast SEO v27.1.1) - https:\/\/yoast.com\/product\/yoast-seo-premium-wordpress\/ -->\n<title>Diputada Deisy Choque: \u201cEl MAS no fracas\u00f3, lo que fracas\u00f3 fue la Asamblea dividida y la traici\u00f3n desde dentro\u201d - Wara Comunicaciones<\/title>\n<meta name=\"robots\" content=\"index, follow, max-snippet:-1, max-image-preview:large, max-video-preview:-1\" \/>\n<link rel=\"canonical\" href=\"https:\/\/waracomunicaciones.com\/?p=42\" \/>\n<meta property=\"og:locale\" content=\"es_ES\" \/>\n<meta property=\"og:type\" content=\"article\" \/>\n<meta property=\"og:title\" content=\"Diputada Deisy Choque: \u201cEl MAS no fracas\u00f3, lo que fracas\u00f3 fue la Asamblea dividida y la traici\u00f3n desde dentro\u201d\" \/>\n<meta property=\"og:description\" content=\"La Paz,\u00a0\u2014 En un tono firme y reflexivo, la diputada Daisy Choque, representante del Movimiento al Socialismo (MAS), defendi\u00f3 la gesti\u00f3n del gobierno de Luis Arce y cuestion\u00f3 duramente la fractura interna del partido y el rol de la oposici\u00f3n, al tiempo que descart\u00f3 la idea de un supuesto fracaso de la izquierda en Bolivia.\" \/>\n<meta property=\"og:url\" content=\"https:\/\/waracomunicaciones.com\/?p=42\" \/>\n<meta property=\"og:site_name\" content=\"Wara Comunicaciones\" \/>\n<meta property=\"article:publisher\" content=\"https:\/\/www.facebook.com\/waracomunicaciones2017\" \/>\n<meta property=\"article:published_time\" content=\"2025-07-14T04:43:14+00:00\" \/>\n<meta property=\"article:modified_time\" content=\"2025-07-24T23:41:52+00:00\" \/>\n<meta property=\"og:image\" content=\"https:\/\/waracomunicaciones.com\/wp-content\/uploads\/2025\/07\/4695cb3b19cbf906e45dac0da0913068_L.jpg\" \/>\n\t<meta property=\"og:image:width\" content=\"600\" \/>\n\t<meta property=\"og:image:height\" content=\"335\" \/>\n\t<meta property=\"og:image:type\" content=\"image\/jpeg\" \/>\n<meta name=\"author\" content=\"admin\" \/>\n<meta name=\"twitter:card\" content=\"summary_large_image\" \/>\n<meta name=\"twitter:label1\" content=\"Escrito por\" \/>\n\t<meta name=\"twitter:data1\" content=\"admin\" \/>\n\t<meta name=\"twitter:label2\" content=\"Tiempo de lectura\" \/>\n\t<meta name=\"twitter:data2\" content=\"3 minutos\" \/>\n<script type=\"application\/ld+json\" class=\"yoast-schema-graph\">{\"@context\":\"https:\/\/schema.org\",\"@graph\":[{\"@type\":\"Article\",\"@id\":\"https:\/\/waracomunicaciones.com\/?p=42#article\",\"isPartOf\":{\"@id\":\"https:\/\/waracomunicaciones.com\/?p=42\"},\"author\":{\"name\":\"admin\",\"@id\":\"https:\/\/waracomunicaciones.com\/#\/schema\/person\/e9db934bc91575cc71fe584c5973244a\"},\"headline\":\"Diputada Deisy Choque: \u201cEl MAS no fracas\u00f3, lo que fracas\u00f3 fue la Asamblea dividida y la traici\u00f3n desde dentro\u201d\",\"datePublished\":\"2025-07-14T04:43:14+00:00\",\"dateModified\":\"2025-07-24T23:41:52+00:00\",\"mainEntityOfPage\":{\"@id\":\"https:\/\/waracomunicaciones.com\/?p=42\"},\"wordCount\":534,\"commentCount\":0,\"publisher\":{\"@id\":\"https:\/\/waracomunicaciones.com\/#organization\"},\"image\":{\"@id\":\"https:\/\/waracomunicaciones.com\/?p=42#primaryimage\"},\"thumbnailUrl\":\"https:\/\/waracomunicaciones.com\/wp-content\/uploads\/2025\/07\/4695cb3b19cbf906e45dac0da0913068_L.jpg\",\"keywords\":[\"Deisy Choque\",\"MAS\",\"Pol\u00edtica\"],\"articleSection\":[\"NACIONAL\"],\"inLanguage\":\"es\",\"potentialAction\":[{\"@type\":\"CommentAction\",\"name\":\"Comment\",\"target\":[\"https:\/\/waracomunicaciones.com\/?p=42#respond\"]}]},{\"@type\":\"WebPage\",\"@id\":\"https:\/\/waracomunicaciones.com\/?p=42\",\"url\":\"https:\/\/waracomunicaciones.com\/?p=42\",\"name\":\"Diputada Deisy Choque: \u201cEl MAS no fracas\u00f3, lo que fracas\u00f3 fue la Asamblea dividida y la traici\u00f3n desde dentro\u201d - Wara Comunicaciones\",\"isPartOf\":{\"@id\":\"https:\/\/waracomunicaciones.com\/#website\"},\"primaryImageOfPage\":{\"@id\":\"https:\/\/waracomunicaciones.com\/?p=42#primaryimage\"},\"image\":{\"@id\":\"https:\/\/waracomunicaciones.com\/?p=42#primaryimage\"},\"thumbnailUrl\":\"https:\/\/waracomunicaciones.com\/wp-content\/uploads\/2025\/07\/4695cb3b19cbf906e45dac0da0913068_L.jpg\",\"datePublished\":\"2025-07-14T04:43:14+00:00\",\"dateModified\":\"2025-07-24T23:41:52+00:00\",\"breadcrumb\":{\"@id\":\"https:\/\/waracomunicaciones.com\/?p=42#breadcrumb\"},\"inLanguage\":\"es\",\"potentialAction\":[{\"@type\":\"ReadAction\",\"target\":[\"https:\/\/waracomunicaciones.com\/?p=42\"]}]},{\"@type\":\"ImageObject\",\"inLanguage\":\"es\",\"@id\":\"https:\/\/waracomunicaciones.com\/?p=42#primaryimage\",\"url\":\"https:\/\/waracomunicaciones.com\/wp-content\/uploads\/2025\/07\/4695cb3b19cbf906e45dac0da0913068_L.jpg\",\"contentUrl\":\"https:\/\/waracomunicaciones.com\/wp-content\/uploads\/2025\/07\/4695cb3b19cbf906e45dac0da0913068_L.jpg\",\"width\":600,\"height\":335},{\"@type\":\"BreadcrumbList\",\"@id\":\"https:\/\/waracomunicaciones.com\/?p=42#breadcrumb\",\"itemListElement\":[{\"@type\":\"ListItem\",\"position\":1,\"name\":\"Portada\",\"item\":\"https:\/\/waracomunicaciones.com\/\"},{\"@type\":\"ListItem\",\"position\":2,\"name\":\"Diputada Deisy Choque: \u201cEl MAS no fracas\u00f3, lo que fracas\u00f3 fue la Asamblea dividida y la traici\u00f3n desde dentro\u201d\"}]},{\"@type\":\"WebSite\",\"@id\":\"https:\/\/waracomunicaciones.com\/#website\",\"url\":\"https:\/\/waracomunicaciones.com\/\",\"name\":\"Wara Comunicaciones\",\"description\":\"\",\"publisher\":{\"@id\":\"https:\/\/waracomunicaciones.com\/#organization\"},\"potentialAction\":[{\"@type\":\"SearchAction\",\"target\":{\"@type\":\"EntryPoint\",\"urlTemplate\":\"https:\/\/waracomunicaciones.com\/?s={search_term_string}\"},\"query-input\":{\"@type\":\"PropertyValueSpecification\",\"valueRequired\":true,\"valueName\":\"search_term_string\"}}],\"inLanguage\":\"es\"},{\"@type\":\"Organization\",\"@id\":\"https:\/\/waracomunicaciones.com\/#organization\",\"name\":\"Wara Comunicaciones\",\"url\":\"https:\/\/waracomunicaciones.com\/\",\"logo\":{\"@type\":\"ImageObject\",\"inLanguage\":\"es\",\"@id\":\"https:\/\/waracomunicaciones.com\/#\/schema\/logo\/image\/\",\"url\":\"https:\/\/waracomunicaciones.com\/wp-content\/uploads\/2025\/07\/logo.png\",\"contentUrl\":\"https:\/\/waracomunicaciones.com\/wp-content\/uploads\/2025\/07\/logo.png\",\"width\":400,\"height\":164,\"caption\":\"Wara Comunicaciones\"},\"image\":{\"@id\":\"https:\/\/waracomunicaciones.com\/#\/schema\/logo\/image\/\"},\"sameAs\":[\"https:\/\/www.facebook.com\/waracomunicaciones2017\"]},{\"@type\":\"Person\",\"@id\":\"https:\/\/waracomunicaciones.com\/#\/schema\/person\/e9db934bc91575cc71fe584c5973244a\",\"name\":\"admin\",\"image\":{\"@type\":\"ImageObject\",\"inLanguage\":\"es\",\"@id\":\"https:\/\/waracomunicaciones.com\/#\/schema\/person\/image\/\",\"url\":\"https:\/\/secure.gravatar.com\/avatar\/bf27e9186df568254093afa216f887fece17605302c6ff12f3980422fffa52e6?s=96&d=mm&r=g\",\"contentUrl\":\"https:\/\/secure.gravatar.com\/avatar\/bf27e9186df568254093afa216f887fece17605302c6ff12f3980422fffa52e6?s=96&d=mm&r=g\",\"caption\":\"admin\"},\"sameAs\":[\"https:\/\/waracomunicaciones.com\/wp\"],\"url\":\"https:\/\/waracomunicaciones.com\/?author=1\"}]}<\/script>\n<!-- \/ Yoast SEO Premium plugin. -->","yoast_head_json":{"title":"Diputada Deisy Choque: \u201cEl MAS no fracas\u00f3, lo que fracas\u00f3 fue la Asamblea dividida y la traici\u00f3n desde dentro\u201d - Wara Comunicaciones","robots":{"index":"index","follow":"follow","max-snippet":"max-snippet:-1","max-image-preview":"max-image-preview:large","max-video-preview":"max-video-preview:-1"},"canonical":"https:\/\/waracomunicaciones.com\/?p=42","og_locale":"es_ES","og_type":"article","og_title":"Diputada Deisy Choque: \u201cEl MAS no fracas\u00f3, lo que fracas\u00f3 fue la Asamblea dividida y la traici\u00f3n desde dentro\u201d","og_description":"La Paz,\u00a0\u2014 En un tono firme y reflexivo, la diputada Daisy Choque, representante del Movimiento al Socialismo (MAS), defendi\u00f3 la gesti\u00f3n del gobierno de Luis Arce y cuestion\u00f3 duramente la fractura interna del partido y el rol de la oposici\u00f3n, al tiempo que descart\u00f3 la idea de un supuesto fracaso de la izquierda en Bolivia.","og_url":"https:\/\/waracomunicaciones.com\/?p=42","og_site_name":"Wara Comunicaciones","article_publisher":"https:\/\/www.facebook.com\/waracomunicaciones2017","article_published_time":"2025-07-14T04:43:14+00:00","article_modified_time":"2025-07-24T23:41:52+00:00","og_image":[{"width":600,"height":335,"url":"https:\/\/waracomunicaciones.com\/wp-content\/uploads\/2025\/07\/4695cb3b19cbf906e45dac0da0913068_L.jpg","type":"image\/jpeg"}],"author":"admin","twitter_card":"summary_large_image","twitter_misc":{"Escrito por":"admin","Tiempo de lectura":"3 minutos"},"schema":{"@context":"https:\/\/schema.org","@graph":[{"@type":"Article","@id":"https:\/\/waracomunicaciones.com\/?p=42#article","isPartOf":{"@id":"https:\/\/waracomunicaciones.com\/?p=42"},"author":{"name":"admin","@id":"https:\/\/waracomunicaciones.com\/#\/schema\/person\/e9db934bc91575cc71fe584c5973244a"},"headline":"Diputada Deisy Choque: \u201cEl MAS no fracas\u00f3, lo que fracas\u00f3 fue la Asamblea dividida y la traici\u00f3n desde dentro\u201d","datePublished":"2025-07-14T04:43:14+00:00","dateModified":"2025-07-24T23:41:52+00:00","mainEntityOfPage":{"@id":"https:\/\/waracomunicaciones.com\/?p=42"},"wordCount":534,"commentCount":0,"publisher":{"@id":"https:\/\/waracomunicaciones.com\/#organization"},"image":{"@id":"https:\/\/waracomunicaciones.com\/?p=42#primaryimage"},"thumbnailUrl":"https:\/\/waracomunicaciones.com\/wp-content\/uploads\/2025\/07\/4695cb3b19cbf906e45dac0da0913068_L.jpg","keywords":["Deisy Choque","MAS","Pol\u00edtica"],"articleSection":["NACIONAL"],"inLanguage":"es","potentialAction":[{"@type":"CommentAction","name":"Comment","target":["https:\/\/waracomunicaciones.com\/?p=42#respond"]}]},{"@type":"WebPage","@id":"https:\/\/waracomunicaciones.com\/?p=42","url":"https:\/\/waracomunicaciones.com\/?p=42","name":"Diputada Deisy Choque: \u201cEl MAS no fracas\u00f3, lo que fracas\u00f3 fue la Asamblea dividida y la traici\u00f3n desde dentro\u201d - Wara Comunicaciones","isPartOf":{"@id":"https:\/\/waracomunicaciones.com\/#website"},"primaryImageOfPage":{"@id":"https:\/\/waracomunicaciones.com\/?p=42#primaryimage"},"image":{"@id":"https:\/\/waracomunicaciones.com\/?p=42#primaryimage"},"thumbnailUrl":"https:\/\/waracomunicaciones.com\/wp-content\/uploads\/2025\/07\/4695cb3b19cbf906e45dac0da0913068_L.jpg","datePublished":"2025-07-14T04:43:14+00:00","dateModified":"2025-07-24T23:41:52+00:00","breadcrumb":{"@id":"https:\/\/waracomunicaciones.com\/?p=42#breadcrumb"},"inLanguage":"es","potentialAction":[{"@type":"ReadAction","target":["https:\/\/waracomunicaciones.com\/?p=42"]}]},{"@type":"ImageObject","inLanguage":"es","@id":"https:\/\/waracomunicaciones.com\/?p=42#primaryimage","url":"https:\/\/waracomunicaciones.com\/wp-content\/uploads\/2025\/07\/4695cb3b19cbf906e45dac0da0913068_L.jpg","contentUrl":"https:\/\/waracomunicaciones.com\/wp-content\/uploads\/2025\/07\/4695cb3b19cbf906e45dac0da0913068_L.jpg","width":600,"height":335},{"@type":"BreadcrumbList","@id":"https:\/\/waracomunicaciones.com\/?p=42#breadcrumb","itemListElement":[{"@type":"ListItem","position":1,"name":"Portada","item":"https:\/\/waracomunicaciones.com\/"},{"@type":"ListItem","position":2,"name":"Diputada Deisy Choque: \u201cEl MAS no fracas\u00f3, lo que fracas\u00f3 fue la Asamblea dividida y la traici\u00f3n desde dentro\u201d"}]},{"@type":"WebSite","@id":"https:\/\/waracomunicaciones.com\/#website","url":"https:\/\/waracomunicaciones.com\/","name":"Wara Comunicaciones","description":"","publisher":{"@id":"https:\/\/waracomunicaciones.com\/#organization"},"potentialAction":[{"@type":"SearchAction","target":{"@type":"EntryPoint","urlTemplate":"https:\/\/waracomunicaciones.com\/?s={search_term_string}"},"query-input":{"@type":"PropertyValueSpecification","valueRequired":true,"valueName":"search_term_string"}}],"inLanguage":"es"},{"@type":"Organization","@id":"https:\/\/waracomunicaciones.com\/#organization","name":"Wara Comunicaciones","url":"https:\/\/waracomunicaciones.com\/","logo":{"@type":"ImageObject","inLanguage":"es","@id":"https:\/\/waracomunicaciones.com\/#\/schema\/logo\/image\/","url":"https:\/\/waracomunicaciones.com\/wp-content\/uploads\/2025\/07\/logo.png","contentUrl":"https:\/\/waracomunicaciones.com\/wp-content\/uploads\/2025\/07\/logo.png","width":400,"height":164,"caption":"Wara Comunicaciones"},"image":{"@id":"https:\/\/waracomunicaciones.com\/#\/schema\/logo\/image\/"},"sameAs":["https:\/\/www.facebook.com\/waracomunicaciones2017"]},{"@type":"Person","@id":"https:\/\/waracomunicaciones.com\/#\/schema\/person\/e9db934bc91575cc71fe584c5973244a","name":"admin","image":{"@type":"ImageObject","inLanguage":"es","@id":"https:\/\/waracomunicaciones.com\/#\/schema\/person\/image\/","url":"https:\/\/secure.gravatar.com\/avatar\/bf27e9186df568254093afa216f887fece17605302c6ff12f3980422fffa52e6?s=96&d=mm&r=g","contentUrl":"https:\/\/secure.gravatar.com\/avatar\/bf27e9186df568254093afa216f887fece17605302c6ff12f3980422fffa52e6?s=96&d=mm&r=g","caption":"admin"},"sameAs":["https:\/\/waracomunicaciones.com\/wp"],"url":"https:\/\/waracomunicaciones.com\/?author=1"}]}},"_links":{"self":[{"href":"https:\/\/waracomunicaciones.com\/index.php?rest_route=\/wp\/v2\/posts\/42","targetHints":{"allow":["GET"]}}],"collection":[{"href":"https:\/\/waracomunicaciones.com\/index.php?rest_route=\/wp\/v2\/posts"}],"about":[{"href":"https:\/\/waracomunicaciones.com\/index.php?rest_route=\/wp\/v2\/types\/post"}],"author":[{"embeddable":true,"href":"https:\/\/waracomunicaciones.com\/index.php?rest_route=\/wp\/v2\/users\/1"}],"replies":[{"embeddable":true,"href":"https:\/\/waracomunicaciones.com\/index.php?rest_route=%2Fwp%2Fv2%2Fcomments&post=42"}],"version-history":[{"count":1,"href":"https:\/\/waracomunicaciones.com\/index.php?rest_route=\/wp\/v2\/posts\/42\/revisions"}],"predecessor-version":[{"id":44,"href":"https:\/\/waracomunicaciones.com\/index.php?rest_route=\/wp\/v2\/posts\/42\/revisions\/44"}],"wp:featuredmedia":[{"embeddable":true,"href":"https:\/\/waracomunicaciones.com\/index.php?rest_route=\/wp\/v2\/media\/43"}],"wp:attachment":[{"href":"https:\/\/waracomunicaciones.com\/index.php?rest_route=%2Fwp%2Fv2%2Fmedia&parent=42"}],"wp:term":[{"taxonomy":"category","embeddable":true,"href":"https:\/\/waracomunicaciones.com\/index.php?rest_route=%2Fwp%2Fv2%2Fcategories&post=42"},{"taxonomy":"post_tag","embeddable":true,"href":"https:\/\/waracomunicaciones.com\/index.php?rest_route=%2Fwp%2Fv2%2Ftags&post=42"}],"curies":[{"name":"wp","href":"https:\/\/api.w.org\/{rel}","templated":true}]}}