{"id":377,"date":"2025-08-09T08:38:04","date_gmt":"2025-08-09T12:38:04","guid":{"rendered":"https:\/\/waracomunicaciones.com\/?p=377"},"modified":"2025-08-10T01:09:50","modified_gmt":"2025-08-10T05:09:50","slug":"festejo-electoral-en-montero-reune-a-simpatizantes-de-tuto-quiroga-y-candidatos-a-la-diputacion","status":"publish","type":"post","link":"https:\/\/waracomunicaciones.com\/?p=377","title":{"rendered":"Festejo electoral en Montero re\u00fane a simpatizantes de Tuto Quiroga y candidatos a la diputaci\u00f3n"},"content":{"rendered":"\n<figure class=\"wp-block-image size-full\"><img loading=\"lazy\" decoding=\"async\" width=\"1000\" height=\"563\" src=\"https:\/\/waracomunicaciones.com\/wp-content\/uploads\/2025\/08\/TTUU.webp\" alt=\"\" class=\"wp-image-379\" srcset=\"https:\/\/waracomunicaciones.com\/wp-content\/uploads\/2025\/08\/TTUU.webp 1000w, https:\/\/waracomunicaciones.com\/wp-content\/uploads\/2025\/08\/TTUU-300x169.webp 300w, https:\/\/waracomunicaciones.com\/wp-content\/uploads\/2025\/08\/TTUU-768x432.webp 768w\" sizes=\"auto, (max-width: 1000px) 100vw, 1000px\" \/><\/figure>\n\n\n<p><strong><b>Montero, &#8211; <\/b><\/strong>\u00a0En el marco de la campa\u00f1a electoral rumbo a las elecciones generales de 2025, El\u00edas Peredo, coordinador de campa\u00f1a por la circunscripci\u00f3n C-57, anunci\u00f3 la realizaci\u00f3n de un gran evento proselitista en la ciudad de Montero, con la presencia de militantes, simpatizantes y candidatos del frente que postula a Tuto Quiroga a la presidencia.<!--more--><\/p>\n<p>Desde los estudios centrales de <em><i>Wara Comunicaciones<\/i><\/em>, Peredo adelant\u00f3 que la actividad contar\u00e1 con un variado espect\u00e1culo art\u00edstico y numerosas sorpresas para los asistentes. \u201cTenemos tres conjuntos musicales de renombre, artistas internacionales, una orquesta, y se rifar\u00e1 una moto cero kil\u00f3metros, adem\u00e1s de 50 canastones\u201d, detall\u00f3.<\/p>\n<p>Asimismo, destac\u00f3 el apoyo de la candidata suplente a diputada, Dolly, quien tambi\u00e9n realizar\u00e1 una entrega simb\u00f3lica de arroz como gesto de cercan\u00eda con la ciudadan\u00eda. \u201cEstamos seguros del trabajo que se ha hecho y de que el resultado ser\u00e1 favorable. Tuto Quiroga estar\u00e1 primero en Santa Cruz y en varios otros departamentos\u201d, afirm\u00f3 Peredo con entusiasmo.<\/p>\n<p>El acto se desarrollar\u00e1 esta noche en el centro de Montero, espec\u00edficamente en la calle Avaroa, a media cuadra de la plaza principal, frente a oficinas de Impuestos Internos y el Consejo Municipal. Se espera la presencia de diputados nacionales y representantes de diversos sectores sociales, incluyendo gremialistas, universitarios y mototaxistas.<\/p>\n<p>Peredo asegur\u00f3 que m\u00e1s all\u00e1 del espect\u00e1culo, el evento es una oportunidad para que la poblaci\u00f3n escuche de primera mano las propuestas de sus candidatos. \u201cInvitamos a todos, esta campa\u00f1a ha sido excelente y estamos felices con el apoyo de la gente\u201d, concluy\u00f3.<\/p>\n<p>A pesar de las previsiones clim\u00e1ticas que anuncian un clima fr\u00edo y ventoso para esta jornada, los organizadores confirmaron que la actividad se desarrollar\u00e1 con normalidad.<\/p>\n\n\n<figure class=\"wp-block-image size-full\"><img loading=\"lazy\" decoding=\"async\" width=\"1000\" height=\"563\" src=\"https:\/\/waracomunicaciones.com\/wp-content\/uploads\/2025\/08\/eeee.webp\" alt=\"\" class=\"wp-image-378\" srcset=\"https:\/\/waracomunicaciones.com\/wp-content\/uploads\/2025\/08\/eeee.webp 1000w, https:\/\/waracomunicaciones.com\/wp-content\/uploads\/2025\/08\/eeee-300x169.webp 300w, https:\/\/waracomunicaciones.com\/wp-content\/uploads\/2025\/08\/eeee-768x432.webp 768w\" sizes=\"auto, (max-width: 1000px) 100vw, 1000px\" \/><figcaption class=\"wp-element-caption\">El\u00edas <em>Peredo en Campa\u00f1a por Tuto &#8211; Foto Facebook<\/em><\/figcaption><\/figure>\n<div style=\"margin-top: 0px; margin-bottom: 0px;\" class=\"sharethis-inline-reaction-buttons\" ><\/div>","protected":false},"excerpt":{"rendered":"<p>Montero, &#8211; \u00a0En el marco de la campa\u00f1a electoral rumbo a las elecciones generales de 2025, El\u00edas Peredo, coordinador de campa\u00f1a por la circunscripci\u00f3n C-57, anunci\u00f3 la realizaci\u00f3n de un gran evento proselitista en la ciudad de Montero, con la presencia de militantes, simpatizantes y candidatos del frente que postula a Tuto Quiroga a la [&hellip;]<\/p>\n","protected":false},"author":1,"featured_media":379,"comment_status":"open","ping_status":"open","sticky":false,"template":"","format":"standard","meta":{"footnotes":""},"categories":[42],"tags":[11,135,33],"class_list":["post-377","post","type-post","status-publish","format-standard","has-post-thumbnail","hentry","category-politica","tag-elecciones-nacionales-2025","tag-elias-peredo","tag-jorge-tuto-quiroga"],"yoast_head":"<!-- This site is optimized with the Yoast SEO Premium plugin v25.5 (Yoast SEO v27.1.1) - https:\/\/yoast.com\/product\/yoast-seo-premium-wordpress\/ -->\n<title>Festejo electoral en Montero re\u00fane a simpatizantes de Tuto Quiroga y candidatos a la diputaci\u00f3n - Wara Comunicaciones<\/title>\n<meta name=\"robots\" content=\"index, follow, max-snippet:-1, max-image-preview:large, max-video-preview:-1\" \/>\n<link rel=\"canonical\" href=\"https:\/\/waracomunicaciones.com\/?p=377\" \/>\n<meta property=\"og:locale\" content=\"es_ES\" \/>\n<meta property=\"og:type\" content=\"article\" \/>\n<meta property=\"og:title\" content=\"Festejo electoral en Montero re\u00fane a simpatizantes de Tuto Quiroga y candidatos a la diputaci\u00f3n\" \/>\n<meta property=\"og:description\" content=\"Montero, &#8211; \u00a0En el marco de la campa\u00f1a electoral rumbo a las elecciones generales de 2025, El\u00edas Peredo, coordinador de campa\u00f1a por la circunscripci\u00f3n C-57, anunci\u00f3 la realizaci\u00f3n de un gran evento proselitista en la ciudad de Montero, con la presencia de militantes, simpatizantes y candidatos del frente que postula a Tuto Quiroga a la [&hellip;]\" \/>\n<meta property=\"og:url\" content=\"https:\/\/waracomunicaciones.com\/?p=377\" \/>\n<meta property=\"og:site_name\" content=\"Wara Comunicaciones\" \/>\n<meta property=\"article:publisher\" content=\"https:\/\/www.facebook.com\/waracomunicaciones2017\" \/>\n<meta property=\"article:published_time\" content=\"2025-08-09T12:38:04+00:00\" \/>\n<meta property=\"article:modified_time\" content=\"2025-08-10T05:09:50+00:00\" \/>\n<meta property=\"og:image\" content=\"https:\/\/waracomunicaciones.com\/wp-content\/uploads\/2025\/08\/TTUU.webp\" \/>\n\t<meta property=\"og:image:width\" content=\"1000\" \/>\n\t<meta property=\"og:image:height\" content=\"563\" \/>\n\t<meta property=\"og:image:type\" content=\"image\/webp\" \/>\n<meta name=\"author\" content=\"admin\" \/>\n<meta name=\"twitter:card\" content=\"summary_large_image\" \/>\n<meta name=\"twitter:label1\" content=\"Escrito por\" \/>\n\t<meta name=\"twitter:data1\" content=\"admin\" \/>\n\t<meta name=\"twitter:label2\" content=\"Tiempo de lectura\" \/>\n\t<meta name=\"twitter:data2\" content=\"2 minutos\" \/>\n<script type=\"application\/ld+json\" class=\"yoast-schema-graph\">{\"@context\":\"https:\/\/schema.org\",\"@graph\":[{\"@type\":\"Article\",\"@id\":\"https:\/\/waracomunicaciones.com\/?p=377#article\",\"isPartOf\":{\"@id\":\"https:\/\/waracomunicaciones.com\/?p=377\"},\"author\":{\"name\":\"admin\",\"@id\":\"https:\/\/waracomunicaciones.com\/#\/schema\/person\/e9db934bc91575cc71fe584c5973244a\"},\"headline\":\"Festejo electoral en Montero re\u00fane a simpatizantes de Tuto Quiroga y candidatos a la diputaci\u00f3n\",\"datePublished\":\"2025-08-09T12:38:04+00:00\",\"dateModified\":\"2025-08-10T05:09:50+00:00\",\"mainEntityOfPage\":{\"@id\":\"https:\/\/waracomunicaciones.com\/?p=377\"},\"wordCount\":325,\"commentCount\":0,\"publisher\":{\"@id\":\"https:\/\/waracomunicaciones.com\/#organization\"},\"image\":{\"@id\":\"https:\/\/waracomunicaciones.com\/?p=377#primaryimage\"},\"thumbnailUrl\":\"https:\/\/waracomunicaciones.com\/wp-content\/uploads\/2025\/08\/TTUU.webp\",\"keywords\":[\"Elecciones Nacionales 2025\",\"El\u00edas `Peredo\",\"Jorge Tuto Quiroga\"],\"articleSection\":[\"Pol\u00edtica\"],\"inLanguage\":\"es\",\"potentialAction\":[{\"@type\":\"CommentAction\",\"name\":\"Comment\",\"target\":[\"https:\/\/waracomunicaciones.com\/?p=377#respond\"]}]},{\"@type\":\"WebPage\",\"@id\":\"https:\/\/waracomunicaciones.com\/?p=377\",\"url\":\"https:\/\/waracomunicaciones.com\/?p=377\",\"name\":\"Festejo electoral en Montero re\u00fane a simpatizantes de Tuto Quiroga y candidatos a la diputaci\u00f3n - Wara Comunicaciones\",\"isPartOf\":{\"@id\":\"https:\/\/waracomunicaciones.com\/#website\"},\"primaryImageOfPage\":{\"@id\":\"https:\/\/waracomunicaciones.com\/?p=377#primaryimage\"},\"image\":{\"@id\":\"https:\/\/waracomunicaciones.com\/?p=377#primaryimage\"},\"thumbnailUrl\":\"https:\/\/waracomunicaciones.com\/wp-content\/uploads\/2025\/08\/TTUU.webp\",\"datePublished\":\"2025-08-09T12:38:04+00:00\",\"dateModified\":\"2025-08-10T05:09:50+00:00\",\"breadcrumb\":{\"@id\":\"https:\/\/waracomunicaciones.com\/?p=377#breadcrumb\"},\"inLanguage\":\"es\",\"potentialAction\":[{\"@type\":\"ReadAction\",\"target\":[\"https:\/\/waracomunicaciones.com\/?p=377\"]}]},{\"@type\":\"ImageObject\",\"inLanguage\":\"es\",\"@id\":\"https:\/\/waracomunicaciones.com\/?p=377#primaryimage\",\"url\":\"https:\/\/waracomunicaciones.com\/wp-content\/uploads\/2025\/08\/TTUU.webp\",\"contentUrl\":\"https:\/\/waracomunicaciones.com\/wp-content\/uploads\/2025\/08\/TTUU.webp\",\"width\":1000,\"height\":563},{\"@type\":\"BreadcrumbList\",\"@id\":\"https:\/\/waracomunicaciones.com\/?p=377#breadcrumb\",\"itemListElement\":[{\"@type\":\"ListItem\",\"position\":1,\"name\":\"Portada\",\"item\":\"https:\/\/waracomunicaciones.com\/\"},{\"@type\":\"ListItem\",\"position\":2,\"name\":\"Festejo electoral en Montero re\u00fane a simpatizantes de Tuto Quiroga y candidatos a la diputaci\u00f3n\"}]},{\"@type\":\"WebSite\",\"@id\":\"https:\/\/waracomunicaciones.com\/#website\",\"url\":\"https:\/\/waracomunicaciones.com\/\",\"name\":\"Wara Comunicaciones\",\"description\":\"\",\"publisher\":{\"@id\":\"https:\/\/waracomunicaciones.com\/#organization\"},\"potentialAction\":[{\"@type\":\"SearchAction\",\"target\":{\"@type\":\"EntryPoint\",\"urlTemplate\":\"https:\/\/waracomunicaciones.com\/?s={search_term_string}\"},\"query-input\":{\"@type\":\"PropertyValueSpecification\",\"valueRequired\":true,\"valueName\":\"search_term_string\"}}],\"inLanguage\":\"es\"},{\"@type\":\"Organization\",\"@id\":\"https:\/\/waracomunicaciones.com\/#organization\",\"name\":\"Wara Comunicaciones\",\"url\":\"https:\/\/waracomunicaciones.com\/\",\"logo\":{\"@type\":\"ImageObject\",\"inLanguage\":\"es\",\"@id\":\"https:\/\/waracomunicaciones.com\/#\/schema\/logo\/image\/\",\"url\":\"https:\/\/waracomunicaciones.com\/wp-content\/uploads\/2025\/07\/logo.png\",\"contentUrl\":\"https:\/\/waracomunicaciones.com\/wp-content\/uploads\/2025\/07\/logo.png\",\"width\":400,\"height\":164,\"caption\":\"Wara Comunicaciones\"},\"image\":{\"@id\":\"https:\/\/waracomunicaciones.com\/#\/schema\/logo\/image\/\"},\"sameAs\":[\"https:\/\/www.facebook.com\/waracomunicaciones2017\"]},{\"@type\":\"Person\",\"@id\":\"https:\/\/waracomunicaciones.com\/#\/schema\/person\/e9db934bc91575cc71fe584c5973244a\",\"name\":\"admin\",\"image\":{\"@type\":\"ImageObject\",\"inLanguage\":\"es\",\"@id\":\"https:\/\/waracomunicaciones.com\/#\/schema\/person\/image\/\",\"url\":\"https:\/\/secure.gravatar.com\/avatar\/bf27e9186df568254093afa216f887fece17605302c6ff12f3980422fffa52e6?s=96&d=mm&r=g\",\"contentUrl\":\"https:\/\/secure.gravatar.com\/avatar\/bf27e9186df568254093afa216f887fece17605302c6ff12f3980422fffa52e6?s=96&d=mm&r=g\",\"caption\":\"admin\"},\"sameAs\":[\"https:\/\/waracomunicaciones.com\/wp\"],\"url\":\"https:\/\/waracomunicaciones.com\/?author=1\"}]}<\/script>\n<!-- \/ Yoast SEO Premium plugin. -->","yoast_head_json":{"title":"Festejo electoral en Montero re\u00fane a simpatizantes de Tuto Quiroga y candidatos a la diputaci\u00f3n - Wara Comunicaciones","robots":{"index":"index","follow":"follow","max-snippet":"max-snippet:-1","max-image-preview":"max-image-preview:large","max-video-preview":"max-video-preview:-1"},"canonical":"https:\/\/waracomunicaciones.com\/?p=377","og_locale":"es_ES","og_type":"article","og_title":"Festejo electoral en Montero re\u00fane a simpatizantes de Tuto Quiroga y candidatos a la diputaci\u00f3n","og_description":"Montero, &#8211; \u00a0En el marco de la campa\u00f1a electoral rumbo a las elecciones generales de 2025, El\u00edas Peredo, coordinador de campa\u00f1a por la circunscripci\u00f3n C-57, anunci\u00f3 la realizaci\u00f3n de un gran evento proselitista en la ciudad de Montero, con la presencia de militantes, simpatizantes y candidatos del frente que postula a Tuto Quiroga a la [&hellip;]","og_url":"https:\/\/waracomunicaciones.com\/?p=377","og_site_name":"Wara Comunicaciones","article_publisher":"https:\/\/www.facebook.com\/waracomunicaciones2017","article_published_time":"2025-08-09T12:38:04+00:00","article_modified_time":"2025-08-10T05:09:50+00:00","og_image":[{"width":1000,"height":563,"url":"https:\/\/waracomunicaciones.com\/wp-content\/uploads\/2025\/08\/TTUU.webp","type":"image\/webp"}],"author":"admin","twitter_card":"summary_large_image","twitter_misc":{"Escrito por":"admin","Tiempo de lectura":"2 minutos"},"schema":{"@context":"https:\/\/schema.org","@graph":[{"@type":"Article","@id":"https:\/\/waracomunicaciones.com\/?p=377#article","isPartOf":{"@id":"https:\/\/waracomunicaciones.com\/?p=377"},"author":{"name":"admin","@id":"https:\/\/waracomunicaciones.com\/#\/schema\/person\/e9db934bc91575cc71fe584c5973244a"},"headline":"Festejo electoral en Montero re\u00fane a simpatizantes de Tuto Quiroga y candidatos a la diputaci\u00f3n","datePublished":"2025-08-09T12:38:04+00:00","dateModified":"2025-08-10T05:09:50+00:00","mainEntityOfPage":{"@id":"https:\/\/waracomunicaciones.com\/?p=377"},"wordCount":325,"commentCount":0,"publisher":{"@id":"https:\/\/waracomunicaciones.com\/#organization"},"image":{"@id":"https:\/\/waracomunicaciones.com\/?p=377#primaryimage"},"thumbnailUrl":"https:\/\/waracomunicaciones.com\/wp-content\/uploads\/2025\/08\/TTUU.webp","keywords":["Elecciones Nacionales 2025","El\u00edas `Peredo","Jorge Tuto Quiroga"],"articleSection":["Pol\u00edtica"],"inLanguage":"es","potentialAction":[{"@type":"CommentAction","name":"Comment","target":["https:\/\/waracomunicaciones.com\/?p=377#respond"]}]},{"@type":"WebPage","@id":"https:\/\/waracomunicaciones.com\/?p=377","url":"https:\/\/waracomunicaciones.com\/?p=377","name":"Festejo electoral en Montero re\u00fane a simpatizantes de Tuto Quiroga y candidatos a la diputaci\u00f3n - Wara Comunicaciones","isPartOf":{"@id":"https:\/\/waracomunicaciones.com\/#website"},"primaryImageOfPage":{"@id":"https:\/\/waracomunicaciones.com\/?p=377#primaryimage"},"image":{"@id":"https:\/\/waracomunicaciones.com\/?p=377#primaryimage"},"thumbnailUrl":"https:\/\/waracomunicaciones.com\/wp-content\/uploads\/2025\/08\/TTUU.webp","datePublished":"2025-08-09T12:38:04+00:00","dateModified":"2025-08-10T05:09:50+00:00","breadcrumb":{"@id":"https:\/\/waracomunicaciones.com\/?p=377#breadcrumb"},"inLanguage":"es","potentialAction":[{"@type":"ReadAction","target":["https:\/\/waracomunicaciones.com\/?p=377"]}]},{"@type":"ImageObject","inLanguage":"es","@id":"https:\/\/waracomunicaciones.com\/?p=377#primaryimage","url":"https:\/\/waracomunicaciones.com\/wp-content\/uploads\/2025\/08\/TTUU.webp","contentUrl":"https:\/\/waracomunicaciones.com\/wp-content\/uploads\/2025\/08\/TTUU.webp","width":1000,"height":563},{"@type":"BreadcrumbList","@id":"https:\/\/waracomunicaciones.com\/?p=377#breadcrumb","itemListElement":[{"@type":"ListItem","position":1,"name":"Portada","item":"https:\/\/waracomunicaciones.com\/"},{"@type":"ListItem","position":2,"name":"Festejo electoral en Montero re\u00fane a simpatizantes de Tuto Quiroga y candidatos a la diputaci\u00f3n"}]},{"@type":"WebSite","@id":"https:\/\/waracomunicaciones.com\/#website","url":"https:\/\/waracomunicaciones.com\/","name":"Wara Comunicaciones","description":"","publisher":{"@id":"https:\/\/waracomunicaciones.com\/#organization"},"potentialAction":[{"@type":"SearchAction","target":{"@type":"EntryPoint","urlTemplate":"https:\/\/waracomunicaciones.com\/?s={search_term_string}"},"query-input":{"@type":"PropertyValueSpecification","valueRequired":true,"valueName":"search_term_string"}}],"inLanguage":"es"},{"@type":"Organization","@id":"https:\/\/waracomunicaciones.com\/#organization","name":"Wara Comunicaciones","url":"https:\/\/waracomunicaciones.com\/","logo":{"@type":"ImageObject","inLanguage":"es","@id":"https:\/\/waracomunicaciones.com\/#\/schema\/logo\/image\/","url":"https:\/\/waracomunicaciones.com\/wp-content\/uploads\/2025\/07\/logo.png","contentUrl":"https:\/\/waracomunicaciones.com\/wp-content\/uploads\/2025\/07\/logo.png","width":400,"height":164,"caption":"Wara Comunicaciones"},"image":{"@id":"https:\/\/waracomunicaciones.com\/#\/schema\/logo\/image\/"},"sameAs":["https:\/\/www.facebook.com\/waracomunicaciones2017"]},{"@type":"Person","@id":"https:\/\/waracomunicaciones.com\/#\/schema\/person\/e9db934bc91575cc71fe584c5973244a","name":"admin","image":{"@type":"ImageObject","inLanguage":"es","@id":"https:\/\/waracomunicaciones.com\/#\/schema\/person\/image\/","url":"https:\/\/secure.gravatar.com\/avatar\/bf27e9186df568254093afa216f887fece17605302c6ff12f3980422fffa52e6?s=96&d=mm&r=g","contentUrl":"https:\/\/secure.gravatar.com\/avatar\/bf27e9186df568254093afa216f887fece17605302c6ff12f3980422fffa52e6?s=96&d=mm&r=g","caption":"admin"},"sameAs":["https:\/\/waracomunicaciones.com\/wp"],"url":"https:\/\/waracomunicaciones.com\/?author=1"}]}},"_links":{"self":[{"href":"https:\/\/waracomunicaciones.com\/index.php?rest_route=\/wp\/v2\/posts\/377","targetHints":{"allow":["GET"]}}],"collection":[{"href":"https:\/\/waracomunicaciones.com\/index.php?rest_route=\/wp\/v2\/posts"}],"about":[{"href":"https:\/\/waracomunicaciones.com\/index.php?rest_route=\/wp\/v2\/types\/post"}],"author":[{"embeddable":true,"href":"https:\/\/waracomunicaciones.com\/index.php?rest_route=\/wp\/v2\/users\/1"}],"replies":[{"embeddable":true,"href":"https:\/\/waracomunicaciones.com\/index.php?rest_route=%2Fwp%2Fv2%2Fcomments&post=377"}],"version-history":[{"count":1,"href":"https:\/\/waracomunicaciones.com\/index.php?rest_route=\/wp\/v2\/posts\/377\/revisions"}],"predecessor-version":[{"id":380,"href":"https:\/\/waracomunicaciones.com\/index.php?rest_route=\/wp\/v2\/posts\/377\/revisions\/380"}],"wp:featuredmedia":[{"embeddable":true,"href":"https:\/\/waracomunicaciones.com\/index.php?rest_route=\/wp\/v2\/media\/379"}],"wp:attachment":[{"href":"https:\/\/waracomunicaciones.com\/index.php?rest_route=%2Fwp%2Fv2%2Fmedia&parent=377"}],"wp:term":[{"taxonomy":"category","embeddable":true,"href":"https:\/\/waracomunicaciones.com\/index.php?rest_route=%2Fwp%2Fv2%2Fcategories&post=377"},{"taxonomy":"post_tag","embeddable":true,"href":"https:\/\/waracomunicaciones.com\/index.php?rest_route=%2Fwp%2Fv2%2Ftags&post=377"}],"curies":[{"name":"wp","href":"https:\/\/api.w.org\/{rel}","templated":true}]}}