{"id":374,"date":"2025-08-09T07:03:34","date_gmt":"2025-08-09T11:03:34","guid":{"rendered":"https:\/\/waracomunicaciones.com\/?p=374"},"modified":"2025-08-09T07:08:40","modified_gmt":"2025-08-09T11:08:40","slug":"diputada-deisy-choque-no-hay-soluciones-magicas-para-los-problemas-del-pais-ni-en-100-dias-ni-en-un-ano","status":"publish","type":"post","link":"https:\/\/waracomunicaciones.com\/?p=374","title":{"rendered":"Diputada Deisy Choque: \u201cNo hay soluciones m\u00e1gicas para los problemas del pa\u00eds, ni en 100 d\u00edas, ni en un a\u00f1o\u201d"},"content":{"rendered":"\n<figure class=\"wp-block-image size-full\"><img loading=\"lazy\" decoding=\"async\" width=\"1000\" height=\"877\" src=\"https:\/\/waracomunicaciones.com\/wp-content\/uploads\/2025\/08\/ddey.webp\" alt=\"\" class=\"wp-image-375\" srcset=\"https:\/\/waracomunicaciones.com\/wp-content\/uploads\/2025\/08\/ddey.webp 1000w, https:\/\/waracomunicaciones.com\/wp-content\/uploads\/2025\/08\/ddey-300x263.webp 300w, https:\/\/waracomunicaciones.com\/wp-content\/uploads\/2025\/08\/ddey-768x674.webp 768w\" sizes=\"auto, (max-width: 1000px) 100vw, 1000px\" \/><figcaption class=\"wp-element-caption\"><em>Deisy Choque diputada &#8211; Foto Facebook<\/em><\/figcaption><\/figure>\n\n\n<p><strong><b>Montero <\/b><\/strong>\u2013 En respuesta a un art\u00edculo de opini\u00f3n publicado en la columna \u201cBajo el Penoco- Despu\u00e9s del 17\u201d del peri\u00f3dico <em><i>El D\u00eda<\/i><\/em>, la diputada Deisy Choque (MAS-IPSP) respald\u00f3 la advertencia contra el \u201ccortoplacismo\u201d en la pol\u00edtica boliviana y aprovech\u00f3 la oportunidad para realizar una profunda reflexi\u00f3n sobre la complejidad de la crisis econ\u00f3mica, la desinformaci\u00f3n y las falsas promesas que circulan en el ambiente preelectoral.<!--more--><\/p>\n<p>Durante una entrevista con el periodista Tom\u00e1s Coca, la diputada afirm\u00f3: <em><i>\u201cNada m\u00e1s sincero que eso. No existen soluciones de la noche a la ma\u00f1ana, ni con magia, ni con milagros, ni con milagreros de plazuela. La gente tiene que saber que cualquier recuperaci\u00f3n econ\u00f3mica tomar\u00e1 tiempo, esfuerzo colectivo y decisiones responsables\u201d<\/i><\/em>.<\/p>\n<p>Choque, con un tono cr\u00edtico y autocr\u00edtico, relat\u00f3 an\u00e9cdotas personales y explic\u00f3 c\u00f3mo muchas veces la poblaci\u00f3n deposita esperanzas inmediatas en medidas pol\u00edticas que, en la pr\u00e1ctica, requieren procesos largos y complejos, como es el caso de proyectos legislativos, la industrializaci\u00f3n del litio o la exploraci\u00f3n de gas.<\/p>\n<p>Tambi\u00e9n cuestion\u00f3 propuestas de candidatos presidenciales que prometen reactivar la econom\u00eda con el simple acceso a cr\u00e9ditos o la venta acelerada de recursos naturales: <em><i>\u201c\u00bfQu\u00e9 hubi\u00e9ramos hecho nosotros con 12 mil millones de d\u00f3lares de inyecci\u00f3n inmediata? Lo mismo que prometen ahora. Pero nadie dice que para lograr eso se necesita una Asamblea que trabaje, que apruebe los proyectos. Y hoy eso es casi imposible con el voto tan disperso que se avecina\u201d<\/i><\/em>, advirti\u00f3.<\/p>\n<p>La diputada tambi\u00e9n rechaz\u00f3 la idea de que cualquier nuevo gobierno pueda vender combustible sin subvenci\u00f3n a precios accesibles. Narr\u00f3 c\u00f3mo un empresario privado que intent\u00f3 importar combustible termin\u00f3 con tanques llenos y p\u00e9rdidas econ\u00f3micas porque el costo real superaba los 13 bolivianos por litro. <em><i>\u201cDecir que se puede vender a 5 bolivianos sin subvenci\u00f3n es falso. Es un enga\u00f1o\u201d<\/i><\/em>, afirm\u00f3.<\/p>\n<p>Asimismo, Choque defendi\u00f3 al presidente Luis Arce, subrayando que pese a la crisis y las trabas pol\u00edticas internas, su gesti\u00f3n evit\u00f3 un escenario econ\u00f3mico mucho m\u00e1s grave: <em><i>\u201cLa figura hubiera sido mucho peor si no tuvi\u00e9ramos a Lucho Arce conduciendo el pa\u00eds. Muchos no lo entienden, pero desde adentro sabemos lo dif\u00edcil que ha sido mantener la estabilidad sin entregarnos al Fondo Monetario Internacional\u201d<\/i><\/em>.<\/p>\n<p>En cuanto a las exportaciones y el ingreso de d\u00f3lares, Choque denunci\u00f3 que los grandes exportadores no est\u00e1n repatriando los ingresos de sus ventas externas, lo que, seg\u00fan ella, agrava la escasez de divisas. <em><i>\u201cSe les ha dado v\u00eda libre para exportar, pero no retornan los d\u00f3lares al pa\u00eds. Esa responsabilidad tambi\u00e9n es del sector privado\u201d, se\u00f1al\u00f3.<\/i><\/em><\/p>\n<p>Finalmente, lament\u00f3 que los obst\u00e1culos m\u00e1s duros que ha enfrentado el actual gobierno no vinieron de la oposici\u00f3n tradicional, sino del propio \u201cmasismo radical\u201d: <em><i>\u201cLo m\u00e1s triste es que nuestra mayor oposici\u00f3n vino de adentro. Ojal\u00e1 al pr\u00f3ximo gobierno le vaya bien, porque de eso depende el futuro del pa\u00eds, pero sin unidad, sin responsabilidad y sin compromiso real, no hay soluci\u00f3n posible\u201d<\/i><\/em>.<\/p><div style=\"margin-top: 0px; margin-bottom: 0px;\" class=\"sharethis-inline-reaction-buttons\" ><\/div>","protected":false},"excerpt":{"rendered":"<p>Montero \u2013 En respuesta a un art\u00edculo de opini\u00f3n publicado en la columna \u201cBajo el Penoco- Despu\u00e9s del 17\u201d del peri\u00f3dico El D\u00eda, la diputada Deisy Choque (MAS-IPSP) respald\u00f3 la advertencia contra el \u201ccortoplacismo\u201d en la pol\u00edtica boliviana y aprovech\u00f3 la oportunidad para realizar una profunda reflexi\u00f3n sobre la complejidad de la crisis econ\u00f3mica, la [&hellip;]<\/p>\n","protected":false},"author":1,"featured_media":375,"comment_status":"open","ping_status":"open","sticky":false,"template":"","format":"standard","meta":{"footnotes":""},"categories":[47],"tags":[12,11],"class_list":["post-374","post","type-post","status-publish","format-standard","has-post-thumbnail","hentry","category-politica-nacional","tag-deisy-choque","tag-elecciones-nacionales-2025"],"yoast_head":"<!-- This site is optimized with the Yoast SEO Premium plugin v25.5 (Yoast SEO v27.1.1) - https:\/\/yoast.com\/product\/yoast-seo-premium-wordpress\/ -->\n<title>Diputada Deisy Choque: \u201cNo hay soluciones m\u00e1gicas para los problemas del pa\u00eds, ni en 100 d\u00edas, ni en un a\u00f1o\u201d - Wara Comunicaciones<\/title>\n<meta name=\"robots\" content=\"index, follow, max-snippet:-1, max-image-preview:large, max-video-preview:-1\" \/>\n<link rel=\"canonical\" href=\"https:\/\/waracomunicaciones.com\/?p=374\" \/>\n<meta property=\"og:locale\" content=\"es_ES\" \/>\n<meta property=\"og:type\" content=\"article\" \/>\n<meta property=\"og:title\" content=\"Diputada Deisy Choque: \u201cNo hay soluciones m\u00e1gicas para los problemas del pa\u00eds, ni en 100 d\u00edas, ni en un a\u00f1o\u201d\" \/>\n<meta property=\"og:description\" content=\"Montero \u2013 En respuesta a un art\u00edculo de opini\u00f3n publicado en la columna \u201cBajo el Penoco- Despu\u00e9s del 17\u201d del peri\u00f3dico El D\u00eda, la diputada Deisy Choque (MAS-IPSP) respald\u00f3 la advertencia contra el \u201ccortoplacismo\u201d en la pol\u00edtica boliviana y aprovech\u00f3 la oportunidad para realizar una profunda reflexi\u00f3n sobre la complejidad de la crisis econ\u00f3mica, la [&hellip;]\" \/>\n<meta property=\"og:url\" content=\"https:\/\/waracomunicaciones.com\/?p=374\" \/>\n<meta property=\"og:site_name\" content=\"Wara Comunicaciones\" \/>\n<meta property=\"article:publisher\" content=\"https:\/\/www.facebook.com\/waracomunicaciones2017\" \/>\n<meta property=\"article:published_time\" content=\"2025-08-09T11:03:34+00:00\" \/>\n<meta property=\"article:modified_time\" content=\"2025-08-09T11:08:40+00:00\" \/>\n<meta property=\"og:image\" content=\"https:\/\/waracomunicaciones.com\/wp-content\/uploads\/2025\/08\/ddey.webp\" \/>\n\t<meta property=\"og:image:width\" content=\"1000\" \/>\n\t<meta property=\"og:image:height\" content=\"877\" \/>\n\t<meta property=\"og:image:type\" content=\"image\/webp\" \/>\n<meta name=\"author\" content=\"admin\" \/>\n<meta name=\"twitter:card\" content=\"summary_large_image\" \/>\n<meta name=\"twitter:label1\" content=\"Escrito por\" \/>\n\t<meta name=\"twitter:data1\" content=\"admin\" \/>\n\t<meta name=\"twitter:label2\" content=\"Tiempo de lectura\" \/>\n\t<meta name=\"twitter:data2\" content=\"3 minutos\" \/>\n<script type=\"application\/ld+json\" class=\"yoast-schema-graph\">{\"@context\":\"https:\/\/schema.org\",\"@graph\":[{\"@type\":\"Article\",\"@id\":\"https:\/\/waracomunicaciones.com\/?p=374#article\",\"isPartOf\":{\"@id\":\"https:\/\/waracomunicaciones.com\/?p=374\"},\"author\":{\"name\":\"admin\",\"@id\":\"https:\/\/waracomunicaciones.com\/#\/schema\/person\/e9db934bc91575cc71fe584c5973244a\"},\"headline\":\"Diputada Deisy Choque: \u201cNo hay soluciones m\u00e1gicas para los problemas del pa\u00eds, ni en 100 d\u00edas, ni en un a\u00f1o\u201d\",\"datePublished\":\"2025-08-09T11:03:34+00:00\",\"dateModified\":\"2025-08-09T11:08:40+00:00\",\"mainEntityOfPage\":{\"@id\":\"https:\/\/waracomunicaciones.com\/?p=374\"},\"wordCount\":568,\"commentCount\":0,\"publisher\":{\"@id\":\"https:\/\/waracomunicaciones.com\/#organization\"},\"image\":{\"@id\":\"https:\/\/waracomunicaciones.com\/?p=374#primaryimage\"},\"thumbnailUrl\":\"https:\/\/waracomunicaciones.com\/wp-content\/uploads\/2025\/08\/ddey.webp\",\"keywords\":[\"Deisy Choque\",\"Elecciones Nacionales 2025\"],\"articleSection\":[\"Pol\u00edtica\"],\"inLanguage\":\"es\",\"potentialAction\":[{\"@type\":\"CommentAction\",\"name\":\"Comment\",\"target\":[\"https:\/\/waracomunicaciones.com\/?p=374#respond\"]}]},{\"@type\":\"WebPage\",\"@id\":\"https:\/\/waracomunicaciones.com\/?p=374\",\"url\":\"https:\/\/waracomunicaciones.com\/?p=374\",\"name\":\"Diputada Deisy Choque: \u201cNo hay soluciones m\u00e1gicas para los problemas del pa\u00eds, ni en 100 d\u00edas, ni en un a\u00f1o\u201d - Wara Comunicaciones\",\"isPartOf\":{\"@id\":\"https:\/\/waracomunicaciones.com\/#website\"},\"primaryImageOfPage\":{\"@id\":\"https:\/\/waracomunicaciones.com\/?p=374#primaryimage\"},\"image\":{\"@id\":\"https:\/\/waracomunicaciones.com\/?p=374#primaryimage\"},\"thumbnailUrl\":\"https:\/\/waracomunicaciones.com\/wp-content\/uploads\/2025\/08\/ddey.webp\",\"datePublished\":\"2025-08-09T11:03:34+00:00\",\"dateModified\":\"2025-08-09T11:08:40+00:00\",\"breadcrumb\":{\"@id\":\"https:\/\/waracomunicaciones.com\/?p=374#breadcrumb\"},\"inLanguage\":\"es\",\"potentialAction\":[{\"@type\":\"ReadAction\",\"target\":[\"https:\/\/waracomunicaciones.com\/?p=374\"]}]},{\"@type\":\"ImageObject\",\"inLanguage\":\"es\",\"@id\":\"https:\/\/waracomunicaciones.com\/?p=374#primaryimage\",\"url\":\"https:\/\/waracomunicaciones.com\/wp-content\/uploads\/2025\/08\/ddey.webp\",\"contentUrl\":\"https:\/\/waracomunicaciones.com\/wp-content\/uploads\/2025\/08\/ddey.webp\",\"width\":1000,\"height\":877},{\"@type\":\"BreadcrumbList\",\"@id\":\"https:\/\/waracomunicaciones.com\/?p=374#breadcrumb\",\"itemListElement\":[{\"@type\":\"ListItem\",\"position\":1,\"name\":\"Portada\",\"item\":\"https:\/\/waracomunicaciones.com\/\"},{\"@type\":\"ListItem\",\"position\":2,\"name\":\"Diputada Deisy Choque: \u201cNo hay soluciones m\u00e1gicas para los problemas del pa\u00eds, ni en 100 d\u00edas, ni en un a\u00f1o\u201d\"}]},{\"@type\":\"WebSite\",\"@id\":\"https:\/\/waracomunicaciones.com\/#website\",\"url\":\"https:\/\/waracomunicaciones.com\/\",\"name\":\"Wara Comunicaciones\",\"description\":\"\",\"publisher\":{\"@id\":\"https:\/\/waracomunicaciones.com\/#organization\"},\"potentialAction\":[{\"@type\":\"SearchAction\",\"target\":{\"@type\":\"EntryPoint\",\"urlTemplate\":\"https:\/\/waracomunicaciones.com\/?s={search_term_string}\"},\"query-input\":{\"@type\":\"PropertyValueSpecification\",\"valueRequired\":true,\"valueName\":\"search_term_string\"}}],\"inLanguage\":\"es\"},{\"@type\":\"Organization\",\"@id\":\"https:\/\/waracomunicaciones.com\/#organization\",\"name\":\"Wara Comunicaciones\",\"url\":\"https:\/\/waracomunicaciones.com\/\",\"logo\":{\"@type\":\"ImageObject\",\"inLanguage\":\"es\",\"@id\":\"https:\/\/waracomunicaciones.com\/#\/schema\/logo\/image\/\",\"url\":\"https:\/\/waracomunicaciones.com\/wp-content\/uploads\/2025\/07\/logo.png\",\"contentUrl\":\"https:\/\/waracomunicaciones.com\/wp-content\/uploads\/2025\/07\/logo.png\",\"width\":400,\"height\":164,\"caption\":\"Wara Comunicaciones\"},\"image\":{\"@id\":\"https:\/\/waracomunicaciones.com\/#\/schema\/logo\/image\/\"},\"sameAs\":[\"https:\/\/www.facebook.com\/waracomunicaciones2017\"]},{\"@type\":\"Person\",\"@id\":\"https:\/\/waracomunicaciones.com\/#\/schema\/person\/e9db934bc91575cc71fe584c5973244a\",\"name\":\"admin\",\"image\":{\"@type\":\"ImageObject\",\"inLanguage\":\"es\",\"@id\":\"https:\/\/waracomunicaciones.com\/#\/schema\/person\/image\/\",\"url\":\"https:\/\/secure.gravatar.com\/avatar\/bf27e9186df568254093afa216f887fece17605302c6ff12f3980422fffa52e6?s=96&d=mm&r=g\",\"contentUrl\":\"https:\/\/secure.gravatar.com\/avatar\/bf27e9186df568254093afa216f887fece17605302c6ff12f3980422fffa52e6?s=96&d=mm&r=g\",\"caption\":\"admin\"},\"sameAs\":[\"https:\/\/waracomunicaciones.com\/wp\"],\"url\":\"https:\/\/waracomunicaciones.com\/?author=1\"}]}<\/script>\n<!-- \/ Yoast SEO Premium plugin. -->","yoast_head_json":{"title":"Diputada Deisy Choque: \u201cNo hay soluciones m\u00e1gicas para los problemas del pa\u00eds, ni en 100 d\u00edas, ni en un a\u00f1o\u201d - Wara Comunicaciones","robots":{"index":"index","follow":"follow","max-snippet":"max-snippet:-1","max-image-preview":"max-image-preview:large","max-video-preview":"max-video-preview:-1"},"canonical":"https:\/\/waracomunicaciones.com\/?p=374","og_locale":"es_ES","og_type":"article","og_title":"Diputada Deisy Choque: \u201cNo hay soluciones m\u00e1gicas para los problemas del pa\u00eds, ni en 100 d\u00edas, ni en un a\u00f1o\u201d","og_description":"Montero \u2013 En respuesta a un art\u00edculo de opini\u00f3n publicado en la columna \u201cBajo el Penoco- Despu\u00e9s del 17\u201d del peri\u00f3dico El D\u00eda, la diputada Deisy Choque (MAS-IPSP) respald\u00f3 la advertencia contra el \u201ccortoplacismo\u201d en la pol\u00edtica boliviana y aprovech\u00f3 la oportunidad para realizar una profunda reflexi\u00f3n sobre la complejidad de la crisis econ\u00f3mica, la [&hellip;]","og_url":"https:\/\/waracomunicaciones.com\/?p=374","og_site_name":"Wara Comunicaciones","article_publisher":"https:\/\/www.facebook.com\/waracomunicaciones2017","article_published_time":"2025-08-09T11:03:34+00:00","article_modified_time":"2025-08-09T11:08:40+00:00","og_image":[{"width":1000,"height":877,"url":"https:\/\/waracomunicaciones.com\/wp-content\/uploads\/2025\/08\/ddey.webp","type":"image\/webp"}],"author":"admin","twitter_card":"summary_large_image","twitter_misc":{"Escrito por":"admin","Tiempo de lectura":"3 minutos"},"schema":{"@context":"https:\/\/schema.org","@graph":[{"@type":"Article","@id":"https:\/\/waracomunicaciones.com\/?p=374#article","isPartOf":{"@id":"https:\/\/waracomunicaciones.com\/?p=374"},"author":{"name":"admin","@id":"https:\/\/waracomunicaciones.com\/#\/schema\/person\/e9db934bc91575cc71fe584c5973244a"},"headline":"Diputada Deisy Choque: \u201cNo hay soluciones m\u00e1gicas para los problemas del pa\u00eds, ni en 100 d\u00edas, ni en un a\u00f1o\u201d","datePublished":"2025-08-09T11:03:34+00:00","dateModified":"2025-08-09T11:08:40+00:00","mainEntityOfPage":{"@id":"https:\/\/waracomunicaciones.com\/?p=374"},"wordCount":568,"commentCount":0,"publisher":{"@id":"https:\/\/waracomunicaciones.com\/#organization"},"image":{"@id":"https:\/\/waracomunicaciones.com\/?p=374#primaryimage"},"thumbnailUrl":"https:\/\/waracomunicaciones.com\/wp-content\/uploads\/2025\/08\/ddey.webp","keywords":["Deisy Choque","Elecciones Nacionales 2025"],"articleSection":["Pol\u00edtica"],"inLanguage":"es","potentialAction":[{"@type":"CommentAction","name":"Comment","target":["https:\/\/waracomunicaciones.com\/?p=374#respond"]}]},{"@type":"WebPage","@id":"https:\/\/waracomunicaciones.com\/?p=374","url":"https:\/\/waracomunicaciones.com\/?p=374","name":"Diputada Deisy Choque: \u201cNo hay soluciones m\u00e1gicas para los problemas del pa\u00eds, ni en 100 d\u00edas, ni en un a\u00f1o\u201d - Wara Comunicaciones","isPartOf":{"@id":"https:\/\/waracomunicaciones.com\/#website"},"primaryImageOfPage":{"@id":"https:\/\/waracomunicaciones.com\/?p=374#primaryimage"},"image":{"@id":"https:\/\/waracomunicaciones.com\/?p=374#primaryimage"},"thumbnailUrl":"https:\/\/waracomunicaciones.com\/wp-content\/uploads\/2025\/08\/ddey.webp","datePublished":"2025-08-09T11:03:34+00:00","dateModified":"2025-08-09T11:08:40+00:00","breadcrumb":{"@id":"https:\/\/waracomunicaciones.com\/?p=374#breadcrumb"},"inLanguage":"es","potentialAction":[{"@type":"ReadAction","target":["https:\/\/waracomunicaciones.com\/?p=374"]}]},{"@type":"ImageObject","inLanguage":"es","@id":"https:\/\/waracomunicaciones.com\/?p=374#primaryimage","url":"https:\/\/waracomunicaciones.com\/wp-content\/uploads\/2025\/08\/ddey.webp","contentUrl":"https:\/\/waracomunicaciones.com\/wp-content\/uploads\/2025\/08\/ddey.webp","width":1000,"height":877},{"@type":"BreadcrumbList","@id":"https:\/\/waracomunicaciones.com\/?p=374#breadcrumb","itemListElement":[{"@type":"ListItem","position":1,"name":"Portada","item":"https:\/\/waracomunicaciones.com\/"},{"@type":"ListItem","position":2,"name":"Diputada Deisy Choque: \u201cNo hay soluciones m\u00e1gicas para los problemas del pa\u00eds, ni en 100 d\u00edas, ni en un a\u00f1o\u201d"}]},{"@type":"WebSite","@id":"https:\/\/waracomunicaciones.com\/#website","url":"https:\/\/waracomunicaciones.com\/","name":"Wara Comunicaciones","description":"","publisher":{"@id":"https:\/\/waracomunicaciones.com\/#organization"},"potentialAction":[{"@type":"SearchAction","target":{"@type":"EntryPoint","urlTemplate":"https:\/\/waracomunicaciones.com\/?s={search_term_string}"},"query-input":{"@type":"PropertyValueSpecification","valueRequired":true,"valueName":"search_term_string"}}],"inLanguage":"es"},{"@type":"Organization","@id":"https:\/\/waracomunicaciones.com\/#organization","name":"Wara Comunicaciones","url":"https:\/\/waracomunicaciones.com\/","logo":{"@type":"ImageObject","inLanguage":"es","@id":"https:\/\/waracomunicaciones.com\/#\/schema\/logo\/image\/","url":"https:\/\/waracomunicaciones.com\/wp-content\/uploads\/2025\/07\/logo.png","contentUrl":"https:\/\/waracomunicaciones.com\/wp-content\/uploads\/2025\/07\/logo.png","width":400,"height":164,"caption":"Wara Comunicaciones"},"image":{"@id":"https:\/\/waracomunicaciones.com\/#\/schema\/logo\/image\/"},"sameAs":["https:\/\/www.facebook.com\/waracomunicaciones2017"]},{"@type":"Person","@id":"https:\/\/waracomunicaciones.com\/#\/schema\/person\/e9db934bc91575cc71fe584c5973244a","name":"admin","image":{"@type":"ImageObject","inLanguage":"es","@id":"https:\/\/waracomunicaciones.com\/#\/schema\/person\/image\/","url":"https:\/\/secure.gravatar.com\/avatar\/bf27e9186df568254093afa216f887fece17605302c6ff12f3980422fffa52e6?s=96&d=mm&r=g","contentUrl":"https:\/\/secure.gravatar.com\/avatar\/bf27e9186df568254093afa216f887fece17605302c6ff12f3980422fffa52e6?s=96&d=mm&r=g","caption":"admin"},"sameAs":["https:\/\/waracomunicaciones.com\/wp"],"url":"https:\/\/waracomunicaciones.com\/?author=1"}]}},"_links":{"self":[{"href":"https:\/\/waracomunicaciones.com\/index.php?rest_route=\/wp\/v2\/posts\/374","targetHints":{"allow":["GET"]}}],"collection":[{"href":"https:\/\/waracomunicaciones.com\/index.php?rest_route=\/wp\/v2\/posts"}],"about":[{"href":"https:\/\/waracomunicaciones.com\/index.php?rest_route=\/wp\/v2\/types\/post"}],"author":[{"embeddable":true,"href":"https:\/\/waracomunicaciones.com\/index.php?rest_route=\/wp\/v2\/users\/1"}],"replies":[{"embeddable":true,"href":"https:\/\/waracomunicaciones.com\/index.php?rest_route=%2Fwp%2Fv2%2Fcomments&post=374"}],"version-history":[{"count":1,"href":"https:\/\/waracomunicaciones.com\/index.php?rest_route=\/wp\/v2\/posts\/374\/revisions"}],"predecessor-version":[{"id":376,"href":"https:\/\/waracomunicaciones.com\/index.php?rest_route=\/wp\/v2\/posts\/374\/revisions\/376"}],"wp:featuredmedia":[{"embeddable":true,"href":"https:\/\/waracomunicaciones.com\/index.php?rest_route=\/wp\/v2\/media\/375"}],"wp:attachment":[{"href":"https:\/\/waracomunicaciones.com\/index.php?rest_route=%2Fwp%2Fv2%2Fmedia&parent=374"}],"wp:term":[{"taxonomy":"category","embeddable":true,"href":"https:\/\/waracomunicaciones.com\/index.php?rest_route=%2Fwp%2Fv2%2Fcategories&post=374"},{"taxonomy":"post_tag","embeddable":true,"href":"https:\/\/waracomunicaciones.com\/index.php?rest_route=%2Fwp%2Fv2%2Ftags&post=374"}],"curies":[{"name":"wp","href":"https:\/\/api.w.org\/{rel}","templated":true}]}}