{"id":353,"date":"2025-08-06T22:57:24","date_gmt":"2025-08-07T02:57:24","guid":{"rendered":"https:\/\/waracomunicaciones.com\/?p=353"},"modified":"2025-08-06T22:57:25","modified_gmt":"2025-08-07T02:57:25","slug":"bolivia-celebra-su-bicentenario-en-sucre-en-medio-de-crisis-economica-y-tensiones-electorales","status":"publish","type":"post","link":"https:\/\/waracomunicaciones.com\/?p=353","title":{"rendered":"Bolivia celebra su Bicentenario en Sucre en medio de crisis econ\u00f3mica y tensiones electorales"},"content":{"rendered":"\n<figure class=\"wp-block-image size-full\"><img loading=\"lazy\" decoding=\"async\" width=\"1000\" height=\"667\" src=\"https:\/\/waracomunicaciones.com\/wp-content\/uploads\/2025\/08\/fffdfd.webp\" alt=\"\" class=\"wp-image-355\" srcset=\"https:\/\/waracomunicaciones.com\/wp-content\/uploads\/2025\/08\/fffdfd.webp 1000w, https:\/\/waracomunicaciones.com\/wp-content\/uploads\/2025\/08\/fffdfd-300x200.webp 300w, https:\/\/waracomunicaciones.com\/wp-content\/uploads\/2025\/08\/fffdfd-768x512.webp 768w\" sizes=\"auto, (max-width: 1000px) 100vw, 1000px\" \/><figcaption class=\"wp-element-caption\"><em>El presidente Luis Arce junto al vice David Choquehuanca  en el acto del Bicentenario &#8211; Foto Josue Cortez<\/em><\/figcaption><\/figure>\n\n\n<p data-start=\"124\" data-end=\"372\">Bolivia conmemora este mi\u00e9rcoles los 200 a\u00f1os de su independencia en un contexto complejo, marcado por una aguda crisis econ\u00f3mica y una creciente polarizaci\u00f3n pol\u00edtica de cara a las elecciones generales del 17 de agosto.<!--more--><\/p>\n<p data-start=\"374\" data-end=\"732\">Los actos centrales del Bicentenario se desarrollar\u00e1n en la ciudad de Sucre, capital constitucional del pa\u00eds y sede del \u00d3rgano Judicial, donde el 6 de agosto de 1825 se proclam\u00f3 oficialmente la independencia de Bolivia en la hist\u00f3rica Casa de la Libertad. Ese momento marc\u00f3 el nacimiento de la Rep\u00fablica tras a\u00f1os de lucha contra el dominio colonial espa\u00f1ol.<\/p>\n<p data-start=\"734\" data-end=\"1131\">La ceremonia principal incluir\u00e1 una sesi\u00f3n de honor de la Asamblea Legislativa Plurinacional, en la que el presidente Luis Arce dirigir\u00e1 un mensaje al pa\u00eds. El Gobierno ha anunciado la llegada de delegaciones internacionales, aunque no se ha confirmado p\u00fablicamente qu\u00e9 pa\u00edses estar\u00e1n representados. Desde enero, se ha desarrollado una extensa agenda cultural para conmemorar esta fecha hist\u00f3rica.<\/p>\n<p data-start=\"1133\" data-end=\"1640\">Sin embargo, el contexto econ\u00f3mico ha empa\u00f1ado los festejos. La escasez de divisas, los problemas en el suministro de combustibles y el alza de precios en productos b\u00e1sicos han generado malestar social y protestas en distintos sectores. Expertos, empresarios y opositores coinciden en que estos s\u00edntomas reflejan una crisis econ\u00f3mica profunda y un desgaste del Modelo Econ\u00f3mico Social Comunitario Productivo, implementado por Arce desde su etapa como ministro de Econom\u00eda durante el gobierno de Evo Morales.<\/p>\n<p data-start=\"1642\" data-end=\"1866\">A pesar de las cr\u00edticas, el presidente Arce ha defendido la continuidad de su modelo, responsabilizando a la oposici\u00f3n y a legisladores afines a Morales por bloquear cr\u00e9ditos internacionales clave en la Asamblea Legislativa.<\/p>\n<p data-start=\"1868\" data-end=\"2318\">La fractura interna en el Movimiento al Socialismo (MAS) se ha profundizado desde 2021. La disputa entre Arce y Morales, que pugnan por el control del partido y la candidatura presidencial, ha derivado en protestas y bloqueos. Morales, inhabilitado constitucionalmente para volver a postular, mantiene su aspiraci\u00f3n presidencial y encabeza una campa\u00f1a por el voto nulo, tras fracasar en sus intentos de forzar su habilitaci\u00f3n mediante presi\u00f3n social.<\/p>\n<p data-start=\"2320\" data-end=\"2600\" data-is-last-node=\"\" data-is-only-node=\"\">En este contexto, el Bicentenario ha quedado relegado por una tensa campa\u00f1a electoral. Ocho organizaciones pol\u00edticas participar\u00e1n en los comicios del 17 de agosto, donde se elegir\u00e1 al presidente, vicepresidente y a los miembros del Legislativo para el pr\u00f3ximo per\u00edodo de gobierno.<\/p>\n\n\n<figure class=\"wp-block-gallery has-nested-images columns-default is-cropped wp-block-gallery-1 is-layout-flex wp-block-gallery-is-layout-flex\">\n<figure class=\"wp-block-image size-large\"><img loading=\"lazy\" decoding=\"async\" width=\"1000\" height=\"667\" data-id=\"357\" src=\"https:\/\/waracomunicaciones.com\/wp-content\/uploads\/2025\/08\/fhhg.webp\" alt=\"\" class=\"wp-image-357\" srcset=\"https:\/\/waracomunicaciones.com\/wp-content\/uploads\/2025\/08\/fhhg.webp 1000w, https:\/\/waracomunicaciones.com\/wp-content\/uploads\/2025\/08\/fhhg-300x200.webp 300w, https:\/\/waracomunicaciones.com\/wp-content\/uploads\/2025\/08\/fhhg-768x512.webp 768w\" sizes=\"auto, (max-width: 1000px) 100vw, 1000px\" \/><\/figure>\n\n\n\n<figure class=\"wp-block-image size-large\"><img loading=\"lazy\" decoding=\"async\" width=\"1000\" height=\"667\" data-id=\"358\" src=\"https:\/\/waracomunicaciones.com\/wp-content\/uploads\/2025\/08\/dsssf.webp\" alt=\"\" class=\"wp-image-358\" srcset=\"https:\/\/waracomunicaciones.com\/wp-content\/uploads\/2025\/08\/dsssf.webp 1000w, https:\/\/waracomunicaciones.com\/wp-content\/uploads\/2025\/08\/dsssf-300x200.webp 300w, https:\/\/waracomunicaciones.com\/wp-content\/uploads\/2025\/08\/dsssf-768x512.webp 768w\" sizes=\"auto, (max-width: 1000px) 100vw, 1000px\" \/><\/figure>\n\n\n\n<figure class=\"wp-block-image size-large\"><img loading=\"lazy\" decoding=\"async\" width=\"819\" height=\"1024\" data-id=\"362\" src=\"https:\/\/waracomunicaciones.com\/wp-content\/uploads\/2025\/08\/hhddh-819x1024.webp\" alt=\"\" class=\"wp-image-362\" srcset=\"https:\/\/waracomunicaciones.com\/wp-content\/uploads\/2025\/08\/hhddh-819x1024.webp 819w, https:\/\/waracomunicaciones.com\/wp-content\/uploads\/2025\/08\/hhddh-240x300.webp 240w, https:\/\/waracomunicaciones.com\/wp-content\/uploads\/2025\/08\/hhddh-768x960.webp 768w, https:\/\/waracomunicaciones.com\/wp-content\/uploads\/2025\/08\/hhddh.webp 864w\" sizes=\"auto, (max-width: 819px) 100vw, 819px\" \/><\/figure>\n\n\n\n<figure class=\"wp-block-image size-large\"><img loading=\"lazy\" decoding=\"async\" width=\"1000\" height=\"667\" data-id=\"361\" src=\"https:\/\/waracomunicaciones.com\/wp-content\/uploads\/2025\/08\/dssss.webp\" alt=\"\" class=\"wp-image-361\" srcset=\"https:\/\/waracomunicaciones.com\/wp-content\/uploads\/2025\/08\/dssss.webp 1000w, https:\/\/waracomunicaciones.com\/wp-content\/uploads\/2025\/08\/dssss-300x200.webp 300w, https:\/\/waracomunicaciones.com\/wp-content\/uploads\/2025\/08\/dssss-768x512.webp 768w\" sizes=\"auto, (max-width: 1000px) 100vw, 1000px\" \/><\/figure>\n\n\n\n<figure class=\"wp-block-image size-large\"><img loading=\"lazy\" decoding=\"async\" width=\"1000\" height=\"667\" data-id=\"359\" src=\"https:\/\/waracomunicaciones.com\/wp-content\/uploads\/2025\/08\/fddfdf.webp\" alt=\"\" class=\"wp-image-359\" srcset=\"https:\/\/waracomunicaciones.com\/wp-content\/uploads\/2025\/08\/fddfdf.webp 1000w, https:\/\/waracomunicaciones.com\/wp-content\/uploads\/2025\/08\/fddfdf-300x200.webp 300w, https:\/\/waracomunicaciones.com\/wp-content\/uploads\/2025\/08\/fddfdf-768x512.webp 768w\" sizes=\"auto, (max-width: 1000px) 100vw, 1000px\" \/><\/figure>\n\n\n\n<figure class=\"wp-block-image size-large\"><img loading=\"lazy\" decoding=\"async\" width=\"1000\" height=\"667\" data-id=\"360\" src=\"https:\/\/waracomunicaciones.com\/wp-content\/uploads\/2025\/08\/gff-2.webp\" alt=\"\" class=\"wp-image-360\" srcset=\"https:\/\/waracomunicaciones.com\/wp-content\/uploads\/2025\/08\/gff-2.webp 1000w, https:\/\/waracomunicaciones.com\/wp-content\/uploads\/2025\/08\/gff-2-300x200.webp 300w, https:\/\/waracomunicaciones.com\/wp-content\/uploads\/2025\/08\/gff-2-768x512.webp 768w\" sizes=\"auto, (max-width: 1000px) 100vw, 1000px\" \/><\/figure>\n<\/figure>\n<div style=\"margin-top: 0px; margin-bottom: 0px;\" class=\"sharethis-inline-reaction-buttons\" ><\/div>","protected":false},"excerpt":{"rendered":"<p>Bolivia conmemora este mi\u00e9rcoles los 200 a\u00f1os de su independencia en un contexto complejo, marcado por una aguda crisis econ\u00f3mica y una creciente polarizaci\u00f3n pol\u00edtica de cara a las elecciones generales del 17 de agosto.<\/p>\n","protected":false},"author":1,"featured_media":355,"comment_status":"open","ping_status":"open","sticky":false,"template":"","format":"standard","meta":{"footnotes":""},"categories":[4],"tags":[130,133],"class_list":["post-353","post","type-post","status-publish","format-standard","has-post-thumbnail","hentry","category-nacional","tag-bicentenario","tag-bolivia"],"yoast_head":"<!-- This site is optimized with the Yoast SEO Premium plugin v25.5 (Yoast SEO v27.1.1) - https:\/\/yoast.com\/product\/yoast-seo-premium-wordpress\/ -->\n<title>Bolivia celebra su Bicentenario en Sucre en medio de crisis econ\u00f3mica y tensiones electorales - Wara Comunicaciones<\/title>\n<meta name=\"robots\" content=\"index, follow, max-snippet:-1, max-image-preview:large, max-video-preview:-1\" \/>\n<link rel=\"canonical\" href=\"https:\/\/waracomunicaciones.com\/?p=353\" \/>\n<meta property=\"og:locale\" content=\"es_ES\" \/>\n<meta property=\"og:type\" content=\"article\" \/>\n<meta property=\"og:title\" content=\"Bolivia celebra su Bicentenario en Sucre en medio de crisis econ\u00f3mica y tensiones electorales\" \/>\n<meta property=\"og:description\" content=\"Bolivia conmemora este mi\u00e9rcoles los 200 a\u00f1os de su independencia en un contexto complejo, marcado por una aguda crisis econ\u00f3mica y una creciente polarizaci\u00f3n pol\u00edtica de cara a las elecciones generales del 17 de agosto.\" \/>\n<meta property=\"og:url\" content=\"https:\/\/waracomunicaciones.com\/?p=353\" \/>\n<meta property=\"og:site_name\" content=\"Wara Comunicaciones\" \/>\n<meta property=\"article:publisher\" content=\"https:\/\/www.facebook.com\/waracomunicaciones2017\" \/>\n<meta property=\"article:published_time\" content=\"2025-08-07T02:57:24+00:00\" \/>\n<meta property=\"article:modified_time\" content=\"2025-08-07T02:57:25+00:00\" \/>\n<meta property=\"og:image\" content=\"https:\/\/waracomunicaciones.com\/wp-content\/uploads\/2025\/08\/fffdfd.webp\" \/>\n\t<meta property=\"og:image:width\" content=\"1000\" \/>\n\t<meta property=\"og:image:height\" content=\"667\" \/>\n\t<meta property=\"og:image:type\" content=\"image\/webp\" \/>\n<meta name=\"author\" content=\"admin\" \/>\n<meta name=\"twitter:card\" content=\"summary_large_image\" \/>\n<meta name=\"twitter:label1\" content=\"Escrito por\" \/>\n\t<meta name=\"twitter:data1\" content=\"admin\" \/>\n\t<meta name=\"twitter:label2\" content=\"Tiempo de lectura\" \/>\n\t<meta name=\"twitter:data2\" content=\"4 minutos\" \/>\n<script type=\"application\/ld+json\" class=\"yoast-schema-graph\">{\"@context\":\"https:\/\/schema.org\",\"@graph\":[{\"@type\":\"Article\",\"@id\":\"https:\/\/waracomunicaciones.com\/?p=353#article\",\"isPartOf\":{\"@id\":\"https:\/\/waracomunicaciones.com\/?p=353\"},\"author\":{\"name\":\"admin\",\"@id\":\"https:\/\/waracomunicaciones.com\/#\/schema\/person\/e9db934bc91575cc71fe584c5973244a\"},\"headline\":\"Bolivia celebra su Bicentenario en Sucre en medio de crisis econ\u00f3mica y tensiones electorales\",\"datePublished\":\"2025-08-07T02:57:24+00:00\",\"dateModified\":\"2025-08-07T02:57:25+00:00\",\"mainEntityOfPage\":{\"@id\":\"https:\/\/waracomunicaciones.com\/?p=353\"},\"wordCount\":435,\"commentCount\":0,\"publisher\":{\"@id\":\"https:\/\/waracomunicaciones.com\/#organization\"},\"image\":{\"@id\":\"https:\/\/waracomunicaciones.com\/?p=353#primaryimage\"},\"thumbnailUrl\":\"https:\/\/waracomunicaciones.com\/wp-content\/uploads\/2025\/08\/fffdfd.webp\",\"keywords\":[\"Bicentenario\",\"Bolivia\"],\"articleSection\":[\"NACIONAL\"],\"inLanguage\":\"es\",\"potentialAction\":[{\"@type\":\"CommentAction\",\"name\":\"Comment\",\"target\":[\"https:\/\/waracomunicaciones.com\/?p=353#respond\"]}]},{\"@type\":\"WebPage\",\"@id\":\"https:\/\/waracomunicaciones.com\/?p=353\",\"url\":\"https:\/\/waracomunicaciones.com\/?p=353\",\"name\":\"Bolivia celebra su Bicentenario en Sucre en medio de crisis econ\u00f3mica y tensiones electorales - Wara Comunicaciones\",\"isPartOf\":{\"@id\":\"https:\/\/waracomunicaciones.com\/#website\"},\"primaryImageOfPage\":{\"@id\":\"https:\/\/waracomunicaciones.com\/?p=353#primaryimage\"},\"image\":{\"@id\":\"https:\/\/waracomunicaciones.com\/?p=353#primaryimage\"},\"thumbnailUrl\":\"https:\/\/waracomunicaciones.com\/wp-content\/uploads\/2025\/08\/fffdfd.webp\",\"datePublished\":\"2025-08-07T02:57:24+00:00\",\"dateModified\":\"2025-08-07T02:57:25+00:00\",\"breadcrumb\":{\"@id\":\"https:\/\/waracomunicaciones.com\/?p=353#breadcrumb\"},\"inLanguage\":\"es\",\"potentialAction\":[{\"@type\":\"ReadAction\",\"target\":[\"https:\/\/waracomunicaciones.com\/?p=353\"]}]},{\"@type\":\"ImageObject\",\"inLanguage\":\"es\",\"@id\":\"https:\/\/waracomunicaciones.com\/?p=353#primaryimage\",\"url\":\"https:\/\/waracomunicaciones.com\/wp-content\/uploads\/2025\/08\/fffdfd.webp\",\"contentUrl\":\"https:\/\/waracomunicaciones.com\/wp-content\/uploads\/2025\/08\/fffdfd.webp\",\"width\":1000,\"height\":667},{\"@type\":\"BreadcrumbList\",\"@id\":\"https:\/\/waracomunicaciones.com\/?p=353#breadcrumb\",\"itemListElement\":[{\"@type\":\"ListItem\",\"position\":1,\"name\":\"Portada\",\"item\":\"https:\/\/waracomunicaciones.com\/\"},{\"@type\":\"ListItem\",\"position\":2,\"name\":\"Bolivia celebra su Bicentenario en Sucre en medio de crisis econ\u00f3mica y tensiones electorales\"}]},{\"@type\":\"WebSite\",\"@id\":\"https:\/\/waracomunicaciones.com\/#website\",\"url\":\"https:\/\/waracomunicaciones.com\/\",\"name\":\"Wara Comunicaciones\",\"description\":\"\",\"publisher\":{\"@id\":\"https:\/\/waracomunicaciones.com\/#organization\"},\"potentialAction\":[{\"@type\":\"SearchAction\",\"target\":{\"@type\":\"EntryPoint\",\"urlTemplate\":\"https:\/\/waracomunicaciones.com\/?s={search_term_string}\"},\"query-input\":{\"@type\":\"PropertyValueSpecification\",\"valueRequired\":true,\"valueName\":\"search_term_string\"}}],\"inLanguage\":\"es\"},{\"@type\":\"Organization\",\"@id\":\"https:\/\/waracomunicaciones.com\/#organization\",\"name\":\"Wara Comunicaciones\",\"url\":\"https:\/\/waracomunicaciones.com\/\",\"logo\":{\"@type\":\"ImageObject\",\"inLanguage\":\"es\",\"@id\":\"https:\/\/waracomunicaciones.com\/#\/schema\/logo\/image\/\",\"url\":\"https:\/\/waracomunicaciones.com\/wp-content\/uploads\/2025\/07\/logo.png\",\"contentUrl\":\"https:\/\/waracomunicaciones.com\/wp-content\/uploads\/2025\/07\/logo.png\",\"width\":400,\"height\":164,\"caption\":\"Wara Comunicaciones\"},\"image\":{\"@id\":\"https:\/\/waracomunicaciones.com\/#\/schema\/logo\/image\/\"},\"sameAs\":[\"https:\/\/www.facebook.com\/waracomunicaciones2017\"]},{\"@type\":\"Person\",\"@id\":\"https:\/\/waracomunicaciones.com\/#\/schema\/person\/e9db934bc91575cc71fe584c5973244a\",\"name\":\"admin\",\"image\":{\"@type\":\"ImageObject\",\"inLanguage\":\"es\",\"@id\":\"https:\/\/waracomunicaciones.com\/#\/schema\/person\/image\/\",\"url\":\"https:\/\/secure.gravatar.com\/avatar\/bf27e9186df568254093afa216f887fece17605302c6ff12f3980422fffa52e6?s=96&d=mm&r=g\",\"contentUrl\":\"https:\/\/secure.gravatar.com\/avatar\/bf27e9186df568254093afa216f887fece17605302c6ff12f3980422fffa52e6?s=96&d=mm&r=g\",\"caption\":\"admin\"},\"sameAs\":[\"https:\/\/waracomunicaciones.com\/wp\"],\"url\":\"https:\/\/waracomunicaciones.com\/?author=1\"}]}<\/script>\n<!-- \/ Yoast SEO Premium plugin. -->","yoast_head_json":{"title":"Bolivia celebra su Bicentenario en Sucre en medio de crisis econ\u00f3mica y tensiones electorales - Wara Comunicaciones","robots":{"index":"index","follow":"follow","max-snippet":"max-snippet:-1","max-image-preview":"max-image-preview:large","max-video-preview":"max-video-preview:-1"},"canonical":"https:\/\/waracomunicaciones.com\/?p=353","og_locale":"es_ES","og_type":"article","og_title":"Bolivia celebra su Bicentenario en Sucre en medio de crisis econ\u00f3mica y tensiones electorales","og_description":"Bolivia conmemora este mi\u00e9rcoles los 200 a\u00f1os de su independencia en un contexto complejo, marcado por una aguda crisis econ\u00f3mica y una creciente polarizaci\u00f3n pol\u00edtica de cara a las elecciones generales del 17 de agosto.","og_url":"https:\/\/waracomunicaciones.com\/?p=353","og_site_name":"Wara Comunicaciones","article_publisher":"https:\/\/www.facebook.com\/waracomunicaciones2017","article_published_time":"2025-08-07T02:57:24+00:00","article_modified_time":"2025-08-07T02:57:25+00:00","og_image":[{"width":1000,"height":667,"url":"https:\/\/waracomunicaciones.com\/wp-content\/uploads\/2025\/08\/fffdfd.webp","type":"image\/webp"}],"author":"admin","twitter_card":"summary_large_image","twitter_misc":{"Escrito por":"admin","Tiempo de lectura":"4 minutos"},"schema":{"@context":"https:\/\/schema.org","@graph":[{"@type":"Article","@id":"https:\/\/waracomunicaciones.com\/?p=353#article","isPartOf":{"@id":"https:\/\/waracomunicaciones.com\/?p=353"},"author":{"name":"admin","@id":"https:\/\/waracomunicaciones.com\/#\/schema\/person\/e9db934bc91575cc71fe584c5973244a"},"headline":"Bolivia celebra su Bicentenario en Sucre en medio de crisis econ\u00f3mica y tensiones electorales","datePublished":"2025-08-07T02:57:24+00:00","dateModified":"2025-08-07T02:57:25+00:00","mainEntityOfPage":{"@id":"https:\/\/waracomunicaciones.com\/?p=353"},"wordCount":435,"commentCount":0,"publisher":{"@id":"https:\/\/waracomunicaciones.com\/#organization"},"image":{"@id":"https:\/\/waracomunicaciones.com\/?p=353#primaryimage"},"thumbnailUrl":"https:\/\/waracomunicaciones.com\/wp-content\/uploads\/2025\/08\/fffdfd.webp","keywords":["Bicentenario","Bolivia"],"articleSection":["NACIONAL"],"inLanguage":"es","potentialAction":[{"@type":"CommentAction","name":"Comment","target":["https:\/\/waracomunicaciones.com\/?p=353#respond"]}]},{"@type":"WebPage","@id":"https:\/\/waracomunicaciones.com\/?p=353","url":"https:\/\/waracomunicaciones.com\/?p=353","name":"Bolivia celebra su Bicentenario en Sucre en medio de crisis econ\u00f3mica y tensiones electorales - Wara Comunicaciones","isPartOf":{"@id":"https:\/\/waracomunicaciones.com\/#website"},"primaryImageOfPage":{"@id":"https:\/\/waracomunicaciones.com\/?p=353#primaryimage"},"image":{"@id":"https:\/\/waracomunicaciones.com\/?p=353#primaryimage"},"thumbnailUrl":"https:\/\/waracomunicaciones.com\/wp-content\/uploads\/2025\/08\/fffdfd.webp","datePublished":"2025-08-07T02:57:24+00:00","dateModified":"2025-08-07T02:57:25+00:00","breadcrumb":{"@id":"https:\/\/waracomunicaciones.com\/?p=353#breadcrumb"},"inLanguage":"es","potentialAction":[{"@type":"ReadAction","target":["https:\/\/waracomunicaciones.com\/?p=353"]}]},{"@type":"ImageObject","inLanguage":"es","@id":"https:\/\/waracomunicaciones.com\/?p=353#primaryimage","url":"https:\/\/waracomunicaciones.com\/wp-content\/uploads\/2025\/08\/fffdfd.webp","contentUrl":"https:\/\/waracomunicaciones.com\/wp-content\/uploads\/2025\/08\/fffdfd.webp","width":1000,"height":667},{"@type":"BreadcrumbList","@id":"https:\/\/waracomunicaciones.com\/?p=353#breadcrumb","itemListElement":[{"@type":"ListItem","position":1,"name":"Portada","item":"https:\/\/waracomunicaciones.com\/"},{"@type":"ListItem","position":2,"name":"Bolivia celebra su Bicentenario en Sucre en medio de crisis econ\u00f3mica y tensiones electorales"}]},{"@type":"WebSite","@id":"https:\/\/waracomunicaciones.com\/#website","url":"https:\/\/waracomunicaciones.com\/","name":"Wara Comunicaciones","description":"","publisher":{"@id":"https:\/\/waracomunicaciones.com\/#organization"},"potentialAction":[{"@type":"SearchAction","target":{"@type":"EntryPoint","urlTemplate":"https:\/\/waracomunicaciones.com\/?s={search_term_string}"},"query-input":{"@type":"PropertyValueSpecification","valueRequired":true,"valueName":"search_term_string"}}],"inLanguage":"es"},{"@type":"Organization","@id":"https:\/\/waracomunicaciones.com\/#organization","name":"Wara Comunicaciones","url":"https:\/\/waracomunicaciones.com\/","logo":{"@type":"ImageObject","inLanguage":"es","@id":"https:\/\/waracomunicaciones.com\/#\/schema\/logo\/image\/","url":"https:\/\/waracomunicaciones.com\/wp-content\/uploads\/2025\/07\/logo.png","contentUrl":"https:\/\/waracomunicaciones.com\/wp-content\/uploads\/2025\/07\/logo.png","width":400,"height":164,"caption":"Wara Comunicaciones"},"image":{"@id":"https:\/\/waracomunicaciones.com\/#\/schema\/logo\/image\/"},"sameAs":["https:\/\/www.facebook.com\/waracomunicaciones2017"]},{"@type":"Person","@id":"https:\/\/waracomunicaciones.com\/#\/schema\/person\/e9db934bc91575cc71fe584c5973244a","name":"admin","image":{"@type":"ImageObject","inLanguage":"es","@id":"https:\/\/waracomunicaciones.com\/#\/schema\/person\/image\/","url":"https:\/\/secure.gravatar.com\/avatar\/bf27e9186df568254093afa216f887fece17605302c6ff12f3980422fffa52e6?s=96&d=mm&r=g","contentUrl":"https:\/\/secure.gravatar.com\/avatar\/bf27e9186df568254093afa216f887fece17605302c6ff12f3980422fffa52e6?s=96&d=mm&r=g","caption":"admin"},"sameAs":["https:\/\/waracomunicaciones.com\/wp"],"url":"https:\/\/waracomunicaciones.com\/?author=1"}]}},"_links":{"self":[{"href":"https:\/\/waracomunicaciones.com\/index.php?rest_route=\/wp\/v2\/posts\/353","targetHints":{"allow":["GET"]}}],"collection":[{"href":"https:\/\/waracomunicaciones.com\/index.php?rest_route=\/wp\/v2\/posts"}],"about":[{"href":"https:\/\/waracomunicaciones.com\/index.php?rest_route=\/wp\/v2\/types\/post"}],"author":[{"embeddable":true,"href":"https:\/\/waracomunicaciones.com\/index.php?rest_route=\/wp\/v2\/users\/1"}],"replies":[{"embeddable":true,"href":"https:\/\/waracomunicaciones.com\/index.php?rest_route=%2Fwp%2Fv2%2Fcomments&post=353"}],"version-history":[{"count":1,"href":"https:\/\/waracomunicaciones.com\/index.php?rest_route=\/wp\/v2\/posts\/353\/revisions"}],"predecessor-version":[{"id":363,"href":"https:\/\/waracomunicaciones.com\/index.php?rest_route=\/wp\/v2\/posts\/353\/revisions\/363"}],"wp:featuredmedia":[{"embeddable":true,"href":"https:\/\/waracomunicaciones.com\/index.php?rest_route=\/wp\/v2\/media\/355"}],"wp:attachment":[{"href":"https:\/\/waracomunicaciones.com\/index.php?rest_route=%2Fwp%2Fv2%2Fmedia&parent=353"}],"wp:term":[{"taxonomy":"category","embeddable":true,"href":"https:\/\/waracomunicaciones.com\/index.php?rest_route=%2Fwp%2Fv2%2Fcategories&post=353"},{"taxonomy":"post_tag","embeddable":true,"href":"https:\/\/waracomunicaciones.com\/index.php?rest_route=%2Fwp%2Fv2%2Ftags&post=353"}],"curies":[{"name":"wp","href":"https:\/\/api.w.org\/{rel}","templated":true}]}}