{"id":338,"date":"2025-08-06T09:32:20","date_gmt":"2025-08-06T13:32:20","guid":{"rendered":"https:\/\/waracomunicaciones.com\/?p=338"},"modified":"2025-08-06T09:34:03","modified_gmt":"2025-08-06T13:34:03","slug":"el-mnr-saluda-al-bicentenario-destacando-su-legado-revolucionario-bolivia-tiene-dos-fechas-fundacionales","status":"publish","type":"post","link":"https:\/\/waracomunicaciones.com\/?p=338","title":{"rendered":"El MNR saluda al Bicentenario destacando su legado revolucionario: \u201cBolivia tiene dos fechas fundacionales\u201d"},"content":{"rendered":"\n<figure class=\"wp-block-image size-full\"><img loading=\"lazy\" decoding=\"async\" width=\"1258\" height=\"708\" src=\"https:\/\/waracomunicaciones.com\/wp-content\/uploads\/2025\/08\/rosado-1.webp\" alt=\"\" class=\"wp-image-340\" srcset=\"https:\/\/waracomunicaciones.com\/wp-content\/uploads\/2025\/08\/rosado-1.webp 1258w, https:\/\/waracomunicaciones.com\/wp-content\/uploads\/2025\/08\/rosado-1-300x169.webp 300w, https:\/\/waracomunicaciones.com\/wp-content\/uploads\/2025\/08\/rosado-1-1024x576.webp 1024w, https:\/\/waracomunicaciones.com\/wp-content\/uploads\/2025\/08\/rosado-1-768x432.webp 768w\" sizes=\"auto, (max-width: 1258px) 100vw, 1258px\" \/><figcaption class=\"wp-element-caption\"><em>Dr. Gerardo Rosado &#8211; Foto Facebook<\/em><\/figcaption><\/figure>\n\n\n<p><strong><b>Santa Cruz, <\/b><\/strong>\u00a0\u2013 En el marco del Bicentenario de la Independencia de Bolivia, el Movimiento Nacionalista Revolucionario (MNR) emiti\u00f3 un pronunciamiento conmemorativo en el que saluda a la Patria con j\u00fabilo y reafirma su papel hist\u00f3rico como protagonista clave en la transformaci\u00f3n del pa\u00eds.<!--more--><\/p>\n<p>Bajo el lema <strong><b>\u201cEl Bicentenario y la Revoluci\u00f3n Nacional\u201d<\/b><\/strong>, el MNR rememor\u00f3 los momentos trascendentales de la historia boliviana y reafirm\u00f3 la vigencia de sus principios ideol\u00f3gicos, como la Alianza de Clases y el Nacionalismo Revolucionario. Seg\u00fan el Jefe Departamental Gerardo Rosado, estas ideas siguen siendo pilares fundamentales para el desarrollo nacional, pues \u201cfueron tan responsablemente pensadas que sobrepasan los tiempos, que avanzan con los tiempos\u201d.<\/p>\n<p>La organizaci\u00f3n pol\u00edtica sostuvo que Bolivia cuenta con dos fechas fundacionales: el <strong><b>6 de agosto de 1825<\/b><\/strong>, que marc\u00f3 la Independencia, y el <strong><b>9 de abril de 1952<\/b><\/strong>, d\u00eda del estallido de la Revoluci\u00f3n Nacional impulsada por el MNR. En palabras del pronunciamiento: <em><i>\u201cEl 6 de agosto la Independencia, y el 9 de abril la construcci\u00f3n del Estado Nacional Incluyente, un Estado que no se olvida de nadie\u201d<\/i><\/em>.<\/p>\n<p>En su saludo al pueblo boliviano, el MNR destac\u00f3 su compromiso con todos los sectores de la sociedad, desde los ni\u00f1os hasta los adultos mayores, y anunci\u00f3 que pr\u00f3ximamente presentar\u00e1 una nueva propuesta de ruta hacia el progreso definitivo del pa\u00eds, en la que tendr\u00e1 un rol central la juventud nacional.<\/p>\n<p>El mensaje concluye con una consigna que remarca la continuidad del ideario revolucionario del partido:<br \/><strong><b>\u201c\u00a1La Revoluci\u00f3n Contin\u00faa!\u201d<\/b><\/strong><\/p><div style=\"margin-top: 0px; margin-bottom: 0px;\" class=\"sharethis-inline-reaction-buttons\" ><\/div>","protected":false},"excerpt":{"rendered":"<p>Santa Cruz, \u00a0\u2013 En el marco del Bicentenario de la Independencia de Bolivia, el Movimiento Nacionalista Revolucionario (MNR) emiti\u00f3 un pronunciamiento conmemorativo en el que saluda a la Patria con j\u00fabilo y reafirma su papel hist\u00f3rico como protagonista clave en la transformaci\u00f3n del pa\u00eds.<\/p>\n","protected":false},"author":1,"featured_media":340,"comment_status":"open","ping_status":"open","sticky":false,"template":"","format":"standard","meta":{"footnotes":""},"categories":[42],"tags":[130,131,61],"class_list":["post-338","post","type-post","status-publish","format-standard","has-post-thumbnail","hentry","category-politica","tag-bicentenario","tag-gerardo-rosado","tag-mnr"],"yoast_head":"<!-- This site is optimized with the Yoast SEO Premium plugin v25.5 (Yoast SEO v27.1.1) - https:\/\/yoast.com\/product\/yoast-seo-premium-wordpress\/ -->\n<title>El MNR saluda al Bicentenario destacando su legado revolucionario: \u201cBolivia tiene dos fechas fundacionales\u201d - Wara Comunicaciones<\/title>\n<meta name=\"robots\" content=\"index, follow, max-snippet:-1, max-image-preview:large, max-video-preview:-1\" \/>\n<link rel=\"canonical\" href=\"https:\/\/waracomunicaciones.com\/?p=338\" \/>\n<meta property=\"og:locale\" content=\"es_ES\" \/>\n<meta property=\"og:type\" content=\"article\" \/>\n<meta property=\"og:title\" content=\"El MNR saluda al Bicentenario destacando su legado revolucionario: \u201cBolivia tiene dos fechas fundacionales\u201d\" \/>\n<meta property=\"og:description\" content=\"Santa Cruz, \u00a0\u2013 En el marco del Bicentenario de la Independencia de Bolivia, el Movimiento Nacionalista Revolucionario (MNR) emiti\u00f3 un pronunciamiento conmemorativo en el que saluda a la Patria con j\u00fabilo y reafirma su papel hist\u00f3rico como protagonista clave en la transformaci\u00f3n del pa\u00eds.\" \/>\n<meta property=\"og:url\" content=\"https:\/\/waracomunicaciones.com\/?p=338\" \/>\n<meta property=\"og:site_name\" content=\"Wara Comunicaciones\" \/>\n<meta property=\"article:publisher\" content=\"https:\/\/www.facebook.com\/waracomunicaciones2017\" \/>\n<meta property=\"article:published_time\" content=\"2025-08-06T13:32:20+00:00\" \/>\n<meta property=\"article:modified_time\" content=\"2025-08-06T13:34:03+00:00\" \/>\n<meta property=\"og:image\" content=\"https:\/\/waracomunicaciones.com\/wp-content\/uploads\/2025\/08\/rosado-1.webp\" \/>\n\t<meta property=\"og:image:width\" content=\"1258\" \/>\n\t<meta property=\"og:image:height\" content=\"708\" \/>\n\t<meta property=\"og:image:type\" content=\"image\/webp\" \/>\n<meta name=\"author\" content=\"admin\" \/>\n<meta name=\"twitter:card\" content=\"summary_large_image\" \/>\n<meta name=\"twitter:label1\" content=\"Escrito por\" \/>\n\t<meta name=\"twitter:data1\" content=\"admin\" \/>\n\t<meta name=\"twitter:label2\" content=\"Tiempo de lectura\" \/>\n\t<meta name=\"twitter:data2\" content=\"2 minutos\" \/>\n<script type=\"application\/ld+json\" class=\"yoast-schema-graph\">{\"@context\":\"https:\/\/schema.org\",\"@graph\":[{\"@type\":\"Article\",\"@id\":\"https:\/\/waracomunicaciones.com\/?p=338#article\",\"isPartOf\":{\"@id\":\"https:\/\/waracomunicaciones.com\/?p=338\"},\"author\":{\"name\":\"admin\",\"@id\":\"https:\/\/waracomunicaciones.com\/#\/schema\/person\/e9db934bc91575cc71fe584c5973244a\"},\"headline\":\"El MNR saluda al Bicentenario destacando su legado revolucionario: \u201cBolivia tiene dos fechas fundacionales\u201d\",\"datePublished\":\"2025-08-06T13:32:20+00:00\",\"dateModified\":\"2025-08-06T13:34:03+00:00\",\"mainEntityOfPage\":{\"@id\":\"https:\/\/waracomunicaciones.com\/?p=338\"},\"wordCount\":277,\"commentCount\":0,\"publisher\":{\"@id\":\"https:\/\/waracomunicaciones.com\/#organization\"},\"image\":{\"@id\":\"https:\/\/waracomunicaciones.com\/?p=338#primaryimage\"},\"thumbnailUrl\":\"https:\/\/waracomunicaciones.com\/wp-content\/uploads\/2025\/08\/rosado-1.webp\",\"keywords\":[\"Bicentenario\",\"Gerardo Rosado\",\"MNR\"],\"articleSection\":[\"Pol\u00edtica\"],\"inLanguage\":\"es\",\"potentialAction\":[{\"@type\":\"CommentAction\",\"name\":\"Comment\",\"target\":[\"https:\/\/waracomunicaciones.com\/?p=338#respond\"]}]},{\"@type\":\"WebPage\",\"@id\":\"https:\/\/waracomunicaciones.com\/?p=338\",\"url\":\"https:\/\/waracomunicaciones.com\/?p=338\",\"name\":\"El MNR saluda al Bicentenario destacando su legado revolucionario: \u201cBolivia tiene dos fechas fundacionales\u201d - Wara Comunicaciones\",\"isPartOf\":{\"@id\":\"https:\/\/waracomunicaciones.com\/#website\"},\"primaryImageOfPage\":{\"@id\":\"https:\/\/waracomunicaciones.com\/?p=338#primaryimage\"},\"image\":{\"@id\":\"https:\/\/waracomunicaciones.com\/?p=338#primaryimage\"},\"thumbnailUrl\":\"https:\/\/waracomunicaciones.com\/wp-content\/uploads\/2025\/08\/rosado-1.webp\",\"datePublished\":\"2025-08-06T13:32:20+00:00\",\"dateModified\":\"2025-08-06T13:34:03+00:00\",\"breadcrumb\":{\"@id\":\"https:\/\/waracomunicaciones.com\/?p=338#breadcrumb\"},\"inLanguage\":\"es\",\"potentialAction\":[{\"@type\":\"ReadAction\",\"target\":[\"https:\/\/waracomunicaciones.com\/?p=338\"]}]},{\"@type\":\"ImageObject\",\"inLanguage\":\"es\",\"@id\":\"https:\/\/waracomunicaciones.com\/?p=338#primaryimage\",\"url\":\"https:\/\/waracomunicaciones.com\/wp-content\/uploads\/2025\/08\/rosado-1.webp\",\"contentUrl\":\"https:\/\/waracomunicaciones.com\/wp-content\/uploads\/2025\/08\/rosado-1.webp\",\"width\":1258,\"height\":708},{\"@type\":\"BreadcrumbList\",\"@id\":\"https:\/\/waracomunicaciones.com\/?p=338#breadcrumb\",\"itemListElement\":[{\"@type\":\"ListItem\",\"position\":1,\"name\":\"Portada\",\"item\":\"https:\/\/waracomunicaciones.com\/\"},{\"@type\":\"ListItem\",\"position\":2,\"name\":\"El MNR saluda al Bicentenario destacando su legado revolucionario: \u201cBolivia tiene dos fechas fundacionales\u201d\"}]},{\"@type\":\"WebSite\",\"@id\":\"https:\/\/waracomunicaciones.com\/#website\",\"url\":\"https:\/\/waracomunicaciones.com\/\",\"name\":\"Wara Comunicaciones\",\"description\":\"\",\"publisher\":{\"@id\":\"https:\/\/waracomunicaciones.com\/#organization\"},\"potentialAction\":[{\"@type\":\"SearchAction\",\"target\":{\"@type\":\"EntryPoint\",\"urlTemplate\":\"https:\/\/waracomunicaciones.com\/?s={search_term_string}\"},\"query-input\":{\"@type\":\"PropertyValueSpecification\",\"valueRequired\":true,\"valueName\":\"search_term_string\"}}],\"inLanguage\":\"es\"},{\"@type\":\"Organization\",\"@id\":\"https:\/\/waracomunicaciones.com\/#organization\",\"name\":\"Wara Comunicaciones\",\"url\":\"https:\/\/waracomunicaciones.com\/\",\"logo\":{\"@type\":\"ImageObject\",\"inLanguage\":\"es\",\"@id\":\"https:\/\/waracomunicaciones.com\/#\/schema\/logo\/image\/\",\"url\":\"https:\/\/waracomunicaciones.com\/wp-content\/uploads\/2025\/07\/logo.png\",\"contentUrl\":\"https:\/\/waracomunicaciones.com\/wp-content\/uploads\/2025\/07\/logo.png\",\"width\":400,\"height\":164,\"caption\":\"Wara Comunicaciones\"},\"image\":{\"@id\":\"https:\/\/waracomunicaciones.com\/#\/schema\/logo\/image\/\"},\"sameAs\":[\"https:\/\/www.facebook.com\/waracomunicaciones2017\"]},{\"@type\":\"Person\",\"@id\":\"https:\/\/waracomunicaciones.com\/#\/schema\/person\/e9db934bc91575cc71fe584c5973244a\",\"name\":\"admin\",\"image\":{\"@type\":\"ImageObject\",\"inLanguage\":\"es\",\"@id\":\"https:\/\/waracomunicaciones.com\/#\/schema\/person\/image\/\",\"url\":\"https:\/\/secure.gravatar.com\/avatar\/bf27e9186df568254093afa216f887fece17605302c6ff12f3980422fffa52e6?s=96&d=mm&r=g\",\"contentUrl\":\"https:\/\/secure.gravatar.com\/avatar\/bf27e9186df568254093afa216f887fece17605302c6ff12f3980422fffa52e6?s=96&d=mm&r=g\",\"caption\":\"admin\"},\"sameAs\":[\"https:\/\/waracomunicaciones.com\/wp\"],\"url\":\"https:\/\/waracomunicaciones.com\/?author=1\"}]}<\/script>\n<!-- \/ Yoast SEO Premium plugin. -->","yoast_head_json":{"title":"El MNR saluda al Bicentenario destacando su legado revolucionario: \u201cBolivia tiene dos fechas fundacionales\u201d - Wara Comunicaciones","robots":{"index":"index","follow":"follow","max-snippet":"max-snippet:-1","max-image-preview":"max-image-preview:large","max-video-preview":"max-video-preview:-1"},"canonical":"https:\/\/waracomunicaciones.com\/?p=338","og_locale":"es_ES","og_type":"article","og_title":"El MNR saluda al Bicentenario destacando su legado revolucionario: \u201cBolivia tiene dos fechas fundacionales\u201d","og_description":"Santa Cruz, \u00a0\u2013 En el marco del Bicentenario de la Independencia de Bolivia, el Movimiento Nacionalista Revolucionario (MNR) emiti\u00f3 un pronunciamiento conmemorativo en el que saluda a la Patria con j\u00fabilo y reafirma su papel hist\u00f3rico como protagonista clave en la transformaci\u00f3n del pa\u00eds.","og_url":"https:\/\/waracomunicaciones.com\/?p=338","og_site_name":"Wara Comunicaciones","article_publisher":"https:\/\/www.facebook.com\/waracomunicaciones2017","article_published_time":"2025-08-06T13:32:20+00:00","article_modified_time":"2025-08-06T13:34:03+00:00","og_image":[{"width":1258,"height":708,"url":"https:\/\/waracomunicaciones.com\/wp-content\/uploads\/2025\/08\/rosado-1.webp","type":"image\/webp"}],"author":"admin","twitter_card":"summary_large_image","twitter_misc":{"Escrito por":"admin","Tiempo de lectura":"2 minutos"},"schema":{"@context":"https:\/\/schema.org","@graph":[{"@type":"Article","@id":"https:\/\/waracomunicaciones.com\/?p=338#article","isPartOf":{"@id":"https:\/\/waracomunicaciones.com\/?p=338"},"author":{"name":"admin","@id":"https:\/\/waracomunicaciones.com\/#\/schema\/person\/e9db934bc91575cc71fe584c5973244a"},"headline":"El MNR saluda al Bicentenario destacando su legado revolucionario: \u201cBolivia tiene dos fechas fundacionales\u201d","datePublished":"2025-08-06T13:32:20+00:00","dateModified":"2025-08-06T13:34:03+00:00","mainEntityOfPage":{"@id":"https:\/\/waracomunicaciones.com\/?p=338"},"wordCount":277,"commentCount":0,"publisher":{"@id":"https:\/\/waracomunicaciones.com\/#organization"},"image":{"@id":"https:\/\/waracomunicaciones.com\/?p=338#primaryimage"},"thumbnailUrl":"https:\/\/waracomunicaciones.com\/wp-content\/uploads\/2025\/08\/rosado-1.webp","keywords":["Bicentenario","Gerardo Rosado","MNR"],"articleSection":["Pol\u00edtica"],"inLanguage":"es","potentialAction":[{"@type":"CommentAction","name":"Comment","target":["https:\/\/waracomunicaciones.com\/?p=338#respond"]}]},{"@type":"WebPage","@id":"https:\/\/waracomunicaciones.com\/?p=338","url":"https:\/\/waracomunicaciones.com\/?p=338","name":"El MNR saluda al Bicentenario destacando su legado revolucionario: \u201cBolivia tiene dos fechas fundacionales\u201d - Wara Comunicaciones","isPartOf":{"@id":"https:\/\/waracomunicaciones.com\/#website"},"primaryImageOfPage":{"@id":"https:\/\/waracomunicaciones.com\/?p=338#primaryimage"},"image":{"@id":"https:\/\/waracomunicaciones.com\/?p=338#primaryimage"},"thumbnailUrl":"https:\/\/waracomunicaciones.com\/wp-content\/uploads\/2025\/08\/rosado-1.webp","datePublished":"2025-08-06T13:32:20+00:00","dateModified":"2025-08-06T13:34:03+00:00","breadcrumb":{"@id":"https:\/\/waracomunicaciones.com\/?p=338#breadcrumb"},"inLanguage":"es","potentialAction":[{"@type":"ReadAction","target":["https:\/\/waracomunicaciones.com\/?p=338"]}]},{"@type":"ImageObject","inLanguage":"es","@id":"https:\/\/waracomunicaciones.com\/?p=338#primaryimage","url":"https:\/\/waracomunicaciones.com\/wp-content\/uploads\/2025\/08\/rosado-1.webp","contentUrl":"https:\/\/waracomunicaciones.com\/wp-content\/uploads\/2025\/08\/rosado-1.webp","width":1258,"height":708},{"@type":"BreadcrumbList","@id":"https:\/\/waracomunicaciones.com\/?p=338#breadcrumb","itemListElement":[{"@type":"ListItem","position":1,"name":"Portada","item":"https:\/\/waracomunicaciones.com\/"},{"@type":"ListItem","position":2,"name":"El MNR saluda al Bicentenario destacando su legado revolucionario: \u201cBolivia tiene dos fechas fundacionales\u201d"}]},{"@type":"WebSite","@id":"https:\/\/waracomunicaciones.com\/#website","url":"https:\/\/waracomunicaciones.com\/","name":"Wara Comunicaciones","description":"","publisher":{"@id":"https:\/\/waracomunicaciones.com\/#organization"},"potentialAction":[{"@type":"SearchAction","target":{"@type":"EntryPoint","urlTemplate":"https:\/\/waracomunicaciones.com\/?s={search_term_string}"},"query-input":{"@type":"PropertyValueSpecification","valueRequired":true,"valueName":"search_term_string"}}],"inLanguage":"es"},{"@type":"Organization","@id":"https:\/\/waracomunicaciones.com\/#organization","name":"Wara Comunicaciones","url":"https:\/\/waracomunicaciones.com\/","logo":{"@type":"ImageObject","inLanguage":"es","@id":"https:\/\/waracomunicaciones.com\/#\/schema\/logo\/image\/","url":"https:\/\/waracomunicaciones.com\/wp-content\/uploads\/2025\/07\/logo.png","contentUrl":"https:\/\/waracomunicaciones.com\/wp-content\/uploads\/2025\/07\/logo.png","width":400,"height":164,"caption":"Wara Comunicaciones"},"image":{"@id":"https:\/\/waracomunicaciones.com\/#\/schema\/logo\/image\/"},"sameAs":["https:\/\/www.facebook.com\/waracomunicaciones2017"]},{"@type":"Person","@id":"https:\/\/waracomunicaciones.com\/#\/schema\/person\/e9db934bc91575cc71fe584c5973244a","name":"admin","image":{"@type":"ImageObject","inLanguage":"es","@id":"https:\/\/waracomunicaciones.com\/#\/schema\/person\/image\/","url":"https:\/\/secure.gravatar.com\/avatar\/bf27e9186df568254093afa216f887fece17605302c6ff12f3980422fffa52e6?s=96&d=mm&r=g","contentUrl":"https:\/\/secure.gravatar.com\/avatar\/bf27e9186df568254093afa216f887fece17605302c6ff12f3980422fffa52e6?s=96&d=mm&r=g","caption":"admin"},"sameAs":["https:\/\/waracomunicaciones.com\/wp"],"url":"https:\/\/waracomunicaciones.com\/?author=1"}]}},"_links":{"self":[{"href":"https:\/\/waracomunicaciones.com\/index.php?rest_route=\/wp\/v2\/posts\/338","targetHints":{"allow":["GET"]}}],"collection":[{"href":"https:\/\/waracomunicaciones.com\/index.php?rest_route=\/wp\/v2\/posts"}],"about":[{"href":"https:\/\/waracomunicaciones.com\/index.php?rest_route=\/wp\/v2\/types\/post"}],"author":[{"embeddable":true,"href":"https:\/\/waracomunicaciones.com\/index.php?rest_route=\/wp\/v2\/users\/1"}],"replies":[{"embeddable":true,"href":"https:\/\/waracomunicaciones.com\/index.php?rest_route=%2Fwp%2Fv2%2Fcomments&post=338"}],"version-history":[{"count":1,"href":"https:\/\/waracomunicaciones.com\/index.php?rest_route=\/wp\/v2\/posts\/338\/revisions"}],"predecessor-version":[{"id":341,"href":"https:\/\/waracomunicaciones.com\/index.php?rest_route=\/wp\/v2\/posts\/338\/revisions\/341"}],"wp:featuredmedia":[{"embeddable":true,"href":"https:\/\/waracomunicaciones.com\/index.php?rest_route=\/wp\/v2\/media\/340"}],"wp:attachment":[{"href":"https:\/\/waracomunicaciones.com\/index.php?rest_route=%2Fwp%2Fv2%2Fmedia&parent=338"}],"wp:term":[{"taxonomy":"category","embeddable":true,"href":"https:\/\/waracomunicaciones.com\/index.php?rest_route=%2Fwp%2Fv2%2Fcategories&post=338"},{"taxonomy":"post_tag","embeddable":true,"href":"https:\/\/waracomunicaciones.com\/index.php?rest_route=%2Fwp%2Fv2%2Ftags&post=338"}],"curies":[{"name":"wp","href":"https:\/\/api.w.org\/{rel}","templated":true}]}}