{"id":327,"date":"2025-08-05T09:02:55","date_gmt":"2025-08-05T13:02:55","guid":{"rendered":"https:\/\/waracomunicaciones.com\/?p=327"},"modified":"2025-08-05T12:22:45","modified_gmt":"2025-08-05T16:22:45","slug":"freddy-camacho-con-manfred-reyes-villa-vamos-a-salir-de-esta-crisis-tenemos-una-propuesta-concreta-y-viable-para-bolivia","status":"publish","type":"post","link":"https:\/\/waracomunicaciones.com\/?p=327","title":{"rendered":"Freddy Camacho: \u00abCon Manfred Reyes Villa vamos a salir de esta crisis; tenemos una propuesta concreta y viable para Bolivia\u00bb"},"content":{"rendered":"\n<figure class=\"wp-block-image size-full\"><img loading=\"lazy\" decoding=\"async\" width=\"800\" height=\"532\" src=\"https:\/\/waracomunicaciones.com\/wp-content\/uploads\/2025\/08\/mannn.webp\" alt=\"\" class=\"wp-image-328\" srcset=\"https:\/\/waracomunicaciones.com\/wp-content\/uploads\/2025\/08\/mannn.webp 800w, https:\/\/waracomunicaciones.com\/wp-content\/uploads\/2025\/08\/mannn-300x200.webp 300w, https:\/\/waracomunicaciones.com\/wp-content\/uploads\/2025\/08\/mannn-768x511.webp 768w\" sizes=\"auto, (max-width: 800px) 100vw, 800px\" \/><figcaption class=\"wp-element-caption\"><em>Manfred Reyes en campa\u00f1a por la ciudad de Aiquile Cochabamba &#8211; Foto Facebook<\/em><\/figcaption><\/figure>\n\n\n<p><strong><b>Montero, <\/b><\/strong>\u00a0\u2013 A tan solo d\u00edas de la recta final rumbo a las elecciones nacionales del 17 de agosto, Freddy Camacho, candidato a diputado por <em><i>Autonom\u00eda para Bolivia &#8211; S\u00famate (APB-S\u00famate)<\/i><\/em>, brind\u00f3 una evaluaci\u00f3n del avance de la campa\u00f1a electoral y detall\u00f3 los principales ejes program\u00e1ticos de su alianza liderada por el excapit\u00e1n Manfred Reyes Villa, candidato a la presidencia.<!--more--><\/p>\n<p>Durante una entrevista en <em><i>Wara Comunicaciones<\/i><\/em>, Camacho destac\u00f3 la intensa agenda del candidato presidencial, quien recorri\u00f3 todos los departamentos del pa\u00eds llevando un mensaje de cambio profundo en el modelo econ\u00f3mico, pol\u00edtico y jur\u00eddico de Bolivia. \u00abAunque no llegamos a todas las localidades, hemos estado presentes en cada regi\u00f3n para hacer conocer nuestras propuestas\u00bb, asegur\u00f3.<\/p>\n<p>Uno de los pilares del plan econ\u00f3mico de APB-S\u00famate es un ambicioso proyecto de inversi\u00f3n extranjera por 10.000 millones de d\u00f3lares, gestionado a cambio del 3% de explotaci\u00f3n del litio boliviano. \u00abEs una medida urgente para estabilizar la econom\u00eda y terminar con las colas del combustible\u00bb, afirm\u00f3 Camacho. En ese marco, tambi\u00e9n se plantea la importaci\u00f3n directa de gasolina tipo 6,96 a un precio de Bs 5 por litro, eliminando intermediarios y reduciendo la subvenci\u00f3n estatal.<\/p>\n<p>Adem\u00e1s, el candidato a diputado subray\u00f3 la necesidad de \u00abuna verdadera seguridad jur\u00eddica\u00bb para atraer inversiones, proteger al ciudadano com\u00fan y garantizar el funcionamiento ordenado del Estado. \u201cVamos a presentar proyectos de ley que penalicen los bloqueos que tanto da\u00f1o han hecho a la econom\u00eda del pa\u00eds\u201d, se\u00f1al\u00f3.<\/p>\n<p>En cuanto al mensaje pol\u00edtico central, Camacho enfatiz\u00f3 que el proyecto de APB-S\u00famate se basa en tres pilares: <strong><b>reactivaci\u00f3n econ\u00f3mica con inversi\u00f3n real, autonom\u00eda regional como modelo de desarrollo, y orden legal para todos por igual<\/b><\/strong>. \u00abBolivia no est\u00e1 perdida, pero necesita una administraci\u00f3n eficiente. Manfred es un l\u00edder probado en tiempos de crisis y confiamos en que puede sacar al pa\u00eds adelante\u00bb, remarc\u00f3.<\/p>\n<p>Respecto a las encuestas, el candidato fue enf\u00e1tico en su rechazo a los sondeos manipulados: \u201cYa se ha denunciado la compra de medios y encuestas truchas para favorecer a ciertos candidatos. La verdadera encuesta ser\u00e1 el voto del pueblo el 17 de agosto\u201d.<\/p>\n<p>Camacho concluy\u00f3 destacando el optimismo del equipo de campa\u00f1a, se\u00f1alando que ya se est\u00e1n planificando los cierres regionales en La Paz, Cochabamba, Santa Cruz y otros departamentos. \u201cSeguiremos en campa\u00f1a hasta el \u00faltimo d\u00eda permitido por el Tribunal Electoral. La gente nos ha recibido con cari\u00f1o y esperanza\u201d.<\/p><div style=\"margin-top: 0px; margin-bottom: 0px;\" class=\"sharethis-inline-reaction-buttons\" ><\/div>","protected":false},"excerpt":{"rendered":"<p>Montero, \u00a0\u2013 A tan solo d\u00edas de la recta final rumbo a las elecciones nacionales del 17 de agosto, Freddy Camacho, candidato a diputado por Autonom\u00eda para Bolivia &#8211; S\u00famate (APB-S\u00famate), brind\u00f3 una evaluaci\u00f3n del avance de la campa\u00f1a electoral y detall\u00f3 los principales ejes program\u00e1ticos de su alianza liderada por el excapit\u00e1n Manfred Reyes [&hellip;]<\/p>\n","protected":false},"author":1,"featured_media":328,"comment_status":"open","ping_status":"open","sticky":false,"template":"","format":"standard","meta":{"footnotes":""},"categories":[47],"tags":[29,11,129],"class_list":["post-327","post","type-post","status-publish","format-standard","has-post-thumbnail","hentry","category-politica-nacional","tag-apb-sumate","tag-elecciones-nacionales-2025","tag-manfred-reyes"],"yoast_head":"<!-- This site is optimized with the Yoast SEO Premium plugin v25.5 (Yoast SEO v27.1.1) - https:\/\/yoast.com\/product\/yoast-seo-premium-wordpress\/ -->\n<title>Freddy Camacho: &quot;Con Manfred Reyes Villa vamos a salir de esta crisis; tenemos una propuesta concreta y viable para Bolivia&quot; - Wara Comunicaciones<\/title>\n<meta name=\"robots\" content=\"index, follow, max-snippet:-1, max-image-preview:large, max-video-preview:-1\" \/>\n<link rel=\"canonical\" href=\"https:\/\/waracomunicaciones.com\/?p=327\" \/>\n<meta property=\"og:locale\" content=\"es_ES\" \/>\n<meta property=\"og:type\" content=\"article\" \/>\n<meta property=\"og:title\" content=\"Freddy Camacho: &quot;Con Manfred Reyes Villa vamos a salir de esta crisis; tenemos una propuesta concreta y viable para Bolivia&quot;\" \/>\n<meta property=\"og:description\" content=\"Montero, \u00a0\u2013 A tan solo d\u00edas de la recta final rumbo a las elecciones nacionales del 17 de agosto, Freddy Camacho, candidato a diputado por Autonom\u00eda para Bolivia &#8211; S\u00famate (APB-S\u00famate), brind\u00f3 una evaluaci\u00f3n del avance de la campa\u00f1a electoral y detall\u00f3 los principales ejes program\u00e1ticos de su alianza liderada por el excapit\u00e1n Manfred Reyes [&hellip;]\" \/>\n<meta property=\"og:url\" content=\"https:\/\/waracomunicaciones.com\/?p=327\" \/>\n<meta property=\"og:site_name\" content=\"Wara Comunicaciones\" \/>\n<meta property=\"article:publisher\" content=\"https:\/\/www.facebook.com\/waracomunicaciones2017\" \/>\n<meta property=\"article:published_time\" content=\"2025-08-05T13:02:55+00:00\" \/>\n<meta property=\"article:modified_time\" content=\"2025-08-05T16:22:45+00:00\" \/>\n<meta property=\"og:image\" content=\"https:\/\/waracomunicaciones.com\/wp-content\/uploads\/2025\/08\/mannn.webp\" \/>\n\t<meta property=\"og:image:width\" content=\"800\" \/>\n\t<meta property=\"og:image:height\" content=\"532\" \/>\n\t<meta property=\"og:image:type\" content=\"image\/webp\" \/>\n<meta name=\"author\" content=\"admin\" \/>\n<meta name=\"twitter:card\" content=\"summary_large_image\" \/>\n<meta name=\"twitter:label1\" content=\"Escrito por\" \/>\n\t<meta name=\"twitter:data1\" content=\"admin\" \/>\n\t<meta name=\"twitter:label2\" content=\"Tiempo de lectura\" \/>\n\t<meta name=\"twitter:data2\" content=\"3 minutos\" \/>\n<script type=\"application\/ld+json\" class=\"yoast-schema-graph\">{\"@context\":\"https:\/\/schema.org\",\"@graph\":[{\"@type\":\"Article\",\"@id\":\"https:\/\/waracomunicaciones.com\/?p=327#article\",\"isPartOf\":{\"@id\":\"https:\/\/waracomunicaciones.com\/?p=327\"},\"author\":{\"name\":\"admin\",\"@id\":\"https:\/\/waracomunicaciones.com\/#\/schema\/person\/e9db934bc91575cc71fe584c5973244a\"},\"headline\":\"Freddy Camacho: \u00abCon Manfred Reyes Villa vamos a salir de esta crisis; tenemos una propuesta concreta y viable para Bolivia\u00bb\",\"datePublished\":\"2025-08-05T13:02:55+00:00\",\"dateModified\":\"2025-08-05T16:22:45+00:00\",\"mainEntityOfPage\":{\"@id\":\"https:\/\/waracomunicaciones.com\/?p=327\"},\"wordCount\":466,\"commentCount\":0,\"publisher\":{\"@id\":\"https:\/\/waracomunicaciones.com\/#organization\"},\"image\":{\"@id\":\"https:\/\/waracomunicaciones.com\/?p=327#primaryimage\"},\"thumbnailUrl\":\"https:\/\/waracomunicaciones.com\/wp-content\/uploads\/2025\/08\/mannn.webp\",\"keywords\":[\"APB S\u00famate\",\"Elecciones Nacionales 2025\",\"Manfred Reyes\"],\"articleSection\":[\"Pol\u00edtica\"],\"inLanguage\":\"es\",\"potentialAction\":[{\"@type\":\"CommentAction\",\"name\":\"Comment\",\"target\":[\"https:\/\/waracomunicaciones.com\/?p=327#respond\"]}]},{\"@type\":\"WebPage\",\"@id\":\"https:\/\/waracomunicaciones.com\/?p=327\",\"url\":\"https:\/\/waracomunicaciones.com\/?p=327\",\"name\":\"Freddy Camacho: \\\"Con Manfred Reyes Villa vamos a salir de esta crisis; tenemos una propuesta concreta y viable para Bolivia\\\" - Wara Comunicaciones\",\"isPartOf\":{\"@id\":\"https:\/\/waracomunicaciones.com\/#website\"},\"primaryImageOfPage\":{\"@id\":\"https:\/\/waracomunicaciones.com\/?p=327#primaryimage\"},\"image\":{\"@id\":\"https:\/\/waracomunicaciones.com\/?p=327#primaryimage\"},\"thumbnailUrl\":\"https:\/\/waracomunicaciones.com\/wp-content\/uploads\/2025\/08\/mannn.webp\",\"datePublished\":\"2025-08-05T13:02:55+00:00\",\"dateModified\":\"2025-08-05T16:22:45+00:00\",\"breadcrumb\":{\"@id\":\"https:\/\/waracomunicaciones.com\/?p=327#breadcrumb\"},\"inLanguage\":\"es\",\"potentialAction\":[{\"@type\":\"ReadAction\",\"target\":[\"https:\/\/waracomunicaciones.com\/?p=327\"]}]},{\"@type\":\"ImageObject\",\"inLanguage\":\"es\",\"@id\":\"https:\/\/waracomunicaciones.com\/?p=327#primaryimage\",\"url\":\"https:\/\/waracomunicaciones.com\/wp-content\/uploads\/2025\/08\/mannn.webp\",\"contentUrl\":\"https:\/\/waracomunicaciones.com\/wp-content\/uploads\/2025\/08\/mannn.webp\",\"width\":800,\"height\":532},{\"@type\":\"BreadcrumbList\",\"@id\":\"https:\/\/waracomunicaciones.com\/?p=327#breadcrumb\",\"itemListElement\":[{\"@type\":\"ListItem\",\"position\":1,\"name\":\"Portada\",\"item\":\"https:\/\/waracomunicaciones.com\/\"},{\"@type\":\"ListItem\",\"position\":2,\"name\":\"Freddy Camacho: \u00abCon Manfred Reyes Villa vamos a salir de esta crisis; tenemos una propuesta concreta y viable para Bolivia\u00bb\"}]},{\"@type\":\"WebSite\",\"@id\":\"https:\/\/waracomunicaciones.com\/#website\",\"url\":\"https:\/\/waracomunicaciones.com\/\",\"name\":\"Wara Comunicaciones\",\"description\":\"\",\"publisher\":{\"@id\":\"https:\/\/waracomunicaciones.com\/#organization\"},\"potentialAction\":[{\"@type\":\"SearchAction\",\"target\":{\"@type\":\"EntryPoint\",\"urlTemplate\":\"https:\/\/waracomunicaciones.com\/?s={search_term_string}\"},\"query-input\":{\"@type\":\"PropertyValueSpecification\",\"valueRequired\":true,\"valueName\":\"search_term_string\"}}],\"inLanguage\":\"es\"},{\"@type\":\"Organization\",\"@id\":\"https:\/\/waracomunicaciones.com\/#organization\",\"name\":\"Wara Comunicaciones\",\"url\":\"https:\/\/waracomunicaciones.com\/\",\"logo\":{\"@type\":\"ImageObject\",\"inLanguage\":\"es\",\"@id\":\"https:\/\/waracomunicaciones.com\/#\/schema\/logo\/image\/\",\"url\":\"https:\/\/waracomunicaciones.com\/wp-content\/uploads\/2025\/07\/logo.png\",\"contentUrl\":\"https:\/\/waracomunicaciones.com\/wp-content\/uploads\/2025\/07\/logo.png\",\"width\":400,\"height\":164,\"caption\":\"Wara Comunicaciones\"},\"image\":{\"@id\":\"https:\/\/waracomunicaciones.com\/#\/schema\/logo\/image\/\"},\"sameAs\":[\"https:\/\/www.facebook.com\/waracomunicaciones2017\"]},{\"@type\":\"Person\",\"@id\":\"https:\/\/waracomunicaciones.com\/#\/schema\/person\/e9db934bc91575cc71fe584c5973244a\",\"name\":\"admin\",\"image\":{\"@type\":\"ImageObject\",\"inLanguage\":\"es\",\"@id\":\"https:\/\/waracomunicaciones.com\/#\/schema\/person\/image\/\",\"url\":\"https:\/\/secure.gravatar.com\/avatar\/bf27e9186df568254093afa216f887fece17605302c6ff12f3980422fffa52e6?s=96&d=mm&r=g\",\"contentUrl\":\"https:\/\/secure.gravatar.com\/avatar\/bf27e9186df568254093afa216f887fece17605302c6ff12f3980422fffa52e6?s=96&d=mm&r=g\",\"caption\":\"admin\"},\"sameAs\":[\"https:\/\/waracomunicaciones.com\/wp\"],\"url\":\"https:\/\/waracomunicaciones.com\/?author=1\"}]}<\/script>\n<!-- \/ Yoast SEO Premium plugin. -->","yoast_head_json":{"title":"Freddy Camacho: \"Con Manfred Reyes Villa vamos a salir de esta crisis; tenemos una propuesta concreta y viable para Bolivia\" - Wara Comunicaciones","robots":{"index":"index","follow":"follow","max-snippet":"max-snippet:-1","max-image-preview":"max-image-preview:large","max-video-preview":"max-video-preview:-1"},"canonical":"https:\/\/waracomunicaciones.com\/?p=327","og_locale":"es_ES","og_type":"article","og_title":"Freddy Camacho: \"Con Manfred Reyes Villa vamos a salir de esta crisis; tenemos una propuesta concreta y viable para Bolivia\"","og_description":"Montero, \u00a0\u2013 A tan solo d\u00edas de la recta final rumbo a las elecciones nacionales del 17 de agosto, Freddy Camacho, candidato a diputado por Autonom\u00eda para Bolivia &#8211; S\u00famate (APB-S\u00famate), brind\u00f3 una evaluaci\u00f3n del avance de la campa\u00f1a electoral y detall\u00f3 los principales ejes program\u00e1ticos de su alianza liderada por el excapit\u00e1n Manfred Reyes [&hellip;]","og_url":"https:\/\/waracomunicaciones.com\/?p=327","og_site_name":"Wara Comunicaciones","article_publisher":"https:\/\/www.facebook.com\/waracomunicaciones2017","article_published_time":"2025-08-05T13:02:55+00:00","article_modified_time":"2025-08-05T16:22:45+00:00","og_image":[{"width":800,"height":532,"url":"https:\/\/waracomunicaciones.com\/wp-content\/uploads\/2025\/08\/mannn.webp","type":"image\/webp"}],"author":"admin","twitter_card":"summary_large_image","twitter_misc":{"Escrito por":"admin","Tiempo de lectura":"3 minutos"},"schema":{"@context":"https:\/\/schema.org","@graph":[{"@type":"Article","@id":"https:\/\/waracomunicaciones.com\/?p=327#article","isPartOf":{"@id":"https:\/\/waracomunicaciones.com\/?p=327"},"author":{"name":"admin","@id":"https:\/\/waracomunicaciones.com\/#\/schema\/person\/e9db934bc91575cc71fe584c5973244a"},"headline":"Freddy Camacho: \u00abCon Manfred Reyes Villa vamos a salir de esta crisis; tenemos una propuesta concreta y viable para Bolivia\u00bb","datePublished":"2025-08-05T13:02:55+00:00","dateModified":"2025-08-05T16:22:45+00:00","mainEntityOfPage":{"@id":"https:\/\/waracomunicaciones.com\/?p=327"},"wordCount":466,"commentCount":0,"publisher":{"@id":"https:\/\/waracomunicaciones.com\/#organization"},"image":{"@id":"https:\/\/waracomunicaciones.com\/?p=327#primaryimage"},"thumbnailUrl":"https:\/\/waracomunicaciones.com\/wp-content\/uploads\/2025\/08\/mannn.webp","keywords":["APB S\u00famate","Elecciones Nacionales 2025","Manfred Reyes"],"articleSection":["Pol\u00edtica"],"inLanguage":"es","potentialAction":[{"@type":"CommentAction","name":"Comment","target":["https:\/\/waracomunicaciones.com\/?p=327#respond"]}]},{"@type":"WebPage","@id":"https:\/\/waracomunicaciones.com\/?p=327","url":"https:\/\/waracomunicaciones.com\/?p=327","name":"Freddy Camacho: \"Con Manfred Reyes Villa vamos a salir de esta crisis; tenemos una propuesta concreta y viable para Bolivia\" - Wara Comunicaciones","isPartOf":{"@id":"https:\/\/waracomunicaciones.com\/#website"},"primaryImageOfPage":{"@id":"https:\/\/waracomunicaciones.com\/?p=327#primaryimage"},"image":{"@id":"https:\/\/waracomunicaciones.com\/?p=327#primaryimage"},"thumbnailUrl":"https:\/\/waracomunicaciones.com\/wp-content\/uploads\/2025\/08\/mannn.webp","datePublished":"2025-08-05T13:02:55+00:00","dateModified":"2025-08-05T16:22:45+00:00","breadcrumb":{"@id":"https:\/\/waracomunicaciones.com\/?p=327#breadcrumb"},"inLanguage":"es","potentialAction":[{"@type":"ReadAction","target":["https:\/\/waracomunicaciones.com\/?p=327"]}]},{"@type":"ImageObject","inLanguage":"es","@id":"https:\/\/waracomunicaciones.com\/?p=327#primaryimage","url":"https:\/\/waracomunicaciones.com\/wp-content\/uploads\/2025\/08\/mannn.webp","contentUrl":"https:\/\/waracomunicaciones.com\/wp-content\/uploads\/2025\/08\/mannn.webp","width":800,"height":532},{"@type":"BreadcrumbList","@id":"https:\/\/waracomunicaciones.com\/?p=327#breadcrumb","itemListElement":[{"@type":"ListItem","position":1,"name":"Portada","item":"https:\/\/waracomunicaciones.com\/"},{"@type":"ListItem","position":2,"name":"Freddy Camacho: \u00abCon Manfred Reyes Villa vamos a salir de esta crisis; tenemos una propuesta concreta y viable para Bolivia\u00bb"}]},{"@type":"WebSite","@id":"https:\/\/waracomunicaciones.com\/#website","url":"https:\/\/waracomunicaciones.com\/","name":"Wara Comunicaciones","description":"","publisher":{"@id":"https:\/\/waracomunicaciones.com\/#organization"},"potentialAction":[{"@type":"SearchAction","target":{"@type":"EntryPoint","urlTemplate":"https:\/\/waracomunicaciones.com\/?s={search_term_string}"},"query-input":{"@type":"PropertyValueSpecification","valueRequired":true,"valueName":"search_term_string"}}],"inLanguage":"es"},{"@type":"Organization","@id":"https:\/\/waracomunicaciones.com\/#organization","name":"Wara Comunicaciones","url":"https:\/\/waracomunicaciones.com\/","logo":{"@type":"ImageObject","inLanguage":"es","@id":"https:\/\/waracomunicaciones.com\/#\/schema\/logo\/image\/","url":"https:\/\/waracomunicaciones.com\/wp-content\/uploads\/2025\/07\/logo.png","contentUrl":"https:\/\/waracomunicaciones.com\/wp-content\/uploads\/2025\/07\/logo.png","width":400,"height":164,"caption":"Wara Comunicaciones"},"image":{"@id":"https:\/\/waracomunicaciones.com\/#\/schema\/logo\/image\/"},"sameAs":["https:\/\/www.facebook.com\/waracomunicaciones2017"]},{"@type":"Person","@id":"https:\/\/waracomunicaciones.com\/#\/schema\/person\/e9db934bc91575cc71fe584c5973244a","name":"admin","image":{"@type":"ImageObject","inLanguage":"es","@id":"https:\/\/waracomunicaciones.com\/#\/schema\/person\/image\/","url":"https:\/\/secure.gravatar.com\/avatar\/bf27e9186df568254093afa216f887fece17605302c6ff12f3980422fffa52e6?s=96&d=mm&r=g","contentUrl":"https:\/\/secure.gravatar.com\/avatar\/bf27e9186df568254093afa216f887fece17605302c6ff12f3980422fffa52e6?s=96&d=mm&r=g","caption":"admin"},"sameAs":["https:\/\/waracomunicaciones.com\/wp"],"url":"https:\/\/waracomunicaciones.com\/?author=1"}]}},"_links":{"self":[{"href":"https:\/\/waracomunicaciones.com\/index.php?rest_route=\/wp\/v2\/posts\/327","targetHints":{"allow":["GET"]}}],"collection":[{"href":"https:\/\/waracomunicaciones.com\/index.php?rest_route=\/wp\/v2\/posts"}],"about":[{"href":"https:\/\/waracomunicaciones.com\/index.php?rest_route=\/wp\/v2\/types\/post"}],"author":[{"embeddable":true,"href":"https:\/\/waracomunicaciones.com\/index.php?rest_route=\/wp\/v2\/users\/1"}],"replies":[{"embeddable":true,"href":"https:\/\/waracomunicaciones.com\/index.php?rest_route=%2Fwp%2Fv2%2Fcomments&post=327"}],"version-history":[{"count":2,"href":"https:\/\/waracomunicaciones.com\/index.php?rest_route=\/wp\/v2\/posts\/327\/revisions"}],"predecessor-version":[{"id":331,"href":"https:\/\/waracomunicaciones.com\/index.php?rest_route=\/wp\/v2\/posts\/327\/revisions\/331"}],"wp:featuredmedia":[{"embeddable":true,"href":"https:\/\/waracomunicaciones.com\/index.php?rest_route=\/wp\/v2\/media\/328"}],"wp:attachment":[{"href":"https:\/\/waracomunicaciones.com\/index.php?rest_route=%2Fwp%2Fv2%2Fmedia&parent=327"}],"wp:term":[{"taxonomy":"category","embeddable":true,"href":"https:\/\/waracomunicaciones.com\/index.php?rest_route=%2Fwp%2Fv2%2Fcategories&post=327"},{"taxonomy":"post_tag","embeddable":true,"href":"https:\/\/waracomunicaciones.com\/index.php?rest_route=%2Fwp%2Fv2%2Ftags&post=327"}],"curies":[{"name":"wp","href":"https:\/\/api.w.org\/{rel}","templated":true}]}}