{"id":321,"date":"2025-08-05T07:36:32","date_gmt":"2025-08-05T11:36:32","guid":{"rendered":"https:\/\/waracomunicaciones.com\/?p=321"},"modified":"2025-08-05T09:10:25","modified_gmt":"2025-08-05T13:10:25","slug":"eduardo-nunez-recuerda-la-campana-que-transformo-a-un-candidato-debil-en-lider-municipal","status":"publish","type":"post","link":"https:\/\/waracomunicaciones.com\/?p=321","title":{"rendered":"Eduardo N\u00fa\u00f1ez recuerda la campa\u00f1a que transform\u00f3 a un candidato d\u00e9bil en l\u00edder municipal"},"content":{"rendered":"\n<figure class=\"wp-block-image size-full\"><img loading=\"lazy\" decoding=\"async\" width=\"732\" height=\"554\" src=\"https:\/\/waracomunicaciones.com\/wp-content\/uploads\/2025\/08\/Proyecto-nuevo-75-1.webp\" alt=\"\" class=\"wp-image-324\" srcset=\"https:\/\/waracomunicaciones.com\/wp-content\/uploads\/2025\/08\/Proyecto-nuevo-75-1.webp 732w, https:\/\/waracomunicaciones.com\/wp-content\/uploads\/2025\/08\/Proyecto-nuevo-75-1-300x227.webp 300w\" sizes=\"auto, (max-width: 732px) 100vw, 732px\" \/><figcaption class=\"wp-element-caption\"><em>Edgar Orlando Chiqui Limpias exalcalde de Montero<\/em> &#8211;<em> Foto Archivo<\/em><\/figcaption><\/figure>\n\n\n<p>En una entrevista cargada de an\u00e9cdotas pol\u00edticas, el militante del MNR rememor\u00f3 la intensa campa\u00f1a interna de 1999 que llev\u00f3 a Chiqui Limpias a la alcald\u00eda de Montero, pese a sus debilidades iniciales.<!--more--><\/p>\n<p><strong><b>Montero, <\/b><\/strong>En una conversaci\u00f3n que mezcl\u00f3 pol\u00edtica, historia y reflexi\u00f3n, el dirigente Edward \u00a0N\u00fa\u00f1ez rememor\u00f3 c\u00f3mo una estructura debilitada, marcada por divisiones internas, logr\u00f3 reconfigurar el escenario pol\u00edtico de Montero a finales de los a\u00f1os 90, llevando al poder municipal a un candidato inicialmente cuestionado: Chiqui Limpias.<\/p>\n<p>\u201cNos toc\u00f3 armar un equipo desde cero, con debilidades muy marcadas, pero logramos convertir esas amenazas en fortalezas. Fue una tarea tit\u00e1nica\u201d, relat\u00f3 N\u00fa\u00f1ez. Seg\u00fan explic\u00f3, el candidato Limpias, pese a ser inicialmente percibido como ineficiente e impopular, logr\u00f3 mantenerse como cabeza de la alianza gracias al respaldo institucional que ten\u00eda como jefe partidario del MNR.<\/p>\n<p>La campa\u00f1a interna del MNR en 1999 fue, seg\u00fan N\u00fa\u00f1ez, \u201csimilar a una elecci\u00f3n municipal real\u201d. \u00c9l mismo enfrent\u00f3 a Limpias en una contienda interna apoyando a Ronald Nieme, quien le pidi\u00f3 incorporarse al equipo para revitalizar la estrategia electoral. \u201cDej\u00e9 mi trabajo en el banco para sumarme. Sab\u00edamos que hab\u00eda una oportunidad real\u201d, cont\u00f3.<\/p>\n<p>Pese a vencer \u201cen cancha\u201d, N\u00fa\u00f1ez revel\u00f3 que les \u201cvoltearon la elecci\u00f3n en mesa\u201d, una pr\u00e1ctica que denunci\u00f3 como parte del juego pol\u00edtico de la \u00e9poca. Sin embargo, ese proceso no los desmotiv\u00f3. \u201cGanamos dos distritos clave en Montero y rompimos la estructura de poder de los MBLista. Eso cambi\u00f3 el mapa pol\u00edtico\u201d.<\/p>\n<p><strong><b>El arte de la pol\u00edtica y la oratoria como herramientas de conquista<\/b><\/strong><\/p>\n<p>Uno de los elementos determinantes, seg\u00fan N\u00fa\u00f1ez, fue la capacidad discursiva de Chiqui Limpias. \u201cTen\u00eda la habilidad de escuchar, de manejar el escenario. Convert\u00eda la apat\u00eda en compromiso. Cuando hablaba, la gente estaba dispuesta a poner el pecho a la bala\u201d, expres\u00f3.<\/p>\n<p>A pesar de las tensiones internas y las denuncias de manipulaci\u00f3n electoral, finalmente ambos bandos dentro del MNR optaron por la unidad, reconociendo que la \u00fanica v\u00eda era consolidarse para enfrentar al adversario com\u00fan: el oficialismo municipal. \u201cO lo llev\u00e1bamos juntos o romp\u00edamos el partido en 500 pedazos\u201d, record\u00f3.<\/p>\n<p>El relato concluy\u00f3 con una reflexi\u00f3n sobre la importancia del liderazgo carism\u00e1tico en pol\u00edtica. N\u00fa\u00f1ez evoc\u00f3 figuras como Antonio Aran\u00edbar y Filem\u00f3n Escobar como ejemplos de oradores que movilizaban masas sin estructuras partidarias s\u00f3lidas, solo con la fuerza de la palabra.<\/p>\n<p>\u201cHoy, que nos acercamos a nuevas elecciones subnacionales, estos recuerdos nos ense\u00f1an que la pol\u00edtica tambi\u00e9n es arte: el arte de unir voluntades en torno a un objetivo com\u00fan\u201d, concluy\u00f3 N\u00fa\u00f1ez, anticipando que, tras el desenlace electoral de este agosto, lo que se viene es una nueva batalla por los gobiernos municipales y departamentales.<\/p><div style=\"margin-top: 0px; margin-bottom: 0px;\" class=\"sharethis-inline-reaction-buttons\" ><\/div>","protected":false},"excerpt":{"rendered":"<p>En una entrevista cargada de an\u00e9cdotas pol\u00edticas, el militante del MNR rememor\u00f3 la intensa campa\u00f1a interna de 1999 que llev\u00f3 a Chiqui Limpias a la alcald\u00eda de Montero, pese a sus debilidades iniciales.<\/p>\n","protected":false},"author":1,"featured_media":324,"comment_status":"open","ping_status":"open","sticky":false,"template":"","format":"standard","meta":{"footnotes":""},"categories":[42],"tags":[69,34,11,61],"class_list":["post-321","post","type-post","status-publish","format-standard","has-post-thumbnail","hentry","category-politica","tag-chiqui-limpias","tag-edward-nunez","tag-elecciones-nacionales-2025","tag-mnr"],"yoast_head":"<!-- This site is optimized with the Yoast SEO Premium plugin v25.5 (Yoast SEO v27.1.1) - https:\/\/yoast.com\/product\/yoast-seo-premium-wordpress\/ -->\n<title>Eduardo N\u00fa\u00f1ez recuerda la campa\u00f1a que transform\u00f3 a un candidato d\u00e9bil en l\u00edder municipal - Wara Comunicaciones<\/title>\n<meta name=\"robots\" content=\"index, follow, max-snippet:-1, max-image-preview:large, max-video-preview:-1\" \/>\n<link rel=\"canonical\" href=\"https:\/\/waracomunicaciones.com\/?p=321\" \/>\n<meta property=\"og:locale\" content=\"es_ES\" \/>\n<meta property=\"og:type\" content=\"article\" \/>\n<meta property=\"og:title\" content=\"Eduardo N\u00fa\u00f1ez recuerda la campa\u00f1a que transform\u00f3 a un candidato d\u00e9bil en l\u00edder municipal\" \/>\n<meta property=\"og:description\" content=\"En una entrevista cargada de an\u00e9cdotas pol\u00edticas, el militante del MNR rememor\u00f3 la intensa campa\u00f1a interna de 1999 que llev\u00f3 a Chiqui Limpias a la alcald\u00eda de Montero, pese a sus debilidades iniciales.\" \/>\n<meta property=\"og:url\" content=\"https:\/\/waracomunicaciones.com\/?p=321\" \/>\n<meta property=\"og:site_name\" content=\"Wara Comunicaciones\" \/>\n<meta property=\"article:publisher\" content=\"https:\/\/www.facebook.com\/waracomunicaciones2017\" \/>\n<meta property=\"article:published_time\" content=\"2025-08-05T11:36:32+00:00\" \/>\n<meta property=\"article:modified_time\" content=\"2025-08-05T13:10:25+00:00\" \/>\n<meta property=\"og:image\" content=\"https:\/\/waracomunicaciones.com\/wp-content\/uploads\/2025\/08\/Proyecto-nuevo-75-1.webp\" \/>\n\t<meta property=\"og:image:width\" content=\"732\" \/>\n\t<meta property=\"og:image:height\" content=\"554\" \/>\n\t<meta property=\"og:image:type\" content=\"image\/webp\" \/>\n<meta name=\"author\" content=\"admin\" \/>\n<meta name=\"twitter:card\" content=\"summary_large_image\" \/>\n<meta name=\"twitter:label1\" content=\"Escrito por\" \/>\n\t<meta name=\"twitter:data1\" content=\"admin\" \/>\n\t<meta name=\"twitter:label2\" content=\"Tiempo de lectura\" \/>\n\t<meta name=\"twitter:data2\" content=\"3 minutos\" \/>\n<script type=\"application\/ld+json\" class=\"yoast-schema-graph\">{\"@context\":\"https:\/\/schema.org\",\"@graph\":[{\"@type\":\"Article\",\"@id\":\"https:\/\/waracomunicaciones.com\/?p=321#article\",\"isPartOf\":{\"@id\":\"https:\/\/waracomunicaciones.com\/?p=321\"},\"author\":{\"name\":\"admin\",\"@id\":\"https:\/\/waracomunicaciones.com\/#\/schema\/person\/e9db934bc91575cc71fe584c5973244a\"},\"headline\":\"Eduardo N\u00fa\u00f1ez recuerda la campa\u00f1a que transform\u00f3 a un candidato d\u00e9bil en l\u00edder municipal\",\"datePublished\":\"2025-08-05T11:36:32+00:00\",\"dateModified\":\"2025-08-05T13:10:25+00:00\",\"mainEntityOfPage\":{\"@id\":\"https:\/\/waracomunicaciones.com\/?p=321\"},\"wordCount\":515,\"commentCount\":0,\"publisher\":{\"@id\":\"https:\/\/waracomunicaciones.com\/#organization\"},\"image\":{\"@id\":\"https:\/\/waracomunicaciones.com\/?p=321#primaryimage\"},\"thumbnailUrl\":\"https:\/\/waracomunicaciones.com\/wp-content\/uploads\/2025\/08\/Proyecto-nuevo-75-1.webp\",\"keywords\":[\"Chiqui Limpias\",\"Edward N\u00fa\u00f1ez\",\"Elecciones Nacionales 2025\",\"MNR\"],\"articleSection\":[\"Pol\u00edtica\"],\"inLanguage\":\"es\",\"potentialAction\":[{\"@type\":\"CommentAction\",\"name\":\"Comment\",\"target\":[\"https:\/\/waracomunicaciones.com\/?p=321#respond\"]}]},{\"@type\":\"WebPage\",\"@id\":\"https:\/\/waracomunicaciones.com\/?p=321\",\"url\":\"https:\/\/waracomunicaciones.com\/?p=321\",\"name\":\"Eduardo N\u00fa\u00f1ez recuerda la campa\u00f1a que transform\u00f3 a un candidato d\u00e9bil en l\u00edder municipal - Wara Comunicaciones\",\"isPartOf\":{\"@id\":\"https:\/\/waracomunicaciones.com\/#website\"},\"primaryImageOfPage\":{\"@id\":\"https:\/\/waracomunicaciones.com\/?p=321#primaryimage\"},\"image\":{\"@id\":\"https:\/\/waracomunicaciones.com\/?p=321#primaryimage\"},\"thumbnailUrl\":\"https:\/\/waracomunicaciones.com\/wp-content\/uploads\/2025\/08\/Proyecto-nuevo-75-1.webp\",\"datePublished\":\"2025-08-05T11:36:32+00:00\",\"dateModified\":\"2025-08-05T13:10:25+00:00\",\"breadcrumb\":{\"@id\":\"https:\/\/waracomunicaciones.com\/?p=321#breadcrumb\"},\"inLanguage\":\"es\",\"potentialAction\":[{\"@type\":\"ReadAction\",\"target\":[\"https:\/\/waracomunicaciones.com\/?p=321\"]}]},{\"@type\":\"ImageObject\",\"inLanguage\":\"es\",\"@id\":\"https:\/\/waracomunicaciones.com\/?p=321#primaryimage\",\"url\":\"https:\/\/waracomunicaciones.com\/wp-content\/uploads\/2025\/08\/Proyecto-nuevo-75-1.webp\",\"contentUrl\":\"https:\/\/waracomunicaciones.com\/wp-content\/uploads\/2025\/08\/Proyecto-nuevo-75-1.webp\",\"width\":732,\"height\":554},{\"@type\":\"BreadcrumbList\",\"@id\":\"https:\/\/waracomunicaciones.com\/?p=321#breadcrumb\",\"itemListElement\":[{\"@type\":\"ListItem\",\"position\":1,\"name\":\"Portada\",\"item\":\"https:\/\/waracomunicaciones.com\/\"},{\"@type\":\"ListItem\",\"position\":2,\"name\":\"Eduardo N\u00fa\u00f1ez recuerda la campa\u00f1a que transform\u00f3 a un candidato d\u00e9bil en l\u00edder municipal\"}]},{\"@type\":\"WebSite\",\"@id\":\"https:\/\/waracomunicaciones.com\/#website\",\"url\":\"https:\/\/waracomunicaciones.com\/\",\"name\":\"Wara Comunicaciones\",\"description\":\"\",\"publisher\":{\"@id\":\"https:\/\/waracomunicaciones.com\/#organization\"},\"potentialAction\":[{\"@type\":\"SearchAction\",\"target\":{\"@type\":\"EntryPoint\",\"urlTemplate\":\"https:\/\/waracomunicaciones.com\/?s={search_term_string}\"},\"query-input\":{\"@type\":\"PropertyValueSpecification\",\"valueRequired\":true,\"valueName\":\"search_term_string\"}}],\"inLanguage\":\"es\"},{\"@type\":\"Organization\",\"@id\":\"https:\/\/waracomunicaciones.com\/#organization\",\"name\":\"Wara Comunicaciones\",\"url\":\"https:\/\/waracomunicaciones.com\/\",\"logo\":{\"@type\":\"ImageObject\",\"inLanguage\":\"es\",\"@id\":\"https:\/\/waracomunicaciones.com\/#\/schema\/logo\/image\/\",\"url\":\"https:\/\/waracomunicaciones.com\/wp-content\/uploads\/2025\/07\/logo.png\",\"contentUrl\":\"https:\/\/waracomunicaciones.com\/wp-content\/uploads\/2025\/07\/logo.png\",\"width\":400,\"height\":164,\"caption\":\"Wara Comunicaciones\"},\"image\":{\"@id\":\"https:\/\/waracomunicaciones.com\/#\/schema\/logo\/image\/\"},\"sameAs\":[\"https:\/\/www.facebook.com\/waracomunicaciones2017\"]},{\"@type\":\"Person\",\"@id\":\"https:\/\/waracomunicaciones.com\/#\/schema\/person\/e9db934bc91575cc71fe584c5973244a\",\"name\":\"admin\",\"image\":{\"@type\":\"ImageObject\",\"inLanguage\":\"es\",\"@id\":\"https:\/\/waracomunicaciones.com\/#\/schema\/person\/image\/\",\"url\":\"https:\/\/secure.gravatar.com\/avatar\/bf27e9186df568254093afa216f887fece17605302c6ff12f3980422fffa52e6?s=96&d=mm&r=g\",\"contentUrl\":\"https:\/\/secure.gravatar.com\/avatar\/bf27e9186df568254093afa216f887fece17605302c6ff12f3980422fffa52e6?s=96&d=mm&r=g\",\"caption\":\"admin\"},\"sameAs\":[\"https:\/\/waracomunicaciones.com\/wp\"],\"url\":\"https:\/\/waracomunicaciones.com\/?author=1\"}]}<\/script>\n<!-- \/ Yoast SEO Premium plugin. -->","yoast_head_json":{"title":"Eduardo N\u00fa\u00f1ez recuerda la campa\u00f1a que transform\u00f3 a un candidato d\u00e9bil en l\u00edder municipal - Wara Comunicaciones","robots":{"index":"index","follow":"follow","max-snippet":"max-snippet:-1","max-image-preview":"max-image-preview:large","max-video-preview":"max-video-preview:-1"},"canonical":"https:\/\/waracomunicaciones.com\/?p=321","og_locale":"es_ES","og_type":"article","og_title":"Eduardo N\u00fa\u00f1ez recuerda la campa\u00f1a que transform\u00f3 a un candidato d\u00e9bil en l\u00edder municipal","og_description":"En una entrevista cargada de an\u00e9cdotas pol\u00edticas, el militante del MNR rememor\u00f3 la intensa campa\u00f1a interna de 1999 que llev\u00f3 a Chiqui Limpias a la alcald\u00eda de Montero, pese a sus debilidades iniciales.","og_url":"https:\/\/waracomunicaciones.com\/?p=321","og_site_name":"Wara Comunicaciones","article_publisher":"https:\/\/www.facebook.com\/waracomunicaciones2017","article_published_time":"2025-08-05T11:36:32+00:00","article_modified_time":"2025-08-05T13:10:25+00:00","og_image":[{"width":732,"height":554,"url":"https:\/\/waracomunicaciones.com\/wp-content\/uploads\/2025\/08\/Proyecto-nuevo-75-1.webp","type":"image\/webp"}],"author":"admin","twitter_card":"summary_large_image","twitter_misc":{"Escrito por":"admin","Tiempo de lectura":"3 minutos"},"schema":{"@context":"https:\/\/schema.org","@graph":[{"@type":"Article","@id":"https:\/\/waracomunicaciones.com\/?p=321#article","isPartOf":{"@id":"https:\/\/waracomunicaciones.com\/?p=321"},"author":{"name":"admin","@id":"https:\/\/waracomunicaciones.com\/#\/schema\/person\/e9db934bc91575cc71fe584c5973244a"},"headline":"Eduardo N\u00fa\u00f1ez recuerda la campa\u00f1a que transform\u00f3 a un candidato d\u00e9bil en l\u00edder municipal","datePublished":"2025-08-05T11:36:32+00:00","dateModified":"2025-08-05T13:10:25+00:00","mainEntityOfPage":{"@id":"https:\/\/waracomunicaciones.com\/?p=321"},"wordCount":515,"commentCount":0,"publisher":{"@id":"https:\/\/waracomunicaciones.com\/#organization"},"image":{"@id":"https:\/\/waracomunicaciones.com\/?p=321#primaryimage"},"thumbnailUrl":"https:\/\/waracomunicaciones.com\/wp-content\/uploads\/2025\/08\/Proyecto-nuevo-75-1.webp","keywords":["Chiqui Limpias","Edward N\u00fa\u00f1ez","Elecciones Nacionales 2025","MNR"],"articleSection":["Pol\u00edtica"],"inLanguage":"es","potentialAction":[{"@type":"CommentAction","name":"Comment","target":["https:\/\/waracomunicaciones.com\/?p=321#respond"]}]},{"@type":"WebPage","@id":"https:\/\/waracomunicaciones.com\/?p=321","url":"https:\/\/waracomunicaciones.com\/?p=321","name":"Eduardo N\u00fa\u00f1ez recuerda la campa\u00f1a que transform\u00f3 a un candidato d\u00e9bil en l\u00edder municipal - Wara Comunicaciones","isPartOf":{"@id":"https:\/\/waracomunicaciones.com\/#website"},"primaryImageOfPage":{"@id":"https:\/\/waracomunicaciones.com\/?p=321#primaryimage"},"image":{"@id":"https:\/\/waracomunicaciones.com\/?p=321#primaryimage"},"thumbnailUrl":"https:\/\/waracomunicaciones.com\/wp-content\/uploads\/2025\/08\/Proyecto-nuevo-75-1.webp","datePublished":"2025-08-05T11:36:32+00:00","dateModified":"2025-08-05T13:10:25+00:00","breadcrumb":{"@id":"https:\/\/waracomunicaciones.com\/?p=321#breadcrumb"},"inLanguage":"es","potentialAction":[{"@type":"ReadAction","target":["https:\/\/waracomunicaciones.com\/?p=321"]}]},{"@type":"ImageObject","inLanguage":"es","@id":"https:\/\/waracomunicaciones.com\/?p=321#primaryimage","url":"https:\/\/waracomunicaciones.com\/wp-content\/uploads\/2025\/08\/Proyecto-nuevo-75-1.webp","contentUrl":"https:\/\/waracomunicaciones.com\/wp-content\/uploads\/2025\/08\/Proyecto-nuevo-75-1.webp","width":732,"height":554},{"@type":"BreadcrumbList","@id":"https:\/\/waracomunicaciones.com\/?p=321#breadcrumb","itemListElement":[{"@type":"ListItem","position":1,"name":"Portada","item":"https:\/\/waracomunicaciones.com\/"},{"@type":"ListItem","position":2,"name":"Eduardo N\u00fa\u00f1ez recuerda la campa\u00f1a que transform\u00f3 a un candidato d\u00e9bil en l\u00edder municipal"}]},{"@type":"WebSite","@id":"https:\/\/waracomunicaciones.com\/#website","url":"https:\/\/waracomunicaciones.com\/","name":"Wara Comunicaciones","description":"","publisher":{"@id":"https:\/\/waracomunicaciones.com\/#organization"},"potentialAction":[{"@type":"SearchAction","target":{"@type":"EntryPoint","urlTemplate":"https:\/\/waracomunicaciones.com\/?s={search_term_string}"},"query-input":{"@type":"PropertyValueSpecification","valueRequired":true,"valueName":"search_term_string"}}],"inLanguage":"es"},{"@type":"Organization","@id":"https:\/\/waracomunicaciones.com\/#organization","name":"Wara Comunicaciones","url":"https:\/\/waracomunicaciones.com\/","logo":{"@type":"ImageObject","inLanguage":"es","@id":"https:\/\/waracomunicaciones.com\/#\/schema\/logo\/image\/","url":"https:\/\/waracomunicaciones.com\/wp-content\/uploads\/2025\/07\/logo.png","contentUrl":"https:\/\/waracomunicaciones.com\/wp-content\/uploads\/2025\/07\/logo.png","width":400,"height":164,"caption":"Wara Comunicaciones"},"image":{"@id":"https:\/\/waracomunicaciones.com\/#\/schema\/logo\/image\/"},"sameAs":["https:\/\/www.facebook.com\/waracomunicaciones2017"]},{"@type":"Person","@id":"https:\/\/waracomunicaciones.com\/#\/schema\/person\/e9db934bc91575cc71fe584c5973244a","name":"admin","image":{"@type":"ImageObject","inLanguage":"es","@id":"https:\/\/waracomunicaciones.com\/#\/schema\/person\/image\/","url":"https:\/\/secure.gravatar.com\/avatar\/bf27e9186df568254093afa216f887fece17605302c6ff12f3980422fffa52e6?s=96&d=mm&r=g","contentUrl":"https:\/\/secure.gravatar.com\/avatar\/bf27e9186df568254093afa216f887fece17605302c6ff12f3980422fffa52e6?s=96&d=mm&r=g","caption":"admin"},"sameAs":["https:\/\/waracomunicaciones.com\/wp"],"url":"https:\/\/waracomunicaciones.com\/?author=1"}]}},"_links":{"self":[{"href":"https:\/\/waracomunicaciones.com\/index.php?rest_route=\/wp\/v2\/posts\/321","targetHints":{"allow":["GET"]}}],"collection":[{"href":"https:\/\/waracomunicaciones.com\/index.php?rest_route=\/wp\/v2\/posts"}],"about":[{"href":"https:\/\/waracomunicaciones.com\/index.php?rest_route=\/wp\/v2\/types\/post"}],"author":[{"embeddable":true,"href":"https:\/\/waracomunicaciones.com\/index.php?rest_route=\/wp\/v2\/users\/1"}],"replies":[{"embeddable":true,"href":"https:\/\/waracomunicaciones.com\/index.php?rest_route=%2Fwp%2Fv2%2Fcomments&post=321"}],"version-history":[{"count":2,"href":"https:\/\/waracomunicaciones.com\/index.php?rest_route=\/wp\/v2\/posts\/321\/revisions"}],"predecessor-version":[{"id":326,"href":"https:\/\/waracomunicaciones.com\/index.php?rest_route=\/wp\/v2\/posts\/321\/revisions\/326"}],"wp:featuredmedia":[{"embeddable":true,"href":"https:\/\/waracomunicaciones.com\/index.php?rest_route=\/wp\/v2\/media\/324"}],"wp:attachment":[{"href":"https:\/\/waracomunicaciones.com\/index.php?rest_route=%2Fwp%2Fv2%2Fmedia&parent=321"}],"wp:term":[{"taxonomy":"category","embeddable":true,"href":"https:\/\/waracomunicaciones.com\/index.php?rest_route=%2Fwp%2Fv2%2Fcategories&post=321"},{"taxonomy":"post_tag","embeddable":true,"href":"https:\/\/waracomunicaciones.com\/index.php?rest_route=%2Fwp%2Fv2%2Ftags&post=321"}],"curies":[{"name":"wp","href":"https:\/\/api.w.org\/{rel}","templated":true}]}}