{"id":32,"date":"2025-07-14T00:13:05","date_gmt":"2025-07-14T04:13:05","guid":{"rendered":"https:\/\/waracomunicaciones.com\/wp\/?p=32"},"modified":"2025-07-24T01:07:18","modified_gmt":"2025-07-24T05:07:18","slug":"elecciones-en-la-c57-sin-favorito-claro-jaime-uscamayta-denuncia-influencia-de-grupos-de-poder-y-llama-al-voto-consciente","status":"publish","type":"post","link":"https:\/\/waracomunicaciones.com\/?p=32","title":{"rendered":"Elecciones en la C57 sin favorito claro: Jaime Uscamayta denuncia influencia de grupos de poder y llama al voto consciente"},"content":{"rendered":"\n<figure class=\"wp-block-image size-full\"><img loading=\"lazy\" decoding=\"async\" width=\"900\" height=\"676\" src=\"https:\/\/waracomunicaciones.com\/wp\/wp-content\/uploads\/2025\/07\/be28adfff47893c4519c1307dc6b8866_XL.jpg\" alt=\"\" class=\"wp-image-38\" srcset=\"https:\/\/waracomunicaciones.com\/wp-content\/uploads\/2025\/07\/be28adfff47893c4519c1307dc6b8866_XL.jpg 900w, https:\/\/waracomunicaciones.com\/wp-content\/uploads\/2025\/07\/be28adfff47893c4519c1307dc6b8866_XL-300x225.jpg 300w, https:\/\/waracomunicaciones.com\/wp-content\/uploads\/2025\/07\/be28adfff47893c4519c1307dc6b8866_XL-768x577.jpg 768w\" sizes=\"auto, (max-width: 900px) 100vw, 900px\" \/><figcaption class=\"wp-element-caption\">Casa de Campa\u00f1a Destrozada en Yapacani<\/figcaption><\/figure>\n\n\n<div class=\"itemIntroText\">\n<p><strong><b>Montero,<\/b><\/strong>\u00a0\u2014 A medida que se acercan las elecciones legislativas, el panorama en la Circunscripci\u00f3n 57 (C-57) se mantiene incierto y sin un claro favorito, seg\u00fan el an\u00e1lisis del periodista Tom\u00e1s Coca en su programa radial Agenda Matinal. A diferencia de a\u00f1os anteriores, cuando el candidato del MAS ten\u00eda pr\u00e1cticamente asegurada la diputaci\u00f3n, hoy el escenario ha cambiado: \u00abEstas elecciones est\u00e1n con un final abierto. Puede pasar cualquier cosa\u00bb, afirm\u00f3 el comunicador.<\/p>\n<\/div>\n<p><!--more--><\/p>\n<div class=\"itemFullText\">\n<p>En este contexto, solo cuatro partidos ser\u00edan protagonistas reales de la contienda, mientras que agrupaciones como el MAS, antes fuerte en la regi\u00f3n, hoy aparecen con candidatura debilitadas. \u201cEl MAS solo present\u00f3 una candidata titular, de 32 a\u00f1os, sin suplente y con claras limitaciones en su discurso\u201d, coment\u00f3 Tom\u00e1s Coca.<\/p>\n<p>Por su parte,\u00a0<em><i>Libertad y Democracia Libre<\/i><\/em>, con los candidatos Maico Walter Moreno Vaca y Dolly Carvajal Flores, a\u00fan no ha presentado propuestas concretas al electorado. \u201cDolly antes apoyaba al MAS, ahora parece haber dado un salto ideol\u00f3gico al otro extremo\u201d, se\u00f1al\u00f3 el periodista.<\/p>\n<p>Durante su participaci\u00f3n en el programa Agenda Matinal de la Cadena Radial de la Integraci\u00f3n Wara Comunicaciones, el candidato Jaime Uscamayta, de\u00a0<em><i>Autonom\u00eda para Bolivia (APB) S\u00famate<\/i><\/em>, fue enf\u00e1tico en denunciar pr\u00e1cticas antidemocr\u00e1ticas y la influencia de \u201cgrupos de poder\u201d en la campa\u00f1a electoral, particularmente en Yapacan\u00ed.<\/p>\n<p>\u201cSe est\u00e1 viviendo una intolerancia peligrosa. Todos los partidos tienen derecho a abrir sus casas de campa\u00f1a. Nadie es due\u00f1o de ning\u00fan territorio\u201d, manifest\u00f3 Uscamayta, refiri\u00e9ndose a los recientes hechos de violencia entre facciones vinculadas al MAS y a Andr\u00f3nico Rodr\u00edguez.<\/p>\n<p>El candidato tambi\u00e9n hizo fuertes denuncias sobre el uso de recursos del Estado y acus\u00f3 a ciertos actores pol\u00edticos de tener v\u00ednculos con actividades il\u00edcitas:<\/p>\n<p>\u201cEn el siglo XX mataron a polic\u00edas por descubrir plantaciones ilegales, financiadas por programas del gobierno central como MI AGUA. Esos mismos intereses est\u00e1n detr\u00e1s de algunas candidaturas hoy en Montero\u201d, dijo.<\/p>\n<p>Asimismo, Uscamayta advirti\u00f3 sobre la presencia de actores vinculados tanto al pasado gobierno de Evo Morales como al de Jeanine \u00c1\u00f1ez:<\/p>\n<p>\u201cMontero no puede equivocarse votando por los mismos que estuvieron con \u00c1\u00f1ez y se beneficiaron de la corrupci\u00f3n, como Arturo Murillo. Tampoco podemos seguir tolerando a quienes viven del negocio del chapare. No m\u00e1s Evo, no m\u00e1s Andr\u00f3nico, no m\u00e1s Arce\u201d.<\/p>\n<p>Como cierre, el candidato hizo un llamado a la ciudadan\u00eda:<\/p>\n<p>\u201cEs el momento del cambio. Es tiempo de elegir un diputado con propuestas, no con discursos vac\u00edos. Y ese cambio lo representa el capit\u00e1n Manfred Reyes Villa y mi candidatura por la C-57\u201d.<\/p>\n<p>El proceso electoral en la C-57 sigue desarroll\u00e1ndose en un clima de fuerte polarizaci\u00f3n, donde las denuncias y las propuestas comienzan a marcar las diferencias entre quienes buscan un esca\u00f1o en la Asamblea Legislativa.<\/p>\n<\/div>\n\n\n<p><\/p>\n<div style=\"margin-top: 0px; margin-bottom: 0px;\" class=\"sharethis-inline-reaction-buttons\" ><\/div>","protected":false},"excerpt":{"rendered":"<p>Montero,\u00a0\u2014 A medida que se acercan las elecciones legislativas, el panorama en la Circunscripci\u00f3n 57 (C-57) se mantiene incierto y sin un claro favorito, seg\u00fan el an\u00e1lisis del periodista Tom\u00e1s Coca en su programa radial Agenda Matinal. A diferencia de a\u00f1os anteriores, cuando el candidato del MAS ten\u00eda pr\u00e1cticamente asegurada la diputaci\u00f3n, hoy el escenario [&hellip;]<\/p>\n","protected":false},"author":1,"featured_media":38,"comment_status":"open","ping_status":"open","sticky":false,"template":"","format":"standard","meta":{"footnotes":""},"categories":[5],"tags":[11,10,8],"class_list":["post-32","post","type-post","status-publish","format-standard","has-post-thumbnail","hentry","category-local","tag-elecciones-nacionales-2025","tag-jaime-uscamayta","tag-politica"],"yoast_head":"<!-- This site is optimized with the Yoast SEO Premium plugin v25.5 (Yoast SEO v27.1.1) - https:\/\/yoast.com\/product\/yoast-seo-premium-wordpress\/ -->\n<title>Elecciones en la C57 sin favorito claro: Jaime Uscamayta denuncia influencia de grupos de poder y llama al voto consciente - Wara Comunicaciones<\/title>\n<meta name=\"robots\" content=\"index, follow, max-snippet:-1, max-image-preview:large, max-video-preview:-1\" \/>\n<link rel=\"canonical\" href=\"https:\/\/waracomunicaciones.com\/?p=32\" \/>\n<meta property=\"og:locale\" content=\"es_ES\" \/>\n<meta property=\"og:type\" content=\"article\" \/>\n<meta property=\"og:title\" content=\"Elecciones en la C57 sin favorito claro: Jaime Uscamayta denuncia influencia de grupos de poder y llama al voto consciente\" \/>\n<meta property=\"og:description\" content=\"Montero,\u00a0\u2014 A medida que se acercan las elecciones legislativas, el panorama en la Circunscripci\u00f3n 57 (C-57) se mantiene incierto y sin un claro favorito, seg\u00fan el an\u00e1lisis del periodista Tom\u00e1s Coca en su programa radial Agenda Matinal. A diferencia de a\u00f1os anteriores, cuando el candidato del MAS ten\u00eda pr\u00e1cticamente asegurada la diputaci\u00f3n, hoy el escenario [&hellip;]\" \/>\n<meta property=\"og:url\" content=\"https:\/\/waracomunicaciones.com\/?p=32\" \/>\n<meta property=\"og:site_name\" content=\"Wara Comunicaciones\" \/>\n<meta property=\"article:publisher\" content=\"https:\/\/www.facebook.com\/waracomunicaciones2017\" \/>\n<meta property=\"article:published_time\" content=\"2025-07-14T04:13:05+00:00\" \/>\n<meta property=\"article:modified_time\" content=\"2025-07-24T05:07:18+00:00\" \/>\n<meta property=\"og:image\" content=\"https:\/\/waracomunicaciones.com\/wp-content\/uploads\/2025\/07\/be28adfff47893c4519c1307dc6b8866_XL.jpg\" \/>\n\t<meta property=\"og:image:width\" content=\"900\" \/>\n\t<meta property=\"og:image:height\" content=\"676\" \/>\n\t<meta property=\"og:image:type\" content=\"image\/jpeg\" \/>\n<meta name=\"author\" content=\"admin\" \/>\n<meta name=\"twitter:card\" content=\"summary_large_image\" \/>\n<meta name=\"twitter:label1\" content=\"Escrito por\" \/>\n\t<meta name=\"twitter:data1\" content=\"admin\" \/>\n\t<meta name=\"twitter:label2\" content=\"Tiempo de lectura\" \/>\n\t<meta name=\"twitter:data2\" content=\"3 minutos\" \/>\n<script type=\"application\/ld+json\" class=\"yoast-schema-graph\">{\"@context\":\"https:\/\/schema.org\",\"@graph\":[{\"@type\":\"Article\",\"@id\":\"https:\/\/waracomunicaciones.com\/?p=32#article\",\"isPartOf\":{\"@id\":\"https:\/\/waracomunicaciones.com\/?p=32\"},\"author\":{\"name\":\"admin\",\"@id\":\"https:\/\/waracomunicaciones.com\/#\/schema\/person\/e9db934bc91575cc71fe584c5973244a\"},\"headline\":\"Elecciones en la C57 sin favorito claro: Jaime Uscamayta denuncia influencia de grupos de poder y llama al voto consciente\",\"datePublished\":\"2025-07-14T04:13:05+00:00\",\"dateModified\":\"2025-07-24T05:07:18+00:00\",\"mainEntityOfPage\":{\"@id\":\"https:\/\/waracomunicaciones.com\/?p=32\"},\"wordCount\":522,\"commentCount\":0,\"publisher\":{\"@id\":\"https:\/\/waracomunicaciones.com\/#organization\"},\"image\":{\"@id\":\"https:\/\/waracomunicaciones.com\/?p=32#primaryimage\"},\"thumbnailUrl\":\"https:\/\/waracomunicaciones.com\/wp-content\/uploads\/2025\/07\/be28adfff47893c4519c1307dc6b8866_XL.jpg\",\"keywords\":[\"Elecciones Nacionales 2025\",\"Jaime Uscamayta\",\"Pol\u00edtica\"],\"articleSection\":[\"LOCAL\"],\"inLanguage\":\"es\",\"potentialAction\":[{\"@type\":\"CommentAction\",\"name\":\"Comment\",\"target\":[\"https:\/\/waracomunicaciones.com\/?p=32#respond\"]}]},{\"@type\":\"WebPage\",\"@id\":\"https:\/\/waracomunicaciones.com\/?p=32\",\"url\":\"https:\/\/waracomunicaciones.com\/?p=32\",\"name\":\"Elecciones en la C57 sin favorito claro: Jaime Uscamayta denuncia influencia de grupos de poder y llama al voto consciente - Wara Comunicaciones\",\"isPartOf\":{\"@id\":\"https:\/\/waracomunicaciones.com\/#website\"},\"primaryImageOfPage\":{\"@id\":\"https:\/\/waracomunicaciones.com\/?p=32#primaryimage\"},\"image\":{\"@id\":\"https:\/\/waracomunicaciones.com\/?p=32#primaryimage\"},\"thumbnailUrl\":\"https:\/\/waracomunicaciones.com\/wp-content\/uploads\/2025\/07\/be28adfff47893c4519c1307dc6b8866_XL.jpg\",\"datePublished\":\"2025-07-14T04:13:05+00:00\",\"dateModified\":\"2025-07-24T05:07:18+00:00\",\"breadcrumb\":{\"@id\":\"https:\/\/waracomunicaciones.com\/?p=32#breadcrumb\"},\"inLanguage\":\"es\",\"potentialAction\":[{\"@type\":\"ReadAction\",\"target\":[\"https:\/\/waracomunicaciones.com\/?p=32\"]}]},{\"@type\":\"ImageObject\",\"inLanguage\":\"es\",\"@id\":\"https:\/\/waracomunicaciones.com\/?p=32#primaryimage\",\"url\":\"https:\/\/waracomunicaciones.com\/wp-content\/uploads\/2025\/07\/be28adfff47893c4519c1307dc6b8866_XL.jpg\",\"contentUrl\":\"https:\/\/waracomunicaciones.com\/wp-content\/uploads\/2025\/07\/be28adfff47893c4519c1307dc6b8866_XL.jpg\",\"width\":900,\"height\":676},{\"@type\":\"BreadcrumbList\",\"@id\":\"https:\/\/waracomunicaciones.com\/?p=32#breadcrumb\",\"itemListElement\":[{\"@type\":\"ListItem\",\"position\":1,\"name\":\"Portada\",\"item\":\"https:\/\/waracomunicaciones.com\/\"},{\"@type\":\"ListItem\",\"position\":2,\"name\":\"Elecciones en la C57 sin favorito claro: Jaime Uscamayta denuncia influencia de grupos de poder y llama al voto consciente\"}]},{\"@type\":\"WebSite\",\"@id\":\"https:\/\/waracomunicaciones.com\/#website\",\"url\":\"https:\/\/waracomunicaciones.com\/\",\"name\":\"Wara Comunicaciones\",\"description\":\"\",\"publisher\":{\"@id\":\"https:\/\/waracomunicaciones.com\/#organization\"},\"potentialAction\":[{\"@type\":\"SearchAction\",\"target\":{\"@type\":\"EntryPoint\",\"urlTemplate\":\"https:\/\/waracomunicaciones.com\/?s={search_term_string}\"},\"query-input\":{\"@type\":\"PropertyValueSpecification\",\"valueRequired\":true,\"valueName\":\"search_term_string\"}}],\"inLanguage\":\"es\"},{\"@type\":\"Organization\",\"@id\":\"https:\/\/waracomunicaciones.com\/#organization\",\"name\":\"Wara Comunicaciones\",\"url\":\"https:\/\/waracomunicaciones.com\/\",\"logo\":{\"@type\":\"ImageObject\",\"inLanguage\":\"es\",\"@id\":\"https:\/\/waracomunicaciones.com\/#\/schema\/logo\/image\/\",\"url\":\"https:\/\/waracomunicaciones.com\/wp-content\/uploads\/2025\/07\/logo.png\",\"contentUrl\":\"https:\/\/waracomunicaciones.com\/wp-content\/uploads\/2025\/07\/logo.png\",\"width\":400,\"height\":164,\"caption\":\"Wara Comunicaciones\"},\"image\":{\"@id\":\"https:\/\/waracomunicaciones.com\/#\/schema\/logo\/image\/\"},\"sameAs\":[\"https:\/\/www.facebook.com\/waracomunicaciones2017\"]},{\"@type\":\"Person\",\"@id\":\"https:\/\/waracomunicaciones.com\/#\/schema\/person\/e9db934bc91575cc71fe584c5973244a\",\"name\":\"admin\",\"image\":{\"@type\":\"ImageObject\",\"inLanguage\":\"es\",\"@id\":\"https:\/\/waracomunicaciones.com\/#\/schema\/person\/image\/\",\"url\":\"https:\/\/secure.gravatar.com\/avatar\/bf27e9186df568254093afa216f887fece17605302c6ff12f3980422fffa52e6?s=96&d=mm&r=g\",\"contentUrl\":\"https:\/\/secure.gravatar.com\/avatar\/bf27e9186df568254093afa216f887fece17605302c6ff12f3980422fffa52e6?s=96&d=mm&r=g\",\"caption\":\"admin\"},\"sameAs\":[\"https:\/\/waracomunicaciones.com\/wp\"],\"url\":\"https:\/\/waracomunicaciones.com\/?author=1\"}]}<\/script>\n<!-- \/ Yoast SEO Premium plugin. -->","yoast_head_json":{"title":"Elecciones en la C57 sin favorito claro: Jaime Uscamayta denuncia influencia de grupos de poder y llama al voto consciente - Wara Comunicaciones","robots":{"index":"index","follow":"follow","max-snippet":"max-snippet:-1","max-image-preview":"max-image-preview:large","max-video-preview":"max-video-preview:-1"},"canonical":"https:\/\/waracomunicaciones.com\/?p=32","og_locale":"es_ES","og_type":"article","og_title":"Elecciones en la C57 sin favorito claro: Jaime Uscamayta denuncia influencia de grupos de poder y llama al voto consciente","og_description":"Montero,\u00a0\u2014 A medida que se acercan las elecciones legislativas, el panorama en la Circunscripci\u00f3n 57 (C-57) se mantiene incierto y sin un claro favorito, seg\u00fan el an\u00e1lisis del periodista Tom\u00e1s Coca en su programa radial Agenda Matinal. A diferencia de a\u00f1os anteriores, cuando el candidato del MAS ten\u00eda pr\u00e1cticamente asegurada la diputaci\u00f3n, hoy el escenario [&hellip;]","og_url":"https:\/\/waracomunicaciones.com\/?p=32","og_site_name":"Wara Comunicaciones","article_publisher":"https:\/\/www.facebook.com\/waracomunicaciones2017","article_published_time":"2025-07-14T04:13:05+00:00","article_modified_time":"2025-07-24T05:07:18+00:00","og_image":[{"width":900,"height":676,"url":"https:\/\/waracomunicaciones.com\/wp-content\/uploads\/2025\/07\/be28adfff47893c4519c1307dc6b8866_XL.jpg","type":"image\/jpeg"}],"author":"admin","twitter_card":"summary_large_image","twitter_misc":{"Escrito por":"admin","Tiempo de lectura":"3 minutos"},"schema":{"@context":"https:\/\/schema.org","@graph":[{"@type":"Article","@id":"https:\/\/waracomunicaciones.com\/?p=32#article","isPartOf":{"@id":"https:\/\/waracomunicaciones.com\/?p=32"},"author":{"name":"admin","@id":"https:\/\/waracomunicaciones.com\/#\/schema\/person\/e9db934bc91575cc71fe584c5973244a"},"headline":"Elecciones en la C57 sin favorito claro: Jaime Uscamayta denuncia influencia de grupos de poder y llama al voto consciente","datePublished":"2025-07-14T04:13:05+00:00","dateModified":"2025-07-24T05:07:18+00:00","mainEntityOfPage":{"@id":"https:\/\/waracomunicaciones.com\/?p=32"},"wordCount":522,"commentCount":0,"publisher":{"@id":"https:\/\/waracomunicaciones.com\/#organization"},"image":{"@id":"https:\/\/waracomunicaciones.com\/?p=32#primaryimage"},"thumbnailUrl":"https:\/\/waracomunicaciones.com\/wp-content\/uploads\/2025\/07\/be28adfff47893c4519c1307dc6b8866_XL.jpg","keywords":["Elecciones Nacionales 2025","Jaime Uscamayta","Pol\u00edtica"],"articleSection":["LOCAL"],"inLanguage":"es","potentialAction":[{"@type":"CommentAction","name":"Comment","target":["https:\/\/waracomunicaciones.com\/?p=32#respond"]}]},{"@type":"WebPage","@id":"https:\/\/waracomunicaciones.com\/?p=32","url":"https:\/\/waracomunicaciones.com\/?p=32","name":"Elecciones en la C57 sin favorito claro: Jaime Uscamayta denuncia influencia de grupos de poder y llama al voto consciente - Wara Comunicaciones","isPartOf":{"@id":"https:\/\/waracomunicaciones.com\/#website"},"primaryImageOfPage":{"@id":"https:\/\/waracomunicaciones.com\/?p=32#primaryimage"},"image":{"@id":"https:\/\/waracomunicaciones.com\/?p=32#primaryimage"},"thumbnailUrl":"https:\/\/waracomunicaciones.com\/wp-content\/uploads\/2025\/07\/be28adfff47893c4519c1307dc6b8866_XL.jpg","datePublished":"2025-07-14T04:13:05+00:00","dateModified":"2025-07-24T05:07:18+00:00","breadcrumb":{"@id":"https:\/\/waracomunicaciones.com\/?p=32#breadcrumb"},"inLanguage":"es","potentialAction":[{"@type":"ReadAction","target":["https:\/\/waracomunicaciones.com\/?p=32"]}]},{"@type":"ImageObject","inLanguage":"es","@id":"https:\/\/waracomunicaciones.com\/?p=32#primaryimage","url":"https:\/\/waracomunicaciones.com\/wp-content\/uploads\/2025\/07\/be28adfff47893c4519c1307dc6b8866_XL.jpg","contentUrl":"https:\/\/waracomunicaciones.com\/wp-content\/uploads\/2025\/07\/be28adfff47893c4519c1307dc6b8866_XL.jpg","width":900,"height":676},{"@type":"BreadcrumbList","@id":"https:\/\/waracomunicaciones.com\/?p=32#breadcrumb","itemListElement":[{"@type":"ListItem","position":1,"name":"Portada","item":"https:\/\/waracomunicaciones.com\/"},{"@type":"ListItem","position":2,"name":"Elecciones en la C57 sin favorito claro: Jaime Uscamayta denuncia influencia de grupos de poder y llama al voto consciente"}]},{"@type":"WebSite","@id":"https:\/\/waracomunicaciones.com\/#website","url":"https:\/\/waracomunicaciones.com\/","name":"Wara Comunicaciones","description":"","publisher":{"@id":"https:\/\/waracomunicaciones.com\/#organization"},"potentialAction":[{"@type":"SearchAction","target":{"@type":"EntryPoint","urlTemplate":"https:\/\/waracomunicaciones.com\/?s={search_term_string}"},"query-input":{"@type":"PropertyValueSpecification","valueRequired":true,"valueName":"search_term_string"}}],"inLanguage":"es"},{"@type":"Organization","@id":"https:\/\/waracomunicaciones.com\/#organization","name":"Wara Comunicaciones","url":"https:\/\/waracomunicaciones.com\/","logo":{"@type":"ImageObject","inLanguage":"es","@id":"https:\/\/waracomunicaciones.com\/#\/schema\/logo\/image\/","url":"https:\/\/waracomunicaciones.com\/wp-content\/uploads\/2025\/07\/logo.png","contentUrl":"https:\/\/waracomunicaciones.com\/wp-content\/uploads\/2025\/07\/logo.png","width":400,"height":164,"caption":"Wara Comunicaciones"},"image":{"@id":"https:\/\/waracomunicaciones.com\/#\/schema\/logo\/image\/"},"sameAs":["https:\/\/www.facebook.com\/waracomunicaciones2017"]},{"@type":"Person","@id":"https:\/\/waracomunicaciones.com\/#\/schema\/person\/e9db934bc91575cc71fe584c5973244a","name":"admin","image":{"@type":"ImageObject","inLanguage":"es","@id":"https:\/\/waracomunicaciones.com\/#\/schema\/person\/image\/","url":"https:\/\/secure.gravatar.com\/avatar\/bf27e9186df568254093afa216f887fece17605302c6ff12f3980422fffa52e6?s=96&d=mm&r=g","contentUrl":"https:\/\/secure.gravatar.com\/avatar\/bf27e9186df568254093afa216f887fece17605302c6ff12f3980422fffa52e6?s=96&d=mm&r=g","caption":"admin"},"sameAs":["https:\/\/waracomunicaciones.com\/wp"],"url":"https:\/\/waracomunicaciones.com\/?author=1"}]}},"_links":{"self":[{"href":"https:\/\/waracomunicaciones.com\/index.php?rest_route=\/wp\/v2\/posts\/32","targetHints":{"allow":["GET"]}}],"collection":[{"href":"https:\/\/waracomunicaciones.com\/index.php?rest_route=\/wp\/v2\/posts"}],"about":[{"href":"https:\/\/waracomunicaciones.com\/index.php?rest_route=\/wp\/v2\/types\/post"}],"author":[{"embeddable":true,"href":"https:\/\/waracomunicaciones.com\/index.php?rest_route=\/wp\/v2\/users\/1"}],"replies":[{"embeddable":true,"href":"https:\/\/waracomunicaciones.com\/index.php?rest_route=%2Fwp%2Fv2%2Fcomments&post=32"}],"version-history":[{"count":3,"href":"https:\/\/waracomunicaciones.com\/index.php?rest_route=\/wp\/v2\/posts\/32\/revisions"}],"predecessor-version":[{"id":41,"href":"https:\/\/waracomunicaciones.com\/index.php?rest_route=\/wp\/v2\/posts\/32\/revisions\/41"}],"wp:featuredmedia":[{"embeddable":true,"href":"https:\/\/waracomunicaciones.com\/index.php?rest_route=\/wp\/v2\/media\/38"}],"wp:attachment":[{"href":"https:\/\/waracomunicaciones.com\/index.php?rest_route=%2Fwp%2Fv2%2Fmedia&parent=32"}],"wp:term":[{"taxonomy":"category","embeddable":true,"href":"https:\/\/waracomunicaciones.com\/index.php?rest_route=%2Fwp%2Fv2%2Fcategories&post=32"},{"taxonomy":"post_tag","embeddable":true,"href":"https:\/\/waracomunicaciones.com\/index.php?rest_route=%2Fwp%2Fv2%2Ftags&post=32"}],"curies":[{"name":"wp","href":"https:\/\/api.w.org\/{rel}","templated":true}]}}