{"id":306,"date":"2025-08-03T22:32:18","date_gmt":"2025-08-04T02:32:18","guid":{"rendered":"https:\/\/waracomunicaciones.com\/?p=306"},"modified":"2025-08-03T22:32:19","modified_gmt":"2025-08-04T02:32:19","slug":"guido-leon-impulsa-su-candidatura-a-diputado-con-respaldo-de-urbanizaciones-y-una-gran-concentracion-en-la-plaza-del-minero","status":"publish","type":"post","link":"https:\/\/waracomunicaciones.com\/?p=306","title":{"rendered":"Guido Le\u00f3n impulsa su candidatura a diputado con respaldo de urbanizaciones y una gran concentraci\u00f3n en la Plaza del Minero"},"content":{"rendered":"\n<figure class=\"wp-block-image size-full\"><img loading=\"lazy\" decoding=\"async\" width=\"800\" height=\"472\" src=\"https:\/\/waracomunicaciones.com\/wp-content\/uploads\/2025\/08\/guiih.webp\" alt=\"\" class=\"wp-image-307\" srcset=\"https:\/\/waracomunicaciones.com\/wp-content\/uploads\/2025\/08\/guiih.webp 800w, https:\/\/waracomunicaciones.com\/wp-content\/uploads\/2025\/08\/guiih-300x177.webp 300w, https:\/\/waracomunicaciones.com\/wp-content\/uploads\/2025\/08\/guiih-768x453.webp 768w\" sizes=\"auto, (max-width: 800px) 100vw, 800px\" \/><\/figure>\n\n\n<p>Potos\u00ed &#8211; En una jornada marcada por el contacto directo con la poblaci\u00f3n, Guido Le\u00f3n, candidato a diputado por la Circunscripci\u00f3n 38 (C-38) por la Alianza Unidad que postula a Samuel Doria Medina, contin\u00faa fortaleciendo su campa\u00f1a en el norte de Potos\u00ed.<!--more--><\/p>\n<p>Durante una entrevista radial con Wara Comunicaciones, Le\u00f3n destac\u00f3 su reciente reuni\u00f3n con vecinos de distintas urbanizaciones del municipio de Llallagua, entre ellas Llallagua, Catavi y el distrito minero Siglo XX. \u201cEstas zonas est\u00e1n creciendo r\u00e1pidamente y tienen necesidades urgentes como el acceso a lotes y viviendas\u201d, explic\u00f3, se\u00f1alando que ya se elabor\u00f3 un documento conjunto con propuestas y compromisos concretos.<\/p>\n<p>El candidato tambi\u00e9n anunci\u00f3 una gran concentraci\u00f3n popular que se realizar\u00e1 este martes a las 19:00 en la hist\u00f3rica Plaza del Minero de Llallagua. La actividad contar\u00e1 con la presencia de grupos musicales de renombre como <em><i>Agua bella<\/i><\/em>\u00a0(Per\u00fa), <em><i>David Castro<\/i><\/em>, y agrupaciones locales. Adem\u00e1s, se espera la participaci\u00f3n de autoridades y candidatos nacionales de la Alianza Unidad, entre ellos el vicepresidente de la f\u00f3rmula, el se\u00f1or Lupo, y el senador Sebasti\u00e1n Careaga.<\/p>\n<p>\u201cInvitamos a todos los vecinos a sumarse a este evento que no solo ser\u00e1 un acto pol\u00edtico, sino tambi\u00e9n una muestra de unidad y cultura popular\u201d, dijo Le\u00f3n, quien reafirm\u00f3 su compromiso de llevar las demandas del norte potosino al Parlamento.<\/p>\n<p>Finalmente, el candidato salud\u00f3 los 40 a\u00f1os de la Universidad Nacional Siglo XX y convoc\u00f3 a la poblaci\u00f3n a celebrar con fe y devoci\u00f3n la festividad de la Virgen de la Asunci\u00f3n, patrona de Llallagua, cuya programaci\u00f3n se ha adelantado debido al calendario electoral.<\/p>\n<p>\u201cConocemos nuestras necesidades porque vivimos aqu\u00ed, y es tiempo de que nuestras voces se escuchen en la Asamblea Legislativa\u201d, concluy\u00f3.<\/p><div style=\"margin-top: 0px; margin-bottom: 0px;\" class=\"sharethis-inline-reaction-buttons\" ><\/div>","protected":false},"excerpt":{"rendered":"<p>Potos\u00ed &#8211; En una jornada marcada por el contacto directo con la poblaci\u00f3n, Guido Le\u00f3n, candidato a diputado por la Circunscripci\u00f3n 38 (C-38) por la Alianza Unidad que postula a Samuel Doria Medina, contin\u00faa fortaleciendo su campa\u00f1a en el norte de Potos\u00ed.<\/p>\n","protected":false},"author":1,"featured_media":307,"comment_status":"open","ping_status":"open","sticky":false,"template":"","format":"standard","meta":{"footnotes":""},"categories":[47],"tags":[122,11,128,78],"class_list":["post-306","post","type-post","status-publish","format-standard","has-post-thumbnail","hentry","category-politica-nacional","tag-alianza-unidad","tag-elecciones-nacionales-2025","tag-guido-leon","tag-potosi"],"yoast_head":"<!-- This site is optimized with the Yoast SEO Premium plugin v25.5 (Yoast SEO v27.1.1) - https:\/\/yoast.com\/product\/yoast-seo-premium-wordpress\/ -->\n<title>Guido Le\u00f3n impulsa su candidatura a diputado con respaldo de urbanizaciones y una gran concentraci\u00f3n en la Plaza del Minero - Wara Comunicaciones<\/title>\n<meta name=\"robots\" content=\"index, follow, max-snippet:-1, max-image-preview:large, max-video-preview:-1\" \/>\n<link rel=\"canonical\" href=\"https:\/\/waracomunicaciones.com\/?p=306\" \/>\n<meta property=\"og:locale\" content=\"es_ES\" \/>\n<meta property=\"og:type\" content=\"article\" \/>\n<meta property=\"og:title\" content=\"Guido Le\u00f3n impulsa su candidatura a diputado con respaldo de urbanizaciones y una gran concentraci\u00f3n en la Plaza del Minero\" \/>\n<meta property=\"og:description\" content=\"Potos\u00ed &#8211; En una jornada marcada por el contacto directo con la poblaci\u00f3n, Guido Le\u00f3n, candidato a diputado por la Circunscripci\u00f3n 38 (C-38) por la Alianza Unidad que postula a Samuel Doria Medina, contin\u00faa fortaleciendo su campa\u00f1a en el norte de Potos\u00ed.\" \/>\n<meta property=\"og:url\" content=\"https:\/\/waracomunicaciones.com\/?p=306\" \/>\n<meta property=\"og:site_name\" content=\"Wara Comunicaciones\" \/>\n<meta property=\"article:publisher\" content=\"https:\/\/www.facebook.com\/waracomunicaciones2017\" \/>\n<meta property=\"article:published_time\" content=\"2025-08-04T02:32:18+00:00\" \/>\n<meta property=\"article:modified_time\" content=\"2025-08-04T02:32:19+00:00\" \/>\n<meta property=\"og:image\" content=\"https:\/\/waracomunicaciones.com\/wp-content\/uploads\/2025\/08\/guiih.webp\" \/>\n\t<meta property=\"og:image:width\" content=\"800\" \/>\n\t<meta property=\"og:image:height\" content=\"472\" \/>\n\t<meta property=\"og:image:type\" content=\"image\/webp\" \/>\n<meta name=\"author\" content=\"admin\" \/>\n<meta name=\"twitter:card\" content=\"summary_large_image\" \/>\n<meta name=\"twitter:label1\" content=\"Escrito por\" \/>\n\t<meta name=\"twitter:data1\" content=\"admin\" \/>\n\t<meta name=\"twitter:label2\" content=\"Tiempo de lectura\" \/>\n\t<meta name=\"twitter:data2\" content=\"2 minutos\" \/>\n<script type=\"application\/ld+json\" class=\"yoast-schema-graph\">{\"@context\":\"https:\/\/schema.org\",\"@graph\":[{\"@type\":\"Article\",\"@id\":\"https:\/\/waracomunicaciones.com\/?p=306#article\",\"isPartOf\":{\"@id\":\"https:\/\/waracomunicaciones.com\/?p=306\"},\"author\":{\"name\":\"admin\",\"@id\":\"https:\/\/waracomunicaciones.com\/#\/schema\/person\/e9db934bc91575cc71fe584c5973244a\"},\"headline\":\"Guido Le\u00f3n impulsa su candidatura a diputado con respaldo de urbanizaciones y una gran concentraci\u00f3n en la Plaza del Minero\",\"datePublished\":\"2025-08-04T02:32:18+00:00\",\"dateModified\":\"2025-08-04T02:32:19+00:00\",\"mainEntityOfPage\":{\"@id\":\"https:\/\/waracomunicaciones.com\/?p=306\"},\"wordCount\":326,\"commentCount\":0,\"publisher\":{\"@id\":\"https:\/\/waracomunicaciones.com\/#organization\"},\"image\":{\"@id\":\"https:\/\/waracomunicaciones.com\/?p=306#primaryimage\"},\"thumbnailUrl\":\"https:\/\/waracomunicaciones.com\/wp-content\/uploads\/2025\/08\/guiih.webp\",\"keywords\":[\"Alianza Unidad\",\"Elecciones Nacionales 2025\",\"Guido Le\u00f3n\",\"Potos\u00ed\"],\"articleSection\":[\"Pol\u00edtica\"],\"inLanguage\":\"es\",\"potentialAction\":[{\"@type\":\"CommentAction\",\"name\":\"Comment\",\"target\":[\"https:\/\/waracomunicaciones.com\/?p=306#respond\"]}]},{\"@type\":\"WebPage\",\"@id\":\"https:\/\/waracomunicaciones.com\/?p=306\",\"url\":\"https:\/\/waracomunicaciones.com\/?p=306\",\"name\":\"Guido Le\u00f3n impulsa su candidatura a diputado con respaldo de urbanizaciones y una gran concentraci\u00f3n en la Plaza del Minero - Wara Comunicaciones\",\"isPartOf\":{\"@id\":\"https:\/\/waracomunicaciones.com\/#website\"},\"primaryImageOfPage\":{\"@id\":\"https:\/\/waracomunicaciones.com\/?p=306#primaryimage\"},\"image\":{\"@id\":\"https:\/\/waracomunicaciones.com\/?p=306#primaryimage\"},\"thumbnailUrl\":\"https:\/\/waracomunicaciones.com\/wp-content\/uploads\/2025\/08\/guiih.webp\",\"datePublished\":\"2025-08-04T02:32:18+00:00\",\"dateModified\":\"2025-08-04T02:32:19+00:00\",\"breadcrumb\":{\"@id\":\"https:\/\/waracomunicaciones.com\/?p=306#breadcrumb\"},\"inLanguage\":\"es\",\"potentialAction\":[{\"@type\":\"ReadAction\",\"target\":[\"https:\/\/waracomunicaciones.com\/?p=306\"]}]},{\"@type\":\"ImageObject\",\"inLanguage\":\"es\",\"@id\":\"https:\/\/waracomunicaciones.com\/?p=306#primaryimage\",\"url\":\"https:\/\/waracomunicaciones.com\/wp-content\/uploads\/2025\/08\/guiih.webp\",\"contentUrl\":\"https:\/\/waracomunicaciones.com\/wp-content\/uploads\/2025\/08\/guiih.webp\",\"width\":800,\"height\":472},{\"@type\":\"BreadcrumbList\",\"@id\":\"https:\/\/waracomunicaciones.com\/?p=306#breadcrumb\",\"itemListElement\":[{\"@type\":\"ListItem\",\"position\":1,\"name\":\"Portada\",\"item\":\"https:\/\/waracomunicaciones.com\/\"},{\"@type\":\"ListItem\",\"position\":2,\"name\":\"Guido Le\u00f3n impulsa su candidatura a diputado con respaldo de urbanizaciones y una gran concentraci\u00f3n en la Plaza del Minero\"}]},{\"@type\":\"WebSite\",\"@id\":\"https:\/\/waracomunicaciones.com\/#website\",\"url\":\"https:\/\/waracomunicaciones.com\/\",\"name\":\"Wara Comunicaciones\",\"description\":\"\",\"publisher\":{\"@id\":\"https:\/\/waracomunicaciones.com\/#organization\"},\"potentialAction\":[{\"@type\":\"SearchAction\",\"target\":{\"@type\":\"EntryPoint\",\"urlTemplate\":\"https:\/\/waracomunicaciones.com\/?s={search_term_string}\"},\"query-input\":{\"@type\":\"PropertyValueSpecification\",\"valueRequired\":true,\"valueName\":\"search_term_string\"}}],\"inLanguage\":\"es\"},{\"@type\":\"Organization\",\"@id\":\"https:\/\/waracomunicaciones.com\/#organization\",\"name\":\"Wara Comunicaciones\",\"url\":\"https:\/\/waracomunicaciones.com\/\",\"logo\":{\"@type\":\"ImageObject\",\"inLanguage\":\"es\",\"@id\":\"https:\/\/waracomunicaciones.com\/#\/schema\/logo\/image\/\",\"url\":\"https:\/\/waracomunicaciones.com\/wp-content\/uploads\/2025\/07\/logo.png\",\"contentUrl\":\"https:\/\/waracomunicaciones.com\/wp-content\/uploads\/2025\/07\/logo.png\",\"width\":400,\"height\":164,\"caption\":\"Wara Comunicaciones\"},\"image\":{\"@id\":\"https:\/\/waracomunicaciones.com\/#\/schema\/logo\/image\/\"},\"sameAs\":[\"https:\/\/www.facebook.com\/waracomunicaciones2017\"]},{\"@type\":\"Person\",\"@id\":\"https:\/\/waracomunicaciones.com\/#\/schema\/person\/e9db934bc91575cc71fe584c5973244a\",\"name\":\"admin\",\"image\":{\"@type\":\"ImageObject\",\"inLanguage\":\"es\",\"@id\":\"https:\/\/waracomunicaciones.com\/#\/schema\/person\/image\/\",\"url\":\"https:\/\/secure.gravatar.com\/avatar\/bf27e9186df568254093afa216f887fece17605302c6ff12f3980422fffa52e6?s=96&d=mm&r=g\",\"contentUrl\":\"https:\/\/secure.gravatar.com\/avatar\/bf27e9186df568254093afa216f887fece17605302c6ff12f3980422fffa52e6?s=96&d=mm&r=g\",\"caption\":\"admin\"},\"sameAs\":[\"https:\/\/waracomunicaciones.com\/wp\"],\"url\":\"https:\/\/waracomunicaciones.com\/?author=1\"}]}<\/script>\n<!-- \/ Yoast SEO Premium plugin. -->","yoast_head_json":{"title":"Guido Le\u00f3n impulsa su candidatura a diputado con respaldo de urbanizaciones y una gran concentraci\u00f3n en la Plaza del Minero - Wara Comunicaciones","robots":{"index":"index","follow":"follow","max-snippet":"max-snippet:-1","max-image-preview":"max-image-preview:large","max-video-preview":"max-video-preview:-1"},"canonical":"https:\/\/waracomunicaciones.com\/?p=306","og_locale":"es_ES","og_type":"article","og_title":"Guido Le\u00f3n impulsa su candidatura a diputado con respaldo de urbanizaciones y una gran concentraci\u00f3n en la Plaza del Minero","og_description":"Potos\u00ed &#8211; En una jornada marcada por el contacto directo con la poblaci\u00f3n, Guido Le\u00f3n, candidato a diputado por la Circunscripci\u00f3n 38 (C-38) por la Alianza Unidad que postula a Samuel Doria Medina, contin\u00faa fortaleciendo su campa\u00f1a en el norte de Potos\u00ed.","og_url":"https:\/\/waracomunicaciones.com\/?p=306","og_site_name":"Wara Comunicaciones","article_publisher":"https:\/\/www.facebook.com\/waracomunicaciones2017","article_published_time":"2025-08-04T02:32:18+00:00","article_modified_time":"2025-08-04T02:32:19+00:00","og_image":[{"width":800,"height":472,"url":"https:\/\/waracomunicaciones.com\/wp-content\/uploads\/2025\/08\/guiih.webp","type":"image\/webp"}],"author":"admin","twitter_card":"summary_large_image","twitter_misc":{"Escrito por":"admin","Tiempo de lectura":"2 minutos"},"schema":{"@context":"https:\/\/schema.org","@graph":[{"@type":"Article","@id":"https:\/\/waracomunicaciones.com\/?p=306#article","isPartOf":{"@id":"https:\/\/waracomunicaciones.com\/?p=306"},"author":{"name":"admin","@id":"https:\/\/waracomunicaciones.com\/#\/schema\/person\/e9db934bc91575cc71fe584c5973244a"},"headline":"Guido Le\u00f3n impulsa su candidatura a diputado con respaldo de urbanizaciones y una gran concentraci\u00f3n en la Plaza del Minero","datePublished":"2025-08-04T02:32:18+00:00","dateModified":"2025-08-04T02:32:19+00:00","mainEntityOfPage":{"@id":"https:\/\/waracomunicaciones.com\/?p=306"},"wordCount":326,"commentCount":0,"publisher":{"@id":"https:\/\/waracomunicaciones.com\/#organization"},"image":{"@id":"https:\/\/waracomunicaciones.com\/?p=306#primaryimage"},"thumbnailUrl":"https:\/\/waracomunicaciones.com\/wp-content\/uploads\/2025\/08\/guiih.webp","keywords":["Alianza Unidad","Elecciones Nacionales 2025","Guido Le\u00f3n","Potos\u00ed"],"articleSection":["Pol\u00edtica"],"inLanguage":"es","potentialAction":[{"@type":"CommentAction","name":"Comment","target":["https:\/\/waracomunicaciones.com\/?p=306#respond"]}]},{"@type":"WebPage","@id":"https:\/\/waracomunicaciones.com\/?p=306","url":"https:\/\/waracomunicaciones.com\/?p=306","name":"Guido Le\u00f3n impulsa su candidatura a diputado con respaldo de urbanizaciones y una gran concentraci\u00f3n en la Plaza del Minero - Wara Comunicaciones","isPartOf":{"@id":"https:\/\/waracomunicaciones.com\/#website"},"primaryImageOfPage":{"@id":"https:\/\/waracomunicaciones.com\/?p=306#primaryimage"},"image":{"@id":"https:\/\/waracomunicaciones.com\/?p=306#primaryimage"},"thumbnailUrl":"https:\/\/waracomunicaciones.com\/wp-content\/uploads\/2025\/08\/guiih.webp","datePublished":"2025-08-04T02:32:18+00:00","dateModified":"2025-08-04T02:32:19+00:00","breadcrumb":{"@id":"https:\/\/waracomunicaciones.com\/?p=306#breadcrumb"},"inLanguage":"es","potentialAction":[{"@type":"ReadAction","target":["https:\/\/waracomunicaciones.com\/?p=306"]}]},{"@type":"ImageObject","inLanguage":"es","@id":"https:\/\/waracomunicaciones.com\/?p=306#primaryimage","url":"https:\/\/waracomunicaciones.com\/wp-content\/uploads\/2025\/08\/guiih.webp","contentUrl":"https:\/\/waracomunicaciones.com\/wp-content\/uploads\/2025\/08\/guiih.webp","width":800,"height":472},{"@type":"BreadcrumbList","@id":"https:\/\/waracomunicaciones.com\/?p=306#breadcrumb","itemListElement":[{"@type":"ListItem","position":1,"name":"Portada","item":"https:\/\/waracomunicaciones.com\/"},{"@type":"ListItem","position":2,"name":"Guido Le\u00f3n impulsa su candidatura a diputado con respaldo de urbanizaciones y una gran concentraci\u00f3n en la Plaza del Minero"}]},{"@type":"WebSite","@id":"https:\/\/waracomunicaciones.com\/#website","url":"https:\/\/waracomunicaciones.com\/","name":"Wara Comunicaciones","description":"","publisher":{"@id":"https:\/\/waracomunicaciones.com\/#organization"},"potentialAction":[{"@type":"SearchAction","target":{"@type":"EntryPoint","urlTemplate":"https:\/\/waracomunicaciones.com\/?s={search_term_string}"},"query-input":{"@type":"PropertyValueSpecification","valueRequired":true,"valueName":"search_term_string"}}],"inLanguage":"es"},{"@type":"Organization","@id":"https:\/\/waracomunicaciones.com\/#organization","name":"Wara Comunicaciones","url":"https:\/\/waracomunicaciones.com\/","logo":{"@type":"ImageObject","inLanguage":"es","@id":"https:\/\/waracomunicaciones.com\/#\/schema\/logo\/image\/","url":"https:\/\/waracomunicaciones.com\/wp-content\/uploads\/2025\/07\/logo.png","contentUrl":"https:\/\/waracomunicaciones.com\/wp-content\/uploads\/2025\/07\/logo.png","width":400,"height":164,"caption":"Wara Comunicaciones"},"image":{"@id":"https:\/\/waracomunicaciones.com\/#\/schema\/logo\/image\/"},"sameAs":["https:\/\/www.facebook.com\/waracomunicaciones2017"]},{"@type":"Person","@id":"https:\/\/waracomunicaciones.com\/#\/schema\/person\/e9db934bc91575cc71fe584c5973244a","name":"admin","image":{"@type":"ImageObject","inLanguage":"es","@id":"https:\/\/waracomunicaciones.com\/#\/schema\/person\/image\/","url":"https:\/\/secure.gravatar.com\/avatar\/bf27e9186df568254093afa216f887fece17605302c6ff12f3980422fffa52e6?s=96&d=mm&r=g","contentUrl":"https:\/\/secure.gravatar.com\/avatar\/bf27e9186df568254093afa216f887fece17605302c6ff12f3980422fffa52e6?s=96&d=mm&r=g","caption":"admin"},"sameAs":["https:\/\/waracomunicaciones.com\/wp"],"url":"https:\/\/waracomunicaciones.com\/?author=1"}]}},"_links":{"self":[{"href":"https:\/\/waracomunicaciones.com\/index.php?rest_route=\/wp\/v2\/posts\/306","targetHints":{"allow":["GET"]}}],"collection":[{"href":"https:\/\/waracomunicaciones.com\/index.php?rest_route=\/wp\/v2\/posts"}],"about":[{"href":"https:\/\/waracomunicaciones.com\/index.php?rest_route=\/wp\/v2\/types\/post"}],"author":[{"embeddable":true,"href":"https:\/\/waracomunicaciones.com\/index.php?rest_route=\/wp\/v2\/users\/1"}],"replies":[{"embeddable":true,"href":"https:\/\/waracomunicaciones.com\/index.php?rest_route=%2Fwp%2Fv2%2Fcomments&post=306"}],"version-history":[{"count":1,"href":"https:\/\/waracomunicaciones.com\/index.php?rest_route=\/wp\/v2\/posts\/306\/revisions"}],"predecessor-version":[{"id":308,"href":"https:\/\/waracomunicaciones.com\/index.php?rest_route=\/wp\/v2\/posts\/306\/revisions\/308"}],"wp:featuredmedia":[{"embeddable":true,"href":"https:\/\/waracomunicaciones.com\/index.php?rest_route=\/wp\/v2\/media\/307"}],"wp:attachment":[{"href":"https:\/\/waracomunicaciones.com\/index.php?rest_route=%2Fwp%2Fv2%2Fmedia&parent=306"}],"wp:term":[{"taxonomy":"category","embeddable":true,"href":"https:\/\/waracomunicaciones.com\/index.php?rest_route=%2Fwp%2Fv2%2Fcategories&post=306"},{"taxonomy":"post_tag","embeddable":true,"href":"https:\/\/waracomunicaciones.com\/index.php?rest_route=%2Fwp%2Fv2%2Ftags&post=306"}],"curies":[{"name":"wp","href":"https:\/\/api.w.org\/{rel}","templated":true}]}}