{"id":29,"date":"2025-07-13T23:41:35","date_gmt":"2025-07-14T03:41:35","guid":{"rendered":"https:\/\/waracomunicaciones.com\/wp\/?p=29"},"modified":"2025-07-22T23:47:45","modified_gmt":"2025-07-23T03:47:45","slug":"analista-evo-enterro-la-izquierda-por-20-anos-y-sus-amenazas-son-ultimos-deseos-de-poder","status":"publish","type":"post","link":"https:\/\/waracomunicaciones.com\/?p=29","title":{"rendered":"Analista: Evo enterr\u00f3 la izquierda por 20 a\u00f1os y sus amenazas son \u00faltimos deseos de poder"},"content":{"rendered":"\n<figure class=\"wp-block-image size-full\"><img loading=\"lazy\" decoding=\"async\" width=\"900\" height=\"566\" src=\"https:\/\/waracomunicaciones.com\/wp\/wp-content\/uploads\/2025\/07\/00d9b1e39f02d57be65ad2a9a6eaa3b8_XL.jpg\" alt=\"\" class=\"wp-image-30\" srcset=\"https:\/\/waracomunicaciones.com\/wp-content\/uploads\/2025\/07\/00d9b1e39f02d57be65ad2a9a6eaa3b8_XL.jpg 900w, https:\/\/waracomunicaciones.com\/wp-content\/uploads\/2025\/07\/00d9b1e39f02d57be65ad2a9a6eaa3b8_XL-300x189.jpg 300w, https:\/\/waracomunicaciones.com\/wp-content\/uploads\/2025\/07\/00d9b1e39f02d57be65ad2a9a6eaa3b8_XL-768x483.jpg 768w\" sizes=\"auto, (max-width: 900px) 100vw, 900px\" \/><\/figure>\n\n\n<div class=\"itemIntroText\">\n<p class=\"rtejustify\">Ante las amenazas de impedir las elecciones generales previstas para agosto, el analista Luis Alberto Ruiz afirm\u00f3 que las advertencias de Evo Morales \u2014como la idea de contar vidas en lugar de votos o impulsar acciones de boicot\u2014 representan los \u00faltimos deseos de poder de un l\u00edder que, seg\u00fan dijo, se encarg\u00f3 de enterrar a la izquierda boliviana por al menos las pr\u00f3ximas dos d\u00e9cadas.<\/p>\n<\/div>\n<p><!--more--><\/p>\n<div class=\"itemFullText\">\n<p class=\"rtejustify\">\u201cEvo Morales hizo un gobierno ind\u00edgena fracasado en todos sus \u00e1mbitos. El fracaso de su gesti\u00f3n ha dejado una izquierda desacreditada y sin futuro pol\u00edtico. Utilizaron el discurso de los pobres para hacer nuevos ricos\u201d, se\u00f1al\u00f3 Ruiz al sostener que la narrativa de Morales y de figuras como Fanny Nina ya no tiene credibilidad en la poblaci\u00f3n.<\/p>\n<p class=\"rtejustify\">Seg\u00fan el analista, los llamados gobiernos progresistas fueron, en realidad, \u201cgobiernos pobrecistas\u201d que dejaron un pa\u00eds quebrado econ\u00f3micamente. Critic\u00f3 que Morales haya \u201cdevorado\u201d el capital acumulado durante 50 a\u00f1os por anteriores gobiernos, y sostuvo que la poblaci\u00f3n ya no quiere un modelo de izquierda que, en su opini\u00f3n, ha demostrado ser empobrecedor.<\/p>\n<p class=\"rtejustify\">En ese contexto, Ruiz asegur\u00f3 que ni siquiera la uni\u00f3n de figuras identificadas con la izquierda como Andr\u00f3nico Rodr\u00edguez, Eduardo del Castillo, Eva Copa y Jhonny Fern\u00e1ndez permitir\u00eda al MAS superar el 13% de apoyo en la votaci\u00f3n nacional. \u201cEl MAS ya no tiene ninguna posibilidad de ganar una elecci\u00f3n\u201d, sentenci\u00f3.<\/p>\n<p class=\"rtejustify\">Respecto a las denuncias de Morales sobre supuestos intereses extranjeros que buscar\u00edan manipular las elecciones, Ruiz afirm\u00f3 que ese discurso no busca beneficiar al MAS, sino m\u00e1s bien debilitar a la oposici\u00f3n. \u201cSu objetivo es ocultar votos, restarle votos al bloque opositor y facilitar un gobierno fr\u00e1gil, como el de Gonzalo S\u00e1nchez de Lozada, para que caiga en un a\u00f1o\u201d, advirti\u00f3.<\/p>\n<p class=\"rtejustify\">Afirm\u00f3 tambi\u00e9n que la manipulaci\u00f3n de encuestas ser\u00eda parte de ese plan, con el fin de posicionar en el imaginario colectivo al candidato m\u00e1s d\u00e9bil en el primer lugar, respecto de la capacidad y credibilidad del segundo.<\/p>\n<p class=\"rtejustify\">Ruiz consider\u00f3 que los llamados a la unidad de la oposici\u00f3n ya son extempor\u00e1neos. A su juicio, esa estrategia ten\u00eda sentido solo si el MAS representaba una amenaza electoral, algo que \u2014seg\u00fan \u00e9l\u2014 ya no ocurre.<\/p>\n<p class=\"rtejustify\">Propuso, en cambio, que candidatos como Jorge Tuto Quiroga y Samuel Doria Medina debatan y contrasten sus propuestas, de modo que el electorado pueda identificar la mejor opci\u00f3n y darle un respaldo amplio, incluyendo una mayor\u00eda parlamentaria. \u201cSolo as\u00ed se podr\u00e1 desmontar el discurso del MAS que busca volver con la narrativa de los pactos y las mega coaliciones\u201d, concluy\u00f3.<\/p>\n<\/div><div style=\"margin-top: 0px; margin-bottom: 0px;\" class=\"sharethis-inline-reaction-buttons\" ><\/div>","protected":false},"excerpt":{"rendered":"<p>Ante las amenazas de impedir las elecciones generales previstas para agosto, el analista Luis Alberto Ruiz afirm\u00f3 que las advertencias de Evo Morales \u2014como la idea de contar vidas en lugar de votos o impulsar acciones de boicot\u2014 representan los \u00faltimos deseos de poder de un l\u00edder que, seg\u00fan dijo, se encarg\u00f3 de enterrar a [&hellip;]<\/p>\n","protected":false},"author":1,"featured_media":0,"comment_status":"open","ping_status":"open","sticky":false,"template":"","format":"standard","meta":{"footnotes":""},"categories":[4],"tags":[9,8],"class_list":["post-29","post","type-post","status-publish","format-standard","hentry","category-nacional","tag-mas","tag-politica"],"yoast_head":"<!-- This site is optimized with the Yoast SEO Premium plugin v25.5 (Yoast SEO v27.1.1) - https:\/\/yoast.com\/product\/yoast-seo-premium-wordpress\/ -->\n<title>Analista: Evo enterr\u00f3 la izquierda por 20 a\u00f1os y sus amenazas son \u00faltimos deseos de poder - Wara Comunicaciones<\/title>\n<meta name=\"robots\" content=\"index, follow, max-snippet:-1, max-image-preview:large, max-video-preview:-1\" \/>\n<link rel=\"canonical\" href=\"https:\/\/waracomunicaciones.com\/?p=29\" \/>\n<meta property=\"og:locale\" content=\"es_ES\" \/>\n<meta property=\"og:type\" content=\"article\" \/>\n<meta property=\"og:title\" content=\"Analista: Evo enterr\u00f3 la izquierda por 20 a\u00f1os y sus amenazas son \u00faltimos deseos de poder\" \/>\n<meta property=\"og:description\" content=\"Ante las amenazas de impedir las elecciones generales previstas para agosto, el analista Luis Alberto Ruiz afirm\u00f3 que las advertencias de Evo Morales \u2014como la idea de contar vidas en lugar de votos o impulsar acciones de boicot\u2014 representan los \u00faltimos deseos de poder de un l\u00edder que, seg\u00fan dijo, se encarg\u00f3 de enterrar a [&hellip;]\" \/>\n<meta property=\"og:url\" content=\"https:\/\/waracomunicaciones.com\/?p=29\" \/>\n<meta property=\"og:site_name\" content=\"Wara Comunicaciones\" \/>\n<meta property=\"article:publisher\" content=\"https:\/\/www.facebook.com\/waracomunicaciones2017\" \/>\n<meta property=\"article:published_time\" content=\"2025-07-14T03:41:35+00:00\" \/>\n<meta property=\"article:modified_time\" content=\"2025-07-23T03:47:45+00:00\" \/>\n<meta property=\"og:image\" content=\"https:\/\/waracomunicaciones.com\/wp\/wp-content\/uploads\/2025\/07\/00d9b1e39f02d57be65ad2a9a6eaa3b8_XL.jpg\" \/>\n<meta name=\"author\" content=\"admin\" \/>\n<meta name=\"twitter:card\" content=\"summary_large_image\" \/>\n<meta name=\"twitter:label1\" content=\"Escrito por\" \/>\n\t<meta name=\"twitter:data1\" content=\"admin\" \/>\n\t<meta name=\"twitter:label2\" content=\"Tiempo de lectura\" \/>\n\t<meta name=\"twitter:data2\" content=\"2 minutos\" \/>\n<script type=\"application\/ld+json\" class=\"yoast-schema-graph\">{\"@context\":\"https:\/\/schema.org\",\"@graph\":[{\"@type\":\"Article\",\"@id\":\"https:\/\/waracomunicaciones.com\/?p=29#article\",\"isPartOf\":{\"@id\":\"https:\/\/waracomunicaciones.com\/?p=29\"},\"author\":{\"name\":\"admin\",\"@id\":\"https:\/\/waracomunicaciones.com\/#\/schema\/person\/e9db934bc91575cc71fe584c5973244a\"},\"headline\":\"Analista: Evo enterr\u00f3 la izquierda por 20 a\u00f1os y sus amenazas son \u00faltimos deseos de poder\",\"datePublished\":\"2025-07-14T03:41:35+00:00\",\"dateModified\":\"2025-07-23T03:47:45+00:00\",\"mainEntityOfPage\":{\"@id\":\"https:\/\/waracomunicaciones.com\/?p=29\"},\"wordCount\":472,\"commentCount\":0,\"publisher\":{\"@id\":\"https:\/\/waracomunicaciones.com\/#organization\"},\"image\":{\"@id\":\"https:\/\/waracomunicaciones.com\/?p=29#primaryimage\"},\"thumbnailUrl\":\"https:\/\/waracomunicaciones.com\/wp\/wp-content\/uploads\/2025\/07\/00d9b1e39f02d57be65ad2a9a6eaa3b8_XL.jpg\",\"keywords\":[\"MAS\",\"Pol\u00edtica\"],\"articleSection\":[\"NACIONAL\"],\"inLanguage\":\"es\",\"potentialAction\":[{\"@type\":\"CommentAction\",\"name\":\"Comment\",\"target\":[\"https:\/\/waracomunicaciones.com\/?p=29#respond\"]}]},{\"@type\":\"WebPage\",\"@id\":\"https:\/\/waracomunicaciones.com\/?p=29\",\"url\":\"https:\/\/waracomunicaciones.com\/?p=29\",\"name\":\"Analista: Evo enterr\u00f3 la izquierda por 20 a\u00f1os y sus amenazas son \u00faltimos deseos de poder - Wara Comunicaciones\",\"isPartOf\":{\"@id\":\"https:\/\/waracomunicaciones.com\/#website\"},\"primaryImageOfPage\":{\"@id\":\"https:\/\/waracomunicaciones.com\/?p=29#primaryimage\"},\"image\":{\"@id\":\"https:\/\/waracomunicaciones.com\/?p=29#primaryimage\"},\"thumbnailUrl\":\"https:\/\/waracomunicaciones.com\/wp\/wp-content\/uploads\/2025\/07\/00d9b1e39f02d57be65ad2a9a6eaa3b8_XL.jpg\",\"datePublished\":\"2025-07-14T03:41:35+00:00\",\"dateModified\":\"2025-07-23T03:47:45+00:00\",\"breadcrumb\":{\"@id\":\"https:\/\/waracomunicaciones.com\/?p=29#breadcrumb\"},\"inLanguage\":\"es\",\"potentialAction\":[{\"@type\":\"ReadAction\",\"target\":[\"https:\/\/waracomunicaciones.com\/?p=29\"]}]},{\"@type\":\"ImageObject\",\"inLanguage\":\"es\",\"@id\":\"https:\/\/waracomunicaciones.com\/?p=29#primaryimage\",\"url\":\"https:\/\/waracomunicaciones.com\/wp-content\/uploads\/2025\/07\/00d9b1e39f02d57be65ad2a9a6eaa3b8_XL.jpg\",\"contentUrl\":\"https:\/\/waracomunicaciones.com\/wp-content\/uploads\/2025\/07\/00d9b1e39f02d57be65ad2a9a6eaa3b8_XL.jpg\",\"width\":900,\"height\":566},{\"@type\":\"BreadcrumbList\",\"@id\":\"https:\/\/waracomunicaciones.com\/?p=29#breadcrumb\",\"itemListElement\":[{\"@type\":\"ListItem\",\"position\":1,\"name\":\"Portada\",\"item\":\"https:\/\/waracomunicaciones.com\/\"},{\"@type\":\"ListItem\",\"position\":2,\"name\":\"Analista: Evo enterr\u00f3 la izquierda por 20 a\u00f1os y sus amenazas son \u00faltimos deseos de poder\"}]},{\"@type\":\"WebSite\",\"@id\":\"https:\/\/waracomunicaciones.com\/#website\",\"url\":\"https:\/\/waracomunicaciones.com\/\",\"name\":\"Wara Comunicaciones\",\"description\":\"\",\"publisher\":{\"@id\":\"https:\/\/waracomunicaciones.com\/#organization\"},\"potentialAction\":[{\"@type\":\"SearchAction\",\"target\":{\"@type\":\"EntryPoint\",\"urlTemplate\":\"https:\/\/waracomunicaciones.com\/?s={search_term_string}\"},\"query-input\":{\"@type\":\"PropertyValueSpecification\",\"valueRequired\":true,\"valueName\":\"search_term_string\"}}],\"inLanguage\":\"es\"},{\"@type\":\"Organization\",\"@id\":\"https:\/\/waracomunicaciones.com\/#organization\",\"name\":\"Wara Comunicaciones\",\"url\":\"https:\/\/waracomunicaciones.com\/\",\"logo\":{\"@type\":\"ImageObject\",\"inLanguage\":\"es\",\"@id\":\"https:\/\/waracomunicaciones.com\/#\/schema\/logo\/image\/\",\"url\":\"https:\/\/waracomunicaciones.com\/wp-content\/uploads\/2025\/07\/logo.png\",\"contentUrl\":\"https:\/\/waracomunicaciones.com\/wp-content\/uploads\/2025\/07\/logo.png\",\"width\":400,\"height\":164,\"caption\":\"Wara Comunicaciones\"},\"image\":{\"@id\":\"https:\/\/waracomunicaciones.com\/#\/schema\/logo\/image\/\"},\"sameAs\":[\"https:\/\/www.facebook.com\/waracomunicaciones2017\"]},{\"@type\":\"Person\",\"@id\":\"https:\/\/waracomunicaciones.com\/#\/schema\/person\/e9db934bc91575cc71fe584c5973244a\",\"name\":\"admin\",\"image\":{\"@type\":\"ImageObject\",\"inLanguage\":\"es\",\"@id\":\"https:\/\/waracomunicaciones.com\/#\/schema\/person\/image\/\",\"url\":\"https:\/\/secure.gravatar.com\/avatar\/bf27e9186df568254093afa216f887fece17605302c6ff12f3980422fffa52e6?s=96&d=mm&r=g\",\"contentUrl\":\"https:\/\/secure.gravatar.com\/avatar\/bf27e9186df568254093afa216f887fece17605302c6ff12f3980422fffa52e6?s=96&d=mm&r=g\",\"caption\":\"admin\"},\"sameAs\":[\"https:\/\/waracomunicaciones.com\/wp\"],\"url\":\"https:\/\/waracomunicaciones.com\/?author=1\"}]}<\/script>\n<!-- \/ Yoast SEO Premium plugin. -->","yoast_head_json":{"title":"Analista: Evo enterr\u00f3 la izquierda por 20 a\u00f1os y sus amenazas son \u00faltimos deseos de poder - Wara Comunicaciones","robots":{"index":"index","follow":"follow","max-snippet":"max-snippet:-1","max-image-preview":"max-image-preview:large","max-video-preview":"max-video-preview:-1"},"canonical":"https:\/\/waracomunicaciones.com\/?p=29","og_locale":"es_ES","og_type":"article","og_title":"Analista: Evo enterr\u00f3 la izquierda por 20 a\u00f1os y sus amenazas son \u00faltimos deseos de poder","og_description":"Ante las amenazas de impedir las elecciones generales previstas para agosto, el analista Luis Alberto Ruiz afirm\u00f3 que las advertencias de Evo Morales \u2014como la idea de contar vidas en lugar de votos o impulsar acciones de boicot\u2014 representan los \u00faltimos deseos de poder de un l\u00edder que, seg\u00fan dijo, se encarg\u00f3 de enterrar a [&hellip;]","og_url":"https:\/\/waracomunicaciones.com\/?p=29","og_site_name":"Wara Comunicaciones","article_publisher":"https:\/\/www.facebook.com\/waracomunicaciones2017","article_published_time":"2025-07-14T03:41:35+00:00","article_modified_time":"2025-07-23T03:47:45+00:00","og_image":[{"url":"https:\/\/waracomunicaciones.com\/wp\/wp-content\/uploads\/2025\/07\/00d9b1e39f02d57be65ad2a9a6eaa3b8_XL.jpg","type":"","width":"","height":""}],"author":"admin","twitter_card":"summary_large_image","twitter_misc":{"Escrito por":"admin","Tiempo de lectura":"2 minutos"},"schema":{"@context":"https:\/\/schema.org","@graph":[{"@type":"Article","@id":"https:\/\/waracomunicaciones.com\/?p=29#article","isPartOf":{"@id":"https:\/\/waracomunicaciones.com\/?p=29"},"author":{"name":"admin","@id":"https:\/\/waracomunicaciones.com\/#\/schema\/person\/e9db934bc91575cc71fe584c5973244a"},"headline":"Analista: Evo enterr\u00f3 la izquierda por 20 a\u00f1os y sus amenazas son \u00faltimos deseos de poder","datePublished":"2025-07-14T03:41:35+00:00","dateModified":"2025-07-23T03:47:45+00:00","mainEntityOfPage":{"@id":"https:\/\/waracomunicaciones.com\/?p=29"},"wordCount":472,"commentCount":0,"publisher":{"@id":"https:\/\/waracomunicaciones.com\/#organization"},"image":{"@id":"https:\/\/waracomunicaciones.com\/?p=29#primaryimage"},"thumbnailUrl":"https:\/\/waracomunicaciones.com\/wp\/wp-content\/uploads\/2025\/07\/00d9b1e39f02d57be65ad2a9a6eaa3b8_XL.jpg","keywords":["MAS","Pol\u00edtica"],"articleSection":["NACIONAL"],"inLanguage":"es","potentialAction":[{"@type":"CommentAction","name":"Comment","target":["https:\/\/waracomunicaciones.com\/?p=29#respond"]}]},{"@type":"WebPage","@id":"https:\/\/waracomunicaciones.com\/?p=29","url":"https:\/\/waracomunicaciones.com\/?p=29","name":"Analista: Evo enterr\u00f3 la izquierda por 20 a\u00f1os y sus amenazas son \u00faltimos deseos de poder - Wara Comunicaciones","isPartOf":{"@id":"https:\/\/waracomunicaciones.com\/#website"},"primaryImageOfPage":{"@id":"https:\/\/waracomunicaciones.com\/?p=29#primaryimage"},"image":{"@id":"https:\/\/waracomunicaciones.com\/?p=29#primaryimage"},"thumbnailUrl":"https:\/\/waracomunicaciones.com\/wp\/wp-content\/uploads\/2025\/07\/00d9b1e39f02d57be65ad2a9a6eaa3b8_XL.jpg","datePublished":"2025-07-14T03:41:35+00:00","dateModified":"2025-07-23T03:47:45+00:00","breadcrumb":{"@id":"https:\/\/waracomunicaciones.com\/?p=29#breadcrumb"},"inLanguage":"es","potentialAction":[{"@type":"ReadAction","target":["https:\/\/waracomunicaciones.com\/?p=29"]}]},{"@type":"ImageObject","inLanguage":"es","@id":"https:\/\/waracomunicaciones.com\/?p=29#primaryimage","url":"https:\/\/waracomunicaciones.com\/wp-content\/uploads\/2025\/07\/00d9b1e39f02d57be65ad2a9a6eaa3b8_XL.jpg","contentUrl":"https:\/\/waracomunicaciones.com\/wp-content\/uploads\/2025\/07\/00d9b1e39f02d57be65ad2a9a6eaa3b8_XL.jpg","width":900,"height":566},{"@type":"BreadcrumbList","@id":"https:\/\/waracomunicaciones.com\/?p=29#breadcrumb","itemListElement":[{"@type":"ListItem","position":1,"name":"Portada","item":"https:\/\/waracomunicaciones.com\/"},{"@type":"ListItem","position":2,"name":"Analista: Evo enterr\u00f3 la izquierda por 20 a\u00f1os y sus amenazas son \u00faltimos deseos de poder"}]},{"@type":"WebSite","@id":"https:\/\/waracomunicaciones.com\/#website","url":"https:\/\/waracomunicaciones.com\/","name":"Wara Comunicaciones","description":"","publisher":{"@id":"https:\/\/waracomunicaciones.com\/#organization"},"potentialAction":[{"@type":"SearchAction","target":{"@type":"EntryPoint","urlTemplate":"https:\/\/waracomunicaciones.com\/?s={search_term_string}"},"query-input":{"@type":"PropertyValueSpecification","valueRequired":true,"valueName":"search_term_string"}}],"inLanguage":"es"},{"@type":"Organization","@id":"https:\/\/waracomunicaciones.com\/#organization","name":"Wara Comunicaciones","url":"https:\/\/waracomunicaciones.com\/","logo":{"@type":"ImageObject","inLanguage":"es","@id":"https:\/\/waracomunicaciones.com\/#\/schema\/logo\/image\/","url":"https:\/\/waracomunicaciones.com\/wp-content\/uploads\/2025\/07\/logo.png","contentUrl":"https:\/\/waracomunicaciones.com\/wp-content\/uploads\/2025\/07\/logo.png","width":400,"height":164,"caption":"Wara Comunicaciones"},"image":{"@id":"https:\/\/waracomunicaciones.com\/#\/schema\/logo\/image\/"},"sameAs":["https:\/\/www.facebook.com\/waracomunicaciones2017"]},{"@type":"Person","@id":"https:\/\/waracomunicaciones.com\/#\/schema\/person\/e9db934bc91575cc71fe584c5973244a","name":"admin","image":{"@type":"ImageObject","inLanguage":"es","@id":"https:\/\/waracomunicaciones.com\/#\/schema\/person\/image\/","url":"https:\/\/secure.gravatar.com\/avatar\/bf27e9186df568254093afa216f887fece17605302c6ff12f3980422fffa52e6?s=96&d=mm&r=g","contentUrl":"https:\/\/secure.gravatar.com\/avatar\/bf27e9186df568254093afa216f887fece17605302c6ff12f3980422fffa52e6?s=96&d=mm&r=g","caption":"admin"},"sameAs":["https:\/\/waracomunicaciones.com\/wp"],"url":"https:\/\/waracomunicaciones.com\/?author=1"}]}},"_links":{"self":[{"href":"https:\/\/waracomunicaciones.com\/index.php?rest_route=\/wp\/v2\/posts\/29","targetHints":{"allow":["GET"]}}],"collection":[{"href":"https:\/\/waracomunicaciones.com\/index.php?rest_route=\/wp\/v2\/posts"}],"about":[{"href":"https:\/\/waracomunicaciones.com\/index.php?rest_route=\/wp\/v2\/types\/post"}],"author":[{"embeddable":true,"href":"https:\/\/waracomunicaciones.com\/index.php?rest_route=\/wp\/v2\/users\/1"}],"replies":[{"embeddable":true,"href":"https:\/\/waracomunicaciones.com\/index.php?rest_route=%2Fwp%2Fv2%2Fcomments&post=29"}],"version-history":[{"count":1,"href":"https:\/\/waracomunicaciones.com\/index.php?rest_route=\/wp\/v2\/posts\/29\/revisions"}],"predecessor-version":[{"id":31,"href":"https:\/\/waracomunicaciones.com\/index.php?rest_route=\/wp\/v2\/posts\/29\/revisions\/31"}],"wp:attachment":[{"href":"https:\/\/waracomunicaciones.com\/index.php?rest_route=%2Fwp%2Fv2%2Fmedia&parent=29"}],"wp:term":[{"taxonomy":"category","embeddable":true,"href":"https:\/\/waracomunicaciones.com\/index.php?rest_route=%2Fwp%2Fv2%2Fcategories&post=29"},{"taxonomy":"post_tag","embeddable":true,"href":"https:\/\/waracomunicaciones.com\/index.php?rest_route=%2Fwp%2Fv2%2Ftags&post=29"}],"curies":[{"name":"wp","href":"https:\/\/api.w.org\/{rel}","templated":true}]}}