{"id":195,"date":"2025-07-27T13:20:58","date_gmt":"2025-07-27T17:20:58","guid":{"rendered":"https:\/\/waracomunicaciones.com\/?p=195"},"modified":"2025-07-27T13:46:19","modified_gmt":"2025-07-27T17:46:19","slug":"san-juan-celebra-su-24-aniversario-maico-moreno-destaca-el-potencial-productivo-del-municipio","status":"publish","type":"post","link":"https:\/\/waracomunicaciones.com\/?p=195","title":{"rendered":"San Juan celebra su 24\u00b0 aniversario: Maico Moreno destaca el potencial productivo del municipio"},"content":{"rendered":"\n<figure class=\"wp-block-image size-full\"><img loading=\"lazy\" decoding=\"async\" width=\"800\" height=\"533\" src=\"https:\/\/waracomunicaciones.com\/wp-content\/uploads\/2025\/07\/IMG-20250727-WA0019.webp\" alt=\"\" class=\"wp-image-197\" srcset=\"https:\/\/waracomunicaciones.com\/wp-content\/uploads\/2025\/07\/IMG-20250727-WA0019.webp 800w, https:\/\/waracomunicaciones.com\/wp-content\/uploads\/2025\/07\/IMG-20250727-WA0019-300x200.webp 300w, https:\/\/waracomunicaciones.com\/wp-content\/uploads\/2025\/07\/IMG-20250727-WA0019-768x512.webp 768w\" sizes=\"auto, (max-width: 800px) 100vw, 800px\" \/><figcaption class=\"wp-element-caption\"><em><strong>Maico Moreno<\/strong>, quien expres\u00f3 su reconocimiento a la historia y los logros alcanzados por San Juan<\/em><\/figcaption><\/figure>\n\n\n<p><strong><b>San Juan, Santa Cruz <\/b><\/strong>\u00a0\u2013 Con un acto c\u00edvico y una muestra de su pujante producci\u00f3n agr\u00edcola, el municipio de <strong><b>San Juan<\/b><\/strong>, en la provincia Ichilo, celebr\u00f3 este s\u00e1bado su <strong><b>24\u00b0 aniversario de creaci\u00f3n<\/b><\/strong>. <!--more-->La jornada estuvo marcada por el orgullo de los habitantes de esta joven jurisdicci\u00f3n, ubicada en el <strong><b>Norte Integrado<\/b><\/strong>\u00a0de Santa Cruz, que conmemoraron su nacimiento como municipio aut\u00f3nomo, un hito que ocurri\u00f3 el <strong><b>26 de julio de 2001<\/b><\/strong>\u00a0bajo la presidencia de <strong><b>Jorge Tuto Quiroga<\/b><\/strong>.<\/p>\n<p>El evento cont\u00f3 con la presencia de autoridades locales, representantes de diversas instituciones, productores y vecinos, quienes se reunieron en la <strong><b>plaza principal<\/b><\/strong>\u00a0para rendir homenaje a este territorio que ha crecido de la mano de su gente y su vocaci\u00f3n agr\u00edcola.<\/p>\n<p><strong><b>Historia y Progreso<\/b><\/strong><\/p>\n<p>San Juan fue fundado como municipio mediante la <strong><b>Ley N.\u00ba 2233<\/b><\/strong>, un paso trascendental que le permiti\u00f3 desarrollar su infraestructura y mejorar la calidad de vida de sus habitantes. Desde sus primeros a\u00f1os, el municipio ha consolidado su identidad agr\u00edcola, destac\u00e1ndose principalmente en la producci\u00f3n de <strong><b>arroz, c\u00edtricos, <\/b><\/strong>\u00a0y en el sector de <strong><b>avicultura<\/b><\/strong>.<\/p>\n<p>El crecimiento de San Juan est\u00e1 directamente vinculado a la dedicaci\u00f3n y trabajo de sus familias productoras, quienes con esfuerzo y perseverancia han logrado posicionar al municipio como un referente en la producci\u00f3n agropecuaria de la regi\u00f3n.<\/p>\n<p><strong><b>Reconocimiento a la labor productiva<\/b><\/strong><\/p>\n<p>Uno de los momentos m\u00e1s destacados del evento fue la intervenci\u00f3n del <strong><b>candidato a diputado por la Circunscripci\u00f3n 57<\/b><\/strong>, <strong><b>Maico Moreno<\/b><\/strong>, quien expres\u00f3 su reconocimiento a la historia y los logros alcanzados por San Juan. \u201c<strong><b>San Juan es ejemplo de progreso<\/b><\/strong>\u00a0y de la Bolivia que produce\u201d, afirm\u00f3 Moreno, quien destac\u00f3 la importancia del trabajo agr\u00edcola para el desarrollo econ\u00f3mico del municipio y del pa\u00eds en general.<\/p>\n<p>Moreno hizo hincapi\u00e9 en que el municipio no solo ha avanzado en lo productivo, sino que tambi\u00e9n ha dado pasos importantes hacia la <strong><b>autonom\u00eda<\/b><\/strong>\u00a0y el <strong><b>desarrollo social<\/b><\/strong>, a pesar de los desaf\u00edos que enfrenta el pa\u00eds.<\/p>\n<p><strong><b>Una muestra de su potencial<\/b><\/strong><\/p>\n<p>Como parte de la celebraci\u00f3n, se present\u00f3 una <strong><b>muestra productiva<\/b><\/strong>, donde los productores locales exhibieron sus productos m\u00e1s representativos, permitiendo a los visitantes conocer de cerca el potencial agroindustrial de San Juan. Esta muestra reafirma la capacidad del municipio para seguir creciendo y posicion\u00e1ndose como un actor clave en la econom\u00eda de la regi\u00f3n.<\/p>\n\n\n<figure class=\"wp-block-gallery has-nested-images columns-default is-cropped wp-block-gallery-1 is-layout-flex wp-block-gallery-is-layout-flex\">\n<figure class=\"wp-block-image size-large\"><img loading=\"lazy\" decoding=\"async\" width=\"800\" height=\"534\" data-id=\"198\" src=\"https:\/\/waracomunicaciones.com\/wp-content\/uploads\/2025\/07\/IMG-20250727-WA0026.webp\" alt=\"\" class=\"wp-image-198\" srcset=\"https:\/\/waracomunicaciones.com\/wp-content\/uploads\/2025\/07\/IMG-20250727-WA0026.webp 800w, https:\/\/waracomunicaciones.com\/wp-content\/uploads\/2025\/07\/IMG-20250727-WA0026-300x200.webp 300w, https:\/\/waracomunicaciones.com\/wp-content\/uploads\/2025\/07\/IMG-20250727-WA0026-768x513.webp 768w\" sizes=\"auto, (max-width: 800px) 100vw, 800px\" \/><\/figure>\n\n\n\n<figure class=\"wp-block-image size-large\"><img loading=\"lazy\" decoding=\"async\" width=\"800\" height=\"599\" data-id=\"200\" src=\"https:\/\/waracomunicaciones.com\/wp-content\/uploads\/2025\/07\/IMG-20250727-WA0025.webp\" alt=\"\" class=\"wp-image-200\" srcset=\"https:\/\/waracomunicaciones.com\/wp-content\/uploads\/2025\/07\/IMG-20250727-WA0025.webp 800w, https:\/\/waracomunicaciones.com\/wp-content\/uploads\/2025\/07\/IMG-20250727-WA0025-300x225.webp 300w, https:\/\/waracomunicaciones.com\/wp-content\/uploads\/2025\/07\/IMG-20250727-WA0025-768x575.webp 768w\" sizes=\"auto, (max-width: 800px) 100vw, 800px\" \/><\/figure>\n\n\n\n<figure class=\"wp-block-image size-large\"><img loading=\"lazy\" decoding=\"async\" width=\"800\" height=\"533\" data-id=\"202\" src=\"https:\/\/waracomunicaciones.com\/wp-content\/uploads\/2025\/07\/IMG-20250727-WA0024.webp\" alt=\"\" class=\"wp-image-202\" srcset=\"https:\/\/waracomunicaciones.com\/wp-content\/uploads\/2025\/07\/IMG-20250727-WA0024.webp 800w, https:\/\/waracomunicaciones.com\/wp-content\/uploads\/2025\/07\/IMG-20250727-WA0024-300x200.webp 300w, https:\/\/waracomunicaciones.com\/wp-content\/uploads\/2025\/07\/IMG-20250727-WA0024-768x512.webp 768w\" sizes=\"auto, (max-width: 800px) 100vw, 800px\" \/><\/figure>\n\n\n\n<figure class=\"wp-block-image size-large\"><img loading=\"lazy\" decoding=\"async\" width=\"800\" height=\"533\" data-id=\"203\" src=\"https:\/\/waracomunicaciones.com\/wp-content\/uploads\/2025\/07\/IMG-20250727-WA0022.webp\" alt=\"\" class=\"wp-image-203\" srcset=\"https:\/\/waracomunicaciones.com\/wp-content\/uploads\/2025\/07\/IMG-20250727-WA0022.webp 800w, https:\/\/waracomunicaciones.com\/wp-content\/uploads\/2025\/07\/IMG-20250727-WA0022-300x200.webp 300w, https:\/\/waracomunicaciones.com\/wp-content\/uploads\/2025\/07\/IMG-20250727-WA0022-768x512.webp 768w\" sizes=\"auto, (max-width: 800px) 100vw, 800px\" \/><\/figure>\n\n\n\n<figure class=\"wp-block-image size-large\"><img loading=\"lazy\" decoding=\"async\" width=\"800\" height=\"533\" data-id=\"204\" src=\"https:\/\/waracomunicaciones.com\/wp-content\/uploads\/2025\/07\/IMG-20250727-WA0023.webp\" alt=\"\" class=\"wp-image-204\" srcset=\"https:\/\/waracomunicaciones.com\/wp-content\/uploads\/2025\/07\/IMG-20250727-WA0023.webp 800w, https:\/\/waracomunicaciones.com\/wp-content\/uploads\/2025\/07\/IMG-20250727-WA0023-300x200.webp 300w, https:\/\/waracomunicaciones.com\/wp-content\/uploads\/2025\/07\/IMG-20250727-WA0023-768x512.webp 768w\" sizes=\"auto, (max-width: 800px) 100vw, 800px\" \/><\/figure>\n\n\n\n<figure class=\"wp-block-image size-large\"><img loading=\"lazy\" decoding=\"async\" width=\"800\" height=\"533\" data-id=\"205\" src=\"https:\/\/waracomunicaciones.com\/wp-content\/uploads\/2025\/07\/IMG-20250727-WA0020-1.webp\" alt=\"\" class=\"wp-image-205\" srcset=\"https:\/\/waracomunicaciones.com\/wp-content\/uploads\/2025\/07\/IMG-20250727-WA0020-1.webp 800w, https:\/\/waracomunicaciones.com\/wp-content\/uploads\/2025\/07\/IMG-20250727-WA0020-1-300x200.webp 300w, https:\/\/waracomunicaciones.com\/wp-content\/uploads\/2025\/07\/IMG-20250727-WA0020-1-768x512.webp 768w\" sizes=\"auto, (max-width: 800px) 100vw, 800px\" \/><\/figure>\n\n\n\n<figure class=\"wp-block-image size-large\"><img loading=\"lazy\" decoding=\"async\" width=\"800\" height=\"533\" data-id=\"199\" src=\"https:\/\/waracomunicaciones.com\/wp-content\/uploads\/2025\/07\/IMG-20250727-WA0021.webp\" alt=\"\" class=\"wp-image-199\" srcset=\"https:\/\/waracomunicaciones.com\/wp-content\/uploads\/2025\/07\/IMG-20250727-WA0021.webp 800w, https:\/\/waracomunicaciones.com\/wp-content\/uploads\/2025\/07\/IMG-20250727-WA0021-300x200.webp 300w, https:\/\/waracomunicaciones.com\/wp-content\/uploads\/2025\/07\/IMG-20250727-WA0021-768x512.webp 768w\" sizes=\"auto, (max-width: 800px) 100vw, 800px\" \/><\/figure>\n\n\n\n<figure class=\"wp-block-image size-large\"><img loading=\"lazy\" decoding=\"async\" width=\"800\" height=\"533\" data-id=\"206\" src=\"https:\/\/waracomunicaciones.com\/wp-content\/uploads\/2025\/07\/IMG-20250727-WA0017.webp\" alt=\"\" class=\"wp-image-206\" srcset=\"https:\/\/waracomunicaciones.com\/wp-content\/uploads\/2025\/07\/IMG-20250727-WA0017.webp 800w, https:\/\/waracomunicaciones.com\/wp-content\/uploads\/2025\/07\/IMG-20250727-WA0017-300x200.webp 300w, https:\/\/waracomunicaciones.com\/wp-content\/uploads\/2025\/07\/IMG-20250727-WA0017-768x512.webp 768w\" sizes=\"auto, (max-width: 800px) 100vw, 800px\" \/><\/figure>\n\n\n\n<figure class=\"wp-block-image size-large\"><img loading=\"lazy\" decoding=\"async\" width=\"800\" height=\"533\" data-id=\"201\" src=\"https:\/\/waracomunicaciones.com\/wp-content\/uploads\/2025\/07\/IMG-20250727-WA0018.webp\" alt=\"\" class=\"wp-image-201\" srcset=\"https:\/\/waracomunicaciones.com\/wp-content\/uploads\/2025\/07\/IMG-20250727-WA0018.webp 800w, https:\/\/waracomunicaciones.com\/wp-content\/uploads\/2025\/07\/IMG-20250727-WA0018-300x200.webp 300w, https:\/\/waracomunicaciones.com\/wp-content\/uploads\/2025\/07\/IMG-20250727-WA0018-768x512.webp 768w\" sizes=\"auto, (max-width: 800px) 100vw, 800px\" \/><\/figure>\n<\/figure>\n<div style=\"margin-top: 0px; margin-bottom: 0px;\" class=\"sharethis-inline-reaction-buttons\" ><\/div>","protected":false},"excerpt":{"rendered":"<p>San Juan, Santa Cruz \u00a0\u2013 Con un acto c\u00edvico y una muestra de su pujante producci\u00f3n agr\u00edcola, el municipio de San Juan, en la provincia Ichilo, celebr\u00f3 este s\u00e1bado su 24\u00b0 aniversario de creaci\u00f3n.<\/p>\n","protected":false},"author":1,"featured_media":197,"comment_status":"open","ping_status":"open","sticky":false,"template":"","format":"standard","meta":{"footnotes":""},"categories":[42],"tags":[57,11,28,70],"class_list":["post-195","post","type-post","status-publish","format-standard","has-post-thumbnail","hentry","category-politica","tag-c-57","tag-elecciones-nacionales-2025","tag-maico-moreno-vaca","tag-san-juan"],"yoast_head":"<!-- This site is optimized with the Yoast SEO Premium plugin v25.5 (Yoast SEO v27.1.1) - https:\/\/yoast.com\/product\/yoast-seo-premium-wordpress\/ -->\n<title>San Juan celebra su 24\u00b0 aniversario: Maico Moreno destaca el potencial productivo del municipio - Wara Comunicaciones<\/title>\n<meta name=\"robots\" content=\"index, follow, max-snippet:-1, max-image-preview:large, max-video-preview:-1\" \/>\n<link rel=\"canonical\" href=\"https:\/\/waracomunicaciones.com\/?p=195\" \/>\n<meta property=\"og:locale\" content=\"es_ES\" \/>\n<meta property=\"og:type\" content=\"article\" \/>\n<meta property=\"og:title\" content=\"San Juan celebra su 24\u00b0 aniversario: Maico Moreno destaca el potencial productivo del municipio\" \/>\n<meta property=\"og:description\" content=\"San Juan, Santa Cruz \u00a0\u2013 Con un acto c\u00edvico y una muestra de su pujante producci\u00f3n agr\u00edcola, el municipio de San Juan, en la provincia Ichilo, celebr\u00f3 este s\u00e1bado su 24\u00b0 aniversario de creaci\u00f3n.\" \/>\n<meta property=\"og:url\" content=\"https:\/\/waracomunicaciones.com\/?p=195\" \/>\n<meta property=\"og:site_name\" content=\"Wara Comunicaciones\" \/>\n<meta property=\"article:publisher\" content=\"https:\/\/www.facebook.com\/waracomunicaciones2017\" \/>\n<meta property=\"article:published_time\" content=\"2025-07-27T17:20:58+00:00\" \/>\n<meta property=\"article:modified_time\" content=\"2025-07-27T17:46:19+00:00\" \/>\n<meta property=\"og:image\" content=\"https:\/\/waracomunicaciones.com\/wp-content\/uploads\/2025\/07\/IMG-20250727-WA0019.webp\" \/>\n\t<meta property=\"og:image:width\" content=\"800\" \/>\n\t<meta property=\"og:image:height\" content=\"533\" \/>\n\t<meta property=\"og:image:type\" content=\"image\/webp\" \/>\n<meta name=\"author\" content=\"admin\" \/>\n<meta name=\"twitter:card\" content=\"summary_large_image\" \/>\n<meta name=\"twitter:label1\" content=\"Escrito por\" \/>\n\t<meta name=\"twitter:data1\" content=\"admin\" \/>\n\t<meta name=\"twitter:label2\" content=\"Tiempo de lectura\" \/>\n\t<meta name=\"twitter:data2\" content=\"5 minutos\" \/>\n<script type=\"application\/ld+json\" class=\"yoast-schema-graph\">{\"@context\":\"https:\/\/schema.org\",\"@graph\":[{\"@type\":\"Article\",\"@id\":\"https:\/\/waracomunicaciones.com\/?p=195#article\",\"isPartOf\":{\"@id\":\"https:\/\/waracomunicaciones.com\/?p=195\"},\"author\":{\"name\":\"admin\",\"@id\":\"https:\/\/waracomunicaciones.com\/#\/schema\/person\/e9db934bc91575cc71fe584c5973244a\"},\"headline\":\"San Juan celebra su 24\u00b0 aniversario: Maico Moreno destaca el potencial productivo del municipio\",\"datePublished\":\"2025-07-27T17:20:58+00:00\",\"dateModified\":\"2025-07-27T17:46:19+00:00\",\"mainEntityOfPage\":{\"@id\":\"https:\/\/waracomunicaciones.com\/?p=195\"},\"wordCount\":439,\"commentCount\":0,\"publisher\":{\"@id\":\"https:\/\/waracomunicaciones.com\/#organization\"},\"image\":{\"@id\":\"https:\/\/waracomunicaciones.com\/?p=195#primaryimage\"},\"thumbnailUrl\":\"https:\/\/waracomunicaciones.com\/wp-content\/uploads\/2025\/07\/IMG-20250727-WA0019.webp\",\"keywords\":[\"C-57\",\"Elecciones Nacionales 2025\",\"Maico Moreno Vaca\",\"San Juan\"],\"articleSection\":[\"Pol\u00edtica\"],\"inLanguage\":\"es\",\"potentialAction\":[{\"@type\":\"CommentAction\",\"name\":\"Comment\",\"target\":[\"https:\/\/waracomunicaciones.com\/?p=195#respond\"]}]},{\"@type\":\"WebPage\",\"@id\":\"https:\/\/waracomunicaciones.com\/?p=195\",\"url\":\"https:\/\/waracomunicaciones.com\/?p=195\",\"name\":\"San Juan celebra su 24\u00b0 aniversario: Maico Moreno destaca el potencial productivo del municipio - Wara Comunicaciones\",\"isPartOf\":{\"@id\":\"https:\/\/waracomunicaciones.com\/#website\"},\"primaryImageOfPage\":{\"@id\":\"https:\/\/waracomunicaciones.com\/?p=195#primaryimage\"},\"image\":{\"@id\":\"https:\/\/waracomunicaciones.com\/?p=195#primaryimage\"},\"thumbnailUrl\":\"https:\/\/waracomunicaciones.com\/wp-content\/uploads\/2025\/07\/IMG-20250727-WA0019.webp\",\"datePublished\":\"2025-07-27T17:20:58+00:00\",\"dateModified\":\"2025-07-27T17:46:19+00:00\",\"breadcrumb\":{\"@id\":\"https:\/\/waracomunicaciones.com\/?p=195#breadcrumb\"},\"inLanguage\":\"es\",\"potentialAction\":[{\"@type\":\"ReadAction\",\"target\":[\"https:\/\/waracomunicaciones.com\/?p=195\"]}]},{\"@type\":\"ImageObject\",\"inLanguage\":\"es\",\"@id\":\"https:\/\/waracomunicaciones.com\/?p=195#primaryimage\",\"url\":\"https:\/\/waracomunicaciones.com\/wp-content\/uploads\/2025\/07\/IMG-20250727-WA0019.webp\",\"contentUrl\":\"https:\/\/waracomunicaciones.com\/wp-content\/uploads\/2025\/07\/IMG-20250727-WA0019.webp\",\"width\":800,\"height\":533},{\"@type\":\"BreadcrumbList\",\"@id\":\"https:\/\/waracomunicaciones.com\/?p=195#breadcrumb\",\"itemListElement\":[{\"@type\":\"ListItem\",\"position\":1,\"name\":\"Portada\",\"item\":\"https:\/\/waracomunicaciones.com\/\"},{\"@type\":\"ListItem\",\"position\":2,\"name\":\"San Juan celebra su 24\u00b0 aniversario: Maico Moreno destaca el potencial productivo del municipio\"}]},{\"@type\":\"WebSite\",\"@id\":\"https:\/\/waracomunicaciones.com\/#website\",\"url\":\"https:\/\/waracomunicaciones.com\/\",\"name\":\"Wara Comunicaciones\",\"description\":\"\",\"publisher\":{\"@id\":\"https:\/\/waracomunicaciones.com\/#organization\"},\"potentialAction\":[{\"@type\":\"SearchAction\",\"target\":{\"@type\":\"EntryPoint\",\"urlTemplate\":\"https:\/\/waracomunicaciones.com\/?s={search_term_string}\"},\"query-input\":{\"@type\":\"PropertyValueSpecification\",\"valueRequired\":true,\"valueName\":\"search_term_string\"}}],\"inLanguage\":\"es\"},{\"@type\":\"Organization\",\"@id\":\"https:\/\/waracomunicaciones.com\/#organization\",\"name\":\"Wara Comunicaciones\",\"url\":\"https:\/\/waracomunicaciones.com\/\",\"logo\":{\"@type\":\"ImageObject\",\"inLanguage\":\"es\",\"@id\":\"https:\/\/waracomunicaciones.com\/#\/schema\/logo\/image\/\",\"url\":\"https:\/\/waracomunicaciones.com\/wp-content\/uploads\/2025\/07\/logo.png\",\"contentUrl\":\"https:\/\/waracomunicaciones.com\/wp-content\/uploads\/2025\/07\/logo.png\",\"width\":400,\"height\":164,\"caption\":\"Wara Comunicaciones\"},\"image\":{\"@id\":\"https:\/\/waracomunicaciones.com\/#\/schema\/logo\/image\/\"},\"sameAs\":[\"https:\/\/www.facebook.com\/waracomunicaciones2017\"]},{\"@type\":\"Person\",\"@id\":\"https:\/\/waracomunicaciones.com\/#\/schema\/person\/e9db934bc91575cc71fe584c5973244a\",\"name\":\"admin\",\"image\":{\"@type\":\"ImageObject\",\"inLanguage\":\"es\",\"@id\":\"https:\/\/waracomunicaciones.com\/#\/schema\/person\/image\/\",\"url\":\"https:\/\/secure.gravatar.com\/avatar\/bf27e9186df568254093afa216f887fece17605302c6ff12f3980422fffa52e6?s=96&d=mm&r=g\",\"contentUrl\":\"https:\/\/secure.gravatar.com\/avatar\/bf27e9186df568254093afa216f887fece17605302c6ff12f3980422fffa52e6?s=96&d=mm&r=g\",\"caption\":\"admin\"},\"sameAs\":[\"https:\/\/waracomunicaciones.com\/wp\"],\"url\":\"https:\/\/waracomunicaciones.com\/?author=1\"}]}<\/script>\n<!-- \/ Yoast SEO Premium plugin. -->","yoast_head_json":{"title":"San Juan celebra su 24\u00b0 aniversario: Maico Moreno destaca el potencial productivo del municipio - Wara Comunicaciones","robots":{"index":"index","follow":"follow","max-snippet":"max-snippet:-1","max-image-preview":"max-image-preview:large","max-video-preview":"max-video-preview:-1"},"canonical":"https:\/\/waracomunicaciones.com\/?p=195","og_locale":"es_ES","og_type":"article","og_title":"San Juan celebra su 24\u00b0 aniversario: Maico Moreno destaca el potencial productivo del municipio","og_description":"San Juan, Santa Cruz \u00a0\u2013 Con un acto c\u00edvico y una muestra de su pujante producci\u00f3n agr\u00edcola, el municipio de San Juan, en la provincia Ichilo, celebr\u00f3 este s\u00e1bado su 24\u00b0 aniversario de creaci\u00f3n.","og_url":"https:\/\/waracomunicaciones.com\/?p=195","og_site_name":"Wara Comunicaciones","article_publisher":"https:\/\/www.facebook.com\/waracomunicaciones2017","article_published_time":"2025-07-27T17:20:58+00:00","article_modified_time":"2025-07-27T17:46:19+00:00","og_image":[{"width":800,"height":533,"url":"https:\/\/waracomunicaciones.com\/wp-content\/uploads\/2025\/07\/IMG-20250727-WA0019.webp","type":"image\/webp"}],"author":"admin","twitter_card":"summary_large_image","twitter_misc":{"Escrito por":"admin","Tiempo de lectura":"5 minutos"},"schema":{"@context":"https:\/\/schema.org","@graph":[{"@type":"Article","@id":"https:\/\/waracomunicaciones.com\/?p=195#article","isPartOf":{"@id":"https:\/\/waracomunicaciones.com\/?p=195"},"author":{"name":"admin","@id":"https:\/\/waracomunicaciones.com\/#\/schema\/person\/e9db934bc91575cc71fe584c5973244a"},"headline":"San Juan celebra su 24\u00b0 aniversario: Maico Moreno destaca el potencial productivo del municipio","datePublished":"2025-07-27T17:20:58+00:00","dateModified":"2025-07-27T17:46:19+00:00","mainEntityOfPage":{"@id":"https:\/\/waracomunicaciones.com\/?p=195"},"wordCount":439,"commentCount":0,"publisher":{"@id":"https:\/\/waracomunicaciones.com\/#organization"},"image":{"@id":"https:\/\/waracomunicaciones.com\/?p=195#primaryimage"},"thumbnailUrl":"https:\/\/waracomunicaciones.com\/wp-content\/uploads\/2025\/07\/IMG-20250727-WA0019.webp","keywords":["C-57","Elecciones Nacionales 2025","Maico Moreno Vaca","San Juan"],"articleSection":["Pol\u00edtica"],"inLanguage":"es","potentialAction":[{"@type":"CommentAction","name":"Comment","target":["https:\/\/waracomunicaciones.com\/?p=195#respond"]}]},{"@type":"WebPage","@id":"https:\/\/waracomunicaciones.com\/?p=195","url":"https:\/\/waracomunicaciones.com\/?p=195","name":"San Juan celebra su 24\u00b0 aniversario: Maico Moreno destaca el potencial productivo del municipio - Wara Comunicaciones","isPartOf":{"@id":"https:\/\/waracomunicaciones.com\/#website"},"primaryImageOfPage":{"@id":"https:\/\/waracomunicaciones.com\/?p=195#primaryimage"},"image":{"@id":"https:\/\/waracomunicaciones.com\/?p=195#primaryimage"},"thumbnailUrl":"https:\/\/waracomunicaciones.com\/wp-content\/uploads\/2025\/07\/IMG-20250727-WA0019.webp","datePublished":"2025-07-27T17:20:58+00:00","dateModified":"2025-07-27T17:46:19+00:00","breadcrumb":{"@id":"https:\/\/waracomunicaciones.com\/?p=195#breadcrumb"},"inLanguage":"es","potentialAction":[{"@type":"ReadAction","target":["https:\/\/waracomunicaciones.com\/?p=195"]}]},{"@type":"ImageObject","inLanguage":"es","@id":"https:\/\/waracomunicaciones.com\/?p=195#primaryimage","url":"https:\/\/waracomunicaciones.com\/wp-content\/uploads\/2025\/07\/IMG-20250727-WA0019.webp","contentUrl":"https:\/\/waracomunicaciones.com\/wp-content\/uploads\/2025\/07\/IMG-20250727-WA0019.webp","width":800,"height":533},{"@type":"BreadcrumbList","@id":"https:\/\/waracomunicaciones.com\/?p=195#breadcrumb","itemListElement":[{"@type":"ListItem","position":1,"name":"Portada","item":"https:\/\/waracomunicaciones.com\/"},{"@type":"ListItem","position":2,"name":"San Juan celebra su 24\u00b0 aniversario: Maico Moreno destaca el potencial productivo del municipio"}]},{"@type":"WebSite","@id":"https:\/\/waracomunicaciones.com\/#website","url":"https:\/\/waracomunicaciones.com\/","name":"Wara Comunicaciones","description":"","publisher":{"@id":"https:\/\/waracomunicaciones.com\/#organization"},"potentialAction":[{"@type":"SearchAction","target":{"@type":"EntryPoint","urlTemplate":"https:\/\/waracomunicaciones.com\/?s={search_term_string}"},"query-input":{"@type":"PropertyValueSpecification","valueRequired":true,"valueName":"search_term_string"}}],"inLanguage":"es"},{"@type":"Organization","@id":"https:\/\/waracomunicaciones.com\/#organization","name":"Wara Comunicaciones","url":"https:\/\/waracomunicaciones.com\/","logo":{"@type":"ImageObject","inLanguage":"es","@id":"https:\/\/waracomunicaciones.com\/#\/schema\/logo\/image\/","url":"https:\/\/waracomunicaciones.com\/wp-content\/uploads\/2025\/07\/logo.png","contentUrl":"https:\/\/waracomunicaciones.com\/wp-content\/uploads\/2025\/07\/logo.png","width":400,"height":164,"caption":"Wara Comunicaciones"},"image":{"@id":"https:\/\/waracomunicaciones.com\/#\/schema\/logo\/image\/"},"sameAs":["https:\/\/www.facebook.com\/waracomunicaciones2017"]},{"@type":"Person","@id":"https:\/\/waracomunicaciones.com\/#\/schema\/person\/e9db934bc91575cc71fe584c5973244a","name":"admin","image":{"@type":"ImageObject","inLanguage":"es","@id":"https:\/\/waracomunicaciones.com\/#\/schema\/person\/image\/","url":"https:\/\/secure.gravatar.com\/avatar\/bf27e9186df568254093afa216f887fece17605302c6ff12f3980422fffa52e6?s=96&d=mm&r=g","contentUrl":"https:\/\/secure.gravatar.com\/avatar\/bf27e9186df568254093afa216f887fece17605302c6ff12f3980422fffa52e6?s=96&d=mm&r=g","caption":"admin"},"sameAs":["https:\/\/waracomunicaciones.com\/wp"],"url":"https:\/\/waracomunicaciones.com\/?author=1"}]}},"_links":{"self":[{"href":"https:\/\/waracomunicaciones.com\/index.php?rest_route=\/wp\/v2\/posts\/195","targetHints":{"allow":["GET"]}}],"collection":[{"href":"https:\/\/waracomunicaciones.com\/index.php?rest_route=\/wp\/v2\/posts"}],"about":[{"href":"https:\/\/waracomunicaciones.com\/index.php?rest_route=\/wp\/v2\/types\/post"}],"author":[{"embeddable":true,"href":"https:\/\/waracomunicaciones.com\/index.php?rest_route=\/wp\/v2\/users\/1"}],"replies":[{"embeddable":true,"href":"https:\/\/waracomunicaciones.com\/index.php?rest_route=%2Fwp%2Fv2%2Fcomments&post=195"}],"version-history":[{"count":1,"href":"https:\/\/waracomunicaciones.com\/index.php?rest_route=\/wp\/v2\/posts\/195\/revisions"}],"predecessor-version":[{"id":207,"href":"https:\/\/waracomunicaciones.com\/index.php?rest_route=\/wp\/v2\/posts\/195\/revisions\/207"}],"wp:featuredmedia":[{"embeddable":true,"href":"https:\/\/waracomunicaciones.com\/index.php?rest_route=\/wp\/v2\/media\/197"}],"wp:attachment":[{"href":"https:\/\/waracomunicaciones.com\/index.php?rest_route=%2Fwp%2Fv2%2Fmedia&parent=195"}],"wp:term":[{"taxonomy":"category","embeddable":true,"href":"https:\/\/waracomunicaciones.com\/index.php?rest_route=%2Fwp%2Fv2%2Fcategories&post=195"},{"taxonomy":"post_tag","embeddable":true,"href":"https:\/\/waracomunicaciones.com\/index.php?rest_route=%2Fwp%2Fv2%2Ftags&post=195"}],"curies":[{"name":"wp","href":"https:\/\/api.w.org\/{rel}","templated":true}]}}