{"id":188,"date":"2025-07-27T12:53:43","date_gmt":"2025-07-27T16:53:43","guid":{"rendered":"https:\/\/waracomunicaciones.com\/?p=188"},"modified":"2025-07-27T12:54:20","modified_gmt":"2025-07-27T16:54:20","slug":"graves-denuncias-sacuden-a-la-alcaldia-de-montero-presiones-politicas-nepotismo-y-uso-indebido-de-recursos-publicos","status":"publish","type":"post","link":"https:\/\/waracomunicaciones.com\/?p=188","title":{"rendered":"Graves denuncias sacuden a la Alcald\u00eda de Montero: presiones pol\u00edticas, nepotismo y uso indebido de recursos p\u00fablicos"},"content":{"rendered":"\n<figure class=\"wp-block-image size-full\"><img loading=\"lazy\" decoding=\"async\" width=\"800\" height=\"558\" src=\"https:\/\/waracomunicaciones.com\/wp-content\/uploads\/2025\/07\/Proyecto-nuevo-72.webp\" alt=\"\" class=\"wp-image-189\" srcset=\"https:\/\/waracomunicaciones.com\/wp-content\/uploads\/2025\/07\/Proyecto-nuevo-72.webp 800w, https:\/\/waracomunicaciones.com\/wp-content\/uploads\/2025\/07\/Proyecto-nuevo-72-300x209.webp 300w, https:\/\/waracomunicaciones.com\/wp-content\/uploads\/2025\/07\/Proyecto-nuevo-72-768x536.webp 768w\" sizes=\"auto, (max-width: 800px) 100vw, 800px\" \/><figcaption class=\"wp-element-caption\"><em>Edgar Orlando <strong>\u201cChiqui\u201d<\/strong> Limpias &#8211; Foto archivo<\/em><\/figcaption><\/figure>\n\n\n<p><strong><b>Montero,<\/b><\/strong>\u00a0\u2013 El Gobierno Municipal de Montero, encabezado por el alcalde Regys Medina, se encuentra en el centro de una creciente pol\u00e9mica marcada por acusaciones de nepotismo, presiones pol\u00edticas a funcionarios y supuestos beneficios personales con recursos p\u00fablicos.<!--more--> La situaci\u00f3n ha escalado tras las declaraciones de diversos actores pol\u00edticos y sociales que aseguran tener pruebas documentadas sobre las irregularidades.<\/p>\n<p>El principal asesor del alcalde, <strong><b>Orlando \u201cChiqui\u201d Limpias<\/b><\/strong>, defendi\u00f3 la gesti\u00f3n y neg\u00f3 rotundamente las acusaciones, calific\u00e1ndolas como parte de una campa\u00f1a pol\u00edtica. \u201cEstamos en plena campa\u00f1a electoral. Es normal que surjan cr\u00edticas de toda naturaleza, sobre todo cuando las encuestas no favorecen a los opositores\u201d, sostuvo Limpias en entrevista.<\/p>\n<p><strong><b>Denuncias en aumento<\/b><\/strong><\/p>\n<p>Uno de los detonantes fue la denuncia del activista pol\u00edtico y social <strong><b>Eduard N\u00fa\u00f1ez<\/b><\/strong>, quien afirm\u00f3 que los funcionarios municipales son obligados a financiar actividades pol\u00edticas con sus propios recursos, lo que estar\u00eda afectando su econom\u00eda y vulnerando sus derechos laborales. \u00abLos funcionarios est\u00e1n pagando salarios, campa\u00f1as pol\u00edticas, favores personales y hasta relaciones sentimentales indebidas con nuestros impuestos\u00bb, sostuvo.<\/p>\n<p>Consultado al respecto, Limpias respondi\u00f3: \u201cEs muy bajo denigrar sin pruebas. Especialmente si se trata de mujeres, y peor a\u00fan si son mujeres casadas. Cuando no hay nombre ni apellido, no hay credibilidad\u201d.<\/p>\n<p>Por su parte, la concejala <strong><b>Beizaga<\/b><\/strong>\u00a0reforz\u00f3 las acusaciones asegurando que el nepotismo es un problema evidente dentro del municipio. \u201cJulio L\u00f3pez tiene a su hija trabajando en la Alcald\u00eda. Nos bloquean el acceso a informaci\u00f3n para poder fiscalizar. Ya tenemos las pruebas desde el a\u00f1o pasado\u201d, denunci\u00f3.<\/p>\n<p>Ante esta situaci\u00f3n, Limpias argument\u00f3 que no se configura t\u00e9cnicamente la figura de nepotismo. \u201cHay funcionarios que pueden estar contratados con diferentes modalidades: uno con \u00edtem, otro con contrato. Eso es com\u00fan en instituciones p\u00fablicas\u201d, explic\u00f3.<\/p>\n<p><strong><b>Cr\u00edticas desde la sociedad civil<\/b><\/strong><\/p>\n<p>La exsubgobernadora <strong><b>Gabriela Guti\u00e9rrez<\/b><\/strong>\u00a0tambi\u00e9n se sum\u00f3 a las cr\u00edticas, acusando al alcalde de utilizar la administraci\u00f3n p\u00fablica con fines personales. \u201cNo estamos en una monarqu\u00eda hereditaria. Montero est\u00e1 harto de ver c\u00f3mo los mismos apellidos dominan la pol\u00edtica local\u201d, afirm\u00f3, en clara referencia al hijo del alcalde que es \u00a0candidato a diputado plurinominal por la Alianza Unidad.<\/p>\n<p>Limpias minimiz\u00f3 estas cr\u00edticas, asegurando que provienen de actores pol\u00edticos con aspiraciones electorales. \u201cGabriela Guti\u00e9rrez fue subgobernadora y seguramente quiere volver a ser candidata. Es parte del juego pol\u00edtico\u201d, dijo.<\/p>\n<p><strong><b>Divisiones en el MNR y respaldo a candidaturas<\/b><\/strong><\/p>\n<p>En medio del clima tenso, el Movimiento Nacionalista Revolucionario (MNR) en Montero oficializ\u00f3 su respaldo a la candidatura de <strong><b>Michael Moreno y Dolly Carvajal<\/b><\/strong>, dentro de la alianza opositora <strong><b>Libre<\/b><\/strong>, liderada por el expresidente Jorge \u00abTuto\u00bb Quiroga. El anuncio fue calificado como un \u201cacto hist\u00f3rico\u201d por sus participantes.<\/p>\n<p>Orlando Limpias, exalcalde y referente del MNR en Montero, aclar\u00f3 que actualmente no existe una jefatura seccional electa del partido en la ciudad. \u201cAyer aparecieron 20 j\u00f3venes y dos emenerristas apoyando a Tuto. Pero la mayor\u00eda del MNR apoya a Dorio Medina. Cada quien est\u00e1 en su derecho\u201d, sostuvo.<\/p>\n<p><strong><b>Hacia una nueva elecci\u00f3n<\/b><\/strong><\/p>\n<p>De cara a las elecciones nacionales del <strong><b>17 de agosto<\/b><\/strong>, Limpias pidi\u00f3 unidad y un cambio de rumbo para el pa\u00eds. \u201cNecesitamos un gobierno fuerte, de unidad nacional. No podemos seguir con un modelo de 20 a\u00f1os que no ha funcionado\u201d, finaliz\u00f3.<\/p>\n<p>Las pr\u00f3ximas semanas ser\u00e1n claves para el futuro pol\u00edtico de Montero, mientras crecen las exigencias de transparencia y rendici\u00f3n de cuentas por parte de la ciudadan\u00eda.<\/p><div style=\"margin-top: 0px; margin-bottom: 0px;\" class=\"sharethis-inline-reaction-buttons\" ><\/div>","protected":false},"excerpt":{"rendered":"<p>Montero,\u00a0\u2013 El Gobierno Municipal de Montero, encabezado por el alcalde Regys Medina, se encuentra en el centro de una creciente pol\u00e9mica marcada por acusaciones de nepotismo, presiones pol\u00edticas a funcionarios y supuestos beneficios personales con recursos p\u00fablicos.<\/p>\n","protected":false},"author":1,"featured_media":189,"comment_status":"open","ping_status":"open","sticky":false,"template":"","format":"standard","meta":{"footnotes":""},"categories":[42],"tags":[69,19,65],"class_list":["post-188","post","type-post","status-publish","format-standard","has-post-thumbnail","hentry","category-politica","tag-chiqui-limpias","tag-montero","tag-nepotismo"],"yoast_head":"<!-- This site is optimized with the Yoast SEO Premium plugin v25.5 (Yoast SEO v27.1.1) - https:\/\/yoast.com\/product\/yoast-seo-premium-wordpress\/ -->\n<title>Graves denuncias sacuden a la Alcald\u00eda de Montero: presiones pol\u00edticas, nepotismo y uso indebido de recursos p\u00fablicos - Wara Comunicaciones<\/title>\n<meta name=\"robots\" content=\"index, follow, max-snippet:-1, max-image-preview:large, max-video-preview:-1\" \/>\n<link rel=\"canonical\" href=\"https:\/\/waracomunicaciones.com\/?p=188\" \/>\n<meta property=\"og:locale\" content=\"es_ES\" \/>\n<meta property=\"og:type\" content=\"article\" \/>\n<meta property=\"og:title\" content=\"Graves denuncias sacuden a la Alcald\u00eda de Montero: presiones pol\u00edticas, nepotismo y uso indebido de recursos p\u00fablicos\" \/>\n<meta property=\"og:description\" content=\"Montero,\u00a0\u2013 El Gobierno Municipal de Montero, encabezado por el alcalde Regys Medina, se encuentra en el centro de una creciente pol\u00e9mica marcada por acusaciones de nepotismo, presiones pol\u00edticas a funcionarios y supuestos beneficios personales con recursos p\u00fablicos.\" \/>\n<meta property=\"og:url\" content=\"https:\/\/waracomunicaciones.com\/?p=188\" \/>\n<meta property=\"og:site_name\" content=\"Wara Comunicaciones\" \/>\n<meta property=\"article:publisher\" content=\"https:\/\/www.facebook.com\/waracomunicaciones2017\" \/>\n<meta property=\"article:published_time\" content=\"2025-07-27T16:53:43+00:00\" \/>\n<meta property=\"article:modified_time\" content=\"2025-07-27T16:54:20+00:00\" \/>\n<meta property=\"og:image\" content=\"https:\/\/waracomunicaciones.com\/wp-content\/uploads\/2025\/07\/Proyecto-nuevo-72.webp\" \/>\n\t<meta property=\"og:image:width\" content=\"800\" \/>\n\t<meta property=\"og:image:height\" content=\"558\" \/>\n\t<meta property=\"og:image:type\" content=\"image\/webp\" \/>\n<meta name=\"author\" content=\"admin\" \/>\n<meta name=\"twitter:card\" content=\"summary_large_image\" \/>\n<meta name=\"twitter:label1\" content=\"Escrito por\" \/>\n\t<meta name=\"twitter:data1\" content=\"admin\" \/>\n\t<meta name=\"twitter:label2\" content=\"Tiempo de lectura\" \/>\n\t<meta name=\"twitter:data2\" content=\"3 minutos\" \/>\n<script type=\"application\/ld+json\" class=\"yoast-schema-graph\">{\"@context\":\"https:\/\/schema.org\",\"@graph\":[{\"@type\":\"Article\",\"@id\":\"https:\/\/waracomunicaciones.com\/?p=188#article\",\"isPartOf\":{\"@id\":\"https:\/\/waracomunicaciones.com\/?p=188\"},\"author\":{\"name\":\"admin\",\"@id\":\"https:\/\/waracomunicaciones.com\/#\/schema\/person\/e9db934bc91575cc71fe584c5973244a\"},\"headline\":\"Graves denuncias sacuden a la Alcald\u00eda de Montero: presiones pol\u00edticas, nepotismo y uso indebido de recursos p\u00fablicos\",\"datePublished\":\"2025-07-27T16:53:43+00:00\",\"dateModified\":\"2025-07-27T16:54:20+00:00\",\"mainEntityOfPage\":{\"@id\":\"https:\/\/waracomunicaciones.com\/?p=188\"},\"wordCount\":633,\"commentCount\":0,\"publisher\":{\"@id\":\"https:\/\/waracomunicaciones.com\/#organization\"},\"image\":{\"@id\":\"https:\/\/waracomunicaciones.com\/?p=188#primaryimage\"},\"thumbnailUrl\":\"https:\/\/waracomunicaciones.com\/wp-content\/uploads\/2025\/07\/Proyecto-nuevo-72.webp\",\"keywords\":[\"Chiqui Limpias\",\"Montero\",\"Nepotismo\"],\"articleSection\":[\"Pol\u00edtica\"],\"inLanguage\":\"es\",\"potentialAction\":[{\"@type\":\"CommentAction\",\"name\":\"Comment\",\"target\":[\"https:\/\/waracomunicaciones.com\/?p=188#respond\"]}]},{\"@type\":\"WebPage\",\"@id\":\"https:\/\/waracomunicaciones.com\/?p=188\",\"url\":\"https:\/\/waracomunicaciones.com\/?p=188\",\"name\":\"Graves denuncias sacuden a la Alcald\u00eda de Montero: presiones pol\u00edticas, nepotismo y uso indebido de recursos p\u00fablicos - Wara Comunicaciones\",\"isPartOf\":{\"@id\":\"https:\/\/waracomunicaciones.com\/#website\"},\"primaryImageOfPage\":{\"@id\":\"https:\/\/waracomunicaciones.com\/?p=188#primaryimage\"},\"image\":{\"@id\":\"https:\/\/waracomunicaciones.com\/?p=188#primaryimage\"},\"thumbnailUrl\":\"https:\/\/waracomunicaciones.com\/wp-content\/uploads\/2025\/07\/Proyecto-nuevo-72.webp\",\"datePublished\":\"2025-07-27T16:53:43+00:00\",\"dateModified\":\"2025-07-27T16:54:20+00:00\",\"breadcrumb\":{\"@id\":\"https:\/\/waracomunicaciones.com\/?p=188#breadcrumb\"},\"inLanguage\":\"es\",\"potentialAction\":[{\"@type\":\"ReadAction\",\"target\":[\"https:\/\/waracomunicaciones.com\/?p=188\"]}]},{\"@type\":\"ImageObject\",\"inLanguage\":\"es\",\"@id\":\"https:\/\/waracomunicaciones.com\/?p=188#primaryimage\",\"url\":\"https:\/\/waracomunicaciones.com\/wp-content\/uploads\/2025\/07\/Proyecto-nuevo-72.webp\",\"contentUrl\":\"https:\/\/waracomunicaciones.com\/wp-content\/uploads\/2025\/07\/Proyecto-nuevo-72.webp\",\"width\":800,\"height\":558},{\"@type\":\"BreadcrumbList\",\"@id\":\"https:\/\/waracomunicaciones.com\/?p=188#breadcrumb\",\"itemListElement\":[{\"@type\":\"ListItem\",\"position\":1,\"name\":\"Portada\",\"item\":\"https:\/\/waracomunicaciones.com\/\"},{\"@type\":\"ListItem\",\"position\":2,\"name\":\"Graves denuncias sacuden a la Alcald\u00eda de Montero: presiones pol\u00edticas, nepotismo y uso indebido de recursos p\u00fablicos\"}]},{\"@type\":\"WebSite\",\"@id\":\"https:\/\/waracomunicaciones.com\/#website\",\"url\":\"https:\/\/waracomunicaciones.com\/\",\"name\":\"Wara Comunicaciones\",\"description\":\"\",\"publisher\":{\"@id\":\"https:\/\/waracomunicaciones.com\/#organization\"},\"potentialAction\":[{\"@type\":\"SearchAction\",\"target\":{\"@type\":\"EntryPoint\",\"urlTemplate\":\"https:\/\/waracomunicaciones.com\/?s={search_term_string}\"},\"query-input\":{\"@type\":\"PropertyValueSpecification\",\"valueRequired\":true,\"valueName\":\"search_term_string\"}}],\"inLanguage\":\"es\"},{\"@type\":\"Organization\",\"@id\":\"https:\/\/waracomunicaciones.com\/#organization\",\"name\":\"Wara Comunicaciones\",\"url\":\"https:\/\/waracomunicaciones.com\/\",\"logo\":{\"@type\":\"ImageObject\",\"inLanguage\":\"es\",\"@id\":\"https:\/\/waracomunicaciones.com\/#\/schema\/logo\/image\/\",\"url\":\"https:\/\/waracomunicaciones.com\/wp-content\/uploads\/2025\/07\/logo.png\",\"contentUrl\":\"https:\/\/waracomunicaciones.com\/wp-content\/uploads\/2025\/07\/logo.png\",\"width\":400,\"height\":164,\"caption\":\"Wara Comunicaciones\"},\"image\":{\"@id\":\"https:\/\/waracomunicaciones.com\/#\/schema\/logo\/image\/\"},\"sameAs\":[\"https:\/\/www.facebook.com\/waracomunicaciones2017\"]},{\"@type\":\"Person\",\"@id\":\"https:\/\/waracomunicaciones.com\/#\/schema\/person\/e9db934bc91575cc71fe584c5973244a\",\"name\":\"admin\",\"image\":{\"@type\":\"ImageObject\",\"inLanguage\":\"es\",\"@id\":\"https:\/\/waracomunicaciones.com\/#\/schema\/person\/image\/\",\"url\":\"https:\/\/secure.gravatar.com\/avatar\/bf27e9186df568254093afa216f887fece17605302c6ff12f3980422fffa52e6?s=96&d=mm&r=g\",\"contentUrl\":\"https:\/\/secure.gravatar.com\/avatar\/bf27e9186df568254093afa216f887fece17605302c6ff12f3980422fffa52e6?s=96&d=mm&r=g\",\"caption\":\"admin\"},\"sameAs\":[\"https:\/\/waracomunicaciones.com\/wp\"],\"url\":\"https:\/\/waracomunicaciones.com\/?author=1\"}]}<\/script>\n<!-- \/ Yoast SEO Premium plugin. -->","yoast_head_json":{"title":"Graves denuncias sacuden a la Alcald\u00eda de Montero: presiones pol\u00edticas, nepotismo y uso indebido de recursos p\u00fablicos - Wara Comunicaciones","robots":{"index":"index","follow":"follow","max-snippet":"max-snippet:-1","max-image-preview":"max-image-preview:large","max-video-preview":"max-video-preview:-1"},"canonical":"https:\/\/waracomunicaciones.com\/?p=188","og_locale":"es_ES","og_type":"article","og_title":"Graves denuncias sacuden a la Alcald\u00eda de Montero: presiones pol\u00edticas, nepotismo y uso indebido de recursos p\u00fablicos","og_description":"Montero,\u00a0\u2013 El Gobierno Municipal de Montero, encabezado por el alcalde Regys Medina, se encuentra en el centro de una creciente pol\u00e9mica marcada por acusaciones de nepotismo, presiones pol\u00edticas a funcionarios y supuestos beneficios personales con recursos p\u00fablicos.","og_url":"https:\/\/waracomunicaciones.com\/?p=188","og_site_name":"Wara Comunicaciones","article_publisher":"https:\/\/www.facebook.com\/waracomunicaciones2017","article_published_time":"2025-07-27T16:53:43+00:00","article_modified_time":"2025-07-27T16:54:20+00:00","og_image":[{"width":800,"height":558,"url":"https:\/\/waracomunicaciones.com\/wp-content\/uploads\/2025\/07\/Proyecto-nuevo-72.webp","type":"image\/webp"}],"author":"admin","twitter_card":"summary_large_image","twitter_misc":{"Escrito por":"admin","Tiempo de lectura":"3 minutos"},"schema":{"@context":"https:\/\/schema.org","@graph":[{"@type":"Article","@id":"https:\/\/waracomunicaciones.com\/?p=188#article","isPartOf":{"@id":"https:\/\/waracomunicaciones.com\/?p=188"},"author":{"name":"admin","@id":"https:\/\/waracomunicaciones.com\/#\/schema\/person\/e9db934bc91575cc71fe584c5973244a"},"headline":"Graves denuncias sacuden a la Alcald\u00eda de Montero: presiones pol\u00edticas, nepotismo y uso indebido de recursos p\u00fablicos","datePublished":"2025-07-27T16:53:43+00:00","dateModified":"2025-07-27T16:54:20+00:00","mainEntityOfPage":{"@id":"https:\/\/waracomunicaciones.com\/?p=188"},"wordCount":633,"commentCount":0,"publisher":{"@id":"https:\/\/waracomunicaciones.com\/#organization"},"image":{"@id":"https:\/\/waracomunicaciones.com\/?p=188#primaryimage"},"thumbnailUrl":"https:\/\/waracomunicaciones.com\/wp-content\/uploads\/2025\/07\/Proyecto-nuevo-72.webp","keywords":["Chiqui Limpias","Montero","Nepotismo"],"articleSection":["Pol\u00edtica"],"inLanguage":"es","potentialAction":[{"@type":"CommentAction","name":"Comment","target":["https:\/\/waracomunicaciones.com\/?p=188#respond"]}]},{"@type":"WebPage","@id":"https:\/\/waracomunicaciones.com\/?p=188","url":"https:\/\/waracomunicaciones.com\/?p=188","name":"Graves denuncias sacuden a la Alcald\u00eda de Montero: presiones pol\u00edticas, nepotismo y uso indebido de recursos p\u00fablicos - Wara Comunicaciones","isPartOf":{"@id":"https:\/\/waracomunicaciones.com\/#website"},"primaryImageOfPage":{"@id":"https:\/\/waracomunicaciones.com\/?p=188#primaryimage"},"image":{"@id":"https:\/\/waracomunicaciones.com\/?p=188#primaryimage"},"thumbnailUrl":"https:\/\/waracomunicaciones.com\/wp-content\/uploads\/2025\/07\/Proyecto-nuevo-72.webp","datePublished":"2025-07-27T16:53:43+00:00","dateModified":"2025-07-27T16:54:20+00:00","breadcrumb":{"@id":"https:\/\/waracomunicaciones.com\/?p=188#breadcrumb"},"inLanguage":"es","potentialAction":[{"@type":"ReadAction","target":["https:\/\/waracomunicaciones.com\/?p=188"]}]},{"@type":"ImageObject","inLanguage":"es","@id":"https:\/\/waracomunicaciones.com\/?p=188#primaryimage","url":"https:\/\/waracomunicaciones.com\/wp-content\/uploads\/2025\/07\/Proyecto-nuevo-72.webp","contentUrl":"https:\/\/waracomunicaciones.com\/wp-content\/uploads\/2025\/07\/Proyecto-nuevo-72.webp","width":800,"height":558},{"@type":"BreadcrumbList","@id":"https:\/\/waracomunicaciones.com\/?p=188#breadcrumb","itemListElement":[{"@type":"ListItem","position":1,"name":"Portada","item":"https:\/\/waracomunicaciones.com\/"},{"@type":"ListItem","position":2,"name":"Graves denuncias sacuden a la Alcald\u00eda de Montero: presiones pol\u00edticas, nepotismo y uso indebido de recursos p\u00fablicos"}]},{"@type":"WebSite","@id":"https:\/\/waracomunicaciones.com\/#website","url":"https:\/\/waracomunicaciones.com\/","name":"Wara Comunicaciones","description":"","publisher":{"@id":"https:\/\/waracomunicaciones.com\/#organization"},"potentialAction":[{"@type":"SearchAction","target":{"@type":"EntryPoint","urlTemplate":"https:\/\/waracomunicaciones.com\/?s={search_term_string}"},"query-input":{"@type":"PropertyValueSpecification","valueRequired":true,"valueName":"search_term_string"}}],"inLanguage":"es"},{"@type":"Organization","@id":"https:\/\/waracomunicaciones.com\/#organization","name":"Wara Comunicaciones","url":"https:\/\/waracomunicaciones.com\/","logo":{"@type":"ImageObject","inLanguage":"es","@id":"https:\/\/waracomunicaciones.com\/#\/schema\/logo\/image\/","url":"https:\/\/waracomunicaciones.com\/wp-content\/uploads\/2025\/07\/logo.png","contentUrl":"https:\/\/waracomunicaciones.com\/wp-content\/uploads\/2025\/07\/logo.png","width":400,"height":164,"caption":"Wara Comunicaciones"},"image":{"@id":"https:\/\/waracomunicaciones.com\/#\/schema\/logo\/image\/"},"sameAs":["https:\/\/www.facebook.com\/waracomunicaciones2017"]},{"@type":"Person","@id":"https:\/\/waracomunicaciones.com\/#\/schema\/person\/e9db934bc91575cc71fe584c5973244a","name":"admin","image":{"@type":"ImageObject","inLanguage":"es","@id":"https:\/\/waracomunicaciones.com\/#\/schema\/person\/image\/","url":"https:\/\/secure.gravatar.com\/avatar\/bf27e9186df568254093afa216f887fece17605302c6ff12f3980422fffa52e6?s=96&d=mm&r=g","contentUrl":"https:\/\/secure.gravatar.com\/avatar\/bf27e9186df568254093afa216f887fece17605302c6ff12f3980422fffa52e6?s=96&d=mm&r=g","caption":"admin"},"sameAs":["https:\/\/waracomunicaciones.com\/wp"],"url":"https:\/\/waracomunicaciones.com\/?author=1"}]}},"_links":{"self":[{"href":"https:\/\/waracomunicaciones.com\/index.php?rest_route=\/wp\/v2\/posts\/188","targetHints":{"allow":["GET"]}}],"collection":[{"href":"https:\/\/waracomunicaciones.com\/index.php?rest_route=\/wp\/v2\/posts"}],"about":[{"href":"https:\/\/waracomunicaciones.com\/index.php?rest_route=\/wp\/v2\/types\/post"}],"author":[{"embeddable":true,"href":"https:\/\/waracomunicaciones.com\/index.php?rest_route=\/wp\/v2\/users\/1"}],"replies":[{"embeddable":true,"href":"https:\/\/waracomunicaciones.com\/index.php?rest_route=%2Fwp%2Fv2%2Fcomments&post=188"}],"version-history":[{"count":1,"href":"https:\/\/waracomunicaciones.com\/index.php?rest_route=\/wp\/v2\/posts\/188\/revisions"}],"predecessor-version":[{"id":190,"href":"https:\/\/waracomunicaciones.com\/index.php?rest_route=\/wp\/v2\/posts\/188\/revisions\/190"}],"wp:featuredmedia":[{"embeddable":true,"href":"https:\/\/waracomunicaciones.com\/index.php?rest_route=\/wp\/v2\/media\/189"}],"wp:attachment":[{"href":"https:\/\/waracomunicaciones.com\/index.php?rest_route=%2Fwp%2Fv2%2Fmedia&parent=188"}],"wp:term":[{"taxonomy":"category","embeddable":true,"href":"https:\/\/waracomunicaciones.com\/index.php?rest_route=%2Fwp%2Fv2%2Fcategories&post=188"},{"taxonomy":"post_tag","embeddable":true,"href":"https:\/\/waracomunicaciones.com\/index.php?rest_route=%2Fwp%2Fv2%2Ftags&post=188"}],"curies":[{"name":"wp","href":"https:\/\/api.w.org\/{rel}","templated":true}]}}