{"id":182,"date":"2025-07-27T12:28:24","date_gmt":"2025-07-27T16:28:24","guid":{"rendered":"https:\/\/waracomunicaciones.com\/?p=182"},"modified":"2025-07-27T12:58:51","modified_gmt":"2025-07-27T16:58:51","slug":"feliz-cumpleanos-rosa-wara-coca","status":"publish","type":"post","link":"https:\/\/waracomunicaciones.com\/?p=182","title":{"rendered":"\u00a1Feliz Cumplea\u00f1os, Rosa Wara Coca!"},"content":{"rendered":"\n<figure class=\"wp-block-image size-large\"><img loading=\"lazy\" decoding=\"async\" width=\"1024\" height=\"882\" src=\"https:\/\/waracomunicaciones.com\/wp-content\/uploads\/2025\/07\/imagen_2025-07-27_123451477-1024x882.png\" alt=\"\" class=\"wp-image-186\" srcset=\"https:\/\/waracomunicaciones.com\/wp-content\/uploads\/2025\/07\/imagen_2025-07-27_123451477-1024x882.png 1024w, https:\/\/waracomunicaciones.com\/wp-content\/uploads\/2025\/07\/imagen_2025-07-27_123451477-300x258.png 300w, https:\/\/waracomunicaciones.com\/wp-content\/uploads\/2025\/07\/imagen_2025-07-27_123451477-768x662.png 768w, https:\/\/waracomunicaciones.com\/wp-content\/uploads\/2025\/07\/imagen_2025-07-27_123451477-1536x1323.png 1536w, https:\/\/waracomunicaciones.com\/wp-content\/uploads\/2025\/07\/imagen_2025-07-27_123451477.png 1840w\" sizes=\"auto, (max-width: 1024px) 100vw, 1024px\" \/><\/figure>\n\n\n<p>Hoy, 27 de julio, celebramos con amor y emoci\u00f3n el cumplea\u00f1os de <strong><b>Rosa Wara Coca<\/b><\/strong>, quien, a pesar de encontrarse lejos de su tierra y su familia, sigue siendo el centro de nuestro cari\u00f1o y admiraci\u00f3n.<!--more--><\/p>\n<p>Aunque est\u00e1s en <strong><b>Madrid, Espa\u00f1a<\/b><\/strong>, en nuestros corazones siempre est\u00e1s cerca. <strong><b>Tom\u00e1s<\/b><\/strong>, <strong><b>Femida<\/b><\/strong>, <strong><b>Lucas<\/b><\/strong>, <strong><b>Andr\u00e9s<\/b><\/strong>, y tus abuelos <strong><b>Nicol\u00e1s<\/b><\/strong>\u00a0y <strong><b>Amadeo<\/b><\/strong>\u00a0te enviamos un fuerte abrazo lleno de amor y buenos deseos. Aunque la distancia nos separa, nuestra conexi\u00f3n es m\u00e1s fuerte que nunca.<\/p>\n<p>Hoy es un d\u00eda para recordarte lo incre\u00edble que eres. Mi ni\u00f1a ha crecido y se ha convertido en una mujer admirable, llena de fuerza, inteligencia y bondad. Cada d\u00eda que pasa, te transformas en una persona m\u00e1s maravillosa y todos nosotros estamos muy orgullosos de ti.<\/p>\n<p><strong><b>\u00a1Feliz cumplea\u00f1os, hija!<\/b><\/strong>\u00a0Que este nuevo a\u00f1o te traiga muchas bendiciones, alegr\u00eda y momentos especiales. Que sigas alcanzando tus sue\u00f1os y creciendo en todos los aspectos de tu vida. Te amamos much\u00edsimo, y aunque no podamos estar f\u00edsicamente contigo en este d\u00eda tan especial, nuestro amor te acompa\u00f1a siempre.<\/p>\n<p>\u00a1Que tengas un d\u00eda lleno de felicidad y rodeada de amor!<\/p>\n<p>Con todo nuestro cari\u00f1o,<br \/><strong><b>Tu familia<\/b><\/strong><\/p><div style=\"margin-top: 0px; margin-bottom: 0px;\" class=\"sharethis-inline-reaction-buttons\" ><\/div>","protected":false},"excerpt":{"rendered":"<p>Hoy, 27 de julio, celebramos con amor y emoci\u00f3n el cumplea\u00f1os de Rosa Wara Coca, quien, a pesar de encontrarse lejos de su tierra y su familia, sigue siendo el centro de nuestro cari\u00f1o y admiraci\u00f3n.<\/p>\n","protected":false},"author":1,"featured_media":186,"comment_status":"open","ping_status":"open","sticky":false,"template":"","format":"standard","meta":{"footnotes":""},"categories":[45],"tags":[68,67],"class_list":["post-182","post","type-post","status-publish","format-standard","has-post-thumbnail","hentry","category-sociedad","tag-cumpleanos","tag-wara"],"yoast_head":"<!-- This site is optimized with the Yoast SEO Premium plugin v25.5 (Yoast SEO v27.1.1) - https:\/\/yoast.com\/product\/yoast-seo-premium-wordpress\/ -->\n<title>\u00a1Feliz Cumplea\u00f1os, Rosa Wara Coca! - Wara Comunicaciones<\/title>\n<meta name=\"robots\" content=\"index, follow, max-snippet:-1, max-image-preview:large, max-video-preview:-1\" \/>\n<link rel=\"canonical\" href=\"https:\/\/waracomunicaciones.com\/?p=182\" \/>\n<meta property=\"og:locale\" content=\"es_ES\" \/>\n<meta property=\"og:type\" content=\"article\" \/>\n<meta property=\"og:title\" content=\"\u00a1Feliz Cumplea\u00f1os, Rosa Wara Coca!\" \/>\n<meta property=\"og:description\" content=\"Hoy, 27 de julio, celebramos con amor y emoci\u00f3n el cumplea\u00f1os de Rosa Wara Coca, quien, a pesar de encontrarse lejos de su tierra y su familia, sigue siendo el centro de nuestro cari\u00f1o y admiraci\u00f3n.\" \/>\n<meta property=\"og:url\" content=\"https:\/\/waracomunicaciones.com\/?p=182\" \/>\n<meta property=\"og:site_name\" content=\"Wara Comunicaciones\" \/>\n<meta property=\"article:publisher\" content=\"https:\/\/www.facebook.com\/waracomunicaciones2017\" \/>\n<meta property=\"article:published_time\" content=\"2025-07-27T16:28:24+00:00\" \/>\n<meta property=\"article:modified_time\" content=\"2025-07-27T16:58:51+00:00\" \/>\n<meta property=\"og:image\" content=\"https:\/\/waracomunicaciones.com\/wp-content\/uploads\/2025\/07\/imagen_2025-07-27_123451477-1024x882.png\" \/>\n\t<meta property=\"og:image:width\" content=\"1024\" \/>\n\t<meta property=\"og:image:height\" content=\"882\" \/>\n\t<meta property=\"og:image:type\" content=\"image\/png\" \/>\n<meta name=\"author\" content=\"admin\" \/>\n<meta name=\"twitter:card\" content=\"summary_large_image\" \/>\n<meta name=\"twitter:label1\" content=\"Escrito por\" \/>\n\t<meta name=\"twitter:data1\" content=\"admin\" \/>\n\t<meta name=\"twitter:label2\" content=\"Tiempo de lectura\" \/>\n\t<meta name=\"twitter:data2\" content=\"2 minutos\" \/>\n<script type=\"application\/ld+json\" class=\"yoast-schema-graph\">{\"@context\":\"https:\/\/schema.org\",\"@graph\":[{\"@type\":\"Article\",\"@id\":\"https:\/\/waracomunicaciones.com\/?p=182#article\",\"isPartOf\":{\"@id\":\"https:\/\/waracomunicaciones.com\/?p=182\"},\"author\":{\"name\":\"admin\",\"@id\":\"https:\/\/waracomunicaciones.com\/#\/schema\/person\/e9db934bc91575cc71fe584c5973244a\"},\"headline\":\"\u00a1Feliz Cumplea\u00f1os, Rosa Wara Coca!\",\"datePublished\":\"2025-07-27T16:28:24+00:00\",\"dateModified\":\"2025-07-27T16:58:51+00:00\",\"mainEntityOfPage\":{\"@id\":\"https:\/\/waracomunicaciones.com\/?p=182\"},\"wordCount\":225,\"commentCount\":0,\"publisher\":{\"@id\":\"https:\/\/waracomunicaciones.com\/#organization\"},\"image\":{\"@id\":\"https:\/\/waracomunicaciones.com\/?p=182#primaryimage\"},\"thumbnailUrl\":\"https:\/\/waracomunicaciones.com\/wp-content\/uploads\/2025\/07\/imagen_2025-07-27_123451477.png\",\"keywords\":[\"Cumplea\u00f1os\",\"Wara\"],\"articleSection\":[\"Sociedad\"],\"inLanguage\":\"es\",\"potentialAction\":[{\"@type\":\"CommentAction\",\"name\":\"Comment\",\"target\":[\"https:\/\/waracomunicaciones.com\/?p=182#respond\"]}]},{\"@type\":\"WebPage\",\"@id\":\"https:\/\/waracomunicaciones.com\/?p=182\",\"url\":\"https:\/\/waracomunicaciones.com\/?p=182\",\"name\":\"\u00a1Feliz Cumplea\u00f1os, Rosa Wara Coca! - Wara Comunicaciones\",\"isPartOf\":{\"@id\":\"https:\/\/waracomunicaciones.com\/#website\"},\"primaryImageOfPage\":{\"@id\":\"https:\/\/waracomunicaciones.com\/?p=182#primaryimage\"},\"image\":{\"@id\":\"https:\/\/waracomunicaciones.com\/?p=182#primaryimage\"},\"thumbnailUrl\":\"https:\/\/waracomunicaciones.com\/wp-content\/uploads\/2025\/07\/imagen_2025-07-27_123451477.png\",\"datePublished\":\"2025-07-27T16:28:24+00:00\",\"dateModified\":\"2025-07-27T16:58:51+00:00\",\"breadcrumb\":{\"@id\":\"https:\/\/waracomunicaciones.com\/?p=182#breadcrumb\"},\"inLanguage\":\"es\",\"potentialAction\":[{\"@type\":\"ReadAction\",\"target\":[\"https:\/\/waracomunicaciones.com\/?p=182\"]}]},{\"@type\":\"ImageObject\",\"inLanguage\":\"es\",\"@id\":\"https:\/\/waracomunicaciones.com\/?p=182#primaryimage\",\"url\":\"https:\/\/waracomunicaciones.com\/wp-content\/uploads\/2025\/07\/imagen_2025-07-27_123451477.png\",\"contentUrl\":\"https:\/\/waracomunicaciones.com\/wp-content\/uploads\/2025\/07\/imagen_2025-07-27_123451477.png\",\"width\":1840,\"height\":1585},{\"@type\":\"BreadcrumbList\",\"@id\":\"https:\/\/waracomunicaciones.com\/?p=182#breadcrumb\",\"itemListElement\":[{\"@type\":\"ListItem\",\"position\":1,\"name\":\"Portada\",\"item\":\"https:\/\/waracomunicaciones.com\/\"},{\"@type\":\"ListItem\",\"position\":2,\"name\":\"\u00a1Feliz Cumplea\u00f1os, Rosa Wara Coca!\"}]},{\"@type\":\"WebSite\",\"@id\":\"https:\/\/waracomunicaciones.com\/#website\",\"url\":\"https:\/\/waracomunicaciones.com\/\",\"name\":\"Wara Comunicaciones\",\"description\":\"\",\"publisher\":{\"@id\":\"https:\/\/waracomunicaciones.com\/#organization\"},\"potentialAction\":[{\"@type\":\"SearchAction\",\"target\":{\"@type\":\"EntryPoint\",\"urlTemplate\":\"https:\/\/waracomunicaciones.com\/?s={search_term_string}\"},\"query-input\":{\"@type\":\"PropertyValueSpecification\",\"valueRequired\":true,\"valueName\":\"search_term_string\"}}],\"inLanguage\":\"es\"},{\"@type\":\"Organization\",\"@id\":\"https:\/\/waracomunicaciones.com\/#organization\",\"name\":\"Wara Comunicaciones\",\"url\":\"https:\/\/waracomunicaciones.com\/\",\"logo\":{\"@type\":\"ImageObject\",\"inLanguage\":\"es\",\"@id\":\"https:\/\/waracomunicaciones.com\/#\/schema\/logo\/image\/\",\"url\":\"https:\/\/waracomunicaciones.com\/wp-content\/uploads\/2025\/07\/logo.png\",\"contentUrl\":\"https:\/\/waracomunicaciones.com\/wp-content\/uploads\/2025\/07\/logo.png\",\"width\":400,\"height\":164,\"caption\":\"Wara Comunicaciones\"},\"image\":{\"@id\":\"https:\/\/waracomunicaciones.com\/#\/schema\/logo\/image\/\"},\"sameAs\":[\"https:\/\/www.facebook.com\/waracomunicaciones2017\"]},{\"@type\":\"Person\",\"@id\":\"https:\/\/waracomunicaciones.com\/#\/schema\/person\/e9db934bc91575cc71fe584c5973244a\",\"name\":\"admin\",\"image\":{\"@type\":\"ImageObject\",\"inLanguage\":\"es\",\"@id\":\"https:\/\/waracomunicaciones.com\/#\/schema\/person\/image\/\",\"url\":\"https:\/\/secure.gravatar.com\/avatar\/bf27e9186df568254093afa216f887fece17605302c6ff12f3980422fffa52e6?s=96&d=mm&r=g\",\"contentUrl\":\"https:\/\/secure.gravatar.com\/avatar\/bf27e9186df568254093afa216f887fece17605302c6ff12f3980422fffa52e6?s=96&d=mm&r=g\",\"caption\":\"admin\"},\"sameAs\":[\"https:\/\/waracomunicaciones.com\/wp\"],\"url\":\"https:\/\/waracomunicaciones.com\/?author=1\"}]}<\/script>\n<!-- \/ Yoast SEO Premium plugin. -->","yoast_head_json":{"title":"\u00a1Feliz Cumplea\u00f1os, Rosa Wara Coca! - Wara Comunicaciones","robots":{"index":"index","follow":"follow","max-snippet":"max-snippet:-1","max-image-preview":"max-image-preview:large","max-video-preview":"max-video-preview:-1"},"canonical":"https:\/\/waracomunicaciones.com\/?p=182","og_locale":"es_ES","og_type":"article","og_title":"\u00a1Feliz Cumplea\u00f1os, Rosa Wara Coca!","og_description":"Hoy, 27 de julio, celebramos con amor y emoci\u00f3n el cumplea\u00f1os de Rosa Wara Coca, quien, a pesar de encontrarse lejos de su tierra y su familia, sigue siendo el centro de nuestro cari\u00f1o y admiraci\u00f3n.","og_url":"https:\/\/waracomunicaciones.com\/?p=182","og_site_name":"Wara Comunicaciones","article_publisher":"https:\/\/www.facebook.com\/waracomunicaciones2017","article_published_time":"2025-07-27T16:28:24+00:00","article_modified_time":"2025-07-27T16:58:51+00:00","og_image":[{"width":1024,"height":882,"url":"https:\/\/waracomunicaciones.com\/wp-content\/uploads\/2025\/07\/imagen_2025-07-27_123451477-1024x882.png","type":"image\/png"}],"author":"admin","twitter_card":"summary_large_image","twitter_misc":{"Escrito por":"admin","Tiempo de lectura":"2 minutos"},"schema":{"@context":"https:\/\/schema.org","@graph":[{"@type":"Article","@id":"https:\/\/waracomunicaciones.com\/?p=182#article","isPartOf":{"@id":"https:\/\/waracomunicaciones.com\/?p=182"},"author":{"name":"admin","@id":"https:\/\/waracomunicaciones.com\/#\/schema\/person\/e9db934bc91575cc71fe584c5973244a"},"headline":"\u00a1Feliz Cumplea\u00f1os, Rosa Wara Coca!","datePublished":"2025-07-27T16:28:24+00:00","dateModified":"2025-07-27T16:58:51+00:00","mainEntityOfPage":{"@id":"https:\/\/waracomunicaciones.com\/?p=182"},"wordCount":225,"commentCount":0,"publisher":{"@id":"https:\/\/waracomunicaciones.com\/#organization"},"image":{"@id":"https:\/\/waracomunicaciones.com\/?p=182#primaryimage"},"thumbnailUrl":"https:\/\/waracomunicaciones.com\/wp-content\/uploads\/2025\/07\/imagen_2025-07-27_123451477.png","keywords":["Cumplea\u00f1os","Wara"],"articleSection":["Sociedad"],"inLanguage":"es","potentialAction":[{"@type":"CommentAction","name":"Comment","target":["https:\/\/waracomunicaciones.com\/?p=182#respond"]}]},{"@type":"WebPage","@id":"https:\/\/waracomunicaciones.com\/?p=182","url":"https:\/\/waracomunicaciones.com\/?p=182","name":"\u00a1Feliz Cumplea\u00f1os, Rosa Wara Coca! - Wara Comunicaciones","isPartOf":{"@id":"https:\/\/waracomunicaciones.com\/#website"},"primaryImageOfPage":{"@id":"https:\/\/waracomunicaciones.com\/?p=182#primaryimage"},"image":{"@id":"https:\/\/waracomunicaciones.com\/?p=182#primaryimage"},"thumbnailUrl":"https:\/\/waracomunicaciones.com\/wp-content\/uploads\/2025\/07\/imagen_2025-07-27_123451477.png","datePublished":"2025-07-27T16:28:24+00:00","dateModified":"2025-07-27T16:58:51+00:00","breadcrumb":{"@id":"https:\/\/waracomunicaciones.com\/?p=182#breadcrumb"},"inLanguage":"es","potentialAction":[{"@type":"ReadAction","target":["https:\/\/waracomunicaciones.com\/?p=182"]}]},{"@type":"ImageObject","inLanguage":"es","@id":"https:\/\/waracomunicaciones.com\/?p=182#primaryimage","url":"https:\/\/waracomunicaciones.com\/wp-content\/uploads\/2025\/07\/imagen_2025-07-27_123451477.png","contentUrl":"https:\/\/waracomunicaciones.com\/wp-content\/uploads\/2025\/07\/imagen_2025-07-27_123451477.png","width":1840,"height":1585},{"@type":"BreadcrumbList","@id":"https:\/\/waracomunicaciones.com\/?p=182#breadcrumb","itemListElement":[{"@type":"ListItem","position":1,"name":"Portada","item":"https:\/\/waracomunicaciones.com\/"},{"@type":"ListItem","position":2,"name":"\u00a1Feliz Cumplea\u00f1os, Rosa Wara Coca!"}]},{"@type":"WebSite","@id":"https:\/\/waracomunicaciones.com\/#website","url":"https:\/\/waracomunicaciones.com\/","name":"Wara Comunicaciones","description":"","publisher":{"@id":"https:\/\/waracomunicaciones.com\/#organization"},"potentialAction":[{"@type":"SearchAction","target":{"@type":"EntryPoint","urlTemplate":"https:\/\/waracomunicaciones.com\/?s={search_term_string}"},"query-input":{"@type":"PropertyValueSpecification","valueRequired":true,"valueName":"search_term_string"}}],"inLanguage":"es"},{"@type":"Organization","@id":"https:\/\/waracomunicaciones.com\/#organization","name":"Wara Comunicaciones","url":"https:\/\/waracomunicaciones.com\/","logo":{"@type":"ImageObject","inLanguage":"es","@id":"https:\/\/waracomunicaciones.com\/#\/schema\/logo\/image\/","url":"https:\/\/waracomunicaciones.com\/wp-content\/uploads\/2025\/07\/logo.png","contentUrl":"https:\/\/waracomunicaciones.com\/wp-content\/uploads\/2025\/07\/logo.png","width":400,"height":164,"caption":"Wara Comunicaciones"},"image":{"@id":"https:\/\/waracomunicaciones.com\/#\/schema\/logo\/image\/"},"sameAs":["https:\/\/www.facebook.com\/waracomunicaciones2017"]},{"@type":"Person","@id":"https:\/\/waracomunicaciones.com\/#\/schema\/person\/e9db934bc91575cc71fe584c5973244a","name":"admin","image":{"@type":"ImageObject","inLanguage":"es","@id":"https:\/\/waracomunicaciones.com\/#\/schema\/person\/image\/","url":"https:\/\/secure.gravatar.com\/avatar\/bf27e9186df568254093afa216f887fece17605302c6ff12f3980422fffa52e6?s=96&d=mm&r=g","contentUrl":"https:\/\/secure.gravatar.com\/avatar\/bf27e9186df568254093afa216f887fece17605302c6ff12f3980422fffa52e6?s=96&d=mm&r=g","caption":"admin"},"sameAs":["https:\/\/waracomunicaciones.com\/wp"],"url":"https:\/\/waracomunicaciones.com\/?author=1"}]}},"_links":{"self":[{"href":"https:\/\/waracomunicaciones.com\/index.php?rest_route=\/wp\/v2\/posts\/182","targetHints":{"allow":["GET"]}}],"collection":[{"href":"https:\/\/waracomunicaciones.com\/index.php?rest_route=\/wp\/v2\/posts"}],"about":[{"href":"https:\/\/waracomunicaciones.com\/index.php?rest_route=\/wp\/v2\/types\/post"}],"author":[{"embeddable":true,"href":"https:\/\/waracomunicaciones.com\/index.php?rest_route=\/wp\/v2\/users\/1"}],"replies":[{"embeddable":true,"href":"https:\/\/waracomunicaciones.com\/index.php?rest_route=%2Fwp%2Fv2%2Fcomments&post=182"}],"version-history":[{"count":2,"href":"https:\/\/waracomunicaciones.com\/index.php?rest_route=\/wp\/v2\/posts\/182\/revisions"}],"predecessor-version":[{"id":187,"href":"https:\/\/waracomunicaciones.com\/index.php?rest_route=\/wp\/v2\/posts\/182\/revisions\/187"}],"wp:featuredmedia":[{"embeddable":true,"href":"https:\/\/waracomunicaciones.com\/index.php?rest_route=\/wp\/v2\/media\/186"}],"wp:attachment":[{"href":"https:\/\/waracomunicaciones.com\/index.php?rest_route=%2Fwp%2Fv2%2Fmedia&parent=182"}],"wp:term":[{"taxonomy":"category","embeddable":true,"href":"https:\/\/waracomunicaciones.com\/index.php?rest_route=%2Fwp%2Fv2%2Fcategories&post=182"},{"taxonomy":"post_tag","embeddable":true,"href":"https:\/\/waracomunicaciones.com\/index.php?rest_route=%2Fwp%2Fv2%2Ftags&post=182"}],"curies":[{"name":"wp","href":"https:\/\/api.w.org\/{rel}","templated":true}]}}