{"id":1795,"date":"2026-09-05T10:16:45","date_gmt":"2026-09-05T14:16:45","guid":{"rendered":"https:\/\/waracomunicaciones.com\/?p=1795"},"modified":"2026-09-05T10:16:46","modified_gmt":"2026-09-05T14:16:46","slug":"poa-2027-de-montero-bs-2329-millones-aprobacion-de-urgencia-y-cuestionamientos","status":"publish","type":"post","link":"https:\/\/waracomunicaciones.com\/?p=1795","title":{"rendered":"POA 2027 DE MONTERO: BS 232,9 MILLONES, APROBACI\u00d3N DE URGENCIA Y CUESTIONAMIENTOS"},"content":{"rendered":"\n<figure class=\"wp-block-image size-large\"><img loading=\"lazy\" decoding=\"async\" width=\"1024\" height=\"572\" src=\"https:\/\/waracomunicaciones.com\/wp-content\/uploads\/2026\/09\/Ramiro-y-concejales-1024x572.webp\" alt=\"\" class=\"wp-image-1796\" srcset=\"https:\/\/waracomunicaciones.com\/wp-content\/uploads\/2026\/09\/Ramiro-y-concejales-1024x572.webp 1024w, https:\/\/waracomunicaciones.com\/wp-content\/uploads\/2026\/09\/Ramiro-y-concejales-300x167.webp 300w, https:\/\/waracomunicaciones.com\/wp-content\/uploads\/2026\/09\/Ramiro-y-concejales-767x428.webp 767w, https:\/\/waracomunicaciones.com\/wp-content\/uploads\/2026\/09\/Ramiro-y-concejales.webp 1376w\" sizes=\"auto, (max-width: 1024px) 100vw, 1024px\" \/><figcaption class=\"wp-element-caption\">Imagen recreada por IA (Concejales Hurtado y Ure\u00f1a vs Secretario Heredia)<\/figcaption><\/figure>\n\n\n<p>El Concejo Municipal aprob\u00f3 por unanimidad el Programa Operativo Anual, POA, correspondiente a la gesti\u00f3n 2027, con un presupuesto de 232 millones 946 mil 247 bolivianos.<!--more--><\/p>\n<p>La aprobaci\u00f3n se produjo en una sesi\u00f3n extraordinaria y por dispensaci\u00f3n de tr\u00e1mite, debido al plazo establecido por el Ministerio de Econom\u00eda y Finanzas para que los gobiernos municipales presenten sus presupuestos hasta este lunes 7 de septiembre en la ciudad de La Paz.<\/p>\n<p>El secretario municipal de Obras P\u00fablicas, Ramiro Heredia, explic\u00f3 que el Gobierno Municipal recibi\u00f3 los techos presupuestarios reci\u00e9n el 6 de agosto, fecha a partir de la cual comenzaron las cumbres distritales y la elaboraci\u00f3n del POA.<\/p>\n<p>Heredia asegur\u00f3 que no existi\u00f3 margen suficiente para cumplir con el procedimiento ordinario y que la situaci\u00f3n afect\u00f3 no solamente a Montero, sino tambi\u00e9n a otros municipios del pa\u00eds.<\/p>\n<p>Pero aqu\u00ed comienza el debate.<\/p>\n<p>\u00bfPor qu\u00e9 el POA tuvo que aprobarse con tanta premura?<\/p>\n<p>El concejal Rafael Hurtado reconoci\u00f3 que vot\u00f3 a favor del documento, aunque mantiene observaciones sobre su contenido. Seg\u00fan explic\u00f3, los concejales se encontraban pr\u00e1cticamente \u00abentre la espada y la pared\u00bb, porque no aprobar el POA pod\u00eda poner en riesgo el cumplimiento de los plazos establecidos por el Ministerio de Econom\u00eda.<\/p>\n<p>Hurtado cuestion\u00f3 adem\u00e1s la distribuci\u00f3n de los recursos.<\/p>\n<p>Seg\u00fan el concejal, algunas partidas, entre ellas Turismo y Cultura, registran reducciones, mientras el presupuesto destinado al Ejecutivo Municipal tendr\u00eda un incremento cercano a los 5 millones de bolivianos.<\/p>\n<p>Tambi\u00e9n observ\u00f3 que el incremento para Salud ser\u00eda menor en comparaci\u00f3n con el aumento asignado al Ejecutivo.<\/p>\n<p>Por su parte, el concejal Jos\u00e9 Ure\u00f1a puso el foco en la documentaci\u00f3n.<\/p>\n<p>Afirm\u00f3 que los concejales recibieron los documentos pocas horas antes de la sesi\u00f3n y que, durante su revisi\u00f3n, encontr\u00f3 al menos cinco observaciones relacionadas con f\u00f3rmulas matem\u00e1ticas y porcentajes que no coincid\u00edan con los totales consignados.<\/p>\n<p>Ure\u00f1a sostuvo que, de haberse aprobado esas cifras sin revisi\u00f3n, el documento habr\u00eda contenido errores que posteriormente tendr\u00edan que ser corregidos.<\/p>\n<p>Por ello, ambos concejales anunciaron que realizar\u00e1n una revisi\u00f3n detallada del POA, socializar\u00e1n sus contenidos con la poblaci\u00f3n y plantear\u00e1n un reformulado presupuestario.<\/p>\n<p>Y hay otro dato que tambi\u00e9n genera debate.<\/p>\n<p>El presupuesto del propio Concejo Municipal para 2027 llegar\u00e1 aproximadamente a 7 millones 250 mil bolivianos.<\/p>\n<p>Son m\u00e1s de 800 mil bolivianos adicionales respecto a los 6 millones 400 mil bolivianos presupuestados para 2026.<\/p>\n<p>El presidente del Concejo Municipal, William Perales, explic\u00f3 que cerca del 90 por ciento de este presupuesto est\u00e1 destinado al pago de sueldos y salarios.<\/p>\n<p>Tambi\u00e9n inform\u00f3 que se incorporaron aproximadamente 250 mil bolivianos para refacciones y mantenimiento del edificio legislativo, principalmente para solucionar problemas de goteras.<\/p>\n<p>Sin embargo, el debate trasciende al Concejo Municipal.<\/p>\n<p>El exalcalde Mario Baptista expres\u00f3 preocupaci\u00f3n por el crecimiento de los gastos de funcionamiento del Gobierno Municipal de Montero.<\/p>\n<p>Seg\u00fan los datos expuestos, estos gastos pasar\u00edan de aproximadamente 46 millones 200 mil bolivianos en 2026 a 51 millones de bolivianos en 2027.<\/p>\n<p>La pregunta, entonces, queda planteada:<\/p>\n<p>\u00bfEst\u00e1 creciendo el presupuesto municipal al mismo ritmo que las obras y los servicios que necesita la poblaci\u00f3n?<\/p>\n<p>Ese ser\u00e1 uno de los principales temas de fiscalizaci\u00f3n durante la gesti\u00f3n 2027.<\/p>\n<p>Mientras tanto, el Ejecutivo Municipal tiene ahora la tarea de completar la documentaci\u00f3n, cargar la informaci\u00f3n en los sistemas SISIN y SIGEP y presentar el presupuesto ante el Ministerio de Econom\u00eda.<\/p>\n<p>Pero el trabajo no termina con la aprobaci\u00f3n.<\/p>\n<p>Los concejales han anunciado que comenzar\u00e1n a desmenuzar el POA partida por partida.<\/p>\n<p>La poblaci\u00f3n deber\u00e1 conocer cu\u00e1nto dinero se destina a salarios, cu\u00e1nto a funcionamiento, cu\u00e1nto a salud, educaci\u00f3n, infraestructura, servicios b\u00e1sicos y cu\u00e1nto queda realmente disponible para obras.<\/p>\n<p>Porque aprobar un presupuesto es solamente el primer paso.<\/p>\n<p>El verdadero desaf\u00edo ser\u00e1 demostrar, durante la gesti\u00f3n 2027, que los 232 millones 946 mil 247 bolivianos contemplados en el POA se conviertan en resultados concretos para los habitantes de Montero.<\/p>\n<p><strong>Agenda Matinal de Wara Comunicaciones seguir\u00e1 el tema.<\/strong><\/p>\n<p>Vamos a revisar el presupuesto, vamos a contrastar las cifras y, sobre todo, vamos a poner la informaci\u00f3n a consideraci\u00f3n de la ciudadan\u00eda.<\/p>\n<p>Porque los recursos p\u00fablicos son de todos, y la poblaci\u00f3n tiene derecho a saber d\u00f3nde y c\u00f3mo se utiliza cada boliviano.<\/p><div style=\"margin-top: 0px; margin-bottom: 0px;\" class=\"sharethis-inline-reaction-buttons\" ><\/div>","protected":false},"excerpt":{"rendered":"<p>El Concejo Municipal aprob\u00f3 por unanimidad el Programa Operativo Anual, POA, correspondiente a la gesti\u00f3n 2027, con un presupuesto de 232 millones 946 mil 247 bolivianos.<\/p>\n","protected":false},"author":2,"featured_media":0,"comment_status":"open","ping_status":"open","sticky":false,"template":"","format":"standard","meta":{"footnotes":""},"categories":[46,5],"tags":[338],"class_list":["post-1795","post","type-post","status-publish","format-standard","hentry","category-economia","category-local","tag-aprobacion-del-poa-2027-montero"],"yoast_head":"<!-- This site is optimized with the Yoast SEO Premium plugin v25.5 (Yoast SEO v27.1.1) - https:\/\/yoast.com\/product\/yoast-seo-premium-wordpress\/ -->\n<title>POA 2027 DE MONTERO: BS 232,9 MILLONES, APROBACI\u00d3N DE URGENCIA Y CUESTIONAMIENTOS - Wara Comunicaciones<\/title>\n<meta name=\"robots\" content=\"index, follow, max-snippet:-1, max-image-preview:large, max-video-preview:-1\" \/>\n<link rel=\"canonical\" href=\"https:\/\/waracomunicaciones.com\/?p=1795\" \/>\n<meta property=\"og:locale\" content=\"es_ES\" \/>\n<meta property=\"og:type\" content=\"article\" \/>\n<meta property=\"og:title\" content=\"POA 2027 DE MONTERO: BS 232,9 MILLONES, APROBACI\u00d3N DE URGENCIA Y CUESTIONAMIENTOS\" \/>\n<meta property=\"og:description\" content=\"El Concejo Municipal aprob\u00f3 por unanimidad el Programa Operativo Anual, POA, correspondiente a la gesti\u00f3n 2027, con un presupuesto de 232 millones 946 mil 247 bolivianos.\" \/>\n<meta property=\"og:url\" content=\"https:\/\/waracomunicaciones.com\/?p=1795\" \/>\n<meta property=\"og:site_name\" content=\"Wara Comunicaciones\" \/>\n<meta property=\"article:publisher\" content=\"https:\/\/www.facebook.com\/waracomunicaciones2017\" \/>\n<meta property=\"article:published_time\" content=\"2026-09-05T14:16:45+00:00\" \/>\n<meta property=\"article:modified_time\" content=\"2026-09-05T14:16:46+00:00\" \/>\n<meta property=\"og:image\" content=\"https:\/\/waracomunicaciones.com\/wp-content\/uploads\/2026\/09\/Ramiro-y-concejales.webp\" \/>\n\t<meta property=\"og:image:width\" content=\"1376\" \/>\n\t<meta property=\"og:image:height\" content=\"768\" \/>\n\t<meta property=\"og:image:type\" content=\"image\/webp\" \/>\n<meta name=\"author\" content=\"Tom\u00e1s Coca\" \/>\n<meta name=\"twitter:card\" content=\"summary_large_image\" \/>\n<meta name=\"twitter:label1\" content=\"Escrito por\" \/>\n\t<meta name=\"twitter:data1\" content=\"Tom\u00e1s Coca\" \/>\n\t<meta name=\"twitter:label2\" content=\"Tiempo de lectura\" \/>\n\t<meta name=\"twitter:data2\" content=\"4 minutos\" \/>\n<script type=\"application\/ld+json\" class=\"yoast-schema-graph\">{\"@context\":\"https:\/\/schema.org\",\"@graph\":[{\"@type\":\"Article\",\"@id\":\"https:\/\/waracomunicaciones.com\/?p=1795#article\",\"isPartOf\":{\"@id\":\"https:\/\/waracomunicaciones.com\/?p=1795\"},\"author\":{\"name\":\"Tom\u00e1s Coca\",\"@id\":\"https:\/\/waracomunicaciones.com\/#\/schema\/person\/cbfc6e874b874c69982b6f254108e9f0\"},\"headline\":\"POA 2027 DE MONTERO: BS 232,9 MILLONES, APROBACI\u00d3N DE URGENCIA Y CUESTIONAMIENTOS\",\"datePublished\":\"2026-09-05T14:16:45+00:00\",\"dateModified\":\"2026-09-05T14:16:46+00:00\",\"mainEntityOfPage\":{\"@id\":\"https:\/\/waracomunicaciones.com\/?p=1795\"},\"wordCount\":760,\"commentCount\":0,\"publisher\":{\"@id\":\"https:\/\/waracomunicaciones.com\/#organization\"},\"image\":{\"@id\":\"https:\/\/waracomunicaciones.com\/?p=1795#primaryimage\"},\"thumbnailUrl\":\"https:\/\/waracomunicaciones.com\/wp-content\/uploads\/2026\/09\/Ramiro-y-concejales-1024x572.webp\",\"keywords\":[\"Aprobaci\u00f3n del POA 2027 Montero\"],\"articleSection\":[\"Econom\u00eda\",\"LOCAL\"],\"inLanguage\":\"es\",\"potentialAction\":[{\"@type\":\"CommentAction\",\"name\":\"Comment\",\"target\":[\"https:\/\/waracomunicaciones.com\/?p=1795#respond\"]}]},{\"@type\":\"WebPage\",\"@id\":\"https:\/\/waracomunicaciones.com\/?p=1795\",\"url\":\"https:\/\/waracomunicaciones.com\/?p=1795\",\"name\":\"POA 2027 DE MONTERO: BS 232,9 MILLONES, APROBACI\u00d3N DE URGENCIA Y CUESTIONAMIENTOS - Wara Comunicaciones\",\"isPartOf\":{\"@id\":\"https:\/\/waracomunicaciones.com\/#website\"},\"primaryImageOfPage\":{\"@id\":\"https:\/\/waracomunicaciones.com\/?p=1795#primaryimage\"},\"image\":{\"@id\":\"https:\/\/waracomunicaciones.com\/?p=1795#primaryimage\"},\"thumbnailUrl\":\"https:\/\/waracomunicaciones.com\/wp-content\/uploads\/2026\/09\/Ramiro-y-concejales-1024x572.webp\",\"datePublished\":\"2026-09-05T14:16:45+00:00\",\"dateModified\":\"2026-09-05T14:16:46+00:00\",\"breadcrumb\":{\"@id\":\"https:\/\/waracomunicaciones.com\/?p=1795#breadcrumb\"},\"inLanguage\":\"es\",\"potentialAction\":[{\"@type\":\"ReadAction\",\"target\":[\"https:\/\/waracomunicaciones.com\/?p=1795\"]}]},{\"@type\":\"ImageObject\",\"inLanguage\":\"es\",\"@id\":\"https:\/\/waracomunicaciones.com\/?p=1795#primaryimage\",\"url\":\"https:\/\/waracomunicaciones.com\/wp-content\/uploads\/2026\/09\/Ramiro-y-concejales.webp\",\"contentUrl\":\"https:\/\/waracomunicaciones.com\/wp-content\/uploads\/2026\/09\/Ramiro-y-concejales.webp\",\"width\":1376,\"height\":768},{\"@type\":\"BreadcrumbList\",\"@id\":\"https:\/\/waracomunicaciones.com\/?p=1795#breadcrumb\",\"itemListElement\":[{\"@type\":\"ListItem\",\"position\":1,\"name\":\"Portada\",\"item\":\"https:\/\/waracomunicaciones.com\/\"},{\"@type\":\"ListItem\",\"position\":2,\"name\":\"POA 2027 DE MONTERO: BS 232,9 MILLONES, APROBACI\u00d3N DE URGENCIA Y CUESTIONAMIENTOS\"}]},{\"@type\":\"WebSite\",\"@id\":\"https:\/\/waracomunicaciones.com\/#website\",\"url\":\"https:\/\/waracomunicaciones.com\/\",\"name\":\"Wara Comunicaciones\",\"description\":\"\",\"publisher\":{\"@id\":\"https:\/\/waracomunicaciones.com\/#organization\"},\"potentialAction\":[{\"@type\":\"SearchAction\",\"target\":{\"@type\":\"EntryPoint\",\"urlTemplate\":\"https:\/\/waracomunicaciones.com\/?s={search_term_string}\"},\"query-input\":{\"@type\":\"PropertyValueSpecification\",\"valueRequired\":true,\"valueName\":\"search_term_string\"}}],\"inLanguage\":\"es\"},{\"@type\":\"Organization\",\"@id\":\"https:\/\/waracomunicaciones.com\/#organization\",\"name\":\"Wara Comunicaciones\",\"url\":\"https:\/\/waracomunicaciones.com\/\",\"logo\":{\"@type\":\"ImageObject\",\"inLanguage\":\"es\",\"@id\":\"https:\/\/waracomunicaciones.com\/#\/schema\/logo\/image\/\",\"url\":\"https:\/\/waracomunicaciones.com\/wp-content\/uploads\/2025\/07\/logo.png\",\"contentUrl\":\"https:\/\/waracomunicaciones.com\/wp-content\/uploads\/2025\/07\/logo.png\",\"width\":400,\"height\":164,\"caption\":\"Wara Comunicaciones\"},\"image\":{\"@id\":\"https:\/\/waracomunicaciones.com\/#\/schema\/logo\/image\/\"},\"sameAs\":[\"https:\/\/www.facebook.com\/waracomunicaciones2017\"]},{\"@type\":\"Person\",\"@id\":\"https:\/\/waracomunicaciones.com\/#\/schema\/person\/cbfc6e874b874c69982b6f254108e9f0\",\"name\":\"Tom\u00e1s Coca\",\"image\":{\"@type\":\"ImageObject\",\"inLanguage\":\"es\",\"@id\":\"https:\/\/waracomunicaciones.com\/#\/schema\/person\/image\/\",\"url\":\"https:\/\/secure.gravatar.com\/avatar\/482131bd67ce2dac1261229602fd0c47826af81f4ac6608b066b29cac2a6e65d?s=96&d=mm&r=g\",\"contentUrl\":\"https:\/\/secure.gravatar.com\/avatar\/482131bd67ce2dac1261229602fd0c47826af81f4ac6608b066b29cac2a6e65d?s=96&d=mm&r=g\",\"caption\":\"Tom\u00e1s Coca\"},\"sameAs\":[\"https:\/\/waracomunicaciones.com\"],\"url\":\"https:\/\/waracomunicaciones.com\/?author=2\"}]}<\/script>\n<!-- \/ Yoast SEO Premium plugin. -->","yoast_head_json":{"title":"POA 2027 DE MONTERO: BS 232,9 MILLONES, APROBACI\u00d3N DE URGENCIA Y CUESTIONAMIENTOS - Wara Comunicaciones","robots":{"index":"index","follow":"follow","max-snippet":"max-snippet:-1","max-image-preview":"max-image-preview:large","max-video-preview":"max-video-preview:-1"},"canonical":"https:\/\/waracomunicaciones.com\/?p=1795","og_locale":"es_ES","og_type":"article","og_title":"POA 2027 DE MONTERO: BS 232,9 MILLONES, APROBACI\u00d3N DE URGENCIA Y CUESTIONAMIENTOS","og_description":"El Concejo Municipal aprob\u00f3 por unanimidad el Programa Operativo Anual, POA, correspondiente a la gesti\u00f3n 2027, con un presupuesto de 232 millones 946 mil 247 bolivianos.","og_url":"https:\/\/waracomunicaciones.com\/?p=1795","og_site_name":"Wara Comunicaciones","article_publisher":"https:\/\/www.facebook.com\/waracomunicaciones2017","article_published_time":"2026-09-05T14:16:45+00:00","article_modified_time":"2026-09-05T14:16:46+00:00","og_image":[{"width":1376,"height":768,"url":"https:\/\/waracomunicaciones.com\/wp-content\/uploads\/2026\/09\/Ramiro-y-concejales.webp","type":"image\/webp"}],"author":"Tom\u00e1s Coca","twitter_card":"summary_large_image","twitter_misc":{"Escrito por":"Tom\u00e1s Coca","Tiempo de lectura":"4 minutos"},"schema":{"@context":"https:\/\/schema.org","@graph":[{"@type":"Article","@id":"https:\/\/waracomunicaciones.com\/?p=1795#article","isPartOf":{"@id":"https:\/\/waracomunicaciones.com\/?p=1795"},"author":{"name":"Tom\u00e1s Coca","@id":"https:\/\/waracomunicaciones.com\/#\/schema\/person\/cbfc6e874b874c69982b6f254108e9f0"},"headline":"POA 2027 DE MONTERO: BS 232,9 MILLONES, APROBACI\u00d3N DE URGENCIA Y CUESTIONAMIENTOS","datePublished":"2026-09-05T14:16:45+00:00","dateModified":"2026-09-05T14:16:46+00:00","mainEntityOfPage":{"@id":"https:\/\/waracomunicaciones.com\/?p=1795"},"wordCount":760,"commentCount":0,"publisher":{"@id":"https:\/\/waracomunicaciones.com\/#organization"},"image":{"@id":"https:\/\/waracomunicaciones.com\/?p=1795#primaryimage"},"thumbnailUrl":"https:\/\/waracomunicaciones.com\/wp-content\/uploads\/2026\/09\/Ramiro-y-concejales-1024x572.webp","keywords":["Aprobaci\u00f3n del POA 2027 Montero"],"articleSection":["Econom\u00eda","LOCAL"],"inLanguage":"es","potentialAction":[{"@type":"CommentAction","name":"Comment","target":["https:\/\/waracomunicaciones.com\/?p=1795#respond"]}]},{"@type":"WebPage","@id":"https:\/\/waracomunicaciones.com\/?p=1795","url":"https:\/\/waracomunicaciones.com\/?p=1795","name":"POA 2027 DE MONTERO: BS 232,9 MILLONES, APROBACI\u00d3N DE URGENCIA Y CUESTIONAMIENTOS - Wara Comunicaciones","isPartOf":{"@id":"https:\/\/waracomunicaciones.com\/#website"},"primaryImageOfPage":{"@id":"https:\/\/waracomunicaciones.com\/?p=1795#primaryimage"},"image":{"@id":"https:\/\/waracomunicaciones.com\/?p=1795#primaryimage"},"thumbnailUrl":"https:\/\/waracomunicaciones.com\/wp-content\/uploads\/2026\/09\/Ramiro-y-concejales-1024x572.webp","datePublished":"2026-09-05T14:16:45+00:00","dateModified":"2026-09-05T14:16:46+00:00","breadcrumb":{"@id":"https:\/\/waracomunicaciones.com\/?p=1795#breadcrumb"},"inLanguage":"es","potentialAction":[{"@type":"ReadAction","target":["https:\/\/waracomunicaciones.com\/?p=1795"]}]},{"@type":"ImageObject","inLanguage":"es","@id":"https:\/\/waracomunicaciones.com\/?p=1795#primaryimage","url":"https:\/\/waracomunicaciones.com\/wp-content\/uploads\/2026\/09\/Ramiro-y-concejales.webp","contentUrl":"https:\/\/waracomunicaciones.com\/wp-content\/uploads\/2026\/09\/Ramiro-y-concejales.webp","width":1376,"height":768},{"@type":"BreadcrumbList","@id":"https:\/\/waracomunicaciones.com\/?p=1795#breadcrumb","itemListElement":[{"@type":"ListItem","position":1,"name":"Portada","item":"https:\/\/waracomunicaciones.com\/"},{"@type":"ListItem","position":2,"name":"POA 2027 DE MONTERO: BS 232,9 MILLONES, APROBACI\u00d3N DE URGENCIA Y CUESTIONAMIENTOS"}]},{"@type":"WebSite","@id":"https:\/\/waracomunicaciones.com\/#website","url":"https:\/\/waracomunicaciones.com\/","name":"Wara Comunicaciones","description":"","publisher":{"@id":"https:\/\/waracomunicaciones.com\/#organization"},"potentialAction":[{"@type":"SearchAction","target":{"@type":"EntryPoint","urlTemplate":"https:\/\/waracomunicaciones.com\/?s={search_term_string}"},"query-input":{"@type":"PropertyValueSpecification","valueRequired":true,"valueName":"search_term_string"}}],"inLanguage":"es"},{"@type":"Organization","@id":"https:\/\/waracomunicaciones.com\/#organization","name":"Wara Comunicaciones","url":"https:\/\/waracomunicaciones.com\/","logo":{"@type":"ImageObject","inLanguage":"es","@id":"https:\/\/waracomunicaciones.com\/#\/schema\/logo\/image\/","url":"https:\/\/waracomunicaciones.com\/wp-content\/uploads\/2025\/07\/logo.png","contentUrl":"https:\/\/waracomunicaciones.com\/wp-content\/uploads\/2025\/07\/logo.png","width":400,"height":164,"caption":"Wara Comunicaciones"},"image":{"@id":"https:\/\/waracomunicaciones.com\/#\/schema\/logo\/image\/"},"sameAs":["https:\/\/www.facebook.com\/waracomunicaciones2017"]},{"@type":"Person","@id":"https:\/\/waracomunicaciones.com\/#\/schema\/person\/cbfc6e874b874c69982b6f254108e9f0","name":"Tom\u00e1s Coca","image":{"@type":"ImageObject","inLanguage":"es","@id":"https:\/\/waracomunicaciones.com\/#\/schema\/person\/image\/","url":"https:\/\/secure.gravatar.com\/avatar\/482131bd67ce2dac1261229602fd0c47826af81f4ac6608b066b29cac2a6e65d?s=96&d=mm&r=g","contentUrl":"https:\/\/secure.gravatar.com\/avatar\/482131bd67ce2dac1261229602fd0c47826af81f4ac6608b066b29cac2a6e65d?s=96&d=mm&r=g","caption":"Tom\u00e1s Coca"},"sameAs":["https:\/\/waracomunicaciones.com"],"url":"https:\/\/waracomunicaciones.com\/?author=2"}]}},"_links":{"self":[{"href":"https:\/\/waracomunicaciones.com\/index.php?rest_route=\/wp\/v2\/posts\/1795","targetHints":{"allow":["GET"]}}],"collection":[{"href":"https:\/\/waracomunicaciones.com\/index.php?rest_route=\/wp\/v2\/posts"}],"about":[{"href":"https:\/\/waracomunicaciones.com\/index.php?rest_route=\/wp\/v2\/types\/post"}],"author":[{"embeddable":true,"href":"https:\/\/waracomunicaciones.com\/index.php?rest_route=\/wp\/v2\/users\/2"}],"replies":[{"embeddable":true,"href":"https:\/\/waracomunicaciones.com\/index.php?rest_route=%2Fwp%2Fv2%2Fcomments&post=1795"}],"version-history":[{"count":1,"href":"https:\/\/waracomunicaciones.com\/index.php?rest_route=\/wp\/v2\/posts\/1795\/revisions"}],"predecessor-version":[{"id":1797,"href":"https:\/\/waracomunicaciones.com\/index.php?rest_route=\/wp\/v2\/posts\/1795\/revisions\/1797"}],"wp:attachment":[{"href":"https:\/\/waracomunicaciones.com\/index.php?rest_route=%2Fwp%2Fv2%2Fmedia&parent=1795"}],"wp:term":[{"taxonomy":"category","embeddable":true,"href":"https:\/\/waracomunicaciones.com\/index.php?rest_route=%2Fwp%2Fv2%2Fcategories&post=1795"},{"taxonomy":"post_tag","embeddable":true,"href":"https:\/\/waracomunicaciones.com\/index.php?rest_route=%2Fwp%2Fv2%2Ftags&post=1795"}],"curies":[{"name":"wp","href":"https:\/\/api.w.org\/{rel}","templated":true}]}}